{"id":23167,"date":"2025-10-31T20:04:28","date_gmt":"2025-10-31T20:04:28","guid":{"rendered":"https:\/\/www.press7.tv\/?p=23167"},"modified":"2025-10-31T20:04:28","modified_gmt":"2025-10-31T20:04:28","slug":"ja-mesazhet-fyese-te-ziadin-seles-te-cilat-i-prezantoi-mendi-qyra-dhe-thirrjet-e-drejtorit-te-shkolles-se-ladorishtit","status":"publish","type":"post","link":"https:\/\/www.press7.tv\/?p=23167","title":{"rendered":"Ja mesazhet fyese t\u00eb Ziadin Sel\u00ebs t\u00eb cilat i prezantoi Mendi Qyra dhe thirrjet e drejtorit t\u00eb Shkoll\u00ebs s\u00eb Ladorishtit"},"content":{"rendered":"\n    <div class=\"xs_social_share_widget xs_share_url before_content \t\tmain_content  wslu-style-2 wslu-share-box-shaped wslu-fill-colored wslu-share-m-5 wslu-none wslu-share-vertical wslu-theme-font-no wslu-main_content\">\n\n\t\t\n        <ul>\n\t\t\t        <\/ul>\n    <\/div> \n<p>Kandidati i pavarur p\u00ebr Strug\u00ebn Mendi Qyra, ka publikuar disa mesazhe t\u00eb Ziadin Sel\u00ebs, d\u00ebrguar personave t\u00eb ndrysh\u00ebm, ku Sela ka p\u00ebrdorur fjalor adekuat!<\/p>\n<p>I irrituar pse nuk e mb\u00ebshtet AKI-n\u00eb dhe kandidatin Arsim Dalipi, Ziadin Sela i ka shkruar ish-mikut t\u00eb tij P\u00ebrparim Dema, i cili \u00ebsht\u00eb biznesmen tep\u00ebr i njohur n\u00eb Zvic\u00ebr.<\/p>\n<p><img data-dominant-color=\"e7eae2\" data-has-transparency=\"false\" style=\"--dominant-color: #e7eae2;\" fetchpriority=\"high\" decoding=\"async\" src=\"https:\/\/www.press7.tv\/wp-content\/uploads\/2025\/10\/IMG_0553-300x269.avif\" alt=\"\" width=\"300\" height=\"269\" class=\"alignnone size-medium wp-image-23169 not-transparent\" srcset=\"https:\/\/www.press7.tv\/wp-content\/uploads\/2025\/10\/IMG_0553-300x269.avif 300w, https:\/\/www.press7.tv\/wp-content\/uploads\/2025\/10\/IMG_0553-768x689.avif 768w, https:\/\/www.press7.tv\/wp-content\/uploads\/2025\/10\/IMG_0553.avif 1024w\" sizes=\"(max-width: 300px) 100vw, 300px\" \/><\/p>\n<p>Mes tjerash, Sela e ka quajtur at\u00eb \u201cMistrec burr\u201d!<\/p>\n<p>Mesazhi tjet\u00ebr i sel\u00ebs \u00ebsht\u00eb ndaj nj\u00eb djali t\u00eb ri, t\u00eb cilit i ka dh\u00ebn\u00eb se \u201chan buk meje\u201d!<\/p>\n<p><img data-dominant-color=\"3f4561\" data-has-transparency=\"false\" style=\"--dominant-color: #3f4561;\" decoding=\"async\" src=\"https:\/\/www.press7.tv\/wp-content\/uploads\/2025\/10\/IMG_0554-300x187.avif\" alt=\"\" width=\"300\" height=\"187\" class=\"alignnone size-medium wp-image-23170 not-transparent\" srcset=\"https:\/\/www.press7.tv\/wp-content\/uploads\/2025\/10\/IMG_0554-300x187.avif 300w, https:\/\/www.press7.tv\/wp-content\/uploads\/2025\/10\/IMG_0554.avif 738w\" sizes=\"(max-width: 300px) 100vw, 300px\" \/><\/p>\n<p><img data-dominant-color=\"bdbab8\" data-has-transparency=\"false\" style=\"--dominant-color: #bdbab8;\" decoding=\"async\" src=\"https:\/\/www.press7.tv\/wp-content\/uploads\/2025\/10\/IMG_0555-300x300.avif\" alt=\"\" width=\"300\" height=\"300\" class=\"alignnone size-medium wp-image-23171 not-transparent\" srcset=\"https:\/\/www.press7.tv\/wp-content\/uploads\/2025\/10\/IMG_0555-300x300.avif 300w, https:\/\/www.press7.tv\/wp-content\/uploads\/2025\/10\/IMG_0555-150x150.avif 150w, https:\/\/www.press7.tv\/wp-content\/uploads\/2025\/10\/IMG_0555-768x768.avif 768w, https:\/\/www.press7.tv\/wp-content\/uploads\/2025\/10\/IMG_0555-200x200.avif 200w, https:\/\/www.press7.tv\/wp-content\/uploads\/2025\/10\/IMG_0555.avif 1024w\" sizes=\"(max-width: 300px) 100vw, 300px\" \/><\/p>\n","protected":false},"excerpt":{"rendered":"<p>Kandidati i pavarur p\u00ebr Strug\u00ebn Mendi Qyra, ka publikuar disa mesazhe t\u00eb Ziadin Sel\u00ebs, d\u00ebrguar personave t\u00eb ndrysh\u00ebm, ku Sela ka p\u00ebrdorur fjalor adekuat! I irrituar pse nuk e mb\u00ebshtet AKI-n\u00eb dhe kandidatin Arsim Dalipi, Ziadin Sela i ka shkruar ish-mikut t\u00eb tij P\u00ebrparim Dema, i cili \u00ebsht\u00eb biznesmen tep\u00ebr i njohur n\u00eb Zvic\u00ebr. Mes [&hellip;]<\/p>\n","protected":false},"author":8,"featured_media":23168,"comment_status":"closed","ping_status":"closed","sticky":false,"template":"","format":"standard","meta":{"footnotes":""},"categories":[213,214],"tags":[],"class_list":["post-23167","post","type-post","status-publish","format-standard","has-post-thumbnail","hentry","category-lajme","category-maqedoni"],"yoast_head":"<!-- This site is optimized with the Yoast SEO plugin v25.1 - https:\/\/yoast.com\/wordpress\/plugins\/seo\/ -->\n<title>Ja mesazhet fyese t\u00eb Ziadin Sel\u00ebs t\u00eb cilat i prezantoi Mendi Qyra dhe thirrjet e drejtorit t\u00eb Shkoll\u00ebs s\u00eb Ladorishtit - press7.tv<\/title>\n<meta name=\"robots\" content=\"index, follow, max-snippet:-1, max-image-preview:large, max-video-preview:-1\" \/>\n<link rel=\"canonical\" href=\"https:\/\/www.press7.tv\/?p=23167\" \/>\n<meta property=\"og:locale\" content=\"en_US\" \/>\n<meta property=\"og:type\" content=\"article\" \/>\n<meta property=\"og:title\" content=\"Ja mesazhet fyese t\u00eb Ziadin Sel\u00ebs t\u00eb cilat i prezantoi Mendi Qyra dhe thirrjet e drejtorit t\u00eb Shkoll\u00ebs s\u00eb Ladorishtit - press7.tv\" \/>\n<meta property=\"og:description\" content=\"Kandidati i pavarur p\u00ebr Strug\u00ebn Mendi Qyra, ka publikuar disa mesazhe t\u00eb Ziadin Sel\u00ebs, d\u00ebrguar personave t\u00eb ndrysh\u00ebm, ku Sela ka p\u00ebrdorur fjalor adekuat! I irrituar pse nuk e mb\u00ebshtet AKI-n\u00eb dhe kandidatin Arsim Dalipi, Ziadin Sela i ka shkruar ish-mikut t\u00eb tij P\u00ebrparim Dema, i cili \u00ebsht\u00eb biznesmen tep\u00ebr i njohur n\u00eb Zvic\u00ebr. Mes [&hellip;]\" \/>\n<meta property=\"og:url\" content=\"https:\/\/www.press7.tv\/?p=23167\" \/>\n<meta property=\"og:site_name\" content=\"press7.tv\" \/>\n<meta property=\"article:publisher\" content=\"https:\/\/www.facebook.com\/press7.tv\" \/>\n<meta property=\"article:published_time\" content=\"2025-10-31T20:04:28+00:00\" \/>\n<meta property=\"og:image\" content=\"https:\/\/www.press7.tv\/wp-content\/uploads\/2025\/10\/IMG_0552.avif\" \/>\n\t<meta property=\"og:image:width\" content=\"940\" \/>\n\t<meta property=\"og:image:height\" content=\"788\" \/>\n\t<meta property=\"og:image:type\" content=\"image\/jpeg\" \/>\n<meta name=\"author\" content=\"gazetar2\" \/>\n<meta name=\"twitter:card\" content=\"summary_large_image\" \/>\n<meta name=\"twitter:label1\" content=\"Written by\" \/>\n\t<meta name=\"twitter:data1\" content=\"gazetar2\" \/>\n\t<meta name=\"twitter:label2\" content=\"Est. reading time\" \/>\n\t<meta name=\"twitter:data2\" content=\"1 minute\" \/>\n<script type=\"application\/ld+json\" class=\"yoast-schema-graph\">{\"@context\":\"https:\/\/schema.org\",\"@graph\":[{\"@type\":\"Article\",\"@id\":\"https:\/\/www.press7.tv\/?p=23167#article\",\"isPartOf\":{\"@id\":\"https:\/\/www.press7.tv\/?p=23167\"},\"author\":{\"name\":\"gazetar2\",\"@id\":\"https:\/\/www.news33.tv\/#\/schema\/person\/5a04a38a23ccdba82f9bd665cd8f9efa\"},\"headline\":\"Ja mesazhet fyese t\u00eb Ziadin Sel\u00ebs t\u00eb cilat i prezantoi Mendi Qyra dhe thirrjet e drejtorit t\u00eb Shkoll\u00ebs s\u00eb Ladorishtit\",\"datePublished\":\"2025-10-31T20:04:28+00:00\",\"mainEntityOfPage\":{\"@id\":\"https:\/\/www.press7.tv\/?p=23167\"},\"wordCount\":117,\"publisher\":{\"@id\":\"https:\/\/www.news33.tv\/#organization\"},\"image\":{\"@id\":\"https:\/\/www.press7.tv\/?p=23167#primaryimage\"},\"thumbnailUrl\":\"https:\/\/www.press7.tv\/wp-content\/uploads\/2025\/10\/IMG_0552.avif\",\"articleSection\":[\"Lajme\",\"Maqedoni\"],\"inLanguage\":\"en-US\"},{\"@type\":\"WebPage\",\"@id\":\"https:\/\/www.press7.tv\/?p=23167\",\"url\":\"https:\/\/www.press7.tv\/?p=23167\",\"name\":\"Ja mesazhet fyese t\u00eb Ziadin Sel\u00ebs t\u00eb cilat i prezantoi Mendi Qyra dhe thirrjet e drejtorit t\u00eb Shkoll\u00ebs s\u00eb Ladorishtit - press7.tv\",\"isPartOf\":{\"@id\":\"https:\/\/www.news33.tv\/#website\"},\"primaryImageOfPage\":{\"@id\":\"https:\/\/www.press7.tv\/?p=23167#primaryimage\"},\"image\":{\"@id\":\"https:\/\/www.press7.tv\/?p=23167#primaryimage\"},\"thumbnailUrl\":\"https:\/\/www.press7.tv\/wp-content\/uploads\/2025\/10\/IMG_0552.avif\",\"datePublished\":\"2025-10-31T20:04:28+00:00\",\"breadcrumb\":{\"@id\":\"https:\/\/www.press7.tv\/?p=23167#breadcrumb\"},\"inLanguage\":\"en-US\",\"potentialAction\":[{\"@type\":\"ReadAction\",\"target\":[\"https:\/\/www.press7.tv\/?p=23167\"]}]},{\"@type\":\"ImageObject\",\"inLanguage\":\"en-US\",\"@id\":\"https:\/\/www.press7.tv\/?p=23167#primaryimage\",\"url\":\"https:\/\/www.press7.tv\/wp-content\/uploads\/2025\/10\/IMG_0552.avif\",\"contentUrl\":\"https:\/\/www.press7.tv\/wp-content\/uploads\/2025\/10\/IMG_0552.avif\",\"width\":940,\"height\":788},{\"@type\":\"BreadcrumbList\",\"@id\":\"https:\/\/www.press7.tv\/?p=23167#breadcrumb\",\"itemListElement\":[{\"@type\":\"ListItem\",\"position\":1,\"name\":\"Home\",\"item\":\"https:\/\/www.press7.tv\/\"},{\"@type\":\"ListItem\",\"position\":2,\"name\":\"Ja mesazhet fyese t\u00eb Ziadin Sel\u00ebs t\u00eb cilat i prezantoi Mendi Qyra dhe thirrjet e drejtorit t\u00eb Shkoll\u00ebs s\u00eb Ladorishtit\"}]},{\"@type\":\"WebSite\",\"@id\":\"https:\/\/www.news33.tv\/#website\",\"url\":\"https:\/\/www.news33.tv\/\",\"name\":\"News33.tv Media\",\"description\":\"Media\",\"publisher\":{\"@id\":\"https:\/\/www.news33.tv\/#organization\"},\"potentialAction\":[{\"@type\":\"SearchAction\",\"target\":{\"@type\":\"EntryPoint\",\"urlTemplate\":\"https:\/\/www.news33.tv\/?s={search_term_string}\"},\"query-input\":{\"@type\":\"PropertyValueSpecification\",\"valueRequired\":true,\"valueName\":\"search_term_string\"}}],\"inLanguage\":\"en-US\"},{\"@type\":\"Organization\",\"@id\":\"https:\/\/www.news33.tv\/#organization\",\"name\":\"News33.tv Media\",\"url\":\"https:\/\/www.news33.tv\/\",\"logo\":{\"@type\":\"ImageObject\",\"inLanguage\":\"en-US\",\"@id\":\"https:\/\/www.news33.tv\/#\/schema\/logo\/image\/\",\"url\":\"https:\/\/www.press7.tv\/wp-content\/uploads\/2024\/02\/logo-news33-black.png\",\"contentUrl\":\"https:\/\/www.press7.tv\/wp-content\/uploads\/2024\/02\/logo-news33-black.png\",\"width\":180,\"height\":37,\"caption\":\"News33.tv Media\"},\"image\":{\"@id\":\"https:\/\/www.news33.tv\/#\/schema\/logo\/image\/\"},\"sameAs\":[\"https:\/\/www.facebook.com\/press7.tv\"]},{\"@type\":\"Person\",\"@id\":\"https:\/\/www.news33.tv\/#\/schema\/person\/5a04a38a23ccdba82f9bd665cd8f9efa\",\"name\":\"gazetar2\",\"image\":{\"@type\":\"ImageObject\",\"inLanguage\":\"en-US\",\"@id\":\"https:\/\/www.news33.tv\/#\/schema\/person\/image\/\",\"url\":\"https:\/\/www.press7.tv\/wp-content\/litespeed\/avatar\/41975e402c3049d9ddb03adca8f7a883.jpg?ver=1777169572\",\"contentUrl\":\"https:\/\/www.press7.tv\/wp-content\/litespeed\/avatar\/41975e402c3049d9ddb03adca8f7a883.jpg?ver=1777169572\",\"caption\":\"gazetar2\"},\"url\":\"https:\/\/www.press7.tv\/?author=8\"}]}<\/script>\n<!-- \/ Yoast SEO plugin. -->","yoast_head_json":{"title":"Ja mesazhet fyese t\u00eb Ziadin Sel\u00ebs t\u00eb cilat i prezantoi Mendi Qyra dhe thirrjet e drejtorit t\u00eb Shkoll\u00ebs s\u00eb Ladorishtit - press7.tv","robots":{"index":"index","follow":"follow","max-snippet":"max-snippet:-1","max-image-preview":"max-image-preview:large","max-video-preview":"max-video-preview:-1"},"canonical":"https:\/\/www.press7.tv\/?p=23167","og_locale":"en_US","og_type":"article","og_title":"Ja mesazhet fyese t\u00eb Ziadin Sel\u00ebs t\u00eb cilat i prezantoi Mendi Qyra dhe thirrjet e drejtorit t\u00eb Shkoll\u00ebs s\u00eb Ladorishtit - press7.tv","og_description":"Kandidati i pavarur p\u00ebr Strug\u00ebn Mendi Qyra, ka publikuar disa mesazhe t\u00eb Ziadin Sel\u00ebs, d\u00ebrguar personave t\u00eb ndrysh\u00ebm, ku Sela ka p\u00ebrdorur fjalor adekuat! I irrituar pse nuk e mb\u00ebshtet AKI-n\u00eb dhe kandidatin Arsim Dalipi, Ziadin Sela i ka shkruar ish-mikut t\u00eb tij P\u00ebrparim Dema, i cili \u00ebsht\u00eb biznesmen tep\u00ebr i njohur n\u00eb Zvic\u00ebr. Mes [&hellip;]","og_url":"https:\/\/www.press7.tv\/?p=23167","og_site_name":"press7.tv","article_publisher":"https:\/\/www.facebook.com\/press7.tv","article_published_time":"2025-10-31T20:04:28+00:00","og_image":[{"width":940,"height":788,"url":"https:\/\/www.press7.tv\/wp-content\/uploads\/2025\/10\/IMG_0552.avif","type":"image\/jpeg"}],"author":"gazetar2","twitter_card":"summary_large_image","twitter_misc":{"Written by":"gazetar2","Est. reading time":"1 minute"},"schema":{"@context":"https:\/\/schema.org","@graph":[{"@type":"Article","@id":"https:\/\/www.press7.tv\/?p=23167#article","isPartOf":{"@id":"https:\/\/www.press7.tv\/?p=23167"},"author":{"name":"gazetar2","@id":"https:\/\/www.news33.tv\/#\/schema\/person\/5a04a38a23ccdba82f9bd665cd8f9efa"},"headline":"Ja mesazhet fyese t\u00eb Ziadin Sel\u00ebs t\u00eb cilat i prezantoi Mendi Qyra dhe thirrjet e drejtorit t\u00eb Shkoll\u00ebs s\u00eb Ladorishtit","datePublished":"2025-10-31T20:04:28+00:00","mainEntityOfPage":{"@id":"https:\/\/www.press7.tv\/?p=23167"},"wordCount":117,"publisher":{"@id":"https:\/\/www.news33.tv\/#organization"},"image":{"@id":"https:\/\/www.press7.tv\/?p=23167#primaryimage"},"thumbnailUrl":"https:\/\/www.press7.tv\/wp-content\/uploads\/2025\/10\/IMG_0552.avif","articleSection":["Lajme","Maqedoni"],"inLanguage":"en-US"},{"@type":"WebPage","@id":"https:\/\/www.press7.tv\/?p=23167","url":"https:\/\/www.press7.tv\/?p=23167","name":"Ja mesazhet fyese t\u00eb Ziadin Sel\u00ebs t\u00eb cilat i prezantoi Mendi Qyra dhe thirrjet e drejtorit t\u00eb Shkoll\u00ebs s\u00eb Ladorishtit - press7.tv","isPartOf":{"@id":"https:\/\/www.news33.tv\/#website"},"primaryImageOfPage":{"@id":"https:\/\/www.press7.tv\/?p=23167#primaryimage"},"image":{"@id":"https:\/\/www.press7.tv\/?p=23167#primaryimage"},"thumbnailUrl":"https:\/\/www.press7.tv\/wp-content\/uploads\/2025\/10\/IMG_0552.avif","datePublished":"2025-10-31T20:04:28+00:00","breadcrumb":{"@id":"https:\/\/www.press7.tv\/?p=23167#breadcrumb"},"inLanguage":"en-US","potentialAction":[{"@type":"ReadAction","target":["https:\/\/www.press7.tv\/?p=23167"]}]},{"@type":"ImageObject","inLanguage":"en-US","@id":"https:\/\/www.press7.tv\/?p=23167#primaryimage","url":"https:\/\/www.press7.tv\/wp-content\/uploads\/2025\/10\/IMG_0552.avif","contentUrl":"https:\/\/www.press7.tv\/wp-content\/uploads\/2025\/10\/IMG_0552.avif","width":940,"height":788},{"@type":"BreadcrumbList","@id":"https:\/\/www.press7.tv\/?p=23167#breadcrumb","itemListElement":[{"@type":"ListItem","position":1,"name":"Home","item":"https:\/\/www.press7.tv\/"},{"@type":"ListItem","position":2,"name":"Ja mesazhet fyese t\u00eb Ziadin Sel\u00ebs t\u00eb cilat i prezantoi Mendi Qyra dhe thirrjet e drejtorit t\u00eb Shkoll\u00ebs s\u00eb Ladorishtit"}]},{"@type":"WebSite","@id":"https:\/\/www.news33.tv\/#website","url":"https:\/\/www.news33.tv\/","name":"News33.tv Media","description":"Media","publisher":{"@id":"https:\/\/www.news33.tv\/#organization"},"potentialAction":[{"@type":"SearchAction","target":{"@type":"EntryPoint","urlTemplate":"https:\/\/www.news33.tv\/?s={search_term_string}"},"query-input":{"@type":"PropertyValueSpecification","valueRequired":true,"valueName":"search_term_string"}}],"inLanguage":"en-US"},{"@type":"Organization","@id":"https:\/\/www.news33.tv\/#organization","name":"News33.tv Media","url":"https:\/\/www.news33.tv\/","logo":{"@type":"ImageObject","inLanguage":"en-US","@id":"https:\/\/www.news33.tv\/#\/schema\/logo\/image\/","url":"https:\/\/www.press7.tv\/wp-content\/uploads\/2024\/02\/logo-news33-black.png","contentUrl":"https:\/\/www.press7.tv\/wp-content\/uploads\/2024\/02\/logo-news33-black.png","width":180,"height":37,"caption":"News33.tv Media"},"image":{"@id":"https:\/\/www.news33.tv\/#\/schema\/logo\/image\/"},"sameAs":["https:\/\/www.facebook.com\/press7.tv"]},{"@type":"Person","@id":"https:\/\/www.news33.tv\/#\/schema\/person\/5a04a38a23ccdba82f9bd665cd8f9efa","name":"gazetar2","image":{"@type":"ImageObject","inLanguage":"en-US","@id":"https:\/\/www.news33.tv\/#\/schema\/person\/image\/","url":"https:\/\/www.press7.tv\/wp-content\/litespeed\/avatar\/41975e402c3049d9ddb03adca8f7a883.jpg?ver=1777169572","contentUrl":"https:\/\/www.press7.tv\/wp-content\/litespeed\/avatar\/41975e402c3049d9ddb03adca8f7a883.jpg?ver=1777169572","caption":"gazetar2"},"url":"https:\/\/www.press7.tv\/?author=8"}]}},"amp_enabled":true,"_links":{"self":[{"href":"https:\/\/www.press7.tv\/index.php?rest_route=\/wp\/v2\/posts\/23167","targetHints":{"allow":["GET"]}}],"collection":[{"href":"https:\/\/www.press7.tv\/index.php?rest_route=\/wp\/v2\/posts"}],"about":[{"href":"https:\/\/www.press7.tv\/index.php?rest_route=\/wp\/v2\/types\/post"}],"author":[{"embeddable":true,"href":"https:\/\/www.press7.tv\/index.php?rest_route=\/wp\/v2\/users\/8"}],"replies":[{"embeddable":true,"href":"https:\/\/www.press7.tv\/index.php?rest_route=%2Fwp%2Fv2%2Fcomments&post=23167"}],"version-history":[{"count":2,"href":"https:\/\/www.press7.tv\/index.php?rest_route=\/wp\/v2\/posts\/23167\/revisions"}],"predecessor-version":[{"id":23173,"href":"https:\/\/www.press7.tv\/index.php?rest_route=\/wp\/v2\/posts\/23167\/revisions\/23173"}],"wp:featuredmedia":[{"embeddable":true,"href":"https:\/\/www.press7.tv\/index.php?rest_route=\/wp\/v2\/media\/23168"}],"wp:attachment":[{"href":"https:\/\/www.press7.tv\/index.php?rest_route=%2Fwp%2Fv2%2Fmedia&parent=23167"}],"wp:term":[{"taxonomy":"category","embeddable":true,"href":"https:\/\/www.press7.tv\/index.php?rest_route=%2Fwp%2Fv2%2Fcategories&post=23167"},{"taxonomy":"post_tag","embeddable":true,"href":"https:\/\/www.press7.tv\/index.php?rest_route=%2Fwp%2Fv2%2Ftags&post=23167"}],"curies":[{"name":"wp","href":"https:\/\/api.w.org\/{rel}","templated":true}]}}