{"id":23164,"date":"2025-10-31T18:47:42","date_gmt":"2025-10-31T18:47:42","guid":{"rendered":"https:\/\/www.press7.tv\/?p=23164"},"modified":"2025-10-31T18:47:42","modified_gmt":"2025-10-31T18:47:42","slug":"rreth-200-milione-euro-kostoja-vjetore-e-vendimeve-per-pensione-shtesa-e-page-te-13-te","status":"publish","type":"post","link":"https:\/\/www.press7.tv\/?p=23164","title":{"rendered":"Rreth 200 milion\u00eb euro, kostoja vjetore e vendimeve p\u00ebr pensione, shtesa e pag\u00eb t\u00eb 13-t\u00eb"},"content":{"rendered":"\n    <div class=\"xs_social_share_widget xs_share_url before_content \t\tmain_content  wslu-style-2 wslu-share-box-shaped wslu-fill-colored wslu-share-m-5 wslu-none wslu-share-vertical wslu-theme-font-no wslu-main_content\">\n\n\t\t\n        <ul>\n\t\t\t        <\/ul>\n    <\/div> \n<p>Rreth 200 milion\u00eb euro \u00ebsht\u00eb kostoja vjetore e vendimeve q\u00eb Qeveria n\u00eb detyr\u00eb i ka marr\u00eb t\u00eb premten p\u00ebr pensionet, shtesat p\u00ebr f\u00ebmij\u00eb dhe p\u00ebr pag\u00ebn e 13-t\u00eb t\u00eb pun\u00ebtor\u00ebve n\u00eb sektorin publik. Implikime buxhetore ka edhe rritja e pag\u00ebs minimale<\/p>\n<p>Rreth 200 milion\u00eb euro \u00ebsht\u00eb kostoja vjetore e vendimeve q\u00eb Qeveria n\u00eb detyr\u00eb i ka marr\u00eb gjat\u00eb mbledhjes t\u00eb s\u00eb premtes.<\/p>\n<p>Ekzekutivi ka vendosur q\u00eb pensionin minimal nga 120 euro ta rris\u00eb n\u00eb 150 euro q\u00eb nga n\u00ebntori i k\u00ebtij viti. Krahas k\u00ebsaj, edhe shtesat p\u00ebr f\u00ebmij\u00eb t\u00eb rriten p\u00ebr 50 p\u00ebr qind.<\/p>\n<p>Kryeministri n\u00eb detyr\u00eb, Albin Kurti, edhe n\u00eb ekspozen\u00eb para Kuvendit, kur ka d\u00ebshtuar q\u00eb t\u00eb siguroj\u00eb vota p\u00ebr mandatin e ri, ka p\u00ebrmendur k\u00ebto dy vendime e t\u00eb cilat i ka arsyetuar t\u00eb premten.<\/p>\n<p>\u201cN\u00ebse 400 mij\u00eb f\u00ebmij\u00eb do t\u00eb ishin dakord q\u00eb k\u00ebt\u00eb ta shtym\u00eb p\u00ebr ma von\u00eb, edhe un\u00eb do t\u00eb isha, por jam i bindur q\u00eb ata presin q\u00eb prej momentit kur ka folur kryeministri, nj\u00eb dit\u00eb e m\u00eb par\u00eb t\u00eb kalohet n\u00eb realizimin e atyre. E kemi lexuar dhe rilexuar ligjin dhe kemi ardhur n\u00eb p\u00ebrfundim q\u00eb k\u00ebt\u00eb ta b\u00ebjm\u00eb. Rrjedhimisht nuk kemi pse ta shtyjm\u00eb\u201d, ka theksuar Kurti gjat\u00eb mbledhjes s\u00eb Qeveris\u00eb.<\/p>\n<p>Rritja e pensionit minimal p\u00ebr 30 euro ka ndikim te 200 mij\u00eb persona t\u00eb cilat jan\u00eb mbi 65 vje\u00e7. Kostoja mujore e rritjes do t\u00eb jet\u00eb rreth 6 milion\u00eb euro, p\u00ebrkat\u00ebsisht rreth 72 milion\u00eb euro n\u00eb vit.<\/p>\n<p>P\u00ebrve\u00e7 k\u00ebsaj, rreth 50 milion\u00eb euro \u00ebsht\u00eb kostoja mujore p\u00ebr vendimin p\u00ebr rritje t\u00eb shtesave p\u00ebr f\u00ebmij\u00eb. Nga kjo do t\u00eb p\u00ebrfitojn\u00eb rreth 400 mij\u00eb f\u00ebmij\u00eb t\u00eb mosh\u00ebs deri n\u00eb 16 vje\u00e7.<\/p>\n<p>K\u00ebto shpenzime nuk kan\u00eb qen\u00eb t\u00eb parapara n\u00eb buxhetin p\u00ebr vitin 2025.<\/p>\n<p>Megjith\u00ebk\u00ebt\u00eb, as kryeministri n\u00eb detyr\u00eb dhe as ministri n\u00eb detyr\u00eb i Financave, Hekuran Murati, nuk kan\u00eb sqaruar se nga cila linj\u00eb buxhetor do t\u00eb sigurohen k\u00ebto mjete.<\/p>\n<p>Shtesat do t\u00eb p\u00ebrfshihen n\u00eb Projektbuxhetin p\u00ebr vitin 2026, t\u00eb cilin Qeveria n\u00eb detyr\u00eb e ka miratuar t\u00eb premten, me gjith\u00eb dilemat ligjore rreth vendimmarrjes.<\/p>\n<p>Krahas shtesave dhe pensioneve, p\u00ebr her\u00eb t\u00eb par\u00eb n\u00eb Projektbuxhet \u00ebsht\u00eb parapar\u00eb edhe dh\u00ebnia e rrog\u00ebs s\u00eb 13-t\u00eb p\u00ebr t\u00eb gjith\u00eb punonj\u00ebsit e angazhuar n\u00eb sektorin publik. Kostoja e k\u00ebsaj page do t\u00eb jet\u00eb mbi 53 milion\u00eb euro.<\/p>\n<p>Ekzekutivi n\u00eb mbledhjen e s\u00eb premtes ka miratuar edhe rritjen e pag\u00ebs minimale, e cila prek rreth 150 mij\u00eb t\u00eb pun\u00ebsuar n\u00eb sektorin privat. Ajo aktualisht \u00ebsht\u00eb 350 euro, nd\u00ebrsa \u00ebsht\u00eb parapar\u00eb q\u00eb t\u00eb rritet n\u00eb dy faza. Fillimisht n\u00eb 425 euro n\u00eb janarin e vitit t\u00eb ardhsh\u00ebm, nd\u00ebrsa n\u00eb korrik t\u00eb b\u00ebhet 500 euro p\u00ebr t\u00eb gjith\u00eb pun\u00ebtor\u00ebt me orar t\u00eb plot\u00eb.<\/p>\n<p>Kjo do t\u00eb prek\u00eb edhe buxhetin e shtetit n\u00ebse zbatohet programi \u201cSuperPuna p\u00ebr Grat\u00eb\u201d, i cili ka p\u00ebr q\u00ebllim q\u00eb Qeveria t\u00eb mbuloj\u00eb pag\u00ebn minimale deri n\u00eb 6 muaj p\u00ebr bizneset q\u00eb pun\u00ebsojn\u00eb gra.<\/p>\n","protected":false},"excerpt":{"rendered":"<p>Rreth 200 milion\u00eb euro \u00ebsht\u00eb kostoja vjetore e vendimeve q\u00eb Qeveria n\u00eb detyr\u00eb i ka marr\u00eb t\u00eb premten p\u00ebr pensionet, shtesat p\u00ebr f\u00ebmij\u00eb dhe p\u00ebr pag\u00ebn e 13-t\u00eb t\u00eb pun\u00ebtor\u00ebve n\u00eb sektorin publik. Implikime buxhetore ka edhe rritja e pag\u00ebs minimale Rreth 200 milion\u00eb euro \u00ebsht\u00eb kostoja vjetore e vendimeve q\u00eb Qeveria n\u00eb detyr\u00eb i [&hellip;]<\/p>\n","protected":false},"author":8,"featured_media":23165,"comment_status":"closed","ping_status":"closed","sticky":false,"template":"","format":"standard","meta":{"footnotes":""},"categories":[215,213],"tags":[],"class_list":["post-23164","post","type-post","status-publish","format-standard","has-post-thumbnail","hentry","category-kosove","category-lajme"],"yoast_head":"<!-- This site is optimized with the Yoast SEO plugin v25.1 - https:\/\/yoast.com\/wordpress\/plugins\/seo\/ -->\n<title>Rreth 200 milion\u00eb euro, kostoja vjetore e vendimeve p\u00ebr pensione, shtesa e pag\u00eb t\u00eb 13-t\u00eb - press7.tv<\/title>\n<meta name=\"robots\" content=\"index, follow, max-snippet:-1, max-image-preview:large, max-video-preview:-1\" \/>\n<link rel=\"canonical\" href=\"https:\/\/www.press7.tv\/?p=23164\" \/>\n<meta property=\"og:locale\" content=\"en_US\" \/>\n<meta property=\"og:type\" content=\"article\" \/>\n<meta property=\"og:title\" content=\"Rreth 200 milion\u00eb euro, kostoja vjetore e vendimeve p\u00ebr pensione, shtesa e pag\u00eb t\u00eb 13-t\u00eb - press7.tv\" \/>\n<meta property=\"og:description\" content=\"Rreth 200 milion\u00eb euro \u00ebsht\u00eb kostoja vjetore e vendimeve q\u00eb Qeveria n\u00eb detyr\u00eb i ka marr\u00eb t\u00eb premten p\u00ebr pensionet, shtesat p\u00ebr f\u00ebmij\u00eb dhe p\u00ebr pag\u00ebn e 13-t\u00eb t\u00eb pun\u00ebtor\u00ebve n\u00eb sektorin publik. Implikime buxhetore ka edhe rritja e pag\u00ebs minimale Rreth 200 milion\u00eb euro \u00ebsht\u00eb kostoja vjetore e vendimeve q\u00eb Qeveria n\u00eb detyr\u00eb i [&hellip;]\" \/>\n<meta property=\"og:url\" content=\"https:\/\/www.press7.tv\/?p=23164\" \/>\n<meta property=\"og:site_name\" content=\"press7.tv\" \/>\n<meta property=\"article:publisher\" content=\"https:\/\/www.facebook.com\/press7.tv\" \/>\n<meta property=\"article:published_time\" content=\"2025-10-31T18:47:42+00:00\" \/>\n<meta property=\"og:image\" content=\"https:\/\/www.press7.tv\/wp-content\/uploads\/2025\/10\/IMG_0550.avif\" \/>\n\t<meta property=\"og:image:width\" content=\"1129\" \/>\n\t<meta property=\"og:image:height\" content=\"634\" \/>\n\t<meta property=\"og:image:type\" content=\"image\/jpeg\" \/>\n<meta name=\"author\" content=\"gazetar2\" \/>\n<meta name=\"twitter:card\" content=\"summary_large_image\" \/>\n<meta name=\"twitter:label1\" content=\"Written by\" \/>\n\t<meta name=\"twitter:data1\" content=\"gazetar2\" \/>\n\t<meta name=\"twitter:label2\" content=\"Est. reading time\" \/>\n\t<meta name=\"twitter:data2\" content=\"1 minute\" \/>\n<script type=\"application\/ld+json\" class=\"yoast-schema-graph\">{\"@context\":\"https:\/\/schema.org\",\"@graph\":[{\"@type\":\"Article\",\"@id\":\"https:\/\/www.press7.tv\/?p=23164#article\",\"isPartOf\":{\"@id\":\"https:\/\/www.press7.tv\/?p=23164\"},\"author\":{\"name\":\"gazetar2\",\"@id\":\"https:\/\/www.news33.tv\/#\/schema\/person\/5a04a38a23ccdba82f9bd665cd8f9efa\"},\"headline\":\"Rreth 200 milion\u00eb euro, kostoja vjetore e vendimeve p\u00ebr pensione, shtesa e pag\u00eb t\u00eb 13-t\u00eb\",\"datePublished\":\"2025-10-31T18:47:42+00:00\",\"mainEntityOfPage\":{\"@id\":\"https:\/\/www.press7.tv\/?p=23164\"},\"wordCount\":529,\"publisher\":{\"@id\":\"https:\/\/www.news33.tv\/#organization\"},\"image\":{\"@id\":\"https:\/\/www.press7.tv\/?p=23164#primaryimage\"},\"thumbnailUrl\":\"https:\/\/www.press7.tv\/wp-content\/uploads\/2025\/10\/IMG_0550.avif\",\"articleSection\":[\"Kosov\u00eb\",\"Lajme\"],\"inLanguage\":\"en-US\"},{\"@type\":\"WebPage\",\"@id\":\"https:\/\/www.press7.tv\/?p=23164\",\"url\":\"https:\/\/www.press7.tv\/?p=23164\",\"name\":\"Rreth 200 milion\u00eb euro, kostoja vjetore e vendimeve p\u00ebr pensione, shtesa e pag\u00eb t\u00eb 13-t\u00eb - press7.tv\",\"isPartOf\":{\"@id\":\"https:\/\/www.news33.tv\/#website\"},\"primaryImageOfPage\":{\"@id\":\"https:\/\/www.press7.tv\/?p=23164#primaryimage\"},\"image\":{\"@id\":\"https:\/\/www.press7.tv\/?p=23164#primaryimage\"},\"thumbnailUrl\":\"https:\/\/www.press7.tv\/wp-content\/uploads\/2025\/10\/IMG_0550.avif\",\"datePublished\":\"2025-10-31T18:47:42+00:00\",\"breadcrumb\":{\"@id\":\"https:\/\/www.press7.tv\/?p=23164#breadcrumb\"},\"inLanguage\":\"en-US\",\"potentialAction\":[{\"@type\":\"ReadAction\",\"target\":[\"https:\/\/www.press7.tv\/?p=23164\"]}]},{\"@type\":\"ImageObject\",\"inLanguage\":\"en-US\",\"@id\":\"https:\/\/www.press7.tv\/?p=23164#primaryimage\",\"url\":\"https:\/\/www.press7.tv\/wp-content\/uploads\/2025\/10\/IMG_0550.avif\",\"contentUrl\":\"https:\/\/www.press7.tv\/wp-content\/uploads\/2025\/10\/IMG_0550.avif\",\"width\":1129,\"height\":634,\"caption\":\"Screenshot\"},{\"@type\":\"BreadcrumbList\",\"@id\":\"https:\/\/www.press7.tv\/?p=23164#breadcrumb\",\"itemListElement\":[{\"@type\":\"ListItem\",\"position\":1,\"name\":\"Home\",\"item\":\"https:\/\/www.press7.tv\/\"},{\"@type\":\"ListItem\",\"position\":2,\"name\":\"Rreth 200 milion\u00eb euro, kostoja vjetore e vendimeve p\u00ebr pensione, shtesa e pag\u00eb t\u00eb 13-t\u00eb\"}]},{\"@type\":\"WebSite\",\"@id\":\"https:\/\/www.news33.tv\/#website\",\"url\":\"https:\/\/www.news33.tv\/\",\"name\":\"News33.tv Media\",\"description\":\"Media\",\"publisher\":{\"@id\":\"https:\/\/www.news33.tv\/#organization\"},\"potentialAction\":[{\"@type\":\"SearchAction\",\"target\":{\"@type\":\"EntryPoint\",\"urlTemplate\":\"https:\/\/www.news33.tv\/?s={search_term_string}\"},\"query-input\":{\"@type\":\"PropertyValueSpecification\",\"valueRequired\":true,\"valueName\":\"search_term_string\"}}],\"inLanguage\":\"en-US\"},{\"@type\":\"Organization\",\"@id\":\"https:\/\/www.news33.tv\/#organization\",\"name\":\"News33.tv Media\",\"url\":\"https:\/\/www.news33.tv\/\",\"logo\":{\"@type\":\"ImageObject\",\"inLanguage\":\"en-US\",\"@id\":\"https:\/\/www.news33.tv\/#\/schema\/logo\/image\/\",\"url\":\"https:\/\/www.press7.tv\/wp-content\/uploads\/2024\/02\/logo-news33-black.png\",\"contentUrl\":\"https:\/\/www.press7.tv\/wp-content\/uploads\/2024\/02\/logo-news33-black.png\",\"width\":180,\"height\":37,\"caption\":\"News33.tv Media\"},\"image\":{\"@id\":\"https:\/\/www.news33.tv\/#\/schema\/logo\/image\/\"},\"sameAs\":[\"https:\/\/www.facebook.com\/press7.tv\"]},{\"@type\":\"Person\",\"@id\":\"https:\/\/www.news33.tv\/#\/schema\/person\/5a04a38a23ccdba82f9bd665cd8f9efa\",\"name\":\"gazetar2\",\"image\":{\"@type\":\"ImageObject\",\"inLanguage\":\"en-US\",\"@id\":\"https:\/\/www.news33.tv\/#\/schema\/person\/image\/\",\"url\":\"https:\/\/www.press7.tv\/wp-content\/litespeed\/avatar\/41975e402c3049d9ddb03adca8f7a883.jpg?ver=1777169572\",\"contentUrl\":\"https:\/\/www.press7.tv\/wp-content\/litespeed\/avatar\/41975e402c3049d9ddb03adca8f7a883.jpg?ver=1777169572\",\"caption\":\"gazetar2\"},\"url\":\"https:\/\/www.press7.tv\/?author=8\"}]}<\/script>\n<!-- \/ Yoast SEO plugin. -->","yoast_head_json":{"title":"Rreth 200 milion\u00eb euro, kostoja vjetore e vendimeve p\u00ebr pensione, shtesa e pag\u00eb t\u00eb 13-t\u00eb - press7.tv","robots":{"index":"index","follow":"follow","max-snippet":"max-snippet:-1","max-image-preview":"max-image-preview:large","max-video-preview":"max-video-preview:-1"},"canonical":"https:\/\/www.press7.tv\/?p=23164","og_locale":"en_US","og_type":"article","og_title":"Rreth 200 milion\u00eb euro, kostoja vjetore e vendimeve p\u00ebr pensione, shtesa e pag\u00eb t\u00eb 13-t\u00eb - press7.tv","og_description":"Rreth 200 milion\u00eb euro \u00ebsht\u00eb kostoja vjetore e vendimeve q\u00eb Qeveria n\u00eb detyr\u00eb i ka marr\u00eb t\u00eb premten p\u00ebr pensionet, shtesat p\u00ebr f\u00ebmij\u00eb dhe p\u00ebr pag\u00ebn e 13-t\u00eb t\u00eb pun\u00ebtor\u00ebve n\u00eb sektorin publik. Implikime buxhetore ka edhe rritja e pag\u00ebs minimale Rreth 200 milion\u00eb euro \u00ebsht\u00eb kostoja vjetore e vendimeve q\u00eb Qeveria n\u00eb detyr\u00eb i [&hellip;]","og_url":"https:\/\/www.press7.tv\/?p=23164","og_site_name":"press7.tv","article_publisher":"https:\/\/www.facebook.com\/press7.tv","article_published_time":"2025-10-31T18:47:42+00:00","og_image":[{"width":1129,"height":634,"url":"https:\/\/www.press7.tv\/wp-content\/uploads\/2025\/10\/IMG_0550.avif","type":"image\/jpeg"}],"author":"gazetar2","twitter_card":"summary_large_image","twitter_misc":{"Written by":"gazetar2","Est. reading time":"1 minute"},"schema":{"@context":"https:\/\/schema.org","@graph":[{"@type":"Article","@id":"https:\/\/www.press7.tv\/?p=23164#article","isPartOf":{"@id":"https:\/\/www.press7.tv\/?p=23164"},"author":{"name":"gazetar2","@id":"https:\/\/www.news33.tv\/#\/schema\/person\/5a04a38a23ccdba82f9bd665cd8f9efa"},"headline":"Rreth 200 milion\u00eb euro, kostoja vjetore e vendimeve p\u00ebr pensione, shtesa e pag\u00eb t\u00eb 13-t\u00eb","datePublished":"2025-10-31T18:47:42+00:00","mainEntityOfPage":{"@id":"https:\/\/www.press7.tv\/?p=23164"},"wordCount":529,"publisher":{"@id":"https:\/\/www.news33.tv\/#organization"},"image":{"@id":"https:\/\/www.press7.tv\/?p=23164#primaryimage"},"thumbnailUrl":"https:\/\/www.press7.tv\/wp-content\/uploads\/2025\/10\/IMG_0550.avif","articleSection":["Kosov\u00eb","Lajme"],"inLanguage":"en-US"},{"@type":"WebPage","@id":"https:\/\/www.press7.tv\/?p=23164","url":"https:\/\/www.press7.tv\/?p=23164","name":"Rreth 200 milion\u00eb euro, kostoja vjetore e vendimeve p\u00ebr pensione, shtesa e pag\u00eb t\u00eb 13-t\u00eb - press7.tv","isPartOf":{"@id":"https:\/\/www.news33.tv\/#website"},"primaryImageOfPage":{"@id":"https:\/\/www.press7.tv\/?p=23164#primaryimage"},"image":{"@id":"https:\/\/www.press7.tv\/?p=23164#primaryimage"},"thumbnailUrl":"https:\/\/www.press7.tv\/wp-content\/uploads\/2025\/10\/IMG_0550.avif","datePublished":"2025-10-31T18:47:42+00:00","breadcrumb":{"@id":"https:\/\/www.press7.tv\/?p=23164#breadcrumb"},"inLanguage":"en-US","potentialAction":[{"@type":"ReadAction","target":["https:\/\/www.press7.tv\/?p=23164"]}]},{"@type":"ImageObject","inLanguage":"en-US","@id":"https:\/\/www.press7.tv\/?p=23164#primaryimage","url":"https:\/\/www.press7.tv\/wp-content\/uploads\/2025\/10\/IMG_0550.avif","contentUrl":"https:\/\/www.press7.tv\/wp-content\/uploads\/2025\/10\/IMG_0550.avif","width":1129,"height":634,"caption":"Screenshot"},{"@type":"BreadcrumbList","@id":"https:\/\/www.press7.tv\/?p=23164#breadcrumb","itemListElement":[{"@type":"ListItem","position":1,"name":"Home","item":"https:\/\/www.press7.tv\/"},{"@type":"ListItem","position":2,"name":"Rreth 200 milion\u00eb euro, kostoja vjetore e vendimeve p\u00ebr pensione, shtesa e pag\u00eb t\u00eb 13-t\u00eb"}]},{"@type":"WebSite","@id":"https:\/\/www.news33.tv\/#website","url":"https:\/\/www.news33.tv\/","name":"News33.tv Media","description":"Media","publisher":{"@id":"https:\/\/www.news33.tv\/#organization"},"potentialAction":[{"@type":"SearchAction","target":{"@type":"EntryPoint","urlTemplate":"https:\/\/www.news33.tv\/?s={search_term_string}"},"query-input":{"@type":"PropertyValueSpecification","valueRequired":true,"valueName":"search_term_string"}}],"inLanguage":"en-US"},{"@type":"Organization","@id":"https:\/\/www.news33.tv\/#organization","name":"News33.tv Media","url":"https:\/\/www.news33.tv\/","logo":{"@type":"ImageObject","inLanguage":"en-US","@id":"https:\/\/www.news33.tv\/#\/schema\/logo\/image\/","url":"https:\/\/www.press7.tv\/wp-content\/uploads\/2024\/02\/logo-news33-black.png","contentUrl":"https:\/\/www.press7.tv\/wp-content\/uploads\/2024\/02\/logo-news33-black.png","width":180,"height":37,"caption":"News33.tv Media"},"image":{"@id":"https:\/\/www.news33.tv\/#\/schema\/logo\/image\/"},"sameAs":["https:\/\/www.facebook.com\/press7.tv"]},{"@type":"Person","@id":"https:\/\/www.news33.tv\/#\/schema\/person\/5a04a38a23ccdba82f9bd665cd8f9efa","name":"gazetar2","image":{"@type":"ImageObject","inLanguage":"en-US","@id":"https:\/\/www.news33.tv\/#\/schema\/person\/image\/","url":"https:\/\/www.press7.tv\/wp-content\/litespeed\/avatar\/41975e402c3049d9ddb03adca8f7a883.jpg?ver=1777169572","contentUrl":"https:\/\/www.press7.tv\/wp-content\/litespeed\/avatar\/41975e402c3049d9ddb03adca8f7a883.jpg?ver=1777169572","caption":"gazetar2"},"url":"https:\/\/www.press7.tv\/?author=8"}]}},"amp_enabled":true,"_links":{"self":[{"href":"https:\/\/www.press7.tv\/index.php?rest_route=\/wp\/v2\/posts\/23164","targetHints":{"allow":["GET"]}}],"collection":[{"href":"https:\/\/www.press7.tv\/index.php?rest_route=\/wp\/v2\/posts"}],"about":[{"href":"https:\/\/www.press7.tv\/index.php?rest_route=\/wp\/v2\/types\/post"}],"author":[{"embeddable":true,"href":"https:\/\/www.press7.tv\/index.php?rest_route=\/wp\/v2\/users\/8"}],"replies":[{"embeddable":true,"href":"https:\/\/www.press7.tv\/index.php?rest_route=%2Fwp%2Fv2%2Fcomments&post=23164"}],"version-history":[{"count":1,"href":"https:\/\/www.press7.tv\/index.php?rest_route=\/wp\/v2\/posts\/23164\/revisions"}],"predecessor-version":[{"id":23166,"href":"https:\/\/www.press7.tv\/index.php?rest_route=\/wp\/v2\/posts\/23164\/revisions\/23166"}],"wp:featuredmedia":[{"embeddable":true,"href":"https:\/\/www.press7.tv\/index.php?rest_route=\/wp\/v2\/media\/23165"}],"wp:attachment":[{"href":"https:\/\/www.press7.tv\/index.php?rest_route=%2Fwp%2Fv2%2Fmedia&parent=23164"}],"wp:term":[{"taxonomy":"category","embeddable":true,"href":"https:\/\/www.press7.tv\/index.php?rest_route=%2Fwp%2Fv2%2Fcategories&post=23164"},{"taxonomy":"post_tag","embeddable":true,"href":"https:\/\/www.press7.tv\/index.php?rest_route=%2Fwp%2Fv2%2Ftags&post=23164"}],"curies":[{"name":"wp","href":"https:\/\/api.w.org\/{rel}","templated":true}]}}