{"id":23158,"date":"2025-10-31T14:32:33","date_gmt":"2025-10-31T14:32:33","guid":{"rendered":"https:\/\/www.press7.tv\/?p=23158"},"modified":"2025-10-31T14:32:33","modified_gmt":"2025-10-31T14:32:33","slug":"ndahet-nga-jeta-fatos-nano-ish-kryeministri-liberal-i-socialisteve-dhe-nje-prej-figurave-politike-qe-ka-shenjuar-35-vitet-postkomuniste","status":"publish","type":"post","link":"https:\/\/www.press7.tv\/?p=23158","title":{"rendered":"Ndahet nga jeta Fatos Nano, ish-Kryeministri liberal i socialist\u00ebve dhe nj\u00eb prej figurave politike q\u00eb ka sh\u00ebnjuar 35 vitet postkomuniste"},"content":{"rendered":"\n    <div class=\"xs_social_share_widget xs_share_url before_content \t\tmain_content  wslu-style-2 wslu-share-box-shaped wslu-fill-colored wslu-share-m-5 wslu-none wslu-share-vertical wslu-theme-font-no wslu-main_content\">\n\n\t\t\n        <ul>\n\t\t\t        <\/ul>\n    <\/div> \n<p>Ish-kryeministri i Shqip\u00ebris\u00eb, Fatos Nano \u00ebsht\u00eb ndar\u00eb sot nga jeta n\u00eb mosh\u00ebn 73 vje\u00e7are.<\/p>\n<p>Prej disa koh\u00ebsh ai ndodhej n\u00eb reanimacion n\u00eb nj\u00eb prej spitale private t\u00eb vendit ku po mbahej n\u00ebn kujdesin e mjek\u00ebve, teksa gjendja sh\u00ebndet\u00ebsore u r\u00ebndua gjat\u00eb dit\u00ebve t\u00eb fundit.<br \/>\nNano ka p\u00ebsuar nj\u00eb arrest kardiak, nd\u00ebrkoh\u00eb q\u00eb m\u00eb her\u00ebt \u00ebsht\u00eb kuruar edhe p\u00ebr probleme me frym\u00ebmarrjen.<\/p>\n<p>Nj\u00eb prej politikan\u00ebve m\u00eb t\u00eb r\u00ebnd\u00ebsish\u00ebm t\u00eb vendit n\u00eb periudh\u00ebn post-komuniste, Fatos Nano \u00ebsht\u00eb \u201czhdukur\u201d dhe \u201crikthyer\u201d n\u00eb shum\u00eb momente ky\u00e7e p\u00ebr vendin.<br \/>\nI lindur n\u00eb 16 shtator 1952 n\u00eb Tiran\u00eb, ai u diplomua p\u00ebr ekonomi politike n\u00eb vitin 1974 n\u00eb kryeqytet dhe kulmin e karrier\u00ebs s\u00eb tij p\u00ebrpara se t\u00eb rr\u00ebzohej regjimi komunist e pati 10 vjet m\u00eb von\u00eb kur u em\u00ebrua si studiues i problemeve socio-ekonomike dhe reformave t\u00eb ekonomive t\u00eb tregut t\u00eb vendeve t\u00eb Bllokut Lindor n\u00eb Institutin e Studimeve Marksiste-Leniniste n\u00eb Tiran\u00eb, n\u00ebn var\u00ebsin\u00eb e ish-gruas s\u00eb diktatorit, Nexhimije Hoxha.<br \/>\nAi ishte pjes\u00eb aktive e zhvillimeve t\u00eb vrullshme politike q\u00eb ndodh\u00ebn n\u00eb Shqip\u00ebri si edhe n\u00eb \u00e7do vend tjet\u00ebr t\u00eb bllokut t\u00eb Lindjes.<br \/>\nE shpejt\u00eb ishte edhe ngritja e tij n\u00eb detyr\u00eb. N\u00eb dhjetor 1990 u em\u00ebrua sekretar i P\u00ebrgjithsh\u00ebm i K\u00ebshillit t\u00eb Ministrave, e nj\u00eb muaj m\u00eb von\u00eb zv.kryeminist\u00ebr n\u00eb qeverin\u00eb e Adil \u00c7ar\u00e7anit. N\u00eb fund t\u00eb shkurtit 1991, Ramiz Alia i besoi Nanos postin e kryeministrit, me nj\u00eb mandat t\u00eb p\u00ebrcaktuar: p\u00ebrgatitjen e tranzicionit t\u00eb vendit drejt demokracis\u00eb liberale dhe ekonomis\u00eb s\u00eb tregut.<br \/>\nPas zgjedhjeve t\u00eb 31 marsit 1991, Nano u mandatua kryeminist\u00ebr, detyr\u00eb t\u00eb cil\u00ebn e mbajti p\u00ebr disa jav\u00eb, kur dha dor\u00ebheqjen p\u00ebr shkak t\u00eb grevave q\u00eb kishin nisur n\u00eb gjith\u00eb vendin.<br \/>\nMerit\u00eb e padiskutueshme e Nanos n\u00eb at\u00eb periudh\u00eb ishte transformimi i PS-s\u00eb nga nj\u00eb parti e trash\u00ebguar nga regjimi komunist n\u00eb nj\u00eb parti social-demokrate me orientim per\u00ebndimor.<br \/>\nArdhja e demokrat\u00ebve n\u00eb pushtet n\u00eb vitin 1992, solli nj\u00eb periudh\u00eb t\u00eb v\u00ebshtir\u00eb p\u00ebr Fatos Nanon.<br \/>\nM\u00eb 30 korrik 1993, Nano u arrestua n\u00eb zyr\u00ebn e Prokurorit,[21] dhe u akuzua p\u00ebr \u201cshp\u00ebrdorim detyre dhe falsifikim t\u00eb dokumenteve zyrtare n\u00eb lidhje me ndihm\u00ebn italiane\u201d dhe 9 muaj m\u00eb von\u00eb u d\u00ebnua me 12 vite burg.<br \/>\nMegjithat\u00eb trazirat e vitit 1997 soll\u00ebn lirimin e tij nga burgu dhe rikthimin aty ku t\u00eb gjith\u00eb socialist\u00ebt e donin: n\u00eb krye t\u00eb PS-s\u00eb. Tre muaj pasi kishte dal\u00eb nga burgu ai udh\u00ebhoqi socialist\u00ebt drejt rikthimit n\u00eb pushtet, t\u00eb cilin socialist\u00ebt e mbajt\u00ebn p\u00ebr 8 vite, por Fatos Nano pati s\u00ebrish ulje-ngritjet e tij politike.<br \/>\nMerit\u00eb e Nanos, e pranuar edhe nga kritik\u00ebt, ishte rikthimi i normaltitet n\u00eb vendin e shkat\u00ebrruar ekonomikisht si pasoj\u00eb e firmave piramidale.<br \/>\nE megjithat\u00eb postin e kryeministrit e mbajti p\u00ebr nj\u00eb vit, kur vendosi t\u00eb jepte dor\u00ebheqjen n\u00eb 28 shtator 1998, pak m\u00eb shum\u00eb se dy jav\u00eb pas vrasjes s\u00eb Azem Hajdarit.<br \/>\nU largua nga Qeveria, por vijoi t\u00eb mbante kontrollin e partis\u00eb, pavar\u00ebsisht dallg\u00ebve q\u00eb shoq\u00ebruan socialist\u00ebt n\u00eb 8 vite.<br \/>\nU rikthye edhe nj\u00ebher\u00eb tjet\u00ebr kryeminist\u00ebr n\u00eb 31 korrik 2002 deri n\u00eb humbjen e zgjedhjeve n\u00eb qershor 2005, kur u detyrua t\u2019i linte pushtetin kund\u00ebrshtarit t\u00eb tij q\u00eb e kishte burgosur, Sali Berisha.<br \/>\nPrej atij viti dit\u00ebt i jetonte mes Vjen\u00ebs ku q\u00ebndronte me familjen dhe Tiran\u00ebs ku vinte sa her\u00eb diskutohej se kush do t\u00eb ishte Presidenti i ri i vendit.<br \/>\nD\u00ebshira e tij p\u00ebr t\u2019u b\u00ebr\u00eb kreu i shtetit nuk iu plot\u00ebsua as n\u00eb vitin 2007 kur vendin ia mori Bamir Topi dhe as n\u00eb vitin 2012 kur Berisha megjith\u00ebse e afroi, n\u00eb fund zgjodhi t\u00eb ndjerin Bujar Nishani.<br \/>\nJeta e tij familjare ka qen\u00eb e trazuar po aq sa ajo politike. Fillimisht konsumoi nj\u00eb martes\u00eb 25 vje\u00e7are me Rexhina Nanon, me t\u00eb cil\u00ebn ka dy f\u00ebmij\u00eb, Sokolin dhe Edlir\u00ebn.<br \/>\nN\u00eb vitin 2002, pak muaj pas divorcit ai njoftoi martes\u00ebn me Xhoan\u00ebn.<br \/>\nI konsideruar si figur\u00eb liberale brenda t\u00eb majt\u00ebs shqiptare ai e shnd\u00ebrroi PS-n\u00eb nga nj\u00eb parti bolshevike n\u00eb nj\u00eb formacion t\u00eb s\u00eb majt\u00ebs progresive.<br \/>\nE fundit, por jo m\u00eb pak e r\u00ebnd\u00ebsishmja Fatos Nano ishte i vetmi nga politikan\u00ebt e tranzicionit q\u00eb ka dh\u00ebn\u00eb dor\u00ebheqjen nga politika p\u00ebr t\u00eb mos u kthyer m\u00eb, pas humbjes s\u00eb zgjedhjeve n\u00eb 2005.<\/p>\n","protected":false},"excerpt":{"rendered":"<p>Ish-kryeministri i Shqip\u00ebris\u00eb, Fatos Nano \u00ebsht\u00eb ndar\u00eb sot nga jeta n\u00eb mosh\u00ebn 73 vje\u00e7are. Prej disa koh\u00ebsh ai ndodhej n\u00eb reanimacion n\u00eb nj\u00eb prej spitale private t\u00eb vendit ku po mbahej n\u00ebn kujdesin e mjek\u00ebve, teksa gjendja sh\u00ebndet\u00ebsore u r\u00ebndua gjat\u00eb dit\u00ebve t\u00eb fundit. Nano ka p\u00ebsuar nj\u00eb arrest kardiak, nd\u00ebrkoh\u00eb q\u00eb m\u00eb her\u00ebt \u00ebsht\u00eb [&hellip;]<\/p>\n","protected":false},"author":8,"featured_media":23159,"comment_status":"closed","ping_status":"closed","sticky":false,"template":"","format":"standard","meta":{"footnotes":""},"categories":[213,216],"tags":[],"class_list":["post-23158","post","type-post","status-publish","format-standard","has-post-thumbnail","hentry","category-lajme","category-shqiperi"],"yoast_head":"<!-- This site is optimized with the Yoast SEO plugin v25.1 - https:\/\/yoast.com\/wordpress\/plugins\/seo\/ -->\n<title>Ndahet nga jeta Fatos Nano, ish-Kryeministri liberal i socialist\u00ebve dhe nj\u00eb prej figurave politike q\u00eb ka sh\u00ebnjuar 35 vitet postkomuniste - press7.tv<\/title>\n<meta name=\"robots\" content=\"index, follow, max-snippet:-1, max-image-preview:large, max-video-preview:-1\" \/>\n<link rel=\"canonical\" href=\"https:\/\/www.press7.tv\/?p=23158\" \/>\n<meta property=\"og:locale\" content=\"en_US\" \/>\n<meta property=\"og:type\" content=\"article\" \/>\n<meta property=\"og:title\" content=\"Ndahet nga jeta Fatos Nano, ish-Kryeministri liberal i socialist\u00ebve dhe nj\u00eb prej figurave politike q\u00eb ka sh\u00ebnjuar 35 vitet postkomuniste - press7.tv\" \/>\n<meta property=\"og:description\" content=\"Ish-kryeministri i Shqip\u00ebris\u00eb, Fatos Nano \u00ebsht\u00eb ndar\u00eb sot nga jeta n\u00eb mosh\u00ebn 73 vje\u00e7are. Prej disa koh\u00ebsh ai ndodhej n\u00eb reanimacion n\u00eb nj\u00eb prej spitale private t\u00eb vendit ku po mbahej n\u00ebn kujdesin e mjek\u00ebve, teksa gjendja sh\u00ebndet\u00ebsore u r\u00ebndua gjat\u00eb dit\u00ebve t\u00eb fundit. Nano ka p\u00ebsuar nj\u00eb arrest kardiak, nd\u00ebrkoh\u00eb q\u00eb m\u00eb her\u00ebt \u00ebsht\u00eb [&hellip;]\" \/>\n<meta property=\"og:url\" content=\"https:\/\/www.press7.tv\/?p=23158\" \/>\n<meta property=\"og:site_name\" content=\"press7.tv\" \/>\n<meta property=\"article:publisher\" content=\"https:\/\/www.facebook.com\/press7.tv\" \/>\n<meta property=\"article:published_time\" content=\"2025-10-31T14:32:33+00:00\" \/>\n<meta property=\"og:image\" content=\"https:\/\/www.press7.tv\/wp-content\/uploads\/2025\/10\/IMG_0545.avif\" \/>\n\t<meta property=\"og:image:width\" content=\"1280\" \/>\n\t<meta property=\"og:image:height\" content=\"720\" \/>\n\t<meta property=\"og:image:type\" content=\"image\/jpeg\" \/>\n<meta name=\"author\" content=\"gazetar2\" \/>\n<meta name=\"twitter:card\" content=\"summary_large_image\" \/>\n<meta name=\"twitter:label1\" content=\"Written by\" \/>\n\t<meta name=\"twitter:data1\" content=\"gazetar2\" \/>\n\t<meta name=\"twitter:label2\" content=\"Est. reading time\" \/>\n\t<meta name=\"twitter:data2\" content=\"1 minute\" \/>\n<script type=\"application\/ld+json\" class=\"yoast-schema-graph\">{\"@context\":\"https:\/\/schema.org\",\"@graph\":[{\"@type\":\"Article\",\"@id\":\"https:\/\/www.press7.tv\/?p=23158#article\",\"isPartOf\":{\"@id\":\"https:\/\/www.press7.tv\/?p=23158\"},\"author\":{\"name\":\"gazetar2\",\"@id\":\"https:\/\/www.news33.tv\/#\/schema\/person\/5a04a38a23ccdba82f9bd665cd8f9efa\"},\"headline\":\"Ndahet nga jeta Fatos Nano, ish-Kryeministri liberal i socialist\u00ebve dhe nj\u00eb prej figurave politike q\u00eb ka sh\u00ebnjuar 35 vitet postkomuniste\",\"datePublished\":\"2025-10-31T14:32:33+00:00\",\"mainEntityOfPage\":{\"@id\":\"https:\/\/www.press7.tv\/?p=23158\"},\"wordCount\":777,\"publisher\":{\"@id\":\"https:\/\/www.news33.tv\/#organization\"},\"image\":{\"@id\":\"https:\/\/www.press7.tv\/?p=23158#primaryimage\"},\"thumbnailUrl\":\"https:\/\/www.press7.tv\/wp-content\/uploads\/2025\/10\/IMG_0545.avif\",\"articleSection\":[\"Lajme\",\"Shqip\u00ebri\"],\"inLanguage\":\"en-US\"},{\"@type\":\"WebPage\",\"@id\":\"https:\/\/www.press7.tv\/?p=23158\",\"url\":\"https:\/\/www.press7.tv\/?p=23158\",\"name\":\"Ndahet nga jeta Fatos Nano, ish-Kryeministri liberal i socialist\u00ebve dhe nj\u00eb prej figurave politike q\u00eb ka sh\u00ebnjuar 35 vitet postkomuniste - press7.tv\",\"isPartOf\":{\"@id\":\"https:\/\/www.news33.tv\/#website\"},\"primaryImageOfPage\":{\"@id\":\"https:\/\/www.press7.tv\/?p=23158#primaryimage\"},\"image\":{\"@id\":\"https:\/\/www.press7.tv\/?p=23158#primaryimage\"},\"thumbnailUrl\":\"https:\/\/www.press7.tv\/wp-content\/uploads\/2025\/10\/IMG_0545.avif\",\"datePublished\":\"2025-10-31T14:32:33+00:00\",\"breadcrumb\":{\"@id\":\"https:\/\/www.press7.tv\/?p=23158#breadcrumb\"},\"inLanguage\":\"en-US\",\"potentialAction\":[{\"@type\":\"ReadAction\",\"target\":[\"https:\/\/www.press7.tv\/?p=23158\"]}]},{\"@type\":\"ImageObject\",\"inLanguage\":\"en-US\",\"@id\":\"https:\/\/www.press7.tv\/?p=23158#primaryimage\",\"url\":\"https:\/\/www.press7.tv\/wp-content\/uploads\/2025\/10\/IMG_0545.avif\",\"contentUrl\":\"https:\/\/www.press7.tv\/wp-content\/uploads\/2025\/10\/IMG_0545.avif\",\"width\":1280,\"height\":720},{\"@type\":\"BreadcrumbList\",\"@id\":\"https:\/\/www.press7.tv\/?p=23158#breadcrumb\",\"itemListElement\":[{\"@type\":\"ListItem\",\"position\":1,\"name\":\"Home\",\"item\":\"https:\/\/www.press7.tv\/\"},{\"@type\":\"ListItem\",\"position\":2,\"name\":\"Ndahet nga jeta Fatos Nano, ish-Kryeministri liberal i socialist\u00ebve dhe nj\u00eb prej figurave politike q\u00eb ka sh\u00ebnjuar 35 vitet postkomuniste\"}]},{\"@type\":\"WebSite\",\"@id\":\"https:\/\/www.news33.tv\/#website\",\"url\":\"https:\/\/www.news33.tv\/\",\"name\":\"News33.tv Media\",\"description\":\"Media\",\"publisher\":{\"@id\":\"https:\/\/www.news33.tv\/#organization\"},\"potentialAction\":[{\"@type\":\"SearchAction\",\"target\":{\"@type\":\"EntryPoint\",\"urlTemplate\":\"https:\/\/www.news33.tv\/?s={search_term_string}\"},\"query-input\":{\"@type\":\"PropertyValueSpecification\",\"valueRequired\":true,\"valueName\":\"search_term_string\"}}],\"inLanguage\":\"en-US\"},{\"@type\":\"Organization\",\"@id\":\"https:\/\/www.news33.tv\/#organization\",\"name\":\"News33.tv Media\",\"url\":\"https:\/\/www.news33.tv\/\",\"logo\":{\"@type\":\"ImageObject\",\"inLanguage\":\"en-US\",\"@id\":\"https:\/\/www.news33.tv\/#\/schema\/logo\/image\/\",\"url\":\"https:\/\/www.press7.tv\/wp-content\/uploads\/2024\/02\/logo-news33-black.png\",\"contentUrl\":\"https:\/\/www.press7.tv\/wp-content\/uploads\/2024\/02\/logo-news33-black.png\",\"width\":180,\"height\":37,\"caption\":\"News33.tv Media\"},\"image\":{\"@id\":\"https:\/\/www.news33.tv\/#\/schema\/logo\/image\/\"},\"sameAs\":[\"https:\/\/www.facebook.com\/press7.tv\"]},{\"@type\":\"Person\",\"@id\":\"https:\/\/www.news33.tv\/#\/schema\/person\/5a04a38a23ccdba82f9bd665cd8f9efa\",\"name\":\"gazetar2\",\"image\":{\"@type\":\"ImageObject\",\"inLanguage\":\"en-US\",\"@id\":\"https:\/\/www.news33.tv\/#\/schema\/person\/image\/\",\"url\":\"https:\/\/www.press7.tv\/wp-content\/litespeed\/avatar\/41975e402c3049d9ddb03adca8f7a883.jpg?ver=1777169572\",\"contentUrl\":\"https:\/\/www.press7.tv\/wp-content\/litespeed\/avatar\/41975e402c3049d9ddb03adca8f7a883.jpg?ver=1777169572\",\"caption\":\"gazetar2\"},\"url\":\"https:\/\/www.press7.tv\/?author=8\"}]}<\/script>\n<!-- \/ Yoast SEO plugin. -->","yoast_head_json":{"title":"Ndahet nga jeta Fatos Nano, ish-Kryeministri liberal i socialist\u00ebve dhe nj\u00eb prej figurave politike q\u00eb ka sh\u00ebnjuar 35 vitet postkomuniste - press7.tv","robots":{"index":"index","follow":"follow","max-snippet":"max-snippet:-1","max-image-preview":"max-image-preview:large","max-video-preview":"max-video-preview:-1"},"canonical":"https:\/\/www.press7.tv\/?p=23158","og_locale":"en_US","og_type":"article","og_title":"Ndahet nga jeta Fatos Nano, ish-Kryeministri liberal i socialist\u00ebve dhe nj\u00eb prej figurave politike q\u00eb ka sh\u00ebnjuar 35 vitet postkomuniste - press7.tv","og_description":"Ish-kryeministri i Shqip\u00ebris\u00eb, Fatos Nano \u00ebsht\u00eb ndar\u00eb sot nga jeta n\u00eb mosh\u00ebn 73 vje\u00e7are. Prej disa koh\u00ebsh ai ndodhej n\u00eb reanimacion n\u00eb nj\u00eb prej spitale private t\u00eb vendit ku po mbahej n\u00ebn kujdesin e mjek\u00ebve, teksa gjendja sh\u00ebndet\u00ebsore u r\u00ebndua gjat\u00eb dit\u00ebve t\u00eb fundit. Nano ka p\u00ebsuar nj\u00eb arrest kardiak, nd\u00ebrkoh\u00eb q\u00eb m\u00eb her\u00ebt \u00ebsht\u00eb [&hellip;]","og_url":"https:\/\/www.press7.tv\/?p=23158","og_site_name":"press7.tv","article_publisher":"https:\/\/www.facebook.com\/press7.tv","article_published_time":"2025-10-31T14:32:33+00:00","og_image":[{"width":1280,"height":720,"url":"https:\/\/www.press7.tv\/wp-content\/uploads\/2025\/10\/IMG_0545.avif","type":"image\/jpeg"}],"author":"gazetar2","twitter_card":"summary_large_image","twitter_misc":{"Written by":"gazetar2","Est. reading time":"1 minute"},"schema":{"@context":"https:\/\/schema.org","@graph":[{"@type":"Article","@id":"https:\/\/www.press7.tv\/?p=23158#article","isPartOf":{"@id":"https:\/\/www.press7.tv\/?p=23158"},"author":{"name":"gazetar2","@id":"https:\/\/www.news33.tv\/#\/schema\/person\/5a04a38a23ccdba82f9bd665cd8f9efa"},"headline":"Ndahet nga jeta Fatos Nano, ish-Kryeministri liberal i socialist\u00ebve dhe nj\u00eb prej figurave politike q\u00eb ka sh\u00ebnjuar 35 vitet postkomuniste","datePublished":"2025-10-31T14:32:33+00:00","mainEntityOfPage":{"@id":"https:\/\/www.press7.tv\/?p=23158"},"wordCount":777,"publisher":{"@id":"https:\/\/www.news33.tv\/#organization"},"image":{"@id":"https:\/\/www.press7.tv\/?p=23158#primaryimage"},"thumbnailUrl":"https:\/\/www.press7.tv\/wp-content\/uploads\/2025\/10\/IMG_0545.avif","articleSection":["Lajme","Shqip\u00ebri"],"inLanguage":"en-US"},{"@type":"WebPage","@id":"https:\/\/www.press7.tv\/?p=23158","url":"https:\/\/www.press7.tv\/?p=23158","name":"Ndahet nga jeta Fatos Nano, ish-Kryeministri liberal i socialist\u00ebve dhe nj\u00eb prej figurave politike q\u00eb ka sh\u00ebnjuar 35 vitet postkomuniste - press7.tv","isPartOf":{"@id":"https:\/\/www.news33.tv\/#website"},"primaryImageOfPage":{"@id":"https:\/\/www.press7.tv\/?p=23158#primaryimage"},"image":{"@id":"https:\/\/www.press7.tv\/?p=23158#primaryimage"},"thumbnailUrl":"https:\/\/www.press7.tv\/wp-content\/uploads\/2025\/10\/IMG_0545.avif","datePublished":"2025-10-31T14:32:33+00:00","breadcrumb":{"@id":"https:\/\/www.press7.tv\/?p=23158#breadcrumb"},"inLanguage":"en-US","potentialAction":[{"@type":"ReadAction","target":["https:\/\/www.press7.tv\/?p=23158"]}]},{"@type":"ImageObject","inLanguage":"en-US","@id":"https:\/\/www.press7.tv\/?p=23158#primaryimage","url":"https:\/\/www.press7.tv\/wp-content\/uploads\/2025\/10\/IMG_0545.avif","contentUrl":"https:\/\/www.press7.tv\/wp-content\/uploads\/2025\/10\/IMG_0545.avif","width":1280,"height":720},{"@type":"BreadcrumbList","@id":"https:\/\/www.press7.tv\/?p=23158#breadcrumb","itemListElement":[{"@type":"ListItem","position":1,"name":"Home","item":"https:\/\/www.press7.tv\/"},{"@type":"ListItem","position":2,"name":"Ndahet nga jeta Fatos Nano, ish-Kryeministri liberal i socialist\u00ebve dhe nj\u00eb prej figurave politike q\u00eb ka sh\u00ebnjuar 35 vitet postkomuniste"}]},{"@type":"WebSite","@id":"https:\/\/www.news33.tv\/#website","url":"https:\/\/www.news33.tv\/","name":"News33.tv Media","description":"Media","publisher":{"@id":"https:\/\/www.news33.tv\/#organization"},"potentialAction":[{"@type":"SearchAction","target":{"@type":"EntryPoint","urlTemplate":"https:\/\/www.news33.tv\/?s={search_term_string}"},"query-input":{"@type":"PropertyValueSpecification","valueRequired":true,"valueName":"search_term_string"}}],"inLanguage":"en-US"},{"@type":"Organization","@id":"https:\/\/www.news33.tv\/#organization","name":"News33.tv Media","url":"https:\/\/www.news33.tv\/","logo":{"@type":"ImageObject","inLanguage":"en-US","@id":"https:\/\/www.news33.tv\/#\/schema\/logo\/image\/","url":"https:\/\/www.press7.tv\/wp-content\/uploads\/2024\/02\/logo-news33-black.png","contentUrl":"https:\/\/www.press7.tv\/wp-content\/uploads\/2024\/02\/logo-news33-black.png","width":180,"height":37,"caption":"News33.tv Media"},"image":{"@id":"https:\/\/www.news33.tv\/#\/schema\/logo\/image\/"},"sameAs":["https:\/\/www.facebook.com\/press7.tv"]},{"@type":"Person","@id":"https:\/\/www.news33.tv\/#\/schema\/person\/5a04a38a23ccdba82f9bd665cd8f9efa","name":"gazetar2","image":{"@type":"ImageObject","inLanguage":"en-US","@id":"https:\/\/www.news33.tv\/#\/schema\/person\/image\/","url":"https:\/\/www.press7.tv\/wp-content\/litespeed\/avatar\/41975e402c3049d9ddb03adca8f7a883.jpg?ver=1777169572","contentUrl":"https:\/\/www.press7.tv\/wp-content\/litespeed\/avatar\/41975e402c3049d9ddb03adca8f7a883.jpg?ver=1777169572","caption":"gazetar2"},"url":"https:\/\/www.press7.tv\/?author=8"}]}},"amp_enabled":true,"_links":{"self":[{"href":"https:\/\/www.press7.tv\/index.php?rest_route=\/wp\/v2\/posts\/23158","targetHints":{"allow":["GET"]}}],"collection":[{"href":"https:\/\/www.press7.tv\/index.php?rest_route=\/wp\/v2\/posts"}],"about":[{"href":"https:\/\/www.press7.tv\/index.php?rest_route=\/wp\/v2\/types\/post"}],"author":[{"embeddable":true,"href":"https:\/\/www.press7.tv\/index.php?rest_route=\/wp\/v2\/users\/8"}],"replies":[{"embeddable":true,"href":"https:\/\/www.press7.tv\/index.php?rest_route=%2Fwp%2Fv2%2Fcomments&post=23158"}],"version-history":[{"count":1,"href":"https:\/\/www.press7.tv\/index.php?rest_route=\/wp\/v2\/posts\/23158\/revisions"}],"predecessor-version":[{"id":23160,"href":"https:\/\/www.press7.tv\/index.php?rest_route=\/wp\/v2\/posts\/23158\/revisions\/23160"}],"wp:featuredmedia":[{"embeddable":true,"href":"https:\/\/www.press7.tv\/index.php?rest_route=\/wp\/v2\/media\/23159"}],"wp:attachment":[{"href":"https:\/\/www.press7.tv\/index.php?rest_route=%2Fwp%2Fv2%2Fmedia&parent=23158"}],"wp:term":[{"taxonomy":"category","embeddable":true,"href":"https:\/\/www.press7.tv\/index.php?rest_route=%2Fwp%2Fv2%2Fcategories&post=23158"},{"taxonomy":"post_tag","embeddable":true,"href":"https:\/\/www.press7.tv\/index.php?rest_route=%2Fwp%2Fv2%2Ftags&post=23158"}],"curies":[{"name":"wp","href":"https:\/\/api.w.org\/{rel}","templated":true}]}}