{"id":23146,"date":"2025-10-30T17:50:40","date_gmt":"2025-10-30T17:50:40","guid":{"rendered":"https:\/\/www.press7.tv\/?p=23146"},"modified":"2025-10-30T17:50:40","modified_gmt":"2025-10-30T17:50:40","slug":"haxhiu-buxheti-nuk-eshte-as-i-albin-kurtit-e-as-i-lvv-se-opozita-ta-lere-inatin","status":"publish","type":"post","link":"https:\/\/www.press7.tv\/?p=23146","title":{"rendered":"Haxhiu: Buxheti nuk \u00ebsht\u00eb as i Albin Kurtit e as i LVV-s\u00eb, opozita ta l\u00ebr\u00eb inatin"},"content":{"rendered":"\n    <div class=\"xs_social_share_widget xs_share_url before_content \t\tmain_content  wslu-style-2 wslu-share-box-shaped wslu-fill-colored wslu-share-m-5 wslu-none wslu-share-vertical wslu-theme-font-no wslu-main_content\">\n\n\t\t\n        <ul>\n\t\t\t        <\/ul>\n    <\/div> \n<p>N\u00ebnkryetarja e Kuvendit t\u00eb Kosov\u00ebs nga LVV-ja, Albulena Haxhiu, pas mbledhjes s\u00eb Kryesis\u00eb, ka deklaruar se n\u00eb mbledhje ka par\u00eb qasje destruktive e kapri\u00e7o politike. Haxhiu ka theksuar se do t\u00eb duhej t\u00eb ishin t\u00eb gjith\u00eb t\u00eb unifikuar meqen\u00ebse, si\u00e7 ka th\u00ebn\u00eb, nuk ka pasur nj\u00eb situat\u00eb t\u00eb till\u00eb n\u00eb t\u00eb kaluar\u00ebn.<\/p>\n<p>Ajo ka k\u00ebrkuar q\u00eb opozita ta l\u00ebr\u00eb inatin sepse si\u00e7 tha \u2013 buxheti nuk \u00ebsht\u00eb as i Albin Kurtit e as i LVV-s\u00eb.<\/p>\n<p>\u201cBuxheti mund t\u00eb shfryt\u00ebzohet deri n\u00eb shkurt t\u00eb vitit t\u00eb ardhsh\u00ebm. N\u00ebse ne do t\u00eb kemi zgjedhje t\u00eb reja edhe n\u00eb vitin tjet\u00ebr, nuk do t\u00eb kemi buxhet as p\u00ebr zgjedhjet e reja t\u00eb jasht\u00ebzakonshme, n\u00eb rast se do s\u2019do t\u00eb biem dakord p\u00ebr emrin e presidentit\/presidentes. N\u00eb vend t\u00eb p\u00ebrplasjes politike, un\u00eb sot pash\u00eb kapri\u00e7o politike, qasje destruktive. N\u00eb vend se t\u00eb ishin t\u00eb gjith\u00eb t\u00eb unifikuar, pasi nuk kemi pasur nj\u00eb situat\u00eb t\u00eb cil\u00ebn mund ta marrim si shembull nga e kaluara, pasi nuk kemi pasur nj\u00eb situat\u00eb t\u00eb nj\u00ebjt\u00eb n\u00eb t\u00eb kaluar\u00ebn, t\u00eb pakt\u00ebn sot \u00ebsht\u00eb dashur t\u00eb ket\u00eb vullnet t\u00eb d\u00ebshmuar politik p\u00ebr t\u2019i tejkaluar bashk\u00ebrisht k\u00ebto \u00e7\u00ebshtje. Ky nuk \u00ebsht\u00eb buxhet as i Albin Kurtit, e as i L\u00ebvizjes Vet\u00ebvendosje, n\u00ebse kan\u00eb inate me ta un\u00eb sot i ftoj t\u00eb reflektojn\u00eb e t\u00eb heqin dor\u00eb nga k\u00ebto inate sepse ky \u00ebsht\u00eb buxhet p\u00ebr qytetar\u00ebt\u201d, ka deklaruar Haxhiu.<\/p>\n","protected":false},"excerpt":{"rendered":"<p>N\u00ebnkryetarja e Kuvendit t\u00eb Kosov\u00ebs nga LVV-ja, Albulena Haxhiu, pas mbledhjes s\u00eb Kryesis\u00eb, ka deklaruar se n\u00eb mbledhje ka par\u00eb qasje destruktive e kapri\u00e7o politike. Haxhiu ka theksuar se do t\u00eb duhej t\u00eb ishin t\u00eb gjith\u00eb t\u00eb unifikuar meqen\u00ebse, si\u00e7 ka th\u00ebn\u00eb, nuk ka pasur nj\u00eb situat\u00eb t\u00eb till\u00eb n\u00eb t\u00eb kaluar\u00ebn. Ajo ka k\u00ebrkuar [&hellip;]<\/p>\n","protected":false},"author":8,"featured_media":23147,"comment_status":"closed","ping_status":"closed","sticky":false,"template":"","format":"standard","meta":{"footnotes":""},"categories":[215,213],"tags":[],"class_list":["post-23146","post","type-post","status-publish","format-standard","has-post-thumbnail","hentry","category-kosove","category-lajme"],"yoast_head":"<!-- This site is optimized with the Yoast SEO plugin v25.1 - https:\/\/yoast.com\/wordpress\/plugins\/seo\/ -->\n<title>Haxhiu: Buxheti nuk \u00ebsht\u00eb as i Albin Kurtit e as i LVV-s\u00eb, opozita ta l\u00ebr\u00eb inatin - press7.tv<\/title>\n<meta name=\"robots\" content=\"index, follow, max-snippet:-1, max-image-preview:large, max-video-preview:-1\" \/>\n<link rel=\"canonical\" href=\"https:\/\/www.press7.tv\/?p=23146\" \/>\n<meta property=\"og:locale\" content=\"en_US\" \/>\n<meta property=\"og:type\" content=\"article\" \/>\n<meta property=\"og:title\" content=\"Haxhiu: Buxheti nuk \u00ebsht\u00eb as i Albin Kurtit e as i LVV-s\u00eb, opozita ta l\u00ebr\u00eb inatin - press7.tv\" \/>\n<meta property=\"og:description\" content=\"N\u00ebnkryetarja e Kuvendit t\u00eb Kosov\u00ebs nga LVV-ja, Albulena Haxhiu, pas mbledhjes s\u00eb Kryesis\u00eb, ka deklaruar se n\u00eb mbledhje ka par\u00eb qasje destruktive e kapri\u00e7o politike. Haxhiu ka theksuar se do t\u00eb duhej t\u00eb ishin t\u00eb gjith\u00eb t\u00eb unifikuar meqen\u00ebse, si\u00e7 ka th\u00ebn\u00eb, nuk ka pasur nj\u00eb situat\u00eb t\u00eb till\u00eb n\u00eb t\u00eb kaluar\u00ebn. Ajo ka k\u00ebrkuar [&hellip;]\" \/>\n<meta property=\"og:url\" content=\"https:\/\/www.press7.tv\/?p=23146\" \/>\n<meta property=\"og:site_name\" content=\"press7.tv\" \/>\n<meta property=\"article:publisher\" content=\"https:\/\/www.facebook.com\/press7.tv\" \/>\n<meta property=\"article:published_time\" content=\"2025-10-30T17:50:40+00:00\" \/>\n<meta property=\"og:image\" content=\"https:\/\/www.press7.tv\/wp-content\/uploads\/2025\/10\/IMG_0530.avif\" \/>\n\t<meta property=\"og:image:width\" content=\"1360\" \/>\n\t<meta property=\"og:image:height\" content=\"870\" \/>\n\t<meta property=\"og:image:type\" content=\"image\/webp\" \/>\n<meta name=\"author\" content=\"gazetar2\" \/>\n<meta name=\"twitter:card\" content=\"summary_large_image\" \/>\n<meta name=\"twitter:label1\" content=\"Written by\" \/>\n\t<meta name=\"twitter:data1\" content=\"gazetar2\" \/>\n\t<meta name=\"twitter:label2\" content=\"Est. reading time\" \/>\n\t<meta name=\"twitter:data2\" content=\"1 minute\" \/>\n<script type=\"application\/ld+json\" class=\"yoast-schema-graph\">{\"@context\":\"https:\/\/schema.org\",\"@graph\":[{\"@type\":\"Article\",\"@id\":\"https:\/\/www.press7.tv\/?p=23146#article\",\"isPartOf\":{\"@id\":\"https:\/\/www.press7.tv\/?p=23146\"},\"author\":{\"name\":\"gazetar2\",\"@id\":\"https:\/\/www.news33.tv\/#\/schema\/person\/5a04a38a23ccdba82f9bd665cd8f9efa\"},\"headline\":\"Haxhiu: Buxheti nuk \u00ebsht\u00eb as i Albin Kurtit e as i LVV-s\u00eb, opozita ta l\u00ebr\u00eb inatin\",\"datePublished\":\"2025-10-30T17:50:40+00:00\",\"mainEntityOfPage\":{\"@id\":\"https:\/\/www.press7.tv\/?p=23146\"},\"wordCount\":277,\"publisher\":{\"@id\":\"https:\/\/www.news33.tv\/#organization\"},\"image\":{\"@id\":\"https:\/\/www.press7.tv\/?p=23146#primaryimage\"},\"thumbnailUrl\":\"https:\/\/www.press7.tv\/wp-content\/uploads\/2025\/10\/IMG_0530.avif\",\"articleSection\":[\"Kosov\u00eb\",\"Lajme\"],\"inLanguage\":\"en-US\"},{\"@type\":\"WebPage\",\"@id\":\"https:\/\/www.press7.tv\/?p=23146\",\"url\":\"https:\/\/www.press7.tv\/?p=23146\",\"name\":\"Haxhiu: Buxheti nuk \u00ebsht\u00eb as i Albin Kurtit e as i LVV-s\u00eb, opozita ta l\u00ebr\u00eb inatin - press7.tv\",\"isPartOf\":{\"@id\":\"https:\/\/www.news33.tv\/#website\"},\"primaryImageOfPage\":{\"@id\":\"https:\/\/www.press7.tv\/?p=23146#primaryimage\"},\"image\":{\"@id\":\"https:\/\/www.press7.tv\/?p=23146#primaryimage\"},\"thumbnailUrl\":\"https:\/\/www.press7.tv\/wp-content\/uploads\/2025\/10\/IMG_0530.avif\",\"datePublished\":\"2025-10-30T17:50:40+00:00\",\"breadcrumb\":{\"@id\":\"https:\/\/www.press7.tv\/?p=23146#breadcrumb\"},\"inLanguage\":\"en-US\",\"potentialAction\":[{\"@type\":\"ReadAction\",\"target\":[\"https:\/\/www.press7.tv\/?p=23146\"]}]},{\"@type\":\"ImageObject\",\"inLanguage\":\"en-US\",\"@id\":\"https:\/\/www.press7.tv\/?p=23146#primaryimage\",\"url\":\"https:\/\/www.press7.tv\/wp-content\/uploads\/2025\/10\/IMG_0530.avif\",\"contentUrl\":\"https:\/\/www.press7.tv\/wp-content\/uploads\/2025\/10\/IMG_0530.avif\",\"width\":1360,\"height\":870},{\"@type\":\"BreadcrumbList\",\"@id\":\"https:\/\/www.press7.tv\/?p=23146#breadcrumb\",\"itemListElement\":[{\"@type\":\"ListItem\",\"position\":1,\"name\":\"Home\",\"item\":\"https:\/\/www.press7.tv\/\"},{\"@type\":\"ListItem\",\"position\":2,\"name\":\"Haxhiu: Buxheti nuk \u00ebsht\u00eb as i Albin Kurtit e as i LVV-s\u00eb, opozita ta l\u00ebr\u00eb inatin\"}]},{\"@type\":\"WebSite\",\"@id\":\"https:\/\/www.news33.tv\/#website\",\"url\":\"https:\/\/www.news33.tv\/\",\"name\":\"News33.tv Media\",\"description\":\"Media\",\"publisher\":{\"@id\":\"https:\/\/www.news33.tv\/#organization\"},\"potentialAction\":[{\"@type\":\"SearchAction\",\"target\":{\"@type\":\"EntryPoint\",\"urlTemplate\":\"https:\/\/www.news33.tv\/?s={search_term_string}\"},\"query-input\":{\"@type\":\"PropertyValueSpecification\",\"valueRequired\":true,\"valueName\":\"search_term_string\"}}],\"inLanguage\":\"en-US\"},{\"@type\":\"Organization\",\"@id\":\"https:\/\/www.news33.tv\/#organization\",\"name\":\"News33.tv Media\",\"url\":\"https:\/\/www.news33.tv\/\",\"logo\":{\"@type\":\"ImageObject\",\"inLanguage\":\"en-US\",\"@id\":\"https:\/\/www.news33.tv\/#\/schema\/logo\/image\/\",\"url\":\"https:\/\/www.press7.tv\/wp-content\/uploads\/2024\/02\/logo-news33-black.png\",\"contentUrl\":\"https:\/\/www.press7.tv\/wp-content\/uploads\/2024\/02\/logo-news33-black.png\",\"width\":180,\"height\":37,\"caption\":\"News33.tv Media\"},\"image\":{\"@id\":\"https:\/\/www.news33.tv\/#\/schema\/logo\/image\/\"},\"sameAs\":[\"https:\/\/www.facebook.com\/press7.tv\"]},{\"@type\":\"Person\",\"@id\":\"https:\/\/www.news33.tv\/#\/schema\/person\/5a04a38a23ccdba82f9bd665cd8f9efa\",\"name\":\"gazetar2\",\"image\":{\"@type\":\"ImageObject\",\"inLanguage\":\"en-US\",\"@id\":\"https:\/\/www.news33.tv\/#\/schema\/person\/image\/\",\"url\":\"https:\/\/www.press7.tv\/wp-content\/litespeed\/avatar\/41975e402c3049d9ddb03adca8f7a883.jpg?ver=1777169572\",\"contentUrl\":\"https:\/\/www.press7.tv\/wp-content\/litespeed\/avatar\/41975e402c3049d9ddb03adca8f7a883.jpg?ver=1777169572\",\"caption\":\"gazetar2\"},\"url\":\"https:\/\/www.press7.tv\/?author=8\"}]}<\/script>\n<!-- \/ Yoast SEO plugin. -->","yoast_head_json":{"title":"Haxhiu: Buxheti nuk \u00ebsht\u00eb as i Albin Kurtit e as i LVV-s\u00eb, opozita ta l\u00ebr\u00eb inatin - press7.tv","robots":{"index":"index","follow":"follow","max-snippet":"max-snippet:-1","max-image-preview":"max-image-preview:large","max-video-preview":"max-video-preview:-1"},"canonical":"https:\/\/www.press7.tv\/?p=23146","og_locale":"en_US","og_type":"article","og_title":"Haxhiu: Buxheti nuk \u00ebsht\u00eb as i Albin Kurtit e as i LVV-s\u00eb, opozita ta l\u00ebr\u00eb inatin - press7.tv","og_description":"N\u00ebnkryetarja e Kuvendit t\u00eb Kosov\u00ebs nga LVV-ja, Albulena Haxhiu, pas mbledhjes s\u00eb Kryesis\u00eb, ka deklaruar se n\u00eb mbledhje ka par\u00eb qasje destruktive e kapri\u00e7o politike. Haxhiu ka theksuar se do t\u00eb duhej t\u00eb ishin t\u00eb gjith\u00eb t\u00eb unifikuar meqen\u00ebse, si\u00e7 ka th\u00ebn\u00eb, nuk ka pasur nj\u00eb situat\u00eb t\u00eb till\u00eb n\u00eb t\u00eb kaluar\u00ebn. Ajo ka k\u00ebrkuar [&hellip;]","og_url":"https:\/\/www.press7.tv\/?p=23146","og_site_name":"press7.tv","article_publisher":"https:\/\/www.facebook.com\/press7.tv","article_published_time":"2025-10-30T17:50:40+00:00","og_image":[{"width":1360,"height":870,"url":"https:\/\/www.press7.tv\/wp-content\/uploads\/2025\/10\/IMG_0530.avif","type":"image\/webp"}],"author":"gazetar2","twitter_card":"summary_large_image","twitter_misc":{"Written by":"gazetar2","Est. reading time":"1 minute"},"schema":{"@context":"https:\/\/schema.org","@graph":[{"@type":"Article","@id":"https:\/\/www.press7.tv\/?p=23146#article","isPartOf":{"@id":"https:\/\/www.press7.tv\/?p=23146"},"author":{"name":"gazetar2","@id":"https:\/\/www.news33.tv\/#\/schema\/person\/5a04a38a23ccdba82f9bd665cd8f9efa"},"headline":"Haxhiu: Buxheti nuk \u00ebsht\u00eb as i Albin Kurtit e as i LVV-s\u00eb, opozita ta l\u00ebr\u00eb inatin","datePublished":"2025-10-30T17:50:40+00:00","mainEntityOfPage":{"@id":"https:\/\/www.press7.tv\/?p=23146"},"wordCount":277,"publisher":{"@id":"https:\/\/www.news33.tv\/#organization"},"image":{"@id":"https:\/\/www.press7.tv\/?p=23146#primaryimage"},"thumbnailUrl":"https:\/\/www.press7.tv\/wp-content\/uploads\/2025\/10\/IMG_0530.avif","articleSection":["Kosov\u00eb","Lajme"],"inLanguage":"en-US"},{"@type":"WebPage","@id":"https:\/\/www.press7.tv\/?p=23146","url":"https:\/\/www.press7.tv\/?p=23146","name":"Haxhiu: Buxheti nuk \u00ebsht\u00eb as i Albin Kurtit e as i LVV-s\u00eb, opozita ta l\u00ebr\u00eb inatin - press7.tv","isPartOf":{"@id":"https:\/\/www.news33.tv\/#website"},"primaryImageOfPage":{"@id":"https:\/\/www.press7.tv\/?p=23146#primaryimage"},"image":{"@id":"https:\/\/www.press7.tv\/?p=23146#primaryimage"},"thumbnailUrl":"https:\/\/www.press7.tv\/wp-content\/uploads\/2025\/10\/IMG_0530.avif","datePublished":"2025-10-30T17:50:40+00:00","breadcrumb":{"@id":"https:\/\/www.press7.tv\/?p=23146#breadcrumb"},"inLanguage":"en-US","potentialAction":[{"@type":"ReadAction","target":["https:\/\/www.press7.tv\/?p=23146"]}]},{"@type":"ImageObject","inLanguage":"en-US","@id":"https:\/\/www.press7.tv\/?p=23146#primaryimage","url":"https:\/\/www.press7.tv\/wp-content\/uploads\/2025\/10\/IMG_0530.avif","contentUrl":"https:\/\/www.press7.tv\/wp-content\/uploads\/2025\/10\/IMG_0530.avif","width":1360,"height":870},{"@type":"BreadcrumbList","@id":"https:\/\/www.press7.tv\/?p=23146#breadcrumb","itemListElement":[{"@type":"ListItem","position":1,"name":"Home","item":"https:\/\/www.press7.tv\/"},{"@type":"ListItem","position":2,"name":"Haxhiu: Buxheti nuk \u00ebsht\u00eb as i Albin Kurtit e as i LVV-s\u00eb, opozita ta l\u00ebr\u00eb inatin"}]},{"@type":"WebSite","@id":"https:\/\/www.news33.tv\/#website","url":"https:\/\/www.news33.tv\/","name":"News33.tv Media","description":"Media","publisher":{"@id":"https:\/\/www.news33.tv\/#organization"},"potentialAction":[{"@type":"SearchAction","target":{"@type":"EntryPoint","urlTemplate":"https:\/\/www.news33.tv\/?s={search_term_string}"},"query-input":{"@type":"PropertyValueSpecification","valueRequired":true,"valueName":"search_term_string"}}],"inLanguage":"en-US"},{"@type":"Organization","@id":"https:\/\/www.news33.tv\/#organization","name":"News33.tv Media","url":"https:\/\/www.news33.tv\/","logo":{"@type":"ImageObject","inLanguage":"en-US","@id":"https:\/\/www.news33.tv\/#\/schema\/logo\/image\/","url":"https:\/\/www.press7.tv\/wp-content\/uploads\/2024\/02\/logo-news33-black.png","contentUrl":"https:\/\/www.press7.tv\/wp-content\/uploads\/2024\/02\/logo-news33-black.png","width":180,"height":37,"caption":"News33.tv Media"},"image":{"@id":"https:\/\/www.news33.tv\/#\/schema\/logo\/image\/"},"sameAs":["https:\/\/www.facebook.com\/press7.tv"]},{"@type":"Person","@id":"https:\/\/www.news33.tv\/#\/schema\/person\/5a04a38a23ccdba82f9bd665cd8f9efa","name":"gazetar2","image":{"@type":"ImageObject","inLanguage":"en-US","@id":"https:\/\/www.news33.tv\/#\/schema\/person\/image\/","url":"https:\/\/www.press7.tv\/wp-content\/litespeed\/avatar\/41975e402c3049d9ddb03adca8f7a883.jpg?ver=1777169572","contentUrl":"https:\/\/www.press7.tv\/wp-content\/litespeed\/avatar\/41975e402c3049d9ddb03adca8f7a883.jpg?ver=1777169572","caption":"gazetar2"},"url":"https:\/\/www.press7.tv\/?author=8"}]}},"amp_enabled":true,"_links":{"self":[{"href":"https:\/\/www.press7.tv\/index.php?rest_route=\/wp\/v2\/posts\/23146","targetHints":{"allow":["GET"]}}],"collection":[{"href":"https:\/\/www.press7.tv\/index.php?rest_route=\/wp\/v2\/posts"}],"about":[{"href":"https:\/\/www.press7.tv\/index.php?rest_route=\/wp\/v2\/types\/post"}],"author":[{"embeddable":true,"href":"https:\/\/www.press7.tv\/index.php?rest_route=\/wp\/v2\/users\/8"}],"replies":[{"embeddable":true,"href":"https:\/\/www.press7.tv\/index.php?rest_route=%2Fwp%2Fv2%2Fcomments&post=23146"}],"version-history":[{"count":1,"href":"https:\/\/www.press7.tv\/index.php?rest_route=\/wp\/v2\/posts\/23146\/revisions"}],"predecessor-version":[{"id":23148,"href":"https:\/\/www.press7.tv\/index.php?rest_route=\/wp\/v2\/posts\/23146\/revisions\/23148"}],"wp:featuredmedia":[{"embeddable":true,"href":"https:\/\/www.press7.tv\/index.php?rest_route=\/wp\/v2\/media\/23147"}],"wp:attachment":[{"href":"https:\/\/www.press7.tv\/index.php?rest_route=%2Fwp%2Fv2%2Fmedia&parent=23146"}],"wp:term":[{"taxonomy":"category","embeddable":true,"href":"https:\/\/www.press7.tv\/index.php?rest_route=%2Fwp%2Fv2%2Fcategories&post=23146"},{"taxonomy":"post_tag","embeddable":true,"href":"https:\/\/www.press7.tv\/index.php?rest_route=%2Fwp%2Fv2%2Ftags&post=23146"}],"curies":[{"name":"wp","href":"https:\/\/api.w.org\/{rel}","templated":true}]}}