{"id":23143,"date":"2025-10-30T17:46:48","date_gmt":"2025-10-30T17:46:48","guid":{"rendered":"https:\/\/www.press7.tv\/?p=23143"},"modified":"2025-10-30T17:46:48","modified_gmt":"2025-10-30T17:46:48","slug":"vuciqi-fajeson-turqine-per-njohjen-e-kosoves-nga-siria","status":"publish","type":"post","link":"https:\/\/www.press7.tv\/?p=23143","title":{"rendered":"Vu\u00e7iqi faj\u00ebson Turqin\u00eb p\u00ebr njohjen e Kosov\u00ebs nga Siria"},"content":{"rendered":"\n    <div class=\"xs_social_share_widget xs_share_url before_content \t\tmain_content  wslu-style-2 wslu-share-box-shaped wslu-fill-colored wslu-share-m-5 wslu-none wslu-share-vertical wslu-theme-font-no wslu-main_content\">\n\n\t\t\n        <ul>\n\t\t\t        <\/ul>\n    <\/div> \n<p>Presidenti i Serbis\u00eb, Aleksandar Vu\u00e7iq, ka deklaruar t\u00eb enjten se vendimi i Siris\u00eb p\u00ebr ta njohur pavar\u00ebsin\u00eb e Kosov\u00eb ka qen\u00eb i pritsh\u00ebm, duke pasur parasysh, sipas tij, q\u00eb n\u00eb Damask ka ardhur n\u00eb pushtet nj\u00eb qeveri n\u00ebn ndikimin e Turqis\u00eb.<\/p>\n<p>Vu\u00e7iq ka th\u00ebn\u00eb se ky vendim p\u00ebrmban \u201cvul\u00ebn turke\u201d dhe shtoi se tani \u00ebsht\u00eb e qart\u00eb sa ka vlejtur \u201cqasja liberale e Bashar al-Asadit\u201d sa ishte n\u00eb pushtet.<\/p>\n<p>Tani \u00ebsht\u00eb b\u00ebr\u00eb e qart\u00eb sa ka vlejtur p\u00ebr ne qasja liberale e Bashar al-Asadit kur ai ishte n\u00eb krye t\u00eb Siris\u00eb. \u00cbsht\u00eb po ashtu e qart\u00eb se kur dikush vjen n\u00eb pushtet n\u00ebn ndikimin e madh t\u00eb nj\u00ebrit prej shteteve kryesore t\u00eb rajonit, si\u00e7 \u00ebsht\u00eb Turqia, nuk \u00ebsht\u00eb e papritur q\u00eb t\u00eb ndodhin zhvillime t\u00eb tilla\u201d, ka th\u00ebn\u00eb Vu\u00e7iq.<\/p>\n<p>Tutje Vu\u00e7iqi ka th\u00ebn\u00eb se \u201cdo t\u00eb pres\u00eb pak\u201d teksa ka b\u00ebr\u00eb nj\u00eb paralajm\u00ebrim p\u00ebr 10 dit\u00ebt e ardhshme. <\/p>\n<p>\u201cN\u00eb 10 dit\u00ebt e ardhshme, edhe ne do t\u00eb kemi di\u00e7ka q\u00eb do t\u2019i b\u00ebj\u00eb t\u00eb lumtur. Kjo \u00ebsht\u00eb maraton\u00eb, jo gar\u00eb 50-met\u00ebrshe. Duke marr\u00eb n\u00eb konsiderat\u00eb se me k\u00eb jemi n\u00eb gar\u00eb, q\u00eb jan\u00eb m\u00eb t\u00eb fortit n\u00eb bot\u00eb, dhe q\u00eb duan ta vjedhin tok\u00ebn dhe territorin ton\u00eb, mir\u00eb po mbahemi\u201d, ka th\u00ebn\u00eb ai.<\/p>\n<p>Siria u b\u00eb shteti i 120-t\u00eb q\u00eb njohu pavar\u00ebsin\u00eb e Kosov\u00ebs gjat\u00eb dit\u00ebs s\u00eb djeshme. Ministri i Jasht\u00ebm i Siris\u00eb, Asaad Hassan Al-Shaibani, ia atribuoi meritat Turqis\u00eb p\u00ebr k\u00ebt\u00eb njohje.<\/p>\n","protected":false},"excerpt":{"rendered":"<p>Presidenti i Serbis\u00eb, Aleksandar Vu\u00e7iq, ka deklaruar t\u00eb enjten se vendimi i Siris\u00eb p\u00ebr ta njohur pavar\u00ebsin\u00eb e Kosov\u00eb ka qen\u00eb i pritsh\u00ebm, duke pasur parasysh, sipas tij, q\u00eb n\u00eb Damask ka ardhur n\u00eb pushtet nj\u00eb qeveri n\u00ebn ndikimin e Turqis\u00eb. Vu\u00e7iq ka th\u00ebn\u00eb se ky vendim p\u00ebrmban \u201cvul\u00ebn turke\u201d dhe shtoi se tani \u00ebsht\u00eb [&hellip;]<\/p>\n","protected":false},"author":8,"featured_media":23144,"comment_status":"closed","ping_status":"closed","sticky":false,"template":"","format":"standard","meta":{"footnotes":""},"categories":[213,219],"tags":[],"class_list":["post-23143","post","type-post","status-publish","format-standard","has-post-thumbnail","hentry","category-lajme","category-rajon"],"yoast_head":"<!-- This site is optimized with the Yoast SEO plugin v25.1 - https:\/\/yoast.com\/wordpress\/plugins\/seo\/ -->\n<title>Vu\u00e7iqi faj\u00ebson Turqin\u00eb p\u00ebr njohjen e Kosov\u00ebs nga Siria - press7.tv<\/title>\n<meta name=\"robots\" content=\"index, follow, max-snippet:-1, max-image-preview:large, max-video-preview:-1\" \/>\n<link rel=\"canonical\" href=\"https:\/\/www.press7.tv\/?p=23143\" \/>\n<meta property=\"og:locale\" content=\"en_US\" \/>\n<meta property=\"og:type\" content=\"article\" \/>\n<meta property=\"og:title\" content=\"Vu\u00e7iqi faj\u00ebson Turqin\u00eb p\u00ebr njohjen e Kosov\u00ebs nga Siria - press7.tv\" \/>\n<meta property=\"og:description\" content=\"Presidenti i Serbis\u00eb, Aleksandar Vu\u00e7iq, ka deklaruar t\u00eb enjten se vendimi i Siris\u00eb p\u00ebr ta njohur pavar\u00ebsin\u00eb e Kosov\u00eb ka qen\u00eb i pritsh\u00ebm, duke pasur parasysh, sipas tij, q\u00eb n\u00eb Damask ka ardhur n\u00eb pushtet nj\u00eb qeveri n\u00ebn ndikimin e Turqis\u00eb. Vu\u00e7iq ka th\u00ebn\u00eb se ky vendim p\u00ebrmban \u201cvul\u00ebn turke\u201d dhe shtoi se tani \u00ebsht\u00eb [&hellip;]\" \/>\n<meta property=\"og:url\" content=\"https:\/\/www.press7.tv\/?p=23143\" \/>\n<meta property=\"og:site_name\" content=\"press7.tv\" \/>\n<meta property=\"article:publisher\" content=\"https:\/\/www.facebook.com\/press7.tv\" \/>\n<meta property=\"article:published_time\" content=\"2025-10-30T17:46:48+00:00\" \/>\n<meta property=\"og:image\" content=\"https:\/\/www.press7.tv\/wp-content\/uploads\/2025\/10\/IMG_0528.avif\" \/>\n\t<meta property=\"og:image:width\" content=\"765\" \/>\n\t<meta property=\"og:image:height\" content=\"405\" \/>\n\t<meta property=\"og:image:type\" content=\"image\/webp\" \/>\n<meta name=\"author\" content=\"gazetar2\" \/>\n<meta name=\"twitter:card\" content=\"summary_large_image\" \/>\n<meta name=\"twitter:label1\" content=\"Written by\" \/>\n\t<meta name=\"twitter:data1\" content=\"gazetar2\" \/>\n\t<meta name=\"twitter:label2\" content=\"Est. reading time\" \/>\n\t<meta name=\"twitter:data2\" content=\"1 minute\" \/>\n<script type=\"application\/ld+json\" class=\"yoast-schema-graph\">{\"@context\":\"https:\/\/schema.org\",\"@graph\":[{\"@type\":\"Article\",\"@id\":\"https:\/\/www.press7.tv\/?p=23143#article\",\"isPartOf\":{\"@id\":\"https:\/\/www.press7.tv\/?p=23143\"},\"author\":{\"name\":\"gazetar2\",\"@id\":\"https:\/\/www.news33.tv\/#\/schema\/person\/5a04a38a23ccdba82f9bd665cd8f9efa\"},\"headline\":\"Vu\u00e7iqi faj\u00ebson Turqin\u00eb p\u00ebr njohjen e Kosov\u00ebs nga Siria\",\"datePublished\":\"2025-10-30T17:46:48+00:00\",\"mainEntityOfPage\":{\"@id\":\"https:\/\/www.press7.tv\/?p=23143\"},\"wordCount\":278,\"publisher\":{\"@id\":\"https:\/\/www.news33.tv\/#organization\"},\"image\":{\"@id\":\"https:\/\/www.press7.tv\/?p=23143#primaryimage\"},\"thumbnailUrl\":\"https:\/\/www.press7.tv\/wp-content\/uploads\/2025\/10\/IMG_0528.avif\",\"articleSection\":[\"Lajme\",\"Rajon\"],\"inLanguage\":\"en-US\"},{\"@type\":\"WebPage\",\"@id\":\"https:\/\/www.press7.tv\/?p=23143\",\"url\":\"https:\/\/www.press7.tv\/?p=23143\",\"name\":\"Vu\u00e7iqi faj\u00ebson Turqin\u00eb p\u00ebr njohjen e Kosov\u00ebs nga Siria - press7.tv\",\"isPartOf\":{\"@id\":\"https:\/\/www.news33.tv\/#website\"},\"primaryImageOfPage\":{\"@id\":\"https:\/\/www.press7.tv\/?p=23143#primaryimage\"},\"image\":{\"@id\":\"https:\/\/www.press7.tv\/?p=23143#primaryimage\"},\"thumbnailUrl\":\"https:\/\/www.press7.tv\/wp-content\/uploads\/2025\/10\/IMG_0528.avif\",\"datePublished\":\"2025-10-30T17:46:48+00:00\",\"breadcrumb\":{\"@id\":\"https:\/\/www.press7.tv\/?p=23143#breadcrumb\"},\"inLanguage\":\"en-US\",\"potentialAction\":[{\"@type\":\"ReadAction\",\"target\":[\"https:\/\/www.press7.tv\/?p=23143\"]}]},{\"@type\":\"ImageObject\",\"inLanguage\":\"en-US\",\"@id\":\"https:\/\/www.press7.tv\/?p=23143#primaryimage\",\"url\":\"https:\/\/www.press7.tv\/wp-content\/uploads\/2025\/10\/IMG_0528.avif\",\"contentUrl\":\"https:\/\/www.press7.tv\/wp-content\/uploads\/2025\/10\/IMG_0528.avif\",\"width\":765,\"height\":405},{\"@type\":\"BreadcrumbList\",\"@id\":\"https:\/\/www.press7.tv\/?p=23143#breadcrumb\",\"itemListElement\":[{\"@type\":\"ListItem\",\"position\":1,\"name\":\"Home\",\"item\":\"https:\/\/www.press7.tv\/\"},{\"@type\":\"ListItem\",\"position\":2,\"name\":\"Vu\u00e7iqi faj\u00ebson Turqin\u00eb p\u00ebr njohjen e Kosov\u00ebs nga Siria\"}]},{\"@type\":\"WebSite\",\"@id\":\"https:\/\/www.news33.tv\/#website\",\"url\":\"https:\/\/www.news33.tv\/\",\"name\":\"News33.tv Media\",\"description\":\"Media\",\"publisher\":{\"@id\":\"https:\/\/www.news33.tv\/#organization\"},\"potentialAction\":[{\"@type\":\"SearchAction\",\"target\":{\"@type\":\"EntryPoint\",\"urlTemplate\":\"https:\/\/www.news33.tv\/?s={search_term_string}\"},\"query-input\":{\"@type\":\"PropertyValueSpecification\",\"valueRequired\":true,\"valueName\":\"search_term_string\"}}],\"inLanguage\":\"en-US\"},{\"@type\":\"Organization\",\"@id\":\"https:\/\/www.news33.tv\/#organization\",\"name\":\"News33.tv Media\",\"url\":\"https:\/\/www.news33.tv\/\",\"logo\":{\"@type\":\"ImageObject\",\"inLanguage\":\"en-US\",\"@id\":\"https:\/\/www.news33.tv\/#\/schema\/logo\/image\/\",\"url\":\"https:\/\/www.press7.tv\/wp-content\/uploads\/2024\/02\/logo-news33-black.png\",\"contentUrl\":\"https:\/\/www.press7.tv\/wp-content\/uploads\/2024\/02\/logo-news33-black.png\",\"width\":180,\"height\":37,\"caption\":\"News33.tv Media\"},\"image\":{\"@id\":\"https:\/\/www.news33.tv\/#\/schema\/logo\/image\/\"},\"sameAs\":[\"https:\/\/www.facebook.com\/press7.tv\"]},{\"@type\":\"Person\",\"@id\":\"https:\/\/www.news33.tv\/#\/schema\/person\/5a04a38a23ccdba82f9bd665cd8f9efa\",\"name\":\"gazetar2\",\"image\":{\"@type\":\"ImageObject\",\"inLanguage\":\"en-US\",\"@id\":\"https:\/\/www.news33.tv\/#\/schema\/person\/image\/\",\"url\":\"https:\/\/www.press7.tv\/wp-content\/litespeed\/avatar\/41975e402c3049d9ddb03adca8f7a883.jpg?ver=1777169572\",\"contentUrl\":\"https:\/\/www.press7.tv\/wp-content\/litespeed\/avatar\/41975e402c3049d9ddb03adca8f7a883.jpg?ver=1777169572\",\"caption\":\"gazetar2\"},\"url\":\"https:\/\/www.press7.tv\/?author=8\"}]}<\/script>\n<!-- \/ Yoast SEO plugin. -->","yoast_head_json":{"title":"Vu\u00e7iqi faj\u00ebson Turqin\u00eb p\u00ebr njohjen e Kosov\u00ebs nga Siria - press7.tv","robots":{"index":"index","follow":"follow","max-snippet":"max-snippet:-1","max-image-preview":"max-image-preview:large","max-video-preview":"max-video-preview:-1"},"canonical":"https:\/\/www.press7.tv\/?p=23143","og_locale":"en_US","og_type":"article","og_title":"Vu\u00e7iqi faj\u00ebson Turqin\u00eb p\u00ebr njohjen e Kosov\u00ebs nga Siria - press7.tv","og_description":"Presidenti i Serbis\u00eb, Aleksandar Vu\u00e7iq, ka deklaruar t\u00eb enjten se vendimi i Siris\u00eb p\u00ebr ta njohur pavar\u00ebsin\u00eb e Kosov\u00eb ka qen\u00eb i pritsh\u00ebm, duke pasur parasysh, sipas tij, q\u00eb n\u00eb Damask ka ardhur n\u00eb pushtet nj\u00eb qeveri n\u00ebn ndikimin e Turqis\u00eb. Vu\u00e7iq ka th\u00ebn\u00eb se ky vendim p\u00ebrmban \u201cvul\u00ebn turke\u201d dhe shtoi se tani \u00ebsht\u00eb [&hellip;]","og_url":"https:\/\/www.press7.tv\/?p=23143","og_site_name":"press7.tv","article_publisher":"https:\/\/www.facebook.com\/press7.tv","article_published_time":"2025-10-30T17:46:48+00:00","og_image":[{"width":765,"height":405,"url":"https:\/\/www.press7.tv\/wp-content\/uploads\/2025\/10\/IMG_0528.avif","type":"image\/webp"}],"author":"gazetar2","twitter_card":"summary_large_image","twitter_misc":{"Written by":"gazetar2","Est. reading time":"1 minute"},"schema":{"@context":"https:\/\/schema.org","@graph":[{"@type":"Article","@id":"https:\/\/www.press7.tv\/?p=23143#article","isPartOf":{"@id":"https:\/\/www.press7.tv\/?p=23143"},"author":{"name":"gazetar2","@id":"https:\/\/www.news33.tv\/#\/schema\/person\/5a04a38a23ccdba82f9bd665cd8f9efa"},"headline":"Vu\u00e7iqi faj\u00ebson Turqin\u00eb p\u00ebr njohjen e Kosov\u00ebs nga Siria","datePublished":"2025-10-30T17:46:48+00:00","mainEntityOfPage":{"@id":"https:\/\/www.press7.tv\/?p=23143"},"wordCount":278,"publisher":{"@id":"https:\/\/www.news33.tv\/#organization"},"image":{"@id":"https:\/\/www.press7.tv\/?p=23143#primaryimage"},"thumbnailUrl":"https:\/\/www.press7.tv\/wp-content\/uploads\/2025\/10\/IMG_0528.avif","articleSection":["Lajme","Rajon"],"inLanguage":"en-US"},{"@type":"WebPage","@id":"https:\/\/www.press7.tv\/?p=23143","url":"https:\/\/www.press7.tv\/?p=23143","name":"Vu\u00e7iqi faj\u00ebson Turqin\u00eb p\u00ebr njohjen e Kosov\u00ebs nga Siria - press7.tv","isPartOf":{"@id":"https:\/\/www.news33.tv\/#website"},"primaryImageOfPage":{"@id":"https:\/\/www.press7.tv\/?p=23143#primaryimage"},"image":{"@id":"https:\/\/www.press7.tv\/?p=23143#primaryimage"},"thumbnailUrl":"https:\/\/www.press7.tv\/wp-content\/uploads\/2025\/10\/IMG_0528.avif","datePublished":"2025-10-30T17:46:48+00:00","breadcrumb":{"@id":"https:\/\/www.press7.tv\/?p=23143#breadcrumb"},"inLanguage":"en-US","potentialAction":[{"@type":"ReadAction","target":["https:\/\/www.press7.tv\/?p=23143"]}]},{"@type":"ImageObject","inLanguage":"en-US","@id":"https:\/\/www.press7.tv\/?p=23143#primaryimage","url":"https:\/\/www.press7.tv\/wp-content\/uploads\/2025\/10\/IMG_0528.avif","contentUrl":"https:\/\/www.press7.tv\/wp-content\/uploads\/2025\/10\/IMG_0528.avif","width":765,"height":405},{"@type":"BreadcrumbList","@id":"https:\/\/www.press7.tv\/?p=23143#breadcrumb","itemListElement":[{"@type":"ListItem","position":1,"name":"Home","item":"https:\/\/www.press7.tv\/"},{"@type":"ListItem","position":2,"name":"Vu\u00e7iqi faj\u00ebson Turqin\u00eb p\u00ebr njohjen e Kosov\u00ebs nga Siria"}]},{"@type":"WebSite","@id":"https:\/\/www.news33.tv\/#website","url":"https:\/\/www.news33.tv\/","name":"News33.tv Media","description":"Media","publisher":{"@id":"https:\/\/www.news33.tv\/#organization"},"potentialAction":[{"@type":"SearchAction","target":{"@type":"EntryPoint","urlTemplate":"https:\/\/www.news33.tv\/?s={search_term_string}"},"query-input":{"@type":"PropertyValueSpecification","valueRequired":true,"valueName":"search_term_string"}}],"inLanguage":"en-US"},{"@type":"Organization","@id":"https:\/\/www.news33.tv\/#organization","name":"News33.tv Media","url":"https:\/\/www.news33.tv\/","logo":{"@type":"ImageObject","inLanguage":"en-US","@id":"https:\/\/www.news33.tv\/#\/schema\/logo\/image\/","url":"https:\/\/www.press7.tv\/wp-content\/uploads\/2024\/02\/logo-news33-black.png","contentUrl":"https:\/\/www.press7.tv\/wp-content\/uploads\/2024\/02\/logo-news33-black.png","width":180,"height":37,"caption":"News33.tv Media"},"image":{"@id":"https:\/\/www.news33.tv\/#\/schema\/logo\/image\/"},"sameAs":["https:\/\/www.facebook.com\/press7.tv"]},{"@type":"Person","@id":"https:\/\/www.news33.tv\/#\/schema\/person\/5a04a38a23ccdba82f9bd665cd8f9efa","name":"gazetar2","image":{"@type":"ImageObject","inLanguage":"en-US","@id":"https:\/\/www.news33.tv\/#\/schema\/person\/image\/","url":"https:\/\/www.press7.tv\/wp-content\/litespeed\/avatar\/41975e402c3049d9ddb03adca8f7a883.jpg?ver=1777169572","contentUrl":"https:\/\/www.press7.tv\/wp-content\/litespeed\/avatar\/41975e402c3049d9ddb03adca8f7a883.jpg?ver=1777169572","caption":"gazetar2"},"url":"https:\/\/www.press7.tv\/?author=8"}]}},"amp_enabled":true,"_links":{"self":[{"href":"https:\/\/www.press7.tv\/index.php?rest_route=\/wp\/v2\/posts\/23143","targetHints":{"allow":["GET"]}}],"collection":[{"href":"https:\/\/www.press7.tv\/index.php?rest_route=\/wp\/v2\/posts"}],"about":[{"href":"https:\/\/www.press7.tv\/index.php?rest_route=\/wp\/v2\/types\/post"}],"author":[{"embeddable":true,"href":"https:\/\/www.press7.tv\/index.php?rest_route=\/wp\/v2\/users\/8"}],"replies":[{"embeddable":true,"href":"https:\/\/www.press7.tv\/index.php?rest_route=%2Fwp%2Fv2%2Fcomments&post=23143"}],"version-history":[{"count":1,"href":"https:\/\/www.press7.tv\/index.php?rest_route=\/wp\/v2\/posts\/23143\/revisions"}],"predecessor-version":[{"id":23145,"href":"https:\/\/www.press7.tv\/index.php?rest_route=\/wp\/v2\/posts\/23143\/revisions\/23145"}],"wp:featuredmedia":[{"embeddable":true,"href":"https:\/\/www.press7.tv\/index.php?rest_route=\/wp\/v2\/media\/23144"}],"wp:attachment":[{"href":"https:\/\/www.press7.tv\/index.php?rest_route=%2Fwp%2Fv2%2Fmedia&parent=23143"}],"wp:term":[{"taxonomy":"category","embeddable":true,"href":"https:\/\/www.press7.tv\/index.php?rest_route=%2Fwp%2Fv2%2Fcategories&post=23143"},{"taxonomy":"post_tag","embeddable":true,"href":"https:\/\/www.press7.tv\/index.php?rest_route=%2Fwp%2Fv2%2Ftags&post=23143"}],"curies":[{"name":"wp","href":"https:\/\/api.w.org\/{rel}","templated":true}]}}