{"id":23140,"date":"2025-10-30T17:41:52","date_gmt":"2025-10-30T17:41:52","guid":{"rendered":"https:\/\/www.press7.tv\/?p=23140"},"modified":"2025-10-30T17:41:52","modified_gmt":"2025-10-30T17:41:52","slug":"mendi-qyra-me-mickoskin-dhe-mexhitin-bashke-per-nje-struge-qe-ndryshon-realisht","status":"publish","type":"post","link":"https:\/\/www.press7.tv\/?p=23140","title":{"rendered":"Mendi Qyra me Mickoskin dhe Mexhitin: \u201cBashk\u00eb p\u00ebr nj\u00eb Strug\u00eb q\u00eb ndryshon realisht!\u201d"},"content":{"rendered":"\n    <div class=\"xs_social_share_widget xs_share_url before_content \t\tmain_content  wslu-style-2 wslu-share-box-shaped wslu-fill-colored wslu-share-m-5 wslu-none wslu-share-vertical wslu-theme-font-no wslu-main_content\">\n\n\t\t\n        <ul>\n\t\t\t        <\/ul>\n    <\/div> \n<p>Kandidati i pavarur p\u00ebr Komun\u00ebn e Strug\u00ebs, Mendi Qyra, ka zhvilluar sot nj\u00eb takim t\u00eb r\u00ebnd\u00ebsish\u00ebm me Kryeministrin Hristijan Mickoski, Z\u00ebvend\u00ebskryeministrin Izet Mexhiti dhe p\u00ebrfaq\u00ebsues t\u00eb tjer\u00eb t\u00eb koalicionit qeveritar.<br \/>\nTakimi u mbajt n\u00eb Strug\u00eb, ku bashk\u00ebbiseduan me qytetar\u00ebt p\u00ebr t\u00eb ardhmen e qytetit dhe p\u00ebr mund\u00ebsit\u00eb e zhvillimit n\u00eb \u00e7do sfer\u00eb t\u00eb jet\u00ebs.<\/p>\n<p>Bashk\u00ebpunimi mes pushtetit lokal dhe atij qendror \u00ebsht\u00eb \u00e7el\u00ebsi p\u00ebr t\u00eb kthyer planet tona n\u00eb projekte reale q\u00eb do ta ndryshojn\u00eb Strug\u00ebn n\u00eb \u00e7do aspekt t\u00eb jet\u00ebs qytetare,\u201d theksoi Qyra.<\/p>\n<p>Ky takim u pa si sinjal i qart\u00eb i mb\u00ebshtetjes institucionale dhe i gatishm\u00ebris\u00eb p\u00ebr nj\u00eb bashk\u00ebpunim t\u00eb frytsh\u00ebm q\u00eb do t\u2019i sjell\u00eb Strug\u00ebs zhvillim t\u00eb q\u00ebndruesh\u00ebm dhe ndryshime konkrete.<\/p>\n","protected":false},"excerpt":{"rendered":"<p>Kandidati i pavarur p\u00ebr Komun\u00ebn e Strug\u00ebs, Mendi Qyra, ka zhvilluar sot nj\u00eb takim t\u00eb r\u00ebnd\u00ebsish\u00ebm me Kryeministrin Hristijan Mickoski, Z\u00ebvend\u00ebskryeministrin Izet Mexhiti dhe p\u00ebrfaq\u00ebsues t\u00eb tjer\u00eb t\u00eb koalicionit qeveritar. Takimi u mbajt n\u00eb Strug\u00eb, ku bashk\u00ebbiseduan me qytetar\u00ebt p\u00ebr t\u00eb ardhmen e qytetit dhe p\u00ebr mund\u00ebsit\u00eb e zhvillimit n\u00eb \u00e7do sfer\u00eb t\u00eb jet\u00ebs. Bashk\u00ebpunimi [&hellip;]<\/p>\n","protected":false},"author":8,"featured_media":23141,"comment_status":"closed","ping_status":"closed","sticky":false,"template":"","format":"standard","meta":{"footnotes":""},"categories":[213,214],"tags":[],"class_list":["post-23140","post","type-post","status-publish","format-standard","has-post-thumbnail","hentry","category-lajme","category-maqedoni"],"yoast_head":"<!-- This site is optimized with the Yoast SEO plugin v25.1 - https:\/\/yoast.com\/wordpress\/plugins\/seo\/ -->\n<title>Mendi Qyra me Mickoskin dhe Mexhitin: \u201cBashk\u00eb p\u00ebr nj\u00eb Strug\u00eb q\u00eb ndryshon realisht!\u201d - press7.tv<\/title>\n<meta name=\"robots\" content=\"index, follow, max-snippet:-1, max-image-preview:large, max-video-preview:-1\" \/>\n<link rel=\"canonical\" href=\"https:\/\/www.press7.tv\/?p=23140\" \/>\n<meta property=\"og:locale\" content=\"en_US\" \/>\n<meta property=\"og:type\" content=\"article\" \/>\n<meta property=\"og:title\" content=\"Mendi Qyra me Mickoskin dhe Mexhitin: \u201cBashk\u00eb p\u00ebr nj\u00eb Strug\u00eb q\u00eb ndryshon realisht!\u201d - press7.tv\" \/>\n<meta property=\"og:description\" content=\"Kandidati i pavarur p\u00ebr Komun\u00ebn e Strug\u00ebs, Mendi Qyra, ka zhvilluar sot nj\u00eb takim t\u00eb r\u00ebnd\u00ebsish\u00ebm me Kryeministrin Hristijan Mickoski, Z\u00ebvend\u00ebskryeministrin Izet Mexhiti dhe p\u00ebrfaq\u00ebsues t\u00eb tjer\u00eb t\u00eb koalicionit qeveritar. Takimi u mbajt n\u00eb Strug\u00eb, ku bashk\u00ebbiseduan me qytetar\u00ebt p\u00ebr t\u00eb ardhmen e qytetit dhe p\u00ebr mund\u00ebsit\u00eb e zhvillimit n\u00eb \u00e7do sfer\u00eb t\u00eb jet\u00ebs. Bashk\u00ebpunimi [&hellip;]\" \/>\n<meta property=\"og:url\" content=\"https:\/\/www.press7.tv\/?p=23140\" \/>\n<meta property=\"og:site_name\" content=\"press7.tv\" \/>\n<meta property=\"article:publisher\" content=\"https:\/\/www.facebook.com\/press7.tv\" \/>\n<meta property=\"article:published_time\" content=\"2025-10-30T17:41:52+00:00\" \/>\n<meta property=\"og:image\" content=\"https:\/\/www.press7.tv\/wp-content\/uploads\/2025\/10\/IMG_0526.avif\" \/>\n\t<meta property=\"og:image:width\" content=\"1536\" \/>\n\t<meta property=\"og:image:height\" content=\"1024\" \/>\n\t<meta property=\"og:image:type\" content=\"image\/jpeg\" \/>\n<meta name=\"author\" content=\"gazetar2\" \/>\n<meta name=\"twitter:card\" content=\"summary_large_image\" \/>\n<meta name=\"twitter:label1\" content=\"Written by\" \/>\n\t<meta name=\"twitter:data1\" content=\"gazetar2\" \/>\n\t<meta name=\"twitter:label2\" content=\"Est. reading time\" \/>\n\t<meta name=\"twitter:data2\" content=\"1 minute\" \/>\n<script type=\"application\/ld+json\" class=\"yoast-schema-graph\">{\"@context\":\"https:\/\/schema.org\",\"@graph\":[{\"@type\":\"Article\",\"@id\":\"https:\/\/www.press7.tv\/?p=23140#article\",\"isPartOf\":{\"@id\":\"https:\/\/www.press7.tv\/?p=23140\"},\"author\":{\"name\":\"gazetar2\",\"@id\":\"https:\/\/www.news33.tv\/#\/schema\/person\/5a04a38a23ccdba82f9bd665cd8f9efa\"},\"headline\":\"Mendi Qyra me Mickoskin dhe Mexhitin: \u201cBashk\u00eb p\u00ebr nj\u00eb Strug\u00eb q\u00eb ndryshon realisht!\u201d\",\"datePublished\":\"2025-10-30T17:41:52+00:00\",\"mainEntityOfPage\":{\"@id\":\"https:\/\/www.press7.tv\/?p=23140\"},\"wordCount\":158,\"publisher\":{\"@id\":\"https:\/\/www.news33.tv\/#organization\"},\"image\":{\"@id\":\"https:\/\/www.press7.tv\/?p=23140#primaryimage\"},\"thumbnailUrl\":\"https:\/\/www.press7.tv\/wp-content\/uploads\/2025\/10\/IMG_0526.avif\",\"articleSection\":[\"Lajme\",\"Maqedoni\"],\"inLanguage\":\"en-US\"},{\"@type\":\"WebPage\",\"@id\":\"https:\/\/www.press7.tv\/?p=23140\",\"url\":\"https:\/\/www.press7.tv\/?p=23140\",\"name\":\"Mendi Qyra me Mickoskin dhe Mexhitin: \u201cBashk\u00eb p\u00ebr nj\u00eb Strug\u00eb q\u00eb ndryshon realisht!\u201d - press7.tv\",\"isPartOf\":{\"@id\":\"https:\/\/www.news33.tv\/#website\"},\"primaryImageOfPage\":{\"@id\":\"https:\/\/www.press7.tv\/?p=23140#primaryimage\"},\"image\":{\"@id\":\"https:\/\/www.press7.tv\/?p=23140#primaryimage\"},\"thumbnailUrl\":\"https:\/\/www.press7.tv\/wp-content\/uploads\/2025\/10\/IMG_0526.avif\",\"datePublished\":\"2025-10-30T17:41:52+00:00\",\"breadcrumb\":{\"@id\":\"https:\/\/www.press7.tv\/?p=23140#breadcrumb\"},\"inLanguage\":\"en-US\",\"potentialAction\":[{\"@type\":\"ReadAction\",\"target\":[\"https:\/\/www.press7.tv\/?p=23140\"]}]},{\"@type\":\"ImageObject\",\"inLanguage\":\"en-US\",\"@id\":\"https:\/\/www.press7.tv\/?p=23140#primaryimage\",\"url\":\"https:\/\/www.press7.tv\/wp-content\/uploads\/2025\/10\/IMG_0526.avif\",\"contentUrl\":\"https:\/\/www.press7.tv\/wp-content\/uploads\/2025\/10\/IMG_0526.avif\",\"width\":1536,\"height\":1024},{\"@type\":\"BreadcrumbList\",\"@id\":\"https:\/\/www.press7.tv\/?p=23140#breadcrumb\",\"itemListElement\":[{\"@type\":\"ListItem\",\"position\":1,\"name\":\"Home\",\"item\":\"https:\/\/www.press7.tv\/\"},{\"@type\":\"ListItem\",\"position\":2,\"name\":\"Mendi Qyra me Mickoskin dhe Mexhitin: \u201cBashk\u00eb p\u00ebr nj\u00eb Strug\u00eb q\u00eb ndryshon realisht!\u201d\"}]},{\"@type\":\"WebSite\",\"@id\":\"https:\/\/www.news33.tv\/#website\",\"url\":\"https:\/\/www.news33.tv\/\",\"name\":\"News33.tv Media\",\"description\":\"Media\",\"publisher\":{\"@id\":\"https:\/\/www.news33.tv\/#organization\"},\"potentialAction\":[{\"@type\":\"SearchAction\",\"target\":{\"@type\":\"EntryPoint\",\"urlTemplate\":\"https:\/\/www.news33.tv\/?s={search_term_string}\"},\"query-input\":{\"@type\":\"PropertyValueSpecification\",\"valueRequired\":true,\"valueName\":\"search_term_string\"}}],\"inLanguage\":\"en-US\"},{\"@type\":\"Organization\",\"@id\":\"https:\/\/www.news33.tv\/#organization\",\"name\":\"News33.tv Media\",\"url\":\"https:\/\/www.news33.tv\/\",\"logo\":{\"@type\":\"ImageObject\",\"inLanguage\":\"en-US\",\"@id\":\"https:\/\/www.news33.tv\/#\/schema\/logo\/image\/\",\"url\":\"https:\/\/www.press7.tv\/wp-content\/uploads\/2024\/02\/logo-news33-black.png\",\"contentUrl\":\"https:\/\/www.press7.tv\/wp-content\/uploads\/2024\/02\/logo-news33-black.png\",\"width\":180,\"height\":37,\"caption\":\"News33.tv Media\"},\"image\":{\"@id\":\"https:\/\/www.news33.tv\/#\/schema\/logo\/image\/\"},\"sameAs\":[\"https:\/\/www.facebook.com\/press7.tv\"]},{\"@type\":\"Person\",\"@id\":\"https:\/\/www.news33.tv\/#\/schema\/person\/5a04a38a23ccdba82f9bd665cd8f9efa\",\"name\":\"gazetar2\",\"image\":{\"@type\":\"ImageObject\",\"inLanguage\":\"en-US\",\"@id\":\"https:\/\/www.news33.tv\/#\/schema\/person\/image\/\",\"url\":\"https:\/\/www.press7.tv\/wp-content\/litespeed\/avatar\/41975e402c3049d9ddb03adca8f7a883.jpg?ver=1777169572\",\"contentUrl\":\"https:\/\/www.press7.tv\/wp-content\/litespeed\/avatar\/41975e402c3049d9ddb03adca8f7a883.jpg?ver=1777169572\",\"caption\":\"gazetar2\"},\"url\":\"https:\/\/www.press7.tv\/?author=8\"}]}<\/script>\n<!-- \/ Yoast SEO plugin. -->","yoast_head_json":{"title":"Mendi Qyra me Mickoskin dhe Mexhitin: \u201cBashk\u00eb p\u00ebr nj\u00eb Strug\u00eb q\u00eb ndryshon realisht!\u201d - press7.tv","robots":{"index":"index","follow":"follow","max-snippet":"max-snippet:-1","max-image-preview":"max-image-preview:large","max-video-preview":"max-video-preview:-1"},"canonical":"https:\/\/www.press7.tv\/?p=23140","og_locale":"en_US","og_type":"article","og_title":"Mendi Qyra me Mickoskin dhe Mexhitin: \u201cBashk\u00eb p\u00ebr nj\u00eb Strug\u00eb q\u00eb ndryshon realisht!\u201d - press7.tv","og_description":"Kandidati i pavarur p\u00ebr Komun\u00ebn e Strug\u00ebs, Mendi Qyra, ka zhvilluar sot nj\u00eb takim t\u00eb r\u00ebnd\u00ebsish\u00ebm me Kryeministrin Hristijan Mickoski, Z\u00ebvend\u00ebskryeministrin Izet Mexhiti dhe p\u00ebrfaq\u00ebsues t\u00eb tjer\u00eb t\u00eb koalicionit qeveritar. Takimi u mbajt n\u00eb Strug\u00eb, ku bashk\u00ebbiseduan me qytetar\u00ebt p\u00ebr t\u00eb ardhmen e qytetit dhe p\u00ebr mund\u00ebsit\u00eb e zhvillimit n\u00eb \u00e7do sfer\u00eb t\u00eb jet\u00ebs. Bashk\u00ebpunimi [&hellip;]","og_url":"https:\/\/www.press7.tv\/?p=23140","og_site_name":"press7.tv","article_publisher":"https:\/\/www.facebook.com\/press7.tv","article_published_time":"2025-10-30T17:41:52+00:00","og_image":[{"width":1536,"height":1024,"url":"https:\/\/www.press7.tv\/wp-content\/uploads\/2025\/10\/IMG_0526.avif","type":"image\/jpeg"}],"author":"gazetar2","twitter_card":"summary_large_image","twitter_misc":{"Written by":"gazetar2","Est. reading time":"1 minute"},"schema":{"@context":"https:\/\/schema.org","@graph":[{"@type":"Article","@id":"https:\/\/www.press7.tv\/?p=23140#article","isPartOf":{"@id":"https:\/\/www.press7.tv\/?p=23140"},"author":{"name":"gazetar2","@id":"https:\/\/www.news33.tv\/#\/schema\/person\/5a04a38a23ccdba82f9bd665cd8f9efa"},"headline":"Mendi Qyra me Mickoskin dhe Mexhitin: \u201cBashk\u00eb p\u00ebr nj\u00eb Strug\u00eb q\u00eb ndryshon realisht!\u201d","datePublished":"2025-10-30T17:41:52+00:00","mainEntityOfPage":{"@id":"https:\/\/www.press7.tv\/?p=23140"},"wordCount":158,"publisher":{"@id":"https:\/\/www.news33.tv\/#organization"},"image":{"@id":"https:\/\/www.press7.tv\/?p=23140#primaryimage"},"thumbnailUrl":"https:\/\/www.press7.tv\/wp-content\/uploads\/2025\/10\/IMG_0526.avif","articleSection":["Lajme","Maqedoni"],"inLanguage":"en-US"},{"@type":"WebPage","@id":"https:\/\/www.press7.tv\/?p=23140","url":"https:\/\/www.press7.tv\/?p=23140","name":"Mendi Qyra me Mickoskin dhe Mexhitin: \u201cBashk\u00eb p\u00ebr nj\u00eb Strug\u00eb q\u00eb ndryshon realisht!\u201d - press7.tv","isPartOf":{"@id":"https:\/\/www.news33.tv\/#website"},"primaryImageOfPage":{"@id":"https:\/\/www.press7.tv\/?p=23140#primaryimage"},"image":{"@id":"https:\/\/www.press7.tv\/?p=23140#primaryimage"},"thumbnailUrl":"https:\/\/www.press7.tv\/wp-content\/uploads\/2025\/10\/IMG_0526.avif","datePublished":"2025-10-30T17:41:52+00:00","breadcrumb":{"@id":"https:\/\/www.press7.tv\/?p=23140#breadcrumb"},"inLanguage":"en-US","potentialAction":[{"@type":"ReadAction","target":["https:\/\/www.press7.tv\/?p=23140"]}]},{"@type":"ImageObject","inLanguage":"en-US","@id":"https:\/\/www.press7.tv\/?p=23140#primaryimage","url":"https:\/\/www.press7.tv\/wp-content\/uploads\/2025\/10\/IMG_0526.avif","contentUrl":"https:\/\/www.press7.tv\/wp-content\/uploads\/2025\/10\/IMG_0526.avif","width":1536,"height":1024},{"@type":"BreadcrumbList","@id":"https:\/\/www.press7.tv\/?p=23140#breadcrumb","itemListElement":[{"@type":"ListItem","position":1,"name":"Home","item":"https:\/\/www.press7.tv\/"},{"@type":"ListItem","position":2,"name":"Mendi Qyra me Mickoskin dhe Mexhitin: \u201cBashk\u00eb p\u00ebr nj\u00eb Strug\u00eb q\u00eb ndryshon realisht!\u201d"}]},{"@type":"WebSite","@id":"https:\/\/www.news33.tv\/#website","url":"https:\/\/www.news33.tv\/","name":"News33.tv Media","description":"Media","publisher":{"@id":"https:\/\/www.news33.tv\/#organization"},"potentialAction":[{"@type":"SearchAction","target":{"@type":"EntryPoint","urlTemplate":"https:\/\/www.news33.tv\/?s={search_term_string}"},"query-input":{"@type":"PropertyValueSpecification","valueRequired":true,"valueName":"search_term_string"}}],"inLanguage":"en-US"},{"@type":"Organization","@id":"https:\/\/www.news33.tv\/#organization","name":"News33.tv Media","url":"https:\/\/www.news33.tv\/","logo":{"@type":"ImageObject","inLanguage":"en-US","@id":"https:\/\/www.news33.tv\/#\/schema\/logo\/image\/","url":"https:\/\/www.press7.tv\/wp-content\/uploads\/2024\/02\/logo-news33-black.png","contentUrl":"https:\/\/www.press7.tv\/wp-content\/uploads\/2024\/02\/logo-news33-black.png","width":180,"height":37,"caption":"News33.tv Media"},"image":{"@id":"https:\/\/www.news33.tv\/#\/schema\/logo\/image\/"},"sameAs":["https:\/\/www.facebook.com\/press7.tv"]},{"@type":"Person","@id":"https:\/\/www.news33.tv\/#\/schema\/person\/5a04a38a23ccdba82f9bd665cd8f9efa","name":"gazetar2","image":{"@type":"ImageObject","inLanguage":"en-US","@id":"https:\/\/www.news33.tv\/#\/schema\/person\/image\/","url":"https:\/\/www.press7.tv\/wp-content\/litespeed\/avatar\/41975e402c3049d9ddb03adca8f7a883.jpg?ver=1777169572","contentUrl":"https:\/\/www.press7.tv\/wp-content\/litespeed\/avatar\/41975e402c3049d9ddb03adca8f7a883.jpg?ver=1777169572","caption":"gazetar2"},"url":"https:\/\/www.press7.tv\/?author=8"}]}},"amp_enabled":true,"_links":{"self":[{"href":"https:\/\/www.press7.tv\/index.php?rest_route=\/wp\/v2\/posts\/23140","targetHints":{"allow":["GET"]}}],"collection":[{"href":"https:\/\/www.press7.tv\/index.php?rest_route=\/wp\/v2\/posts"}],"about":[{"href":"https:\/\/www.press7.tv\/index.php?rest_route=\/wp\/v2\/types\/post"}],"author":[{"embeddable":true,"href":"https:\/\/www.press7.tv\/index.php?rest_route=\/wp\/v2\/users\/8"}],"replies":[{"embeddable":true,"href":"https:\/\/www.press7.tv\/index.php?rest_route=%2Fwp%2Fv2%2Fcomments&post=23140"}],"version-history":[{"count":1,"href":"https:\/\/www.press7.tv\/index.php?rest_route=\/wp\/v2\/posts\/23140\/revisions"}],"predecessor-version":[{"id":23142,"href":"https:\/\/www.press7.tv\/index.php?rest_route=\/wp\/v2\/posts\/23140\/revisions\/23142"}],"wp:featuredmedia":[{"embeddable":true,"href":"https:\/\/www.press7.tv\/index.php?rest_route=\/wp\/v2\/media\/23141"}],"wp:attachment":[{"href":"https:\/\/www.press7.tv\/index.php?rest_route=%2Fwp%2Fv2%2Fmedia&parent=23140"}],"wp:term":[{"taxonomy":"category","embeddable":true,"href":"https:\/\/www.press7.tv\/index.php?rest_route=%2Fwp%2Fv2%2Fcategories&post=23140"},{"taxonomy":"post_tag","embeddable":true,"href":"https:\/\/www.press7.tv\/index.php?rest_route=%2Fwp%2Fv2%2Ftags&post=23140"}],"curies":[{"name":"wp","href":"https:\/\/api.w.org\/{rel}","templated":true}]}}