{"id":23137,"date":"2025-10-30T12:41:18","date_gmt":"2025-10-30T12:41:18","guid":{"rendered":"https:\/\/www.press7.tv\/?p=23137"},"modified":"2025-10-30T12:41:18","modified_gmt":"2025-10-30T12:41:18","slug":"rama-kosova-eshte-shtet-per-ne-por-jo-per-serbine-ky-eshte-problemi-i-madh","status":"publish","type":"post","link":"https:\/\/www.press7.tv\/?p=23137","title":{"rendered":"Rama: Kosova \u00ebsht\u00eb shtet p\u00ebr ne, por jo p\u00ebr Serbin\u00eb \u2013 ky \u00ebsht\u00eb problemi i madh"},"content":{"rendered":"\n    <div class=\"xs_social_share_widget xs_share_url before_content \t\tmain_content  wslu-style-2 wslu-share-box-shaped wslu-fill-colored wslu-share-m-5 wslu-none wslu-share-vertical wslu-theme-font-no wslu-main_content\">\n\n\t\t\n        <ul>\n\t\t\t        <\/ul>\n    <\/div> \n<p>Kryeministri i Shqip\u00ebris\u00eb, Edi Rama, ka folur p\u00ebr marr\u00ebdh\u00ebniet Kosov\u00eb\u2013Serbi gjat\u00eb Forumit t\u00eb Paqes n\u00eb Paris t\u00eb enjten, duke e cil\u00ebsuar mosnjohjen e Kosov\u00ebs nga Serbia si \u201cproblemin thelb\u00ebsor\u201d t\u00eb rajonit.<\/p>\n<p>Ai ka th\u00ebn\u00eb se Ballkani duhet t\u00eb zgjedh\u00eb mes p\u00ebr\u00e7arjes dhe bashk\u00ebpunimit<\/p>\n<p>\u201cKosova \u00ebsht\u00eb nj\u00eb problem sepse p\u00ebr ne \u00ebsht\u00eb nj\u00eb shtet n\u00eb t\u00eb drejt\u00ebn e vet. Por p\u00ebr Serbin\u00eb ose p\u00ebr vende t\u00eb tjera nuk \u00ebsht\u00eb. Ky \u00ebsht\u00eb nj\u00eb problem i madh. Ose do t\u00eb vazhdonim t\u00eb rrinim me kok\u00ebn pas, t\u00eb ndiznim tensione dhe energji negative e t\u00eb d\u00ebmtonim veten dhe ekonomin\u00eb ton\u00eb \u2014 jemi tregje t\u00eb vogla \u2014 ose t\u00eb jemi bashk\u00eb. Alternativa tjet\u00ebr ishte t\u00eb mos binim dakord dhe t\u00eb mos bashk\u00ebpunonim\u201d, ka th\u00ebn\u00eb Rama, transmeton TCH. <\/p>\n<p>Ai shtoi se Evropa po p\u00ebrballet me t\u00eb nj\u00ebjtat sfida q\u00eb dikur karakterizonin rajonin e Ballkanit.<\/p>\n<p>Evropa \u00ebsht\u00eb ballkanizuar shum\u00eb. Mendoj q\u00eb edhe Franca \u00ebsht\u00eb ballkanizuar shum\u00eb \u2014 nuk po miratojn\u00eb dot nj\u00eb buxhet. Shihni Britanin\u00eb, \u00ebsht\u00eb edhe m\u00eb keq. Tani jemi ne t\u00eb mir\u00ebt, prandaj u them b\u00ebni paqe, mos k\u00ebrc\u00ebnoni, komunikoni, sepse vijm\u00eb nga ferri dhe ne jemi lajm\u00ebtar\u00ebt\u201d, theksoi ai.<\/p>\n<p>Rama ka deklaruar se pavar\u00ebsisht n\u00ebse t\u00eb tjer\u00ebt e d\u00ebgjojn\u00eb apo jo, Shqip\u00ebria do t\u00eb vazhdoj\u00eb t\u00eb punoj\u00eb p\u00ebr stabilitetin rajonal.<\/p>\n<p>VIDEO:<\/p>\n<p>N\u00ebse bota do t\u00eb b\u00ebhet m\u00eb e mir\u00eb, do t\u00eb themi se ne b\u00ebm\u00eb pun\u00ebn ton\u00eb. Do t\u00eb na jepet nj\u00eb vend n\u00eb parajs\u00eb si shqiptar\u00eb\u201d, u shpreh ai me humor.<\/p>\n<p>Kryeministri shqiptar vler\u00ebsoi edhe marr\u00ebdh\u00ebniet me Italin\u00eb dhe rolin e Bashkimit Evropian.<\/p>\n<p>\u201cItalian\u00ebt jan\u00eb shqiptar\u00eb t\u00eb veshur me Versace. Keni kryeministre nj\u00eb grua t\u00eb shk\u00eblqyer dhe t\u00eb mahnitshme. Ajo nuk \u00ebsht\u00eb e gjat\u00eb, por m\u00eb besoni q\u00eb kur merr fjal\u00ebn \u00ebsht\u00eb m\u00eb e gjat\u00eb se un\u00eb. BE-ja \u00ebsht\u00eb projekti m\u00eb i madh politik q\u00eb njer\u00ebzimi ka p\u00ebrjetuar ndonj\u00ebher\u00eb\u201d, ka deklaruar Rama.<\/p>\n<p>N\u00eb fund t\u00eb fjal\u00ebs s\u00eb tij, Rama n\u00ebnvizoi se an\u00ebtar\u00ebsimi i Shqip\u00ebris\u00eb n\u00eb Bashkimin Evropian \u00ebsht\u00eb nj\u00eb bekim historik.<\/p>\n<p>Pas vitesh diktature gjakatare e varf\u00ebrie, n\u00ebse BE-ja nuk do t\u00eb ishte aty, do t\u00eb kishim pasur t\u00eb nj\u00ebjtin fat si Afganistani apo kushdo tjet\u00ebr. BE-ja \u00ebsht\u00eb di\u00e7ka q\u00eb \u00e7do evropian, p\u00ebrfshir\u00eb francez\u00ebt, duhet ta g\u00ebzojn\u00eb si dhurat\u00eb nga et\u00ebrit themelues \u2014 dhe q\u00eb nuk duhet rrezikuar aspak\u201d, p\u00ebrfundoi ai.<\/p>\n<p>N\u00eb Forumin e Paqes, me ftes\u00eb t\u00eb presidentit francez Emmanuel Macron, po merr pjes\u00eb edhe kryeministri n\u00eb detyr\u00eb Albin Kurti.<\/p>\n","protected":false},"excerpt":{"rendered":"<p>Kryeministri i Shqip\u00ebris\u00eb, Edi Rama, ka folur p\u00ebr marr\u00ebdh\u00ebniet Kosov\u00eb\u2013Serbi gjat\u00eb Forumit t\u00eb Paqes n\u00eb Paris t\u00eb enjten, duke e cil\u00ebsuar mosnjohjen e Kosov\u00ebs nga Serbia si \u201cproblemin thelb\u00ebsor\u201d t\u00eb rajonit. Ai ka th\u00ebn\u00eb se Ballkani duhet t\u00eb zgjedh\u00eb mes p\u00ebr\u00e7arjes dhe bashk\u00ebpunimit \u201cKosova \u00ebsht\u00eb nj\u00eb problem sepse p\u00ebr ne \u00ebsht\u00eb nj\u00eb shtet n\u00eb t\u00eb [&hellip;]<\/p>\n","protected":false},"author":8,"featured_media":23138,"comment_status":"closed","ping_status":"closed","sticky":false,"template":"","format":"standard","meta":{"footnotes":""},"categories":[213,216],"tags":[],"class_list":["post-23137","post","type-post","status-publish","format-standard","has-post-thumbnail","hentry","category-lajme","category-shqiperi"],"yoast_head":"<!-- This site is optimized with the Yoast SEO plugin v25.1 - https:\/\/yoast.com\/wordpress\/plugins\/seo\/ -->\n<title>Rama: Kosova \u00ebsht\u00eb shtet p\u00ebr ne, por jo p\u00ebr Serbin\u00eb \u2013 ky \u00ebsht\u00eb problemi i madh - press7.tv<\/title>\n<meta name=\"robots\" content=\"index, follow, max-snippet:-1, max-image-preview:large, max-video-preview:-1\" \/>\n<link rel=\"canonical\" href=\"https:\/\/www.press7.tv\/?p=23137\" \/>\n<meta property=\"og:locale\" content=\"en_US\" \/>\n<meta property=\"og:type\" content=\"article\" \/>\n<meta property=\"og:title\" content=\"Rama: Kosova \u00ebsht\u00eb shtet p\u00ebr ne, por jo p\u00ebr Serbin\u00eb \u2013 ky \u00ebsht\u00eb problemi i madh - press7.tv\" \/>\n<meta property=\"og:description\" content=\"Kryeministri i Shqip\u00ebris\u00eb, Edi Rama, ka folur p\u00ebr marr\u00ebdh\u00ebniet Kosov\u00eb\u2013Serbi gjat\u00eb Forumit t\u00eb Paqes n\u00eb Paris t\u00eb enjten, duke e cil\u00ebsuar mosnjohjen e Kosov\u00ebs nga Serbia si \u201cproblemin thelb\u00ebsor\u201d t\u00eb rajonit. Ai ka th\u00ebn\u00eb se Ballkani duhet t\u00eb zgjedh\u00eb mes p\u00ebr\u00e7arjes dhe bashk\u00ebpunimit \u201cKosova \u00ebsht\u00eb nj\u00eb problem sepse p\u00ebr ne \u00ebsht\u00eb nj\u00eb shtet n\u00eb t\u00eb [&hellip;]\" \/>\n<meta property=\"og:url\" content=\"https:\/\/www.press7.tv\/?p=23137\" \/>\n<meta property=\"og:site_name\" content=\"press7.tv\" \/>\n<meta property=\"article:publisher\" content=\"https:\/\/www.facebook.com\/press7.tv\" \/>\n<meta property=\"article:published_time\" content=\"2025-10-30T12:41:18+00:00\" \/>\n<meta property=\"og:image\" content=\"https:\/\/www.press7.tv\/wp-content\/uploads\/2025\/10\/IMG_0521.avif\" \/>\n\t<meta property=\"og:image:width\" content=\"1280\" \/>\n\t<meta property=\"og:image:height\" content=\"720\" \/>\n\t<meta property=\"og:image:type\" content=\"image\/webp\" \/>\n<meta name=\"author\" content=\"gazetar2\" \/>\n<meta name=\"twitter:card\" content=\"summary_large_image\" \/>\n<meta name=\"twitter:label1\" content=\"Written by\" \/>\n\t<meta name=\"twitter:data1\" content=\"gazetar2\" \/>\n\t<meta name=\"twitter:label2\" content=\"Est. reading time\" \/>\n\t<meta name=\"twitter:data2\" content=\"1 minute\" \/>\n<script type=\"application\/ld+json\" class=\"yoast-schema-graph\">{\"@context\":\"https:\/\/schema.org\",\"@graph\":[{\"@type\":\"Article\",\"@id\":\"https:\/\/www.press7.tv\/?p=23137#article\",\"isPartOf\":{\"@id\":\"https:\/\/www.press7.tv\/?p=23137\"},\"author\":{\"name\":\"gazetar2\",\"@id\":\"https:\/\/www.news33.tv\/#\/schema\/person\/5a04a38a23ccdba82f9bd665cd8f9efa\"},\"headline\":\"Rama: Kosova \u00ebsht\u00eb shtet p\u00ebr ne, por jo p\u00ebr Serbin\u00eb \u2013 ky \u00ebsht\u00eb problemi i madh\",\"datePublished\":\"2025-10-30T12:41:18+00:00\",\"mainEntityOfPage\":{\"@id\":\"https:\/\/www.press7.tv\/?p=23137\"},\"wordCount\":464,\"publisher\":{\"@id\":\"https:\/\/www.news33.tv\/#organization\"},\"image\":{\"@id\":\"https:\/\/www.press7.tv\/?p=23137#primaryimage\"},\"thumbnailUrl\":\"https:\/\/www.press7.tv\/wp-content\/uploads\/2025\/10\/IMG_0521.avif\",\"articleSection\":[\"Lajme\",\"Shqip\u00ebri\"],\"inLanguage\":\"en-US\"},{\"@type\":\"WebPage\",\"@id\":\"https:\/\/www.press7.tv\/?p=23137\",\"url\":\"https:\/\/www.press7.tv\/?p=23137\",\"name\":\"Rama: Kosova \u00ebsht\u00eb shtet p\u00ebr ne, por jo p\u00ebr Serbin\u00eb \u2013 ky \u00ebsht\u00eb problemi i madh - press7.tv\",\"isPartOf\":{\"@id\":\"https:\/\/www.news33.tv\/#website\"},\"primaryImageOfPage\":{\"@id\":\"https:\/\/www.press7.tv\/?p=23137#primaryimage\"},\"image\":{\"@id\":\"https:\/\/www.press7.tv\/?p=23137#primaryimage\"},\"thumbnailUrl\":\"https:\/\/www.press7.tv\/wp-content\/uploads\/2025\/10\/IMG_0521.avif\",\"datePublished\":\"2025-10-30T12:41:18+00:00\",\"breadcrumb\":{\"@id\":\"https:\/\/www.press7.tv\/?p=23137#breadcrumb\"},\"inLanguage\":\"en-US\",\"potentialAction\":[{\"@type\":\"ReadAction\",\"target\":[\"https:\/\/www.press7.tv\/?p=23137\"]}]},{\"@type\":\"ImageObject\",\"inLanguage\":\"en-US\",\"@id\":\"https:\/\/www.press7.tv\/?p=23137#primaryimage\",\"url\":\"https:\/\/www.press7.tv\/wp-content\/uploads\/2025\/10\/IMG_0521.avif\",\"contentUrl\":\"https:\/\/www.press7.tv\/wp-content\/uploads\/2025\/10\/IMG_0521.avif\",\"width\":1280,\"height\":720},{\"@type\":\"BreadcrumbList\",\"@id\":\"https:\/\/www.press7.tv\/?p=23137#breadcrumb\",\"itemListElement\":[{\"@type\":\"ListItem\",\"position\":1,\"name\":\"Home\",\"item\":\"https:\/\/www.press7.tv\/\"},{\"@type\":\"ListItem\",\"position\":2,\"name\":\"Rama: Kosova \u00ebsht\u00eb shtet p\u00ebr ne, por jo p\u00ebr Serbin\u00eb \u2013 ky \u00ebsht\u00eb problemi i madh\"}]},{\"@type\":\"WebSite\",\"@id\":\"https:\/\/www.news33.tv\/#website\",\"url\":\"https:\/\/www.news33.tv\/\",\"name\":\"News33.tv Media\",\"description\":\"Media\",\"publisher\":{\"@id\":\"https:\/\/www.news33.tv\/#organization\"},\"potentialAction\":[{\"@type\":\"SearchAction\",\"target\":{\"@type\":\"EntryPoint\",\"urlTemplate\":\"https:\/\/www.news33.tv\/?s={search_term_string}\"},\"query-input\":{\"@type\":\"PropertyValueSpecification\",\"valueRequired\":true,\"valueName\":\"search_term_string\"}}],\"inLanguage\":\"en-US\"},{\"@type\":\"Organization\",\"@id\":\"https:\/\/www.news33.tv\/#organization\",\"name\":\"News33.tv Media\",\"url\":\"https:\/\/www.news33.tv\/\",\"logo\":{\"@type\":\"ImageObject\",\"inLanguage\":\"en-US\",\"@id\":\"https:\/\/www.news33.tv\/#\/schema\/logo\/image\/\",\"url\":\"https:\/\/www.press7.tv\/wp-content\/uploads\/2024\/02\/logo-news33-black.png\",\"contentUrl\":\"https:\/\/www.press7.tv\/wp-content\/uploads\/2024\/02\/logo-news33-black.png\",\"width\":180,\"height\":37,\"caption\":\"News33.tv Media\"},\"image\":{\"@id\":\"https:\/\/www.news33.tv\/#\/schema\/logo\/image\/\"},\"sameAs\":[\"https:\/\/www.facebook.com\/press7.tv\"]},{\"@type\":\"Person\",\"@id\":\"https:\/\/www.news33.tv\/#\/schema\/person\/5a04a38a23ccdba82f9bd665cd8f9efa\",\"name\":\"gazetar2\",\"image\":{\"@type\":\"ImageObject\",\"inLanguage\":\"en-US\",\"@id\":\"https:\/\/www.news33.tv\/#\/schema\/person\/image\/\",\"url\":\"https:\/\/www.press7.tv\/wp-content\/litespeed\/avatar\/41975e402c3049d9ddb03adca8f7a883.jpg?ver=1777169572\",\"contentUrl\":\"https:\/\/www.press7.tv\/wp-content\/litespeed\/avatar\/41975e402c3049d9ddb03adca8f7a883.jpg?ver=1777169572\",\"caption\":\"gazetar2\"},\"url\":\"https:\/\/www.press7.tv\/?author=8\"}]}<\/script>\n<!-- \/ Yoast SEO plugin. -->","yoast_head_json":{"title":"Rama: Kosova \u00ebsht\u00eb shtet p\u00ebr ne, por jo p\u00ebr Serbin\u00eb \u2013 ky \u00ebsht\u00eb problemi i madh - press7.tv","robots":{"index":"index","follow":"follow","max-snippet":"max-snippet:-1","max-image-preview":"max-image-preview:large","max-video-preview":"max-video-preview:-1"},"canonical":"https:\/\/www.press7.tv\/?p=23137","og_locale":"en_US","og_type":"article","og_title":"Rama: Kosova \u00ebsht\u00eb shtet p\u00ebr ne, por jo p\u00ebr Serbin\u00eb \u2013 ky \u00ebsht\u00eb problemi i madh - press7.tv","og_description":"Kryeministri i Shqip\u00ebris\u00eb, Edi Rama, ka folur p\u00ebr marr\u00ebdh\u00ebniet Kosov\u00eb\u2013Serbi gjat\u00eb Forumit t\u00eb Paqes n\u00eb Paris t\u00eb enjten, duke e cil\u00ebsuar mosnjohjen e Kosov\u00ebs nga Serbia si \u201cproblemin thelb\u00ebsor\u201d t\u00eb rajonit. Ai ka th\u00ebn\u00eb se Ballkani duhet t\u00eb zgjedh\u00eb mes p\u00ebr\u00e7arjes dhe bashk\u00ebpunimit \u201cKosova \u00ebsht\u00eb nj\u00eb problem sepse p\u00ebr ne \u00ebsht\u00eb nj\u00eb shtet n\u00eb t\u00eb [&hellip;]","og_url":"https:\/\/www.press7.tv\/?p=23137","og_site_name":"press7.tv","article_publisher":"https:\/\/www.facebook.com\/press7.tv","article_published_time":"2025-10-30T12:41:18+00:00","og_image":[{"width":1280,"height":720,"url":"https:\/\/www.press7.tv\/wp-content\/uploads\/2025\/10\/IMG_0521.avif","type":"image\/webp"}],"author":"gazetar2","twitter_card":"summary_large_image","twitter_misc":{"Written by":"gazetar2","Est. reading time":"1 minute"},"schema":{"@context":"https:\/\/schema.org","@graph":[{"@type":"Article","@id":"https:\/\/www.press7.tv\/?p=23137#article","isPartOf":{"@id":"https:\/\/www.press7.tv\/?p=23137"},"author":{"name":"gazetar2","@id":"https:\/\/www.news33.tv\/#\/schema\/person\/5a04a38a23ccdba82f9bd665cd8f9efa"},"headline":"Rama: Kosova \u00ebsht\u00eb shtet p\u00ebr ne, por jo p\u00ebr Serbin\u00eb \u2013 ky \u00ebsht\u00eb problemi i madh","datePublished":"2025-10-30T12:41:18+00:00","mainEntityOfPage":{"@id":"https:\/\/www.press7.tv\/?p=23137"},"wordCount":464,"publisher":{"@id":"https:\/\/www.news33.tv\/#organization"},"image":{"@id":"https:\/\/www.press7.tv\/?p=23137#primaryimage"},"thumbnailUrl":"https:\/\/www.press7.tv\/wp-content\/uploads\/2025\/10\/IMG_0521.avif","articleSection":["Lajme","Shqip\u00ebri"],"inLanguage":"en-US"},{"@type":"WebPage","@id":"https:\/\/www.press7.tv\/?p=23137","url":"https:\/\/www.press7.tv\/?p=23137","name":"Rama: Kosova \u00ebsht\u00eb shtet p\u00ebr ne, por jo p\u00ebr Serbin\u00eb \u2013 ky \u00ebsht\u00eb problemi i madh - press7.tv","isPartOf":{"@id":"https:\/\/www.news33.tv\/#website"},"primaryImageOfPage":{"@id":"https:\/\/www.press7.tv\/?p=23137#primaryimage"},"image":{"@id":"https:\/\/www.press7.tv\/?p=23137#primaryimage"},"thumbnailUrl":"https:\/\/www.press7.tv\/wp-content\/uploads\/2025\/10\/IMG_0521.avif","datePublished":"2025-10-30T12:41:18+00:00","breadcrumb":{"@id":"https:\/\/www.press7.tv\/?p=23137#breadcrumb"},"inLanguage":"en-US","potentialAction":[{"@type":"ReadAction","target":["https:\/\/www.press7.tv\/?p=23137"]}]},{"@type":"ImageObject","inLanguage":"en-US","@id":"https:\/\/www.press7.tv\/?p=23137#primaryimage","url":"https:\/\/www.press7.tv\/wp-content\/uploads\/2025\/10\/IMG_0521.avif","contentUrl":"https:\/\/www.press7.tv\/wp-content\/uploads\/2025\/10\/IMG_0521.avif","width":1280,"height":720},{"@type":"BreadcrumbList","@id":"https:\/\/www.press7.tv\/?p=23137#breadcrumb","itemListElement":[{"@type":"ListItem","position":1,"name":"Home","item":"https:\/\/www.press7.tv\/"},{"@type":"ListItem","position":2,"name":"Rama: Kosova \u00ebsht\u00eb shtet p\u00ebr ne, por jo p\u00ebr Serbin\u00eb \u2013 ky \u00ebsht\u00eb problemi i madh"}]},{"@type":"WebSite","@id":"https:\/\/www.news33.tv\/#website","url":"https:\/\/www.news33.tv\/","name":"News33.tv Media","description":"Media","publisher":{"@id":"https:\/\/www.news33.tv\/#organization"},"potentialAction":[{"@type":"SearchAction","target":{"@type":"EntryPoint","urlTemplate":"https:\/\/www.news33.tv\/?s={search_term_string}"},"query-input":{"@type":"PropertyValueSpecification","valueRequired":true,"valueName":"search_term_string"}}],"inLanguage":"en-US"},{"@type":"Organization","@id":"https:\/\/www.news33.tv\/#organization","name":"News33.tv Media","url":"https:\/\/www.news33.tv\/","logo":{"@type":"ImageObject","inLanguage":"en-US","@id":"https:\/\/www.news33.tv\/#\/schema\/logo\/image\/","url":"https:\/\/www.press7.tv\/wp-content\/uploads\/2024\/02\/logo-news33-black.png","contentUrl":"https:\/\/www.press7.tv\/wp-content\/uploads\/2024\/02\/logo-news33-black.png","width":180,"height":37,"caption":"News33.tv Media"},"image":{"@id":"https:\/\/www.news33.tv\/#\/schema\/logo\/image\/"},"sameAs":["https:\/\/www.facebook.com\/press7.tv"]},{"@type":"Person","@id":"https:\/\/www.news33.tv\/#\/schema\/person\/5a04a38a23ccdba82f9bd665cd8f9efa","name":"gazetar2","image":{"@type":"ImageObject","inLanguage":"en-US","@id":"https:\/\/www.news33.tv\/#\/schema\/person\/image\/","url":"https:\/\/www.press7.tv\/wp-content\/litespeed\/avatar\/41975e402c3049d9ddb03adca8f7a883.jpg?ver=1777169572","contentUrl":"https:\/\/www.press7.tv\/wp-content\/litespeed\/avatar\/41975e402c3049d9ddb03adca8f7a883.jpg?ver=1777169572","caption":"gazetar2"},"url":"https:\/\/www.press7.tv\/?author=8"}]}},"amp_enabled":true,"_links":{"self":[{"href":"https:\/\/www.press7.tv\/index.php?rest_route=\/wp\/v2\/posts\/23137","targetHints":{"allow":["GET"]}}],"collection":[{"href":"https:\/\/www.press7.tv\/index.php?rest_route=\/wp\/v2\/posts"}],"about":[{"href":"https:\/\/www.press7.tv\/index.php?rest_route=\/wp\/v2\/types\/post"}],"author":[{"embeddable":true,"href":"https:\/\/www.press7.tv\/index.php?rest_route=\/wp\/v2\/users\/8"}],"replies":[{"embeddable":true,"href":"https:\/\/www.press7.tv\/index.php?rest_route=%2Fwp%2Fv2%2Fcomments&post=23137"}],"version-history":[{"count":1,"href":"https:\/\/www.press7.tv\/index.php?rest_route=\/wp\/v2\/posts\/23137\/revisions"}],"predecessor-version":[{"id":23139,"href":"https:\/\/www.press7.tv\/index.php?rest_route=\/wp\/v2\/posts\/23137\/revisions\/23139"}],"wp:featuredmedia":[{"embeddable":true,"href":"https:\/\/www.press7.tv\/index.php?rest_route=\/wp\/v2\/media\/23138"}],"wp:attachment":[{"href":"https:\/\/www.press7.tv\/index.php?rest_route=%2Fwp%2Fv2%2Fmedia&parent=23137"}],"wp:term":[{"taxonomy":"category","embeddable":true,"href":"https:\/\/www.press7.tv\/index.php?rest_route=%2Fwp%2Fv2%2Fcategories&post=23137"},{"taxonomy":"post_tag","embeddable":true,"href":"https:\/\/www.press7.tv\/index.php?rest_route=%2Fwp%2Fv2%2Ftags&post=23137"}],"curies":[{"name":"wp","href":"https:\/\/api.w.org\/{rel}","templated":true}]}}