{"id":23132,"date":"2025-10-30T12:26:28","date_gmt":"2025-10-30T12:26:28","guid":{"rendered":"https:\/\/www.press7.tv\/?p=23132"},"modified":"2025-10-30T12:26:28","modified_gmt":"2025-10-30T12:26:28","slug":"draftraporti-i-progresit-per-kosoven-progres-i-limituar-dhe-stagnim","status":"publish","type":"post","link":"https:\/\/www.press7.tv\/?p=23132","title":{"rendered":"Draftraporti i progresit p\u00ebr Kosov\u00ebn: Progres i limituar dhe stagnim"},"content":{"rendered":"\n    <div class=\"xs_social_share_widget xs_share_url before_content \t\tmain_content  wslu-style-2 wslu-share-box-shaped wslu-fill-colored wslu-share-m-5 wslu-none wslu-share-vertical wslu-theme-font-no wslu-main_content\">\n\n\t\t\n        <ul>\n\t\t\t        <\/ul>\n    <\/div> \n<p>Kemi pasur qasje n\u00eb draftin e raportit t\u00eb progresit p\u00ebr Kosov\u00ebn, n\u00eb t\u00eb cilin n\u00eb shumic\u00ebn e kapitujve flitet p\u00ebr nj\u00eb \u201cprogres t\u00eb kufizuar\u201d, p\u00ebr \u201cnj\u00ebfar\u00eb progresi\u201d, e n\u00eb disa raste edhe konstatohet se \u201cnuk ka pasur progres\u201c. Kosova m\u00eb s\u00eb shumti kritikohet p\u00ebr gjendjen n\u00eb fush\u00ebn e liris\u00eb s\u00eb shprehjes, ku nuk ka pasur progres, dhe p\u00ebr veprimet n\u00eb veri, t\u00eb cilat, konstatohet edhe n\u00eb k\u00ebt\u00eb raport, kan\u00eb qen\u00eb n\u00eb kund\u00ebrshtim me obligimet e Kosov\u00ebs ndaj BE-s\u00eb dhe me procesin e normalizimit t\u00eb raporteve. Kjo periudh\u00eb \u00ebsht\u00eb dominuar nga politika p\u00ebr\u00e7ar\u00ebse e brendshme dhe fushata konfrontuese n\u00eb prag t\u00eb zgjedhjeve t\u00eb p\u00ebrgjithshme t\u00eb 9 shkurtit 2025. Kjo u pasua me ng\u00ebr\u00e7 politik p\u00ebr shkak t\u00eb paaft\u00ebsis\u00eb apo munges\u00ebs s\u00eb vullnetit t\u00eb partive politike p\u00ebr t\u00eb gjetur rrug\u00ebdalje drejt krijimit t\u00eb institucioneve.<\/p>\n<p>Kosova ka b\u00ebr\u00eb kryesisht progres t\u00eb kufizuar apo nuk ka pasur progres n\u00eb periudh\u00ebn nj\u00ebvje\u00e7are, dhe kjo kryesisht p\u00ebr shkak t\u00eb polarizimeve politike t\u00eb krijuara gjat\u00eb zgjedhjeve t\u00eb 9 shkurtit si dhe ng\u00ebr\u00e7it politik pas tyre. Ky, pak a shum\u00eb, do t\u00eb jet\u00eb vler\u00ebsimi i Raportit t\u00eb Progresit p\u00ebr Kosov\u00ebn, i cili do t\u00eb miratohet t\u00eb mart\u00ebn, m\u00eb 4 n\u00ebntor, nga Komisioni Evropian, n\u00eb kuad\u00ebr t\u00eb paket\u00ebs s\u00eb zgjerimit.<\/p>\n<p>KOHA ka pasur qasje n\u00eb draftin e raportit p\u00ebr Kosov\u00ebn, n\u00eb t\u00eb cilin n\u00eb shumic\u00ebn e kapitujve flitet p\u00ebr nj\u00eb \u201cprogres t\u00eb kufizuar\u201d, p\u00ebr \u201cnj\u00ebfar\u00eb progresi\u201d, e n\u00eb disa raste edhe konstatohet se \u201cnuk ka pasur progres\u201d. Kosova m\u00eb s\u00eb shumti kritikohet p\u00ebr gjendjen n\u00eb fush\u00ebn e liris\u00eb s\u00eb shprehjes, ku nuk ka pasur progres n\u00eb implementimin e rekomandimeve nga raporti i m\u00ebparsh\u00ebm, dhe p\u00ebr veprimet n\u00eb veri, t\u00eb cilat, konstatohet edhe n\u00eb k\u00ebt\u00eb raport, kan\u00eb qen\u00eb n\u00eb kund\u00ebrshtim me obligimet e Kosov\u00ebs ndaj BE-s\u00eb dhe me procesin e normalizimit t\u00eb raporteve.<\/p>\n<p>Nga leximi i par\u00eb mund t\u00eb konstatohet se ky raport \u00ebsht\u00eb m\u00eb pak pozitiv sesa raportet e m\u00ebhershme p\u00ebr Kosov\u00ebn, n\u00eb t\u00eb cilat kishte m\u00eb shum\u00eb progres. Por raporti nuk do t\u00eb jet\u00eb befasi p\u00ebr ask\u00ebnd, duke e ditur se n\u00eb \u00e7far\u00eb periudhe ka kaluar Kosova q\u00eb nga fillimi i k\u00ebtij viti.<\/p>\n<p>Periudha q\u00eb p\u00ebrfshin raporti ishte e ndikuar nga politika p\u00ebr\u00e7ar\u00ebse e brendshme dhe fushata konfrontuese n\u00eb prag t\u00eb zgjedhjeve t\u00eb p\u00ebrgjithshme t\u00eb 9 shkurtit 2025. Kjo u pasua me ng\u00ebr\u00e7 politik p\u00ebr shkak t\u00eb paaft\u00ebsis\u00eb apo munges\u00ebs s\u00eb vullnetit t\u00eb partive politike p\u00ebr t\u00eb gjetur rrug\u00ebdalje drejt krijimit t\u00eb institucioneve. Qeveria ishte me status t\u00eb qeveris\u00eb n\u00eb detyr\u00eb q\u00eb nga 23 marsi, me vet\u00ebm funksione t\u00eb limituara ekzekutive p\u00ebr t\u00eb kryer pun\u00eb ditore\u201d, thuhet n\u00eb draftin e raportit.<\/p>\n<p>N\u00eb pjes\u00ebn kur flitet p\u00ebr raportet e Kosov\u00ebs me BE-n\u00eb, p\u00ebrmendet se qytetar\u00ebt e Kosov\u00ebs tashm\u00eb g\u00ebzojn\u00eb liberalizimin e vizave, se Kosova ka miratuar edhe Agjend\u00ebn e Reformave n\u00eb kuad\u00ebr t\u00eb Planit t\u00eb Rritjes. Por konstatohet se Kosova nuk ka pasur mund\u00ebsi t\u00eb p\u00ebrfitoj\u00eb pagesat e para, p\u00ebr shkak se nuk ka qen\u00eb n\u00eb gjendje t\u00eb ratifikoj\u00eb marr\u00ebveshjen p\u00ebrkat\u00ebse me BE-n\u00eb p\u00ebr mjete dhe kredi.<\/p>\n<p>Heqja e masave kur t\u00eb transferohet pushteti lokal n\u00eb veri<\/p>\n<p>Po ashtu, thuhet se gjat\u00eb k\u00ebsaj periudhe ka pasur vazhdim t\u00eb masave nd\u00ebshkuese t\u00eb BE-s\u00eb ndaj Kosov\u00ebs, p\u00ebr heqjen e t\u00eb cilave Komisioni ka nisur t\u00eb punoj\u00eb nga muaji maj i k\u00ebtij viti.<\/p>\n<p>\u201cHapat e m\u00ebtejm\u00eb jan\u00eb t\u00eb kusht\u00ebzuar me deeskalimin e q\u00ebndruesh\u00ebm n\u00eb veri. Komisioni ka q\u00ebllimin q\u00eb t\u00eb heq\u00eb m\u00eb tej masat financiare n\u00ebse nj\u00eb transfer i rregullt i qeverisjes n\u00eb veri do t\u00eb arrihet pas rundit t\u00eb dyt\u00eb t\u00eb zgjedhjeve lokale dhe deeskalimi t\u00eb jet\u00eb i q\u00ebndruesh\u00ebm\u201d, thuhet n\u00eb tekst.<\/p>\n<p>Nj\u00eb pjes\u00eb e madhe e raportit i kushtohet edhe k\u00ebt\u00eb vit procesit t\u00eb normalizimit t\u00eb raporteve mes Kosov\u00ebs dhe Serbis\u00eb, me \u00e7\u2019rast p\u00ebrs\u00ebritet se p\u00ebrmbushja e obligimeve nga ky dialog \u00ebsht\u00eb parakusht si p\u00ebr Kosov\u00ebn, ashtu edhe p\u00ebr Serbin\u00eb, n\u00eb procesin e integrimeve evropiane, por edhe p\u00ebr p\u00ebrfitime nga Plani i Rritjes p\u00ebr Ballkanin Per\u00ebndimor.<\/p>\n<p>N\u00eb pjes\u00ebn ku flitet p\u00ebr p\u00ebrmbushjen e obligimeve, p\u00ebrs\u00ebritet thirrja p\u00ebr Kosov\u00ebn q\u00eb t\u00eb nis\u00eb themelimin e Asociacionit t\u00eb Komunave me Shumic\u00eb Serbe, nd\u00ebrsa p\u00ebr Serbin\u00eb q\u00eb t\u00eb njoh\u00eb dokumentet dhe simbolet e Kosov\u00ebs. K\u00ebrkohet q\u00eb Kosova t\u00eb nis\u00eb procedur\u00ebn me shqyrtimin e \u201cdraftit evropian\u201d p\u00ebr statutin e Asociacionit.<\/p>\n<p>N\u00eb raport thuhet se progresi n\u00eb normalizimin e raporteve \u00ebsht\u00eb penguar edhe p\u00ebr shkak t\u00eb situat\u00ebs politike si n\u00eb Kosov\u00eb ashtu edhe n\u00eb Serbi, si dhe nga mungesa e masave nga ana e Serbis\u00eb ndaj kryesve t\u00eb sulmit n\u00eb Banjsk\u00eb, p\u00ebr t\u00eb cilin n\u00eb raport p\u00ebrs\u00ebritet se ka sh\u00ebnuar p\u00ebrshkall\u00ebzimin m\u00eb t\u00eb madh t\u00eb siguris\u00eb.<\/p>\n<p>P\u00ebrs\u00ebritet konstatimi se largimi i serb\u00ebve nga institucionet e Kosov\u00ebs n\u00eb vitin 2022 dhe bojkotimi i zgjedhjeve lokale nga ta n\u00eb prill t\u00eb vitit 2023 kishte sh\u00ebnuar \u201ekthim t\u00eb r\u00ebnd\u00eb prapa\u201c n\u00eb obligimet e Serbis\u00eb nga marr\u00ebveshjet e dialogut. Por edhe p\u00ebrsh\u00ebndetet pjes\u00ebmarrja e serb\u00ebve n\u00eb zgjedhjet parlamentare t\u00eb 9 shkurtit dhe n\u00eb ato t\u00eb fundit lokale, q\u00eb shihen si fillim i kthimit t\u00eb tyre n\u00eb institucionet e Kosov\u00ebs.<\/p>\n<p>BE p\u00ebrs\u00ebrit se kthimi i serb\u00ebve t\u00eb Kosov\u00ebs n\u00eb institucionet e Kosov\u00ebs, p\u00ebrfshir\u00eb gjyq\u00ebsorin dhe organet e rendit, duhet t\u00eb b\u00ebhet n\u00eb p\u00ebrputhje me marr\u00ebveshjet nga dialogu dhe me respektim t\u00eb plot\u00eb t\u00eb korniz\u00ebs ligjore t\u00eb Kosov\u00ebs\u201d, thuhet n\u00eb tekst.<\/p>\n<p>Po ashtu, kritikohet edhe angazhimi i Serbis\u00eb kund\u00ebr Kosov\u00ebs n\u00eb forumet nd\u00ebrkomb\u00ebtare. P\u00ebrs\u00ebritet thirrja p\u00ebr Kosov\u00ebn dhe Serbin\u00eb q\u00eb t\u00eb zbatojn\u00eb obligimet nga Marr\u00ebveshja e Brukselit dhe aneksi p\u00ebr zbatimin e saj, dhe t\u00eb angazhohen me vullnet m\u00eb t\u00eb madh drejt normalizimit t\u00eb raporteve, duke evituar edhe gjuh\u00ebn e cila shkon kund\u00ebr frym\u00ebs s\u00eb normalizimit. P\u00ebrs\u00ebritet se \u201cformalitetet\u201c rreth marr\u00ebveshjeve nuk duhet t\u00eb merren si justifikim p\u00ebr moszbatimin e tyre.<\/p>\n<p>Nuk ka progres n\u00eb lirin\u00eb e shprehjes<\/p>\n<p>Komisioni pritet t\u00eb konstatoj\u00eb se nuk ka pasur progres sa i p\u00ebrket liris\u00eb s\u00eb shprehjes.<\/p>\n<p>\u201cP\u00ebrderisa mjedisi mediatik \u00ebsht\u00eb pluralist, ai p\u00ebrballet me sfida q\u00eb lidhen me transparenc\u00ebn e pron\u00ebsis\u00eb s\u00eb mediave dhe q\u00ebndrueshm\u00ebrin\u00eb financiare\u201c, thuhet n\u00eb draftin e raportit, dhe p\u00ebrs\u00ebriten rekomandimet nga viti i m\u00ebparsh\u00ebm p\u00ebr p\u00ebrmir\u00ebsimin e kushteve p\u00ebr gazetar\u00ebt, forcimin e raportimit profesional dhe p\u00ebrmir\u00ebsimin e kapaciteteve p\u00ebr t\u00eb zgjidhur rastet e sulmeve ndaj gazetar\u00ebve.<\/p>\n<p>\u201cGjat\u00eb periudh\u00ebs s\u00eb p\u00ebrfshir\u00eb n\u00eb raport, 70 raste t\u00eb sulmeve fizike dhe verbale, si dhe k\u00ebrc\u00ebnime ndaj gazetar\u00ebve, jan\u00eb raportuar, p\u00ebrfshir\u00eb edhe pengimin e gazetar\u00ebve dhe pun\u00ebtor\u00ebve t\u00eb mediave n\u00eb kryerjen e pun\u00ebs s\u00eb tyre\u201d, thuhet n\u00eb raport dhe p\u00ebrmendet se \u201cgjat\u00eb fushat\u00ebs zgjedhore, zyrtar\u00eb t\u00eb lart\u00eb t\u00eb Kosov\u00ebs, p\u00ebrfshir\u00eb edhe kryeministrin, kan\u00eb p\u00ebrdorur gjuh\u00eb ofenduese ndaj mediave\u201d:<\/p>\n<p>Kosova vler\u00ebsohet p\u00ebr rritjen dometh\u00ebn\u00ebse ekonomike gjat\u00eb periudh\u00ebs q\u00eb mbulohet nga ky raport. Por t\u00ebrhiqet v\u00ebrejtja se shk\u00ebmbimi tregtar \u00ebsht\u00eb n\u00eb disbalanc\u00eb, me rritjen e importit krahasuar me eksportin.<\/p>\n<p>Raportet m\u00eb pozitive k\u00ebt\u00eb vit jan\u00eb ato p\u00ebr Malin e Zi dhe Shqip\u00ebrin\u00eb, gj\u00eb q\u00eb \u00ebsht\u00eb e kuptueshme, pasi k\u00ebto vende kandidate kan\u00eb b\u00ebr\u00eb m\u00eb s\u00eb shumti p\u00ebrparim n\u00eb procesin e negociatave t\u00eb an\u00ebtar\u00ebsimit. Raporti m\u00eb negativ pritet t\u00eb jet\u00eb ai p\u00ebr Serbin\u00eb, e cila n\u00eb disa fusha nuk ka pasur fare progres, e n\u00eb disa ka sh\u00ebnuar edhe kthim prapa. Serbia kritikohet edhe p\u00ebr kthimin prapa n\u00eb lirin\u00eb e shprehjes, p\u00ebr sulmet ndaj organizatave t\u00eb shoq\u00ebris\u00eb civile, p\u00ebr munges\u00ebn e gatishm\u00ebris\u00eb p\u00ebr t\u00eb ndjekur rastet e krimeve t\u00eb luft\u00ebs dhe p\u00ebr retorik\u00ebn anti-BE, t\u00eb cil\u00ebn e p\u00ebrdorin jo vet\u00ebm mediat, por edhe zyrtar\u00ebt e lart\u00eb shtet\u00ebror\u00eb.<\/p>\n<p>Paketa e zgjerimit dhe raportet individuale t\u00eb progresit p\u00ebr secilin vend pritet t\u00eb miratohen nga Komisioni Evropian t\u00eb mart\u00ebn, m\u00eb 4 n\u00ebntor, dhe t\u00eb b\u00ebhen publike t\u00eb nj\u00ebjt\u00ebn dit\u00eb.<\/p>\n","protected":false},"excerpt":{"rendered":"<p>Kemi pasur qasje n\u00eb draftin e raportit t\u00eb progresit p\u00ebr Kosov\u00ebn, n\u00eb t\u00eb cilin n\u00eb shumic\u00ebn e kapitujve flitet p\u00ebr nj\u00eb \u201cprogres t\u00eb kufizuar\u201d, p\u00ebr \u201cnj\u00ebfar\u00eb progresi\u201d, e n\u00eb disa raste edhe konstatohet se \u201cnuk ka pasur progres\u201c. Kosova m\u00eb s\u00eb shumti kritikohet p\u00ebr gjendjen n\u00eb fush\u00ebn e liris\u00eb s\u00eb shprehjes, ku nuk ka pasur [&hellip;]<\/p>\n","protected":false},"author":8,"featured_media":23133,"comment_status":"closed","ping_status":"closed","sticky":false,"template":"","format":"standard","meta":{"footnotes":""},"categories":[215,213],"tags":[],"class_list":["post-23132","post","type-post","status-publish","format-standard","has-post-thumbnail","hentry","category-kosove","category-lajme"],"yoast_head":"<!-- This site is optimized with the Yoast SEO plugin v25.1 - https:\/\/yoast.com\/wordpress\/plugins\/seo\/ -->\n<title>Draftraporti i progresit p\u00ebr Kosov\u00ebn: Progres i limituar dhe stagnim - press7.tv<\/title>\n<meta name=\"robots\" content=\"index, follow, max-snippet:-1, max-image-preview:large, max-video-preview:-1\" \/>\n<link rel=\"canonical\" href=\"https:\/\/www.press7.tv\/?p=23132\" \/>\n<meta property=\"og:locale\" content=\"en_US\" \/>\n<meta property=\"og:type\" content=\"article\" \/>\n<meta property=\"og:title\" content=\"Draftraporti i progresit p\u00ebr Kosov\u00ebn: Progres i limituar dhe stagnim - press7.tv\" \/>\n<meta property=\"og:description\" content=\"Kemi pasur qasje n\u00eb draftin e raportit t\u00eb progresit p\u00ebr Kosov\u00ebn, n\u00eb t\u00eb cilin n\u00eb shumic\u00ebn e kapitujve flitet p\u00ebr nj\u00eb \u201cprogres t\u00eb kufizuar\u201d, p\u00ebr \u201cnj\u00ebfar\u00eb progresi\u201d, e n\u00eb disa raste edhe konstatohet se \u201cnuk ka pasur progres\u201c. Kosova m\u00eb s\u00eb shumti kritikohet p\u00ebr gjendjen n\u00eb fush\u00ebn e liris\u00eb s\u00eb shprehjes, ku nuk ka pasur [&hellip;]\" \/>\n<meta property=\"og:url\" content=\"https:\/\/www.press7.tv\/?p=23132\" \/>\n<meta property=\"og:site_name\" content=\"press7.tv\" \/>\n<meta property=\"article:publisher\" content=\"https:\/\/www.facebook.com\/press7.tv\" \/>\n<meta property=\"article:published_time\" content=\"2025-10-30T12:26:28+00:00\" \/>\n<meta property=\"og:image\" content=\"https:\/\/www.press7.tv\/wp-content\/uploads\/2025\/10\/IMG_0517.avif\" \/>\n\t<meta property=\"og:image:width\" content=\"909\" \/>\n\t<meta property=\"og:image:height\" content=\"480\" \/>\n\t<meta property=\"og:image:type\" content=\"image\/jpeg\" \/>\n<meta name=\"author\" content=\"gazetar2\" \/>\n<meta name=\"twitter:card\" content=\"summary_large_image\" \/>\n<meta name=\"twitter:label1\" content=\"Written by\" \/>\n\t<meta name=\"twitter:data1\" content=\"gazetar2\" \/>\n\t<meta name=\"twitter:label2\" content=\"Est. reading time\" \/>\n\t<meta name=\"twitter:data2\" content=\"1 minute\" \/>\n<script type=\"application\/ld+json\" class=\"yoast-schema-graph\">{\"@context\":\"https:\/\/schema.org\",\"@graph\":[{\"@type\":\"Article\",\"@id\":\"https:\/\/www.press7.tv\/?p=23132#article\",\"isPartOf\":{\"@id\":\"https:\/\/www.press7.tv\/?p=23132\"},\"author\":{\"name\":\"gazetar2\",\"@id\":\"https:\/\/www.news33.tv\/#\/schema\/person\/5a04a38a23ccdba82f9bd665cd8f9efa\"},\"headline\":\"Draftraporti i progresit p\u00ebr Kosov\u00ebn: Progres i limituar dhe stagnim\",\"datePublished\":\"2025-10-30T12:26:28+00:00\",\"mainEntityOfPage\":{\"@id\":\"https:\/\/www.press7.tv\/?p=23132\"},\"wordCount\":1464,\"publisher\":{\"@id\":\"https:\/\/www.news33.tv\/#organization\"},\"image\":{\"@id\":\"https:\/\/www.press7.tv\/?p=23132#primaryimage\"},\"thumbnailUrl\":\"https:\/\/www.press7.tv\/wp-content\/uploads\/2025\/10\/IMG_0517.avif\",\"articleSection\":[\"Kosov\u00eb\",\"Lajme\"],\"inLanguage\":\"en-US\"},{\"@type\":\"WebPage\",\"@id\":\"https:\/\/www.press7.tv\/?p=23132\",\"url\":\"https:\/\/www.press7.tv\/?p=23132\",\"name\":\"Draftraporti i progresit p\u00ebr Kosov\u00ebn: Progres i limituar dhe stagnim - press7.tv\",\"isPartOf\":{\"@id\":\"https:\/\/www.news33.tv\/#website\"},\"primaryImageOfPage\":{\"@id\":\"https:\/\/www.press7.tv\/?p=23132#primaryimage\"},\"image\":{\"@id\":\"https:\/\/www.press7.tv\/?p=23132#primaryimage\"},\"thumbnailUrl\":\"https:\/\/www.press7.tv\/wp-content\/uploads\/2025\/10\/IMG_0517.avif\",\"datePublished\":\"2025-10-30T12:26:28+00:00\",\"breadcrumb\":{\"@id\":\"https:\/\/www.press7.tv\/?p=23132#breadcrumb\"},\"inLanguage\":\"en-US\",\"potentialAction\":[{\"@type\":\"ReadAction\",\"target\":[\"https:\/\/www.press7.tv\/?p=23132\"]}]},{\"@type\":\"ImageObject\",\"inLanguage\":\"en-US\",\"@id\":\"https:\/\/www.press7.tv\/?p=23132#primaryimage\",\"url\":\"https:\/\/www.press7.tv\/wp-content\/uploads\/2025\/10\/IMG_0517.avif\",\"contentUrl\":\"https:\/\/www.press7.tv\/wp-content\/uploads\/2025\/10\/IMG_0517.avif\",\"width\":909,\"height\":480},{\"@type\":\"BreadcrumbList\",\"@id\":\"https:\/\/www.press7.tv\/?p=23132#breadcrumb\",\"itemListElement\":[{\"@type\":\"ListItem\",\"position\":1,\"name\":\"Home\",\"item\":\"https:\/\/www.press7.tv\/\"},{\"@type\":\"ListItem\",\"position\":2,\"name\":\"Draftraporti i progresit p\u00ebr Kosov\u00ebn: Progres i limituar dhe stagnim\"}]},{\"@type\":\"WebSite\",\"@id\":\"https:\/\/www.news33.tv\/#website\",\"url\":\"https:\/\/www.news33.tv\/\",\"name\":\"News33.tv Media\",\"description\":\"Media\",\"publisher\":{\"@id\":\"https:\/\/www.news33.tv\/#organization\"},\"potentialAction\":[{\"@type\":\"SearchAction\",\"target\":{\"@type\":\"EntryPoint\",\"urlTemplate\":\"https:\/\/www.news33.tv\/?s={search_term_string}\"},\"query-input\":{\"@type\":\"PropertyValueSpecification\",\"valueRequired\":true,\"valueName\":\"search_term_string\"}}],\"inLanguage\":\"en-US\"},{\"@type\":\"Organization\",\"@id\":\"https:\/\/www.news33.tv\/#organization\",\"name\":\"News33.tv Media\",\"url\":\"https:\/\/www.news33.tv\/\",\"logo\":{\"@type\":\"ImageObject\",\"inLanguage\":\"en-US\",\"@id\":\"https:\/\/www.news33.tv\/#\/schema\/logo\/image\/\",\"url\":\"https:\/\/www.press7.tv\/wp-content\/uploads\/2024\/02\/logo-news33-black.png\",\"contentUrl\":\"https:\/\/www.press7.tv\/wp-content\/uploads\/2024\/02\/logo-news33-black.png\",\"width\":180,\"height\":37,\"caption\":\"News33.tv Media\"},\"image\":{\"@id\":\"https:\/\/www.news33.tv\/#\/schema\/logo\/image\/\"},\"sameAs\":[\"https:\/\/www.facebook.com\/press7.tv\"]},{\"@type\":\"Person\",\"@id\":\"https:\/\/www.news33.tv\/#\/schema\/person\/5a04a38a23ccdba82f9bd665cd8f9efa\",\"name\":\"gazetar2\",\"image\":{\"@type\":\"ImageObject\",\"inLanguage\":\"en-US\",\"@id\":\"https:\/\/www.news33.tv\/#\/schema\/person\/image\/\",\"url\":\"https:\/\/www.press7.tv\/wp-content\/litespeed\/avatar\/41975e402c3049d9ddb03adca8f7a883.jpg?ver=1777169572\",\"contentUrl\":\"https:\/\/www.press7.tv\/wp-content\/litespeed\/avatar\/41975e402c3049d9ddb03adca8f7a883.jpg?ver=1777169572\",\"caption\":\"gazetar2\"},\"url\":\"https:\/\/www.press7.tv\/?author=8\"}]}<\/script>\n<!-- \/ Yoast SEO plugin. -->","yoast_head_json":{"title":"Draftraporti i progresit p\u00ebr Kosov\u00ebn: Progres i limituar dhe stagnim - press7.tv","robots":{"index":"index","follow":"follow","max-snippet":"max-snippet:-1","max-image-preview":"max-image-preview:large","max-video-preview":"max-video-preview:-1"},"canonical":"https:\/\/www.press7.tv\/?p=23132","og_locale":"en_US","og_type":"article","og_title":"Draftraporti i progresit p\u00ebr Kosov\u00ebn: Progres i limituar dhe stagnim - press7.tv","og_description":"Kemi pasur qasje n\u00eb draftin e raportit t\u00eb progresit p\u00ebr Kosov\u00ebn, n\u00eb t\u00eb cilin n\u00eb shumic\u00ebn e kapitujve flitet p\u00ebr nj\u00eb \u201cprogres t\u00eb kufizuar\u201d, p\u00ebr \u201cnj\u00ebfar\u00eb progresi\u201d, e n\u00eb disa raste edhe konstatohet se \u201cnuk ka pasur progres\u201c. Kosova m\u00eb s\u00eb shumti kritikohet p\u00ebr gjendjen n\u00eb fush\u00ebn e liris\u00eb s\u00eb shprehjes, ku nuk ka pasur [&hellip;]","og_url":"https:\/\/www.press7.tv\/?p=23132","og_site_name":"press7.tv","article_publisher":"https:\/\/www.facebook.com\/press7.tv","article_published_time":"2025-10-30T12:26:28+00:00","og_image":[{"width":909,"height":480,"url":"https:\/\/www.press7.tv\/wp-content\/uploads\/2025\/10\/IMG_0517.avif","type":"image\/jpeg"}],"author":"gazetar2","twitter_card":"summary_large_image","twitter_misc":{"Written by":"gazetar2","Est. reading time":"1 minute"},"schema":{"@context":"https:\/\/schema.org","@graph":[{"@type":"Article","@id":"https:\/\/www.press7.tv\/?p=23132#article","isPartOf":{"@id":"https:\/\/www.press7.tv\/?p=23132"},"author":{"name":"gazetar2","@id":"https:\/\/www.news33.tv\/#\/schema\/person\/5a04a38a23ccdba82f9bd665cd8f9efa"},"headline":"Draftraporti i progresit p\u00ebr Kosov\u00ebn: Progres i limituar dhe stagnim","datePublished":"2025-10-30T12:26:28+00:00","mainEntityOfPage":{"@id":"https:\/\/www.press7.tv\/?p=23132"},"wordCount":1464,"publisher":{"@id":"https:\/\/www.news33.tv\/#organization"},"image":{"@id":"https:\/\/www.press7.tv\/?p=23132#primaryimage"},"thumbnailUrl":"https:\/\/www.press7.tv\/wp-content\/uploads\/2025\/10\/IMG_0517.avif","articleSection":["Kosov\u00eb","Lajme"],"inLanguage":"en-US"},{"@type":"WebPage","@id":"https:\/\/www.press7.tv\/?p=23132","url":"https:\/\/www.press7.tv\/?p=23132","name":"Draftraporti i progresit p\u00ebr Kosov\u00ebn: Progres i limituar dhe stagnim - press7.tv","isPartOf":{"@id":"https:\/\/www.news33.tv\/#website"},"primaryImageOfPage":{"@id":"https:\/\/www.press7.tv\/?p=23132#primaryimage"},"image":{"@id":"https:\/\/www.press7.tv\/?p=23132#primaryimage"},"thumbnailUrl":"https:\/\/www.press7.tv\/wp-content\/uploads\/2025\/10\/IMG_0517.avif","datePublished":"2025-10-30T12:26:28+00:00","breadcrumb":{"@id":"https:\/\/www.press7.tv\/?p=23132#breadcrumb"},"inLanguage":"en-US","potentialAction":[{"@type":"ReadAction","target":["https:\/\/www.press7.tv\/?p=23132"]}]},{"@type":"ImageObject","inLanguage":"en-US","@id":"https:\/\/www.press7.tv\/?p=23132#primaryimage","url":"https:\/\/www.press7.tv\/wp-content\/uploads\/2025\/10\/IMG_0517.avif","contentUrl":"https:\/\/www.press7.tv\/wp-content\/uploads\/2025\/10\/IMG_0517.avif","width":909,"height":480},{"@type":"BreadcrumbList","@id":"https:\/\/www.press7.tv\/?p=23132#breadcrumb","itemListElement":[{"@type":"ListItem","position":1,"name":"Home","item":"https:\/\/www.press7.tv\/"},{"@type":"ListItem","position":2,"name":"Draftraporti i progresit p\u00ebr Kosov\u00ebn: Progres i limituar dhe stagnim"}]},{"@type":"WebSite","@id":"https:\/\/www.news33.tv\/#website","url":"https:\/\/www.news33.tv\/","name":"News33.tv Media","description":"Media","publisher":{"@id":"https:\/\/www.news33.tv\/#organization"},"potentialAction":[{"@type":"SearchAction","target":{"@type":"EntryPoint","urlTemplate":"https:\/\/www.news33.tv\/?s={search_term_string}"},"query-input":{"@type":"PropertyValueSpecification","valueRequired":true,"valueName":"search_term_string"}}],"inLanguage":"en-US"},{"@type":"Organization","@id":"https:\/\/www.news33.tv\/#organization","name":"News33.tv Media","url":"https:\/\/www.news33.tv\/","logo":{"@type":"ImageObject","inLanguage":"en-US","@id":"https:\/\/www.news33.tv\/#\/schema\/logo\/image\/","url":"https:\/\/www.press7.tv\/wp-content\/uploads\/2024\/02\/logo-news33-black.png","contentUrl":"https:\/\/www.press7.tv\/wp-content\/uploads\/2024\/02\/logo-news33-black.png","width":180,"height":37,"caption":"News33.tv Media"},"image":{"@id":"https:\/\/www.news33.tv\/#\/schema\/logo\/image\/"},"sameAs":["https:\/\/www.facebook.com\/press7.tv"]},{"@type":"Person","@id":"https:\/\/www.news33.tv\/#\/schema\/person\/5a04a38a23ccdba82f9bd665cd8f9efa","name":"gazetar2","image":{"@type":"ImageObject","inLanguage":"en-US","@id":"https:\/\/www.news33.tv\/#\/schema\/person\/image\/","url":"https:\/\/www.press7.tv\/wp-content\/litespeed\/avatar\/41975e402c3049d9ddb03adca8f7a883.jpg?ver=1777169572","contentUrl":"https:\/\/www.press7.tv\/wp-content\/litespeed\/avatar\/41975e402c3049d9ddb03adca8f7a883.jpg?ver=1777169572","caption":"gazetar2"},"url":"https:\/\/www.press7.tv\/?author=8"}]}},"amp_enabled":true,"_links":{"self":[{"href":"https:\/\/www.press7.tv\/index.php?rest_route=\/wp\/v2\/posts\/23132","targetHints":{"allow":["GET"]}}],"collection":[{"href":"https:\/\/www.press7.tv\/index.php?rest_route=\/wp\/v2\/posts"}],"about":[{"href":"https:\/\/www.press7.tv\/index.php?rest_route=\/wp\/v2\/types\/post"}],"author":[{"embeddable":true,"href":"https:\/\/www.press7.tv\/index.php?rest_route=\/wp\/v2\/users\/8"}],"replies":[{"embeddable":true,"href":"https:\/\/www.press7.tv\/index.php?rest_route=%2Fwp%2Fv2%2Fcomments&post=23132"}],"version-history":[{"count":2,"href":"https:\/\/www.press7.tv\/index.php?rest_route=\/wp\/v2\/posts\/23132\/revisions"}],"predecessor-version":[{"id":23135,"href":"https:\/\/www.press7.tv\/index.php?rest_route=\/wp\/v2\/posts\/23132\/revisions\/23135"}],"wp:featuredmedia":[{"embeddable":true,"href":"https:\/\/www.press7.tv\/index.php?rest_route=\/wp\/v2\/media\/23133"}],"wp:attachment":[{"href":"https:\/\/www.press7.tv\/index.php?rest_route=%2Fwp%2Fv2%2Fmedia&parent=23132"}],"wp:term":[{"taxonomy":"category","embeddable":true,"href":"https:\/\/www.press7.tv\/index.php?rest_route=%2Fwp%2Fv2%2Fcategories&post=23132"},{"taxonomy":"post_tag","embeddable":true,"href":"https:\/\/www.press7.tv\/index.php?rest_route=%2Fwp%2Fv2%2Ftags&post=23132"}],"curies":[{"name":"wp","href":"https:\/\/api.w.org\/{rel}","templated":true}]}}