{"id":23128,"date":"2025-10-29T16:17:58","date_gmt":"2025-10-29T16:17:58","guid":{"rendered":"https:\/\/www.press7.tv\/?p=23128"},"modified":"2025-10-29T16:17:58","modified_gmt":"2025-10-29T16:17:58","slug":"siria-njeh-kosoven","status":"publish","type":"post","link":"https:\/\/www.press7.tv\/?p=23128","title":{"rendered":"Siria njeh Kosov\u00ebn"},"content":{"rendered":"\n    <div class=\"xs_social_share_widget xs_share_url before_content \t\tmain_content  wslu-style-2 wslu-share-box-shaped wslu-fill-colored wslu-share-m-5 wslu-none wslu-share-vertical wslu-theme-font-no wslu-main_content\">\n\n\t\t\n        <ul>\n\t\t\t        <\/ul>\n    <\/div> \n<p>Siria \u00ebsht\u00eb b\u00ebr\u00eb shteti i 120-t\u00eb q\u00eb e ka njohur Kosov\u00ebn si shtet. <\/p>\n<p>Presidentja e Kosov\u00ebs, Vjosa Osmani, ka njoftuar se t\u00eb m\u00ebrkur\u00ebn n\u00eb Riad kan\u00eb arritur marr\u00ebveshje n\u00ebp\u00ebrmjet s\u00eb cil\u00ebs Republika Arabe e Siris\u00eb e ka njohur Republik\u00ebn e Kosov\u00ebs.<\/p>\n<p>\u201cMe mb\u00ebshtetjen e Lart\u00ebsis\u00eb s\u00eb tij Mbret\u00ebrore, Princit t\u00eb Kuror\u00ebs s\u00eb Arabis\u00eb Saudite, Muhammed bin Salman Al Saud, sot ne Riad arrit\u00ebm marr\u00ebveshjen n\u00ebp\u00ebrmjet s\u00eb cil\u00ebs Republika Arabe e Siris\u00eb njeh Republik\u00ebn e Kosov\u00ebs. Fal\u00ebnderoj Presidentin Al Sharaa p\u00ebr vendimin p\u00ebr njohje t\u00eb Kosov\u00ebs si dhe p\u00ebr mb\u00ebshtetjen e tij p\u00ebr popullin ton\u00eb\u201d, ka shkruar Osmani n\u00eb Facebook. <\/p>\n<p><a href=\"https:\/\/www.facebook.com\/VjosaOsmaniMP?ref=embed_post\">https:\/\/www.facebook.com\/VjosaOsmaniMP?ref=embed_post<\/a><\/p>\n","protected":false},"excerpt":{"rendered":"<p>Siria \u00ebsht\u00eb b\u00ebr\u00eb shteti i 120-t\u00eb q\u00eb e ka njohur Kosov\u00ebn si shtet. Presidentja e Kosov\u00ebs, Vjosa Osmani, ka njoftuar se t\u00eb m\u00ebrkur\u00ebn n\u00eb Riad kan\u00eb arritur marr\u00ebveshje n\u00ebp\u00ebrmjet s\u00eb cil\u00ebs Republika Arabe e Siris\u00eb e ka njohur Republik\u00ebn e Kosov\u00ebs. \u201cMe mb\u00ebshtetjen e Lart\u00ebsis\u00eb s\u00eb tij Mbret\u00ebrore, Princit t\u00eb Kuror\u00ebs s\u00eb Arabis\u00eb Saudite, Muhammed [&hellip;]<\/p>\n","protected":false},"author":8,"featured_media":23129,"comment_status":"closed","ping_status":"closed","sticky":false,"template":"","format":"standard","meta":{"footnotes":""},"categories":[215,213],"tags":[],"class_list":["post-23128","post","type-post","status-publish","format-standard","has-post-thumbnail","hentry","category-kosove","category-lajme"],"yoast_head":"<!-- This site is optimized with the Yoast SEO plugin v25.1 - https:\/\/yoast.com\/wordpress\/plugins\/seo\/ -->\n<title>Siria njeh Kosov\u00ebn - press7.tv<\/title>\n<meta name=\"robots\" content=\"index, follow, max-snippet:-1, max-image-preview:large, max-video-preview:-1\" \/>\n<link rel=\"canonical\" href=\"https:\/\/www.press7.tv\/?p=23128\" \/>\n<meta property=\"og:locale\" content=\"en_US\" \/>\n<meta property=\"og:type\" content=\"article\" \/>\n<meta property=\"og:title\" content=\"Siria njeh Kosov\u00ebn - press7.tv\" \/>\n<meta property=\"og:description\" content=\"Siria \u00ebsht\u00eb b\u00ebr\u00eb shteti i 120-t\u00eb q\u00eb e ka njohur Kosov\u00ebn si shtet. Presidentja e Kosov\u00ebs, Vjosa Osmani, ka njoftuar se t\u00eb m\u00ebrkur\u00ebn n\u00eb Riad kan\u00eb arritur marr\u00ebveshje n\u00ebp\u00ebrmjet s\u00eb cil\u00ebs Republika Arabe e Siris\u00eb e ka njohur Republik\u00ebn e Kosov\u00ebs. \u201cMe mb\u00ebshtetjen e Lart\u00ebsis\u00eb s\u00eb tij Mbret\u00ebrore, Princit t\u00eb Kuror\u00ebs s\u00eb Arabis\u00eb Saudite, Muhammed [&hellip;]\" \/>\n<meta property=\"og:url\" content=\"https:\/\/www.press7.tv\/?p=23128\" \/>\n<meta property=\"og:site_name\" content=\"press7.tv\" \/>\n<meta property=\"article:publisher\" content=\"https:\/\/www.facebook.com\/press7.tv\" \/>\n<meta property=\"article:published_time\" content=\"2025-10-29T16:17:58+00:00\" \/>\n<meta property=\"og:image\" content=\"https:\/\/www.press7.tv\/wp-content\/uploads\/2025\/10\/IMG_0511.avif\" \/>\n\t<meta property=\"og:image:width\" content=\"1360\" \/>\n\t<meta property=\"og:image:height\" content=\"870\" \/>\n\t<meta property=\"og:image:type\" content=\"image\/webp\" \/>\n<meta name=\"author\" content=\"gazetar2\" \/>\n<meta name=\"twitter:card\" content=\"summary_large_image\" \/>\n<meta name=\"twitter:label1\" content=\"Written by\" \/>\n\t<meta name=\"twitter:data1\" content=\"gazetar2\" \/>\n\t<meta name=\"twitter:label2\" content=\"Est. reading time\" \/>\n\t<meta name=\"twitter:data2\" content=\"1 minute\" \/>\n<script type=\"application\/ld+json\" class=\"yoast-schema-graph\">{\"@context\":\"https:\/\/schema.org\",\"@graph\":[{\"@type\":\"Article\",\"@id\":\"https:\/\/www.press7.tv\/?p=23128#article\",\"isPartOf\":{\"@id\":\"https:\/\/www.press7.tv\/?p=23128\"},\"author\":{\"name\":\"gazetar2\",\"@id\":\"https:\/\/www.news33.tv\/#\/schema\/person\/5a04a38a23ccdba82f9bd665cd8f9efa\"},\"headline\":\"Siria njeh Kosov\u00ebn\",\"datePublished\":\"2025-10-29T16:17:58+00:00\",\"mainEntityOfPage\":{\"@id\":\"https:\/\/www.press7.tv\/?p=23128\"},\"wordCount\":140,\"publisher\":{\"@id\":\"https:\/\/www.news33.tv\/#organization\"},\"image\":{\"@id\":\"https:\/\/www.press7.tv\/?p=23128#primaryimage\"},\"thumbnailUrl\":\"https:\/\/www.press7.tv\/wp-content\/uploads\/2025\/10\/IMG_0511.avif\",\"articleSection\":[\"Kosov\u00eb\",\"Lajme\"],\"inLanguage\":\"en-US\"},{\"@type\":\"WebPage\",\"@id\":\"https:\/\/www.press7.tv\/?p=23128\",\"url\":\"https:\/\/www.press7.tv\/?p=23128\",\"name\":\"Siria njeh Kosov\u00ebn - press7.tv\",\"isPartOf\":{\"@id\":\"https:\/\/www.news33.tv\/#website\"},\"primaryImageOfPage\":{\"@id\":\"https:\/\/www.press7.tv\/?p=23128#primaryimage\"},\"image\":{\"@id\":\"https:\/\/www.press7.tv\/?p=23128#primaryimage\"},\"thumbnailUrl\":\"https:\/\/www.press7.tv\/wp-content\/uploads\/2025\/10\/IMG_0511.avif\",\"datePublished\":\"2025-10-29T16:17:58+00:00\",\"breadcrumb\":{\"@id\":\"https:\/\/www.press7.tv\/?p=23128#breadcrumb\"},\"inLanguage\":\"en-US\",\"potentialAction\":[{\"@type\":\"ReadAction\",\"target\":[\"https:\/\/www.press7.tv\/?p=23128\"]}]},{\"@type\":\"ImageObject\",\"inLanguage\":\"en-US\",\"@id\":\"https:\/\/www.press7.tv\/?p=23128#primaryimage\",\"url\":\"https:\/\/www.press7.tv\/wp-content\/uploads\/2025\/10\/IMG_0511.avif\",\"contentUrl\":\"https:\/\/www.press7.tv\/wp-content\/uploads\/2025\/10\/IMG_0511.avif\",\"width\":1360,\"height\":870},{\"@type\":\"BreadcrumbList\",\"@id\":\"https:\/\/www.press7.tv\/?p=23128#breadcrumb\",\"itemListElement\":[{\"@type\":\"ListItem\",\"position\":1,\"name\":\"Home\",\"item\":\"https:\/\/www.press7.tv\/\"},{\"@type\":\"ListItem\",\"position\":2,\"name\":\"Siria njeh Kosov\u00ebn\"}]},{\"@type\":\"WebSite\",\"@id\":\"https:\/\/www.news33.tv\/#website\",\"url\":\"https:\/\/www.news33.tv\/\",\"name\":\"News33.tv Media\",\"description\":\"Media\",\"publisher\":{\"@id\":\"https:\/\/www.news33.tv\/#organization\"},\"potentialAction\":[{\"@type\":\"SearchAction\",\"target\":{\"@type\":\"EntryPoint\",\"urlTemplate\":\"https:\/\/www.news33.tv\/?s={search_term_string}\"},\"query-input\":{\"@type\":\"PropertyValueSpecification\",\"valueRequired\":true,\"valueName\":\"search_term_string\"}}],\"inLanguage\":\"en-US\"},{\"@type\":\"Organization\",\"@id\":\"https:\/\/www.news33.tv\/#organization\",\"name\":\"News33.tv Media\",\"url\":\"https:\/\/www.news33.tv\/\",\"logo\":{\"@type\":\"ImageObject\",\"inLanguage\":\"en-US\",\"@id\":\"https:\/\/www.news33.tv\/#\/schema\/logo\/image\/\",\"url\":\"https:\/\/www.press7.tv\/wp-content\/uploads\/2024\/02\/logo-news33-black.png\",\"contentUrl\":\"https:\/\/www.press7.tv\/wp-content\/uploads\/2024\/02\/logo-news33-black.png\",\"width\":180,\"height\":37,\"caption\":\"News33.tv Media\"},\"image\":{\"@id\":\"https:\/\/www.news33.tv\/#\/schema\/logo\/image\/\"},\"sameAs\":[\"https:\/\/www.facebook.com\/press7.tv\"]},{\"@type\":\"Person\",\"@id\":\"https:\/\/www.news33.tv\/#\/schema\/person\/5a04a38a23ccdba82f9bd665cd8f9efa\",\"name\":\"gazetar2\",\"image\":{\"@type\":\"ImageObject\",\"inLanguage\":\"en-US\",\"@id\":\"https:\/\/www.news33.tv\/#\/schema\/person\/image\/\",\"url\":\"https:\/\/www.press7.tv\/wp-content\/litespeed\/avatar\/41975e402c3049d9ddb03adca8f7a883.jpg?ver=1777169572\",\"contentUrl\":\"https:\/\/www.press7.tv\/wp-content\/litespeed\/avatar\/41975e402c3049d9ddb03adca8f7a883.jpg?ver=1777169572\",\"caption\":\"gazetar2\"},\"url\":\"https:\/\/www.press7.tv\/?author=8\"}]}<\/script>\n<!-- \/ Yoast SEO plugin. -->","yoast_head_json":{"title":"Siria njeh Kosov\u00ebn - press7.tv","robots":{"index":"index","follow":"follow","max-snippet":"max-snippet:-1","max-image-preview":"max-image-preview:large","max-video-preview":"max-video-preview:-1"},"canonical":"https:\/\/www.press7.tv\/?p=23128","og_locale":"en_US","og_type":"article","og_title":"Siria njeh Kosov\u00ebn - press7.tv","og_description":"Siria \u00ebsht\u00eb b\u00ebr\u00eb shteti i 120-t\u00eb q\u00eb e ka njohur Kosov\u00ebn si shtet. Presidentja e Kosov\u00ebs, Vjosa Osmani, ka njoftuar se t\u00eb m\u00ebrkur\u00ebn n\u00eb Riad kan\u00eb arritur marr\u00ebveshje n\u00ebp\u00ebrmjet s\u00eb cil\u00ebs Republika Arabe e Siris\u00eb e ka njohur Republik\u00ebn e Kosov\u00ebs. \u201cMe mb\u00ebshtetjen e Lart\u00ebsis\u00eb s\u00eb tij Mbret\u00ebrore, Princit t\u00eb Kuror\u00ebs s\u00eb Arabis\u00eb Saudite, Muhammed [&hellip;]","og_url":"https:\/\/www.press7.tv\/?p=23128","og_site_name":"press7.tv","article_publisher":"https:\/\/www.facebook.com\/press7.tv","article_published_time":"2025-10-29T16:17:58+00:00","og_image":[{"width":1360,"height":870,"url":"https:\/\/www.press7.tv\/wp-content\/uploads\/2025\/10\/IMG_0511.avif","type":"image\/webp"}],"author":"gazetar2","twitter_card":"summary_large_image","twitter_misc":{"Written by":"gazetar2","Est. reading time":"1 minute"},"schema":{"@context":"https:\/\/schema.org","@graph":[{"@type":"Article","@id":"https:\/\/www.press7.tv\/?p=23128#article","isPartOf":{"@id":"https:\/\/www.press7.tv\/?p=23128"},"author":{"name":"gazetar2","@id":"https:\/\/www.news33.tv\/#\/schema\/person\/5a04a38a23ccdba82f9bd665cd8f9efa"},"headline":"Siria njeh Kosov\u00ebn","datePublished":"2025-10-29T16:17:58+00:00","mainEntityOfPage":{"@id":"https:\/\/www.press7.tv\/?p=23128"},"wordCount":140,"publisher":{"@id":"https:\/\/www.news33.tv\/#organization"},"image":{"@id":"https:\/\/www.press7.tv\/?p=23128#primaryimage"},"thumbnailUrl":"https:\/\/www.press7.tv\/wp-content\/uploads\/2025\/10\/IMG_0511.avif","articleSection":["Kosov\u00eb","Lajme"],"inLanguage":"en-US"},{"@type":"WebPage","@id":"https:\/\/www.press7.tv\/?p=23128","url":"https:\/\/www.press7.tv\/?p=23128","name":"Siria njeh Kosov\u00ebn - press7.tv","isPartOf":{"@id":"https:\/\/www.news33.tv\/#website"},"primaryImageOfPage":{"@id":"https:\/\/www.press7.tv\/?p=23128#primaryimage"},"image":{"@id":"https:\/\/www.press7.tv\/?p=23128#primaryimage"},"thumbnailUrl":"https:\/\/www.press7.tv\/wp-content\/uploads\/2025\/10\/IMG_0511.avif","datePublished":"2025-10-29T16:17:58+00:00","breadcrumb":{"@id":"https:\/\/www.press7.tv\/?p=23128#breadcrumb"},"inLanguage":"en-US","potentialAction":[{"@type":"ReadAction","target":["https:\/\/www.press7.tv\/?p=23128"]}]},{"@type":"ImageObject","inLanguage":"en-US","@id":"https:\/\/www.press7.tv\/?p=23128#primaryimage","url":"https:\/\/www.press7.tv\/wp-content\/uploads\/2025\/10\/IMG_0511.avif","contentUrl":"https:\/\/www.press7.tv\/wp-content\/uploads\/2025\/10\/IMG_0511.avif","width":1360,"height":870},{"@type":"BreadcrumbList","@id":"https:\/\/www.press7.tv\/?p=23128#breadcrumb","itemListElement":[{"@type":"ListItem","position":1,"name":"Home","item":"https:\/\/www.press7.tv\/"},{"@type":"ListItem","position":2,"name":"Siria njeh Kosov\u00ebn"}]},{"@type":"WebSite","@id":"https:\/\/www.news33.tv\/#website","url":"https:\/\/www.news33.tv\/","name":"News33.tv Media","description":"Media","publisher":{"@id":"https:\/\/www.news33.tv\/#organization"},"potentialAction":[{"@type":"SearchAction","target":{"@type":"EntryPoint","urlTemplate":"https:\/\/www.news33.tv\/?s={search_term_string}"},"query-input":{"@type":"PropertyValueSpecification","valueRequired":true,"valueName":"search_term_string"}}],"inLanguage":"en-US"},{"@type":"Organization","@id":"https:\/\/www.news33.tv\/#organization","name":"News33.tv Media","url":"https:\/\/www.news33.tv\/","logo":{"@type":"ImageObject","inLanguage":"en-US","@id":"https:\/\/www.news33.tv\/#\/schema\/logo\/image\/","url":"https:\/\/www.press7.tv\/wp-content\/uploads\/2024\/02\/logo-news33-black.png","contentUrl":"https:\/\/www.press7.tv\/wp-content\/uploads\/2024\/02\/logo-news33-black.png","width":180,"height":37,"caption":"News33.tv Media"},"image":{"@id":"https:\/\/www.news33.tv\/#\/schema\/logo\/image\/"},"sameAs":["https:\/\/www.facebook.com\/press7.tv"]},{"@type":"Person","@id":"https:\/\/www.news33.tv\/#\/schema\/person\/5a04a38a23ccdba82f9bd665cd8f9efa","name":"gazetar2","image":{"@type":"ImageObject","inLanguage":"en-US","@id":"https:\/\/www.news33.tv\/#\/schema\/person\/image\/","url":"https:\/\/www.press7.tv\/wp-content\/litespeed\/avatar\/41975e402c3049d9ddb03adca8f7a883.jpg?ver=1777169572","contentUrl":"https:\/\/www.press7.tv\/wp-content\/litespeed\/avatar\/41975e402c3049d9ddb03adca8f7a883.jpg?ver=1777169572","caption":"gazetar2"},"url":"https:\/\/www.press7.tv\/?author=8"}]}},"amp_enabled":true,"_links":{"self":[{"href":"https:\/\/www.press7.tv\/index.php?rest_route=\/wp\/v2\/posts\/23128","targetHints":{"allow":["GET"]}}],"collection":[{"href":"https:\/\/www.press7.tv\/index.php?rest_route=\/wp\/v2\/posts"}],"about":[{"href":"https:\/\/www.press7.tv\/index.php?rest_route=\/wp\/v2\/types\/post"}],"author":[{"embeddable":true,"href":"https:\/\/www.press7.tv\/index.php?rest_route=\/wp\/v2\/users\/8"}],"replies":[{"embeddable":true,"href":"https:\/\/www.press7.tv\/index.php?rest_route=%2Fwp%2Fv2%2Fcomments&post=23128"}],"version-history":[{"count":1,"href":"https:\/\/www.press7.tv\/index.php?rest_route=\/wp\/v2\/posts\/23128\/revisions"}],"predecessor-version":[{"id":23130,"href":"https:\/\/www.press7.tv\/index.php?rest_route=\/wp\/v2\/posts\/23128\/revisions\/23130"}],"wp:featuredmedia":[{"embeddable":true,"href":"https:\/\/www.press7.tv\/index.php?rest_route=\/wp\/v2\/media\/23129"}],"wp:attachment":[{"href":"https:\/\/www.press7.tv\/index.php?rest_route=%2Fwp%2Fv2%2Fmedia&parent=23128"}],"wp:term":[{"taxonomy":"category","embeddable":true,"href":"https:\/\/www.press7.tv\/index.php?rest_route=%2Fwp%2Fv2%2Fcategories&post=23128"},{"taxonomy":"post_tag","embeddable":true,"href":"https:\/\/www.press7.tv\/index.php?rest_route=%2Fwp%2Fv2%2Ftags&post=23128"}],"curies":[{"name":"wp","href":"https:\/\/api.w.org\/{rel}","templated":true}]}}