{"id":23119,"date":"2025-10-29T12:27:34","date_gmt":"2025-10-29T12:27:34","guid":{"rendered":"https:\/\/www.press7.tv\/?p=23119"},"modified":"2025-10-29T12:27:34","modified_gmt":"2025-10-29T12:27:34","slug":"rama-per-balotazhin-koalicionin-e-kemi-me-qytetaret","status":"publish","type":"post","link":"https:\/\/www.press7.tv\/?p=23119","title":{"rendered":"Rama p\u00ebr balotazhin: Koalicionin e kemi me qytetar\u00ebt"},"content":{"rendered":"\n    <div class=\"xs_social_share_widget xs_share_url before_content \t\tmain_content  wslu-style-2 wslu-share-box-shaped wslu-fill-colored wslu-share-m-5 wslu-none wslu-share-vertical wslu-theme-font-no wslu-main_content\">\n\n\t\t\n        <ul>\n\t\t\t        <\/ul>\n    <\/div> \n<p>Kandidati p\u00ebr kryetar t\u00eb Komun\u00ebs s\u00eb Prishtin\u00ebs, P\u00ebrparim Rama, i pyetur p\u00ebr mund\u00ebsin\u00eb e koalicioneve p\u00ebr balotazh, ka deklaruar se i vetmi koalicion i tyre \u00ebsht\u00eb me qytetar\u00ebt.<\/p>\n<p>Rama ka th\u00ebn\u00eb se \u00ebsht\u00eb n\u00eb mes t\u00eb nj\u00eb procesi transformues t\u00eb kryeqytetit, i cili k\u00ebrkon edhe nj\u00eb mandat t\u00eb dyt\u00eb p\u00ebr t\u2019u p\u00ebrmbyllur plot\u00ebsisht. Ai theksoi se programi qeveris\u00ebs q\u00eb ka nisur \u00ebsht\u00eb afatgjat\u00eb dhe k\u00ebrkon vazhdim\u00ebsi p\u00ebr realizimin e projekteve tashm\u00eb n\u00eb zhvillim.<\/p>\n<p>\u201cKemi pasur takime me t\u00eb gjith\u00eb, dhe publikisht po e them \u2013 i kam k\u00ebrkuar t\u00eb gjith\u00ebve q\u00eb t\u2019i bashkohen vizionit ton\u00eb transformues. K\u00ebrkesa ime qysh para kat\u00ebr vitesh ka qen\u00eb nj\u00eb proces tet\u00ebvje\u00e7ar transformues. Programi yn\u00eb \u00ebsht\u00eb tet\u00ebvje\u00e7ar. Tash jemi n\u00eb mes me projekte transformuese n\u00eb kryeqytet dhe k\u00ebrkojm\u00eb edhe mandatin tjet\u00ebr kat\u00ebrvje\u00e7ar q\u00eb ta rrumbullakojm\u00eb transformimin e kryeqytetit\u201d, ka th\u00ebn\u00eb Rama, transmeton EkonomiaOnline.<\/p>\n<p>I pyetur n\u00ebse ka diskutuar me ndonj\u00eb parti politike p\u00ebr lidhjen e koalicioneve p\u00ebr balotazhin, Rama u shpreh se vizioni i tij \u00ebsht\u00eb i hapur p\u00ebr t\u00eb gjith\u00eb qytetar\u00ebt q\u00eb besojn\u00eb n\u00eb zhvillimin e kryeqytetit.<\/p>\n<p>Koalicion me qytetar\u00ebt dhe me t\u00eb gjith\u00eb ata q\u00eb besojn\u00eb n\u00eb vizionin ton\u00eb\u201d, ka th\u00ebn\u00eb ai.<\/p>\n<p>N\u00eb balotazhin e 9 n\u00ebntor, kryetari aktual i kryeqytetit do ta ket\u00eb p\u00ebrball\u00eb Hajrulla \u00c7ekun e L\u00ebvizjes Vet\u00ebvendosje.<\/p>\n","protected":false},"excerpt":{"rendered":"<p>Kandidati p\u00ebr kryetar t\u00eb Komun\u00ebs s\u00eb Prishtin\u00ebs, P\u00ebrparim Rama, i pyetur p\u00ebr mund\u00ebsin\u00eb e koalicioneve p\u00ebr balotazh, ka deklaruar se i vetmi koalicion i tyre \u00ebsht\u00eb me qytetar\u00ebt. Rama ka th\u00ebn\u00eb se \u00ebsht\u00eb n\u00eb mes t\u00eb nj\u00eb procesi transformues t\u00eb kryeqytetit, i cili k\u00ebrkon edhe nj\u00eb mandat t\u00eb dyt\u00eb p\u00ebr t\u2019u p\u00ebrmbyllur plot\u00ebsisht. Ai theksoi [&hellip;]<\/p>\n","protected":false},"author":8,"featured_media":23120,"comment_status":"closed","ping_status":"closed","sticky":false,"template":"","format":"standard","meta":{"footnotes":""},"categories":[215,213],"tags":[],"class_list":["post-23119","post","type-post","status-publish","format-standard","has-post-thumbnail","hentry","category-kosove","category-lajme"],"yoast_head":"<!-- This site is optimized with the Yoast SEO plugin v25.1 - https:\/\/yoast.com\/wordpress\/plugins\/seo\/ -->\n<title>Rama p\u00ebr balotazhin: Koalicionin e kemi me qytetar\u00ebt - press7.tv<\/title>\n<meta name=\"robots\" content=\"index, follow, max-snippet:-1, max-image-preview:large, max-video-preview:-1\" \/>\n<link rel=\"canonical\" href=\"https:\/\/www.press7.tv\/?p=23119\" \/>\n<meta property=\"og:locale\" content=\"en_US\" \/>\n<meta property=\"og:type\" content=\"article\" \/>\n<meta property=\"og:title\" content=\"Rama p\u00ebr balotazhin: Koalicionin e kemi me qytetar\u00ebt - press7.tv\" \/>\n<meta property=\"og:description\" content=\"Kandidati p\u00ebr kryetar t\u00eb Komun\u00ebs s\u00eb Prishtin\u00ebs, P\u00ebrparim Rama, i pyetur p\u00ebr mund\u00ebsin\u00eb e koalicioneve p\u00ebr balotazh, ka deklaruar se i vetmi koalicion i tyre \u00ebsht\u00eb me qytetar\u00ebt. Rama ka th\u00ebn\u00eb se \u00ebsht\u00eb n\u00eb mes t\u00eb nj\u00eb procesi transformues t\u00eb kryeqytetit, i cili k\u00ebrkon edhe nj\u00eb mandat t\u00eb dyt\u00eb p\u00ebr t\u2019u p\u00ebrmbyllur plot\u00ebsisht. Ai theksoi [&hellip;]\" \/>\n<meta property=\"og:url\" content=\"https:\/\/www.press7.tv\/?p=23119\" \/>\n<meta property=\"og:site_name\" content=\"press7.tv\" \/>\n<meta property=\"article:publisher\" content=\"https:\/\/www.facebook.com\/press7.tv\" \/>\n<meta property=\"article:published_time\" content=\"2025-10-29T12:27:34+00:00\" \/>\n<meta property=\"og:image\" content=\"https:\/\/www.press7.tv\/wp-content\/uploads\/2025\/10\/IMG_0504.avif\" \/>\n\t<meta property=\"og:image:width\" content=\"1360\" \/>\n\t<meta property=\"og:image:height\" content=\"870\" \/>\n\t<meta property=\"og:image:type\" content=\"image\/webp\" \/>\n<meta name=\"author\" content=\"gazetar2\" \/>\n<meta name=\"twitter:card\" content=\"summary_large_image\" \/>\n<meta name=\"twitter:label1\" content=\"Written by\" \/>\n\t<meta name=\"twitter:data1\" content=\"gazetar2\" \/>\n\t<meta name=\"twitter:label2\" content=\"Est. reading time\" \/>\n\t<meta name=\"twitter:data2\" content=\"1 minute\" \/>\n<script type=\"application\/ld+json\" class=\"yoast-schema-graph\">{\"@context\":\"https:\/\/schema.org\",\"@graph\":[{\"@type\":\"Article\",\"@id\":\"https:\/\/www.press7.tv\/?p=23119#article\",\"isPartOf\":{\"@id\":\"https:\/\/www.press7.tv\/?p=23119\"},\"author\":{\"name\":\"gazetar2\",\"@id\":\"https:\/\/www.news33.tv\/#\/schema\/person\/5a04a38a23ccdba82f9bd665cd8f9efa\"},\"headline\":\"Rama p\u00ebr balotazhin: Koalicionin e kemi me qytetar\u00ebt\",\"datePublished\":\"2025-10-29T12:27:34+00:00\",\"mainEntityOfPage\":{\"@id\":\"https:\/\/www.press7.tv\/?p=23119\"},\"wordCount\":258,\"publisher\":{\"@id\":\"https:\/\/www.news33.tv\/#organization\"},\"image\":{\"@id\":\"https:\/\/www.press7.tv\/?p=23119#primaryimage\"},\"thumbnailUrl\":\"https:\/\/www.press7.tv\/wp-content\/uploads\/2025\/10\/IMG_0504.avif\",\"articleSection\":[\"Kosov\u00eb\",\"Lajme\"],\"inLanguage\":\"en-US\"},{\"@type\":\"WebPage\",\"@id\":\"https:\/\/www.press7.tv\/?p=23119\",\"url\":\"https:\/\/www.press7.tv\/?p=23119\",\"name\":\"Rama p\u00ebr balotazhin: Koalicionin e kemi me qytetar\u00ebt - press7.tv\",\"isPartOf\":{\"@id\":\"https:\/\/www.news33.tv\/#website\"},\"primaryImageOfPage\":{\"@id\":\"https:\/\/www.press7.tv\/?p=23119#primaryimage\"},\"image\":{\"@id\":\"https:\/\/www.press7.tv\/?p=23119#primaryimage\"},\"thumbnailUrl\":\"https:\/\/www.press7.tv\/wp-content\/uploads\/2025\/10\/IMG_0504.avif\",\"datePublished\":\"2025-10-29T12:27:34+00:00\",\"breadcrumb\":{\"@id\":\"https:\/\/www.press7.tv\/?p=23119#breadcrumb\"},\"inLanguage\":\"en-US\",\"potentialAction\":[{\"@type\":\"ReadAction\",\"target\":[\"https:\/\/www.press7.tv\/?p=23119\"]}]},{\"@type\":\"ImageObject\",\"inLanguage\":\"en-US\",\"@id\":\"https:\/\/www.press7.tv\/?p=23119#primaryimage\",\"url\":\"https:\/\/www.press7.tv\/wp-content\/uploads\/2025\/10\/IMG_0504.avif\",\"contentUrl\":\"https:\/\/www.press7.tv\/wp-content\/uploads\/2025\/10\/IMG_0504.avif\",\"width\":1360,\"height\":870},{\"@type\":\"BreadcrumbList\",\"@id\":\"https:\/\/www.press7.tv\/?p=23119#breadcrumb\",\"itemListElement\":[{\"@type\":\"ListItem\",\"position\":1,\"name\":\"Home\",\"item\":\"https:\/\/www.press7.tv\/\"},{\"@type\":\"ListItem\",\"position\":2,\"name\":\"Rama p\u00ebr balotazhin: Koalicionin e kemi me qytetar\u00ebt\"}]},{\"@type\":\"WebSite\",\"@id\":\"https:\/\/www.news33.tv\/#website\",\"url\":\"https:\/\/www.news33.tv\/\",\"name\":\"News33.tv Media\",\"description\":\"Media\",\"publisher\":{\"@id\":\"https:\/\/www.news33.tv\/#organization\"},\"potentialAction\":[{\"@type\":\"SearchAction\",\"target\":{\"@type\":\"EntryPoint\",\"urlTemplate\":\"https:\/\/www.news33.tv\/?s={search_term_string}\"},\"query-input\":{\"@type\":\"PropertyValueSpecification\",\"valueRequired\":true,\"valueName\":\"search_term_string\"}}],\"inLanguage\":\"en-US\"},{\"@type\":\"Organization\",\"@id\":\"https:\/\/www.news33.tv\/#organization\",\"name\":\"News33.tv Media\",\"url\":\"https:\/\/www.news33.tv\/\",\"logo\":{\"@type\":\"ImageObject\",\"inLanguage\":\"en-US\",\"@id\":\"https:\/\/www.news33.tv\/#\/schema\/logo\/image\/\",\"url\":\"https:\/\/www.press7.tv\/wp-content\/uploads\/2024\/02\/logo-news33-black.png\",\"contentUrl\":\"https:\/\/www.press7.tv\/wp-content\/uploads\/2024\/02\/logo-news33-black.png\",\"width\":180,\"height\":37,\"caption\":\"News33.tv Media\"},\"image\":{\"@id\":\"https:\/\/www.news33.tv\/#\/schema\/logo\/image\/\"},\"sameAs\":[\"https:\/\/www.facebook.com\/press7.tv\"]},{\"@type\":\"Person\",\"@id\":\"https:\/\/www.news33.tv\/#\/schema\/person\/5a04a38a23ccdba82f9bd665cd8f9efa\",\"name\":\"gazetar2\",\"image\":{\"@type\":\"ImageObject\",\"inLanguage\":\"en-US\",\"@id\":\"https:\/\/www.news33.tv\/#\/schema\/person\/image\/\",\"url\":\"https:\/\/www.press7.tv\/wp-content\/litespeed\/avatar\/41975e402c3049d9ddb03adca8f7a883.jpg?ver=1777169572\",\"contentUrl\":\"https:\/\/www.press7.tv\/wp-content\/litespeed\/avatar\/41975e402c3049d9ddb03adca8f7a883.jpg?ver=1777169572\",\"caption\":\"gazetar2\"},\"url\":\"https:\/\/www.press7.tv\/?author=8\"}]}<\/script>\n<!-- \/ Yoast SEO plugin. -->","yoast_head_json":{"title":"Rama p\u00ebr balotazhin: Koalicionin e kemi me qytetar\u00ebt - press7.tv","robots":{"index":"index","follow":"follow","max-snippet":"max-snippet:-1","max-image-preview":"max-image-preview:large","max-video-preview":"max-video-preview:-1"},"canonical":"https:\/\/www.press7.tv\/?p=23119","og_locale":"en_US","og_type":"article","og_title":"Rama p\u00ebr balotazhin: Koalicionin e kemi me qytetar\u00ebt - press7.tv","og_description":"Kandidati p\u00ebr kryetar t\u00eb Komun\u00ebs s\u00eb Prishtin\u00ebs, P\u00ebrparim Rama, i pyetur p\u00ebr mund\u00ebsin\u00eb e koalicioneve p\u00ebr balotazh, ka deklaruar se i vetmi koalicion i tyre \u00ebsht\u00eb me qytetar\u00ebt. Rama ka th\u00ebn\u00eb se \u00ebsht\u00eb n\u00eb mes t\u00eb nj\u00eb procesi transformues t\u00eb kryeqytetit, i cili k\u00ebrkon edhe nj\u00eb mandat t\u00eb dyt\u00eb p\u00ebr t\u2019u p\u00ebrmbyllur plot\u00ebsisht. Ai theksoi [&hellip;]","og_url":"https:\/\/www.press7.tv\/?p=23119","og_site_name":"press7.tv","article_publisher":"https:\/\/www.facebook.com\/press7.tv","article_published_time":"2025-10-29T12:27:34+00:00","og_image":[{"width":1360,"height":870,"url":"https:\/\/www.press7.tv\/wp-content\/uploads\/2025\/10\/IMG_0504.avif","type":"image\/webp"}],"author":"gazetar2","twitter_card":"summary_large_image","twitter_misc":{"Written by":"gazetar2","Est. reading time":"1 minute"},"schema":{"@context":"https:\/\/schema.org","@graph":[{"@type":"Article","@id":"https:\/\/www.press7.tv\/?p=23119#article","isPartOf":{"@id":"https:\/\/www.press7.tv\/?p=23119"},"author":{"name":"gazetar2","@id":"https:\/\/www.news33.tv\/#\/schema\/person\/5a04a38a23ccdba82f9bd665cd8f9efa"},"headline":"Rama p\u00ebr balotazhin: Koalicionin e kemi me qytetar\u00ebt","datePublished":"2025-10-29T12:27:34+00:00","mainEntityOfPage":{"@id":"https:\/\/www.press7.tv\/?p=23119"},"wordCount":258,"publisher":{"@id":"https:\/\/www.news33.tv\/#organization"},"image":{"@id":"https:\/\/www.press7.tv\/?p=23119#primaryimage"},"thumbnailUrl":"https:\/\/www.press7.tv\/wp-content\/uploads\/2025\/10\/IMG_0504.avif","articleSection":["Kosov\u00eb","Lajme"],"inLanguage":"en-US"},{"@type":"WebPage","@id":"https:\/\/www.press7.tv\/?p=23119","url":"https:\/\/www.press7.tv\/?p=23119","name":"Rama p\u00ebr balotazhin: Koalicionin e kemi me qytetar\u00ebt - press7.tv","isPartOf":{"@id":"https:\/\/www.news33.tv\/#website"},"primaryImageOfPage":{"@id":"https:\/\/www.press7.tv\/?p=23119#primaryimage"},"image":{"@id":"https:\/\/www.press7.tv\/?p=23119#primaryimage"},"thumbnailUrl":"https:\/\/www.press7.tv\/wp-content\/uploads\/2025\/10\/IMG_0504.avif","datePublished":"2025-10-29T12:27:34+00:00","breadcrumb":{"@id":"https:\/\/www.press7.tv\/?p=23119#breadcrumb"},"inLanguage":"en-US","potentialAction":[{"@type":"ReadAction","target":["https:\/\/www.press7.tv\/?p=23119"]}]},{"@type":"ImageObject","inLanguage":"en-US","@id":"https:\/\/www.press7.tv\/?p=23119#primaryimage","url":"https:\/\/www.press7.tv\/wp-content\/uploads\/2025\/10\/IMG_0504.avif","contentUrl":"https:\/\/www.press7.tv\/wp-content\/uploads\/2025\/10\/IMG_0504.avif","width":1360,"height":870},{"@type":"BreadcrumbList","@id":"https:\/\/www.press7.tv\/?p=23119#breadcrumb","itemListElement":[{"@type":"ListItem","position":1,"name":"Home","item":"https:\/\/www.press7.tv\/"},{"@type":"ListItem","position":2,"name":"Rama p\u00ebr balotazhin: Koalicionin e kemi me qytetar\u00ebt"}]},{"@type":"WebSite","@id":"https:\/\/www.news33.tv\/#website","url":"https:\/\/www.news33.tv\/","name":"News33.tv Media","description":"Media","publisher":{"@id":"https:\/\/www.news33.tv\/#organization"},"potentialAction":[{"@type":"SearchAction","target":{"@type":"EntryPoint","urlTemplate":"https:\/\/www.news33.tv\/?s={search_term_string}"},"query-input":{"@type":"PropertyValueSpecification","valueRequired":true,"valueName":"search_term_string"}}],"inLanguage":"en-US"},{"@type":"Organization","@id":"https:\/\/www.news33.tv\/#organization","name":"News33.tv Media","url":"https:\/\/www.news33.tv\/","logo":{"@type":"ImageObject","inLanguage":"en-US","@id":"https:\/\/www.news33.tv\/#\/schema\/logo\/image\/","url":"https:\/\/www.press7.tv\/wp-content\/uploads\/2024\/02\/logo-news33-black.png","contentUrl":"https:\/\/www.press7.tv\/wp-content\/uploads\/2024\/02\/logo-news33-black.png","width":180,"height":37,"caption":"News33.tv Media"},"image":{"@id":"https:\/\/www.news33.tv\/#\/schema\/logo\/image\/"},"sameAs":["https:\/\/www.facebook.com\/press7.tv"]},{"@type":"Person","@id":"https:\/\/www.news33.tv\/#\/schema\/person\/5a04a38a23ccdba82f9bd665cd8f9efa","name":"gazetar2","image":{"@type":"ImageObject","inLanguage":"en-US","@id":"https:\/\/www.news33.tv\/#\/schema\/person\/image\/","url":"https:\/\/www.press7.tv\/wp-content\/litespeed\/avatar\/41975e402c3049d9ddb03adca8f7a883.jpg?ver=1777169572","contentUrl":"https:\/\/www.press7.tv\/wp-content\/litespeed\/avatar\/41975e402c3049d9ddb03adca8f7a883.jpg?ver=1777169572","caption":"gazetar2"},"url":"https:\/\/www.press7.tv\/?author=8"}]}},"amp_enabled":true,"_links":{"self":[{"href":"https:\/\/www.press7.tv\/index.php?rest_route=\/wp\/v2\/posts\/23119","targetHints":{"allow":["GET"]}}],"collection":[{"href":"https:\/\/www.press7.tv\/index.php?rest_route=\/wp\/v2\/posts"}],"about":[{"href":"https:\/\/www.press7.tv\/index.php?rest_route=\/wp\/v2\/types\/post"}],"author":[{"embeddable":true,"href":"https:\/\/www.press7.tv\/index.php?rest_route=\/wp\/v2\/users\/8"}],"replies":[{"embeddable":true,"href":"https:\/\/www.press7.tv\/index.php?rest_route=%2Fwp%2Fv2%2Fcomments&post=23119"}],"version-history":[{"count":1,"href":"https:\/\/www.press7.tv\/index.php?rest_route=\/wp\/v2\/posts\/23119\/revisions"}],"predecessor-version":[{"id":23121,"href":"https:\/\/www.press7.tv\/index.php?rest_route=\/wp\/v2\/posts\/23119\/revisions\/23121"}],"wp:featuredmedia":[{"embeddable":true,"href":"https:\/\/www.press7.tv\/index.php?rest_route=\/wp\/v2\/media\/23120"}],"wp:attachment":[{"href":"https:\/\/www.press7.tv\/index.php?rest_route=%2Fwp%2Fv2%2Fmedia&parent=23119"}],"wp:term":[{"taxonomy":"category","embeddable":true,"href":"https:\/\/www.press7.tv\/index.php?rest_route=%2Fwp%2Fv2%2Fcategories&post=23119"},{"taxonomy":"post_tag","embeddable":true,"href":"https:\/\/www.press7.tv\/index.php?rest_route=%2Fwp%2Fv2%2Ftags&post=23119"}],"curies":[{"name":"wp","href":"https:\/\/api.w.org\/{rel}","templated":true}]}}