{"id":23116,"date":"2025-10-28T22:08:50","date_gmt":"2025-10-28T22:08:50","guid":{"rendered":"https:\/\/www.press7.tv\/?p=23116"},"modified":"2025-10-28T22:08:50","modified_gmt":"2025-10-28T22:08:50","slug":"crpc-mendi-qyra-prin-bindshem-ne-struge-ndaj-kunderkandidatit-te-aki-se","status":"publish","type":"post","link":"https:\/\/www.press7.tv\/?p=23116","title":{"rendered":"CRPC: Mendi Qyra prin bindsh\u00ebm n\u00eb Strug\u00eb ndaj kund\u00ebrkandidatit t\u00eb AKI-s\u00eb"},"content":{"rendered":"\n    <div class=\"xs_social_share_widget xs_share_url before_content \t\tmain_content  wslu-style-2 wslu-share-box-shaped wslu-fill-colored wslu-share-m-5 wslu-none wslu-share-vertical wslu-theme-font-no wslu-main_content\">\n\n\t\t\n        <ul>\n\t\t\t        <\/ul>\n    <\/div> \n<p>Strug\u00eb, 28 tetor \u2013 Qendra p\u00ebr Hulumtime Politike dhe Komunikim (CRPC) ka publikuar rezultatet e anket\u00ebs m\u00eb t\u00eb fundit p\u00ebr Komun\u00ebn e Strug\u00ebs, e cila tregon nj\u00eb avantazh t\u00eb qart\u00eb t\u00eb kandidatit t\u00eb pavarur Mendi Qyra, t\u00eb mb\u00ebshtetur nga koalicioni VLEN, ndaj kund\u00ebrkandidatit t\u00eb tij nga AKI, Arsim Dalipi.<\/p>\n<p>Sipas k\u00ebsaj ankete, Mendi Qyra g\u00ebzon p\u00ebrkrahjen e 51,3% t\u00eb t\u00eb anketuarve, nd\u00ebrsa Arsim Dalipi ka marr\u00eb 43,6% t\u00eb mb\u00ebshtetjes. Nd\u00ebrkoh\u00eb, 5,1% e t\u00eb anketuarve jan\u00eb shprehur se ende nuk kan\u00eb vendosur p\u00ebr k\u00eb do t\u00eb votojn\u00eb ose kan\u00eb refuzuar t\u00eb p\u00ebrgjigjen.<\/p>\n<p>Anketa e realizuar n\u00eb terren<\/p>\n<p>Anketa \u00ebsht\u00eb zhvilluar n\u00eb terren n\u00eb periudh\u00ebn 26\u201327 tetor 2025, duke p\u00ebrfshir\u00eb gjithsej 395 qytetar\u00eb t\u00eb Strug\u00ebs, t\u00eb p\u00ebrzgjedhur n\u00eb m\u00ebnyr\u00eb t\u00eb rast\u00ebsishme nga t\u00eb gjitha vendbanimet e komun\u00ebs, urbane dhe rurale, duke marr\u00eb parasysh p\u00ebrb\u00ebrjen etnike, p\u00ebrkat\u00ebsin\u00eb gjinore, mosh\u00ebn dhe p\u00ebrgatitjen arsimore t\u00eb tyre.<br \/>\nMarzha e gabimit t\u00eb anket\u00ebs \u00ebsht\u00eb \u00b13,5%, nd\u00ebrsa niveli i besueshm\u00ebris\u00eb statistikore \u00ebsht\u00eb 95%.<\/p>\n<p>Ep\u00ebrsi e q\u00ebndrueshme p\u00ebr Qyr\u00ebn<\/p>\n<p>Rezultatet tregojn\u00eb se Mendi Qyra ruan nj\u00eb ep\u00ebrsi t\u00eb q\u00ebndrueshme dhe bind\u00ebse p\u00ebrball\u00eb kund\u00ebrkandidatit t\u00eb tij, me mb\u00ebshtetje q\u00eb shtrihet si n\u00eb qytetin e Strug\u00ebs ashtu edhe n\u00eb vendbanimet p\u00ebrreth.<br \/>\nSipas analiz\u00ebs s\u00eb CRPC-s\u00eb, ky rezultat reflekton rritjen e besimit qytetar ndaj kandidatur\u00ebs s\u00eb pavarur t\u00eb Qyr\u00ebs dhe zhg\u00ebnjimin me strukturat tradicionale partiake, sidomos pas raundit t\u00eb par\u00eb t\u00eb zgjedhjeve lokale.<\/p>\n","protected":false},"excerpt":{"rendered":"<p>Strug\u00eb, 28 tetor \u2013 Qendra p\u00ebr Hulumtime Politike dhe Komunikim (CRPC) ka publikuar rezultatet e anket\u00ebs m\u00eb t\u00eb fundit p\u00ebr Komun\u00ebn e Strug\u00ebs, e cila tregon nj\u00eb avantazh t\u00eb qart\u00eb t\u00eb kandidatit t\u00eb pavarur Mendi Qyra, t\u00eb mb\u00ebshtetur nga koalicioni VLEN, ndaj kund\u00ebrkandidatit t\u00eb tij nga AKI, Arsim Dalipi. Sipas k\u00ebsaj ankete, Mendi Qyra g\u00ebzon [&hellip;]<\/p>\n","protected":false},"author":8,"featured_media":23117,"comment_status":"closed","ping_status":"closed","sticky":false,"template":"","format":"standard","meta":{"footnotes":""},"categories":[213,214],"tags":[],"class_list":["post-23116","post","type-post","status-publish","format-standard","has-post-thumbnail","hentry","category-lajme","category-maqedoni"],"yoast_head":"<!-- This site is optimized with the Yoast SEO plugin v25.1 - https:\/\/yoast.com\/wordpress\/plugins\/seo\/ -->\n<title>CRPC: Mendi Qyra prin bindsh\u00ebm n\u00eb Strug\u00eb ndaj kund\u00ebrkandidatit t\u00eb AKI-s\u00eb - press7.tv<\/title>\n<meta name=\"robots\" content=\"index, follow, max-snippet:-1, max-image-preview:large, max-video-preview:-1\" \/>\n<link rel=\"canonical\" href=\"https:\/\/www.press7.tv\/?p=23116\" \/>\n<meta property=\"og:locale\" content=\"en_US\" \/>\n<meta property=\"og:type\" content=\"article\" \/>\n<meta property=\"og:title\" content=\"CRPC: Mendi Qyra prin bindsh\u00ebm n\u00eb Strug\u00eb ndaj kund\u00ebrkandidatit t\u00eb AKI-s\u00eb - press7.tv\" \/>\n<meta property=\"og:description\" content=\"Strug\u00eb, 28 tetor \u2013 Qendra p\u00ebr Hulumtime Politike dhe Komunikim (CRPC) ka publikuar rezultatet e anket\u00ebs m\u00eb t\u00eb fundit p\u00ebr Komun\u00ebn e Strug\u00ebs, e cila tregon nj\u00eb avantazh t\u00eb qart\u00eb t\u00eb kandidatit t\u00eb pavarur Mendi Qyra, t\u00eb mb\u00ebshtetur nga koalicioni VLEN, ndaj kund\u00ebrkandidatit t\u00eb tij nga AKI, Arsim Dalipi. Sipas k\u00ebsaj ankete, Mendi Qyra g\u00ebzon [&hellip;]\" \/>\n<meta property=\"og:url\" content=\"https:\/\/www.press7.tv\/?p=23116\" \/>\n<meta property=\"og:site_name\" content=\"press7.tv\" \/>\n<meta property=\"article:publisher\" content=\"https:\/\/www.facebook.com\/press7.tv\" \/>\n<meta property=\"article:published_time\" content=\"2025-10-28T22:08:50+00:00\" \/>\n<meta property=\"og:image\" content=\"https:\/\/www.press7.tv\/wp-content\/uploads\/2025\/10\/d832a30c-f59b-40da-8b29-845c1b556f18.avif\" \/>\n\t<meta property=\"og:image:width\" content=\"2048\" \/>\n\t<meta property=\"og:image:height\" content=\"2048\" \/>\n\t<meta property=\"og:image:type\" content=\"image\/jpeg\" \/>\n<meta name=\"author\" content=\"gazetar2\" \/>\n<meta name=\"twitter:card\" content=\"summary_large_image\" \/>\n<meta name=\"twitter:label1\" content=\"Written by\" \/>\n\t<meta name=\"twitter:data1\" content=\"gazetar2\" \/>\n\t<meta name=\"twitter:label2\" content=\"Est. reading time\" \/>\n\t<meta name=\"twitter:data2\" content=\"1 minute\" \/>\n<script type=\"application\/ld+json\" class=\"yoast-schema-graph\">{\"@context\":\"https:\/\/schema.org\",\"@graph\":[{\"@type\":\"Article\",\"@id\":\"https:\/\/www.press7.tv\/?p=23116#article\",\"isPartOf\":{\"@id\":\"https:\/\/www.press7.tv\/?p=23116\"},\"author\":{\"name\":\"gazetar2\",\"@id\":\"https:\/\/www.news33.tv\/#\/schema\/person\/5a04a38a23ccdba82f9bd665cd8f9efa\"},\"headline\":\"CRPC: Mendi Qyra prin bindsh\u00ebm n\u00eb Strug\u00eb ndaj kund\u00ebrkandidatit t\u00eb AKI-s\u00eb\",\"datePublished\":\"2025-10-28T22:08:50+00:00\",\"mainEntityOfPage\":{\"@id\":\"https:\/\/www.press7.tv\/?p=23116\"},\"wordCount\":271,\"publisher\":{\"@id\":\"https:\/\/www.news33.tv\/#organization\"},\"image\":{\"@id\":\"https:\/\/www.press7.tv\/?p=23116#primaryimage\"},\"thumbnailUrl\":\"https:\/\/www.press7.tv\/wp-content\/uploads\/2025\/10\/d832a30c-f59b-40da-8b29-845c1b556f18.avif\",\"articleSection\":[\"Lajme\",\"Maqedoni\"],\"inLanguage\":\"en-US\"},{\"@type\":\"WebPage\",\"@id\":\"https:\/\/www.press7.tv\/?p=23116\",\"url\":\"https:\/\/www.press7.tv\/?p=23116\",\"name\":\"CRPC: Mendi Qyra prin bindsh\u00ebm n\u00eb Strug\u00eb ndaj kund\u00ebrkandidatit t\u00eb AKI-s\u00eb - press7.tv\",\"isPartOf\":{\"@id\":\"https:\/\/www.news33.tv\/#website\"},\"primaryImageOfPage\":{\"@id\":\"https:\/\/www.press7.tv\/?p=23116#primaryimage\"},\"image\":{\"@id\":\"https:\/\/www.press7.tv\/?p=23116#primaryimage\"},\"thumbnailUrl\":\"https:\/\/www.press7.tv\/wp-content\/uploads\/2025\/10\/d832a30c-f59b-40da-8b29-845c1b556f18.avif\",\"datePublished\":\"2025-10-28T22:08:50+00:00\",\"breadcrumb\":{\"@id\":\"https:\/\/www.press7.tv\/?p=23116#breadcrumb\"},\"inLanguage\":\"en-US\",\"potentialAction\":[{\"@type\":\"ReadAction\",\"target\":[\"https:\/\/www.press7.tv\/?p=23116\"]}]},{\"@type\":\"ImageObject\",\"inLanguage\":\"en-US\",\"@id\":\"https:\/\/www.press7.tv\/?p=23116#primaryimage\",\"url\":\"https:\/\/www.press7.tv\/wp-content\/uploads\/2025\/10\/d832a30c-f59b-40da-8b29-845c1b556f18.avif\",\"contentUrl\":\"https:\/\/www.press7.tv\/wp-content\/uploads\/2025\/10\/d832a30c-f59b-40da-8b29-845c1b556f18.avif\",\"width\":2048,\"height\":2048},{\"@type\":\"BreadcrumbList\",\"@id\":\"https:\/\/www.press7.tv\/?p=23116#breadcrumb\",\"itemListElement\":[{\"@type\":\"ListItem\",\"position\":1,\"name\":\"Home\",\"item\":\"https:\/\/www.press7.tv\/\"},{\"@type\":\"ListItem\",\"position\":2,\"name\":\"CRPC: Mendi Qyra prin bindsh\u00ebm n\u00eb Strug\u00eb ndaj kund\u00ebrkandidatit t\u00eb AKI-s\u00eb\"}]},{\"@type\":\"WebSite\",\"@id\":\"https:\/\/www.news33.tv\/#website\",\"url\":\"https:\/\/www.news33.tv\/\",\"name\":\"News33.tv Media\",\"description\":\"Media\",\"publisher\":{\"@id\":\"https:\/\/www.news33.tv\/#organization\"},\"potentialAction\":[{\"@type\":\"SearchAction\",\"target\":{\"@type\":\"EntryPoint\",\"urlTemplate\":\"https:\/\/www.news33.tv\/?s={search_term_string}\"},\"query-input\":{\"@type\":\"PropertyValueSpecification\",\"valueRequired\":true,\"valueName\":\"search_term_string\"}}],\"inLanguage\":\"en-US\"},{\"@type\":\"Organization\",\"@id\":\"https:\/\/www.news33.tv\/#organization\",\"name\":\"News33.tv Media\",\"url\":\"https:\/\/www.news33.tv\/\",\"logo\":{\"@type\":\"ImageObject\",\"inLanguage\":\"en-US\",\"@id\":\"https:\/\/www.news33.tv\/#\/schema\/logo\/image\/\",\"url\":\"https:\/\/www.press7.tv\/wp-content\/uploads\/2024\/02\/logo-news33-black.png\",\"contentUrl\":\"https:\/\/www.press7.tv\/wp-content\/uploads\/2024\/02\/logo-news33-black.png\",\"width\":180,\"height\":37,\"caption\":\"News33.tv Media\"},\"image\":{\"@id\":\"https:\/\/www.news33.tv\/#\/schema\/logo\/image\/\"},\"sameAs\":[\"https:\/\/www.facebook.com\/press7.tv\"]},{\"@type\":\"Person\",\"@id\":\"https:\/\/www.news33.tv\/#\/schema\/person\/5a04a38a23ccdba82f9bd665cd8f9efa\",\"name\":\"gazetar2\",\"image\":{\"@type\":\"ImageObject\",\"inLanguage\":\"en-US\",\"@id\":\"https:\/\/www.news33.tv\/#\/schema\/person\/image\/\",\"url\":\"https:\/\/www.press7.tv\/wp-content\/litespeed\/avatar\/41975e402c3049d9ddb03adca8f7a883.jpg?ver=1777169572\",\"contentUrl\":\"https:\/\/www.press7.tv\/wp-content\/litespeed\/avatar\/41975e402c3049d9ddb03adca8f7a883.jpg?ver=1777169572\",\"caption\":\"gazetar2\"},\"url\":\"https:\/\/www.press7.tv\/?author=8\"}]}<\/script>\n<!-- \/ Yoast SEO plugin. -->","yoast_head_json":{"title":"CRPC: Mendi Qyra prin bindsh\u00ebm n\u00eb Strug\u00eb ndaj kund\u00ebrkandidatit t\u00eb AKI-s\u00eb - press7.tv","robots":{"index":"index","follow":"follow","max-snippet":"max-snippet:-1","max-image-preview":"max-image-preview:large","max-video-preview":"max-video-preview:-1"},"canonical":"https:\/\/www.press7.tv\/?p=23116","og_locale":"en_US","og_type":"article","og_title":"CRPC: Mendi Qyra prin bindsh\u00ebm n\u00eb Strug\u00eb ndaj kund\u00ebrkandidatit t\u00eb AKI-s\u00eb - press7.tv","og_description":"Strug\u00eb, 28 tetor \u2013 Qendra p\u00ebr Hulumtime Politike dhe Komunikim (CRPC) ka publikuar rezultatet e anket\u00ebs m\u00eb t\u00eb fundit p\u00ebr Komun\u00ebn e Strug\u00ebs, e cila tregon nj\u00eb avantazh t\u00eb qart\u00eb t\u00eb kandidatit t\u00eb pavarur Mendi Qyra, t\u00eb mb\u00ebshtetur nga koalicioni VLEN, ndaj kund\u00ebrkandidatit t\u00eb tij nga AKI, Arsim Dalipi. Sipas k\u00ebsaj ankete, Mendi Qyra g\u00ebzon [&hellip;]","og_url":"https:\/\/www.press7.tv\/?p=23116","og_site_name":"press7.tv","article_publisher":"https:\/\/www.facebook.com\/press7.tv","article_published_time":"2025-10-28T22:08:50+00:00","og_image":[{"width":2048,"height":2048,"url":"https:\/\/www.press7.tv\/wp-content\/uploads\/2025\/10\/d832a30c-f59b-40da-8b29-845c1b556f18.avif","type":"image\/jpeg"}],"author":"gazetar2","twitter_card":"summary_large_image","twitter_misc":{"Written by":"gazetar2","Est. reading time":"1 minute"},"schema":{"@context":"https:\/\/schema.org","@graph":[{"@type":"Article","@id":"https:\/\/www.press7.tv\/?p=23116#article","isPartOf":{"@id":"https:\/\/www.press7.tv\/?p=23116"},"author":{"name":"gazetar2","@id":"https:\/\/www.news33.tv\/#\/schema\/person\/5a04a38a23ccdba82f9bd665cd8f9efa"},"headline":"CRPC: Mendi Qyra prin bindsh\u00ebm n\u00eb Strug\u00eb ndaj kund\u00ebrkandidatit t\u00eb AKI-s\u00eb","datePublished":"2025-10-28T22:08:50+00:00","mainEntityOfPage":{"@id":"https:\/\/www.press7.tv\/?p=23116"},"wordCount":271,"publisher":{"@id":"https:\/\/www.news33.tv\/#organization"},"image":{"@id":"https:\/\/www.press7.tv\/?p=23116#primaryimage"},"thumbnailUrl":"https:\/\/www.press7.tv\/wp-content\/uploads\/2025\/10\/d832a30c-f59b-40da-8b29-845c1b556f18.avif","articleSection":["Lajme","Maqedoni"],"inLanguage":"en-US"},{"@type":"WebPage","@id":"https:\/\/www.press7.tv\/?p=23116","url":"https:\/\/www.press7.tv\/?p=23116","name":"CRPC: Mendi Qyra prin bindsh\u00ebm n\u00eb Strug\u00eb ndaj kund\u00ebrkandidatit t\u00eb AKI-s\u00eb - press7.tv","isPartOf":{"@id":"https:\/\/www.news33.tv\/#website"},"primaryImageOfPage":{"@id":"https:\/\/www.press7.tv\/?p=23116#primaryimage"},"image":{"@id":"https:\/\/www.press7.tv\/?p=23116#primaryimage"},"thumbnailUrl":"https:\/\/www.press7.tv\/wp-content\/uploads\/2025\/10\/d832a30c-f59b-40da-8b29-845c1b556f18.avif","datePublished":"2025-10-28T22:08:50+00:00","breadcrumb":{"@id":"https:\/\/www.press7.tv\/?p=23116#breadcrumb"},"inLanguage":"en-US","potentialAction":[{"@type":"ReadAction","target":["https:\/\/www.press7.tv\/?p=23116"]}]},{"@type":"ImageObject","inLanguage":"en-US","@id":"https:\/\/www.press7.tv\/?p=23116#primaryimage","url":"https:\/\/www.press7.tv\/wp-content\/uploads\/2025\/10\/d832a30c-f59b-40da-8b29-845c1b556f18.avif","contentUrl":"https:\/\/www.press7.tv\/wp-content\/uploads\/2025\/10\/d832a30c-f59b-40da-8b29-845c1b556f18.avif","width":2048,"height":2048},{"@type":"BreadcrumbList","@id":"https:\/\/www.press7.tv\/?p=23116#breadcrumb","itemListElement":[{"@type":"ListItem","position":1,"name":"Home","item":"https:\/\/www.press7.tv\/"},{"@type":"ListItem","position":2,"name":"CRPC: Mendi Qyra prin bindsh\u00ebm n\u00eb Strug\u00eb ndaj kund\u00ebrkandidatit t\u00eb AKI-s\u00eb"}]},{"@type":"WebSite","@id":"https:\/\/www.news33.tv\/#website","url":"https:\/\/www.news33.tv\/","name":"News33.tv Media","description":"Media","publisher":{"@id":"https:\/\/www.news33.tv\/#organization"},"potentialAction":[{"@type":"SearchAction","target":{"@type":"EntryPoint","urlTemplate":"https:\/\/www.news33.tv\/?s={search_term_string}"},"query-input":{"@type":"PropertyValueSpecification","valueRequired":true,"valueName":"search_term_string"}}],"inLanguage":"en-US"},{"@type":"Organization","@id":"https:\/\/www.news33.tv\/#organization","name":"News33.tv Media","url":"https:\/\/www.news33.tv\/","logo":{"@type":"ImageObject","inLanguage":"en-US","@id":"https:\/\/www.news33.tv\/#\/schema\/logo\/image\/","url":"https:\/\/www.press7.tv\/wp-content\/uploads\/2024\/02\/logo-news33-black.png","contentUrl":"https:\/\/www.press7.tv\/wp-content\/uploads\/2024\/02\/logo-news33-black.png","width":180,"height":37,"caption":"News33.tv Media"},"image":{"@id":"https:\/\/www.news33.tv\/#\/schema\/logo\/image\/"},"sameAs":["https:\/\/www.facebook.com\/press7.tv"]},{"@type":"Person","@id":"https:\/\/www.news33.tv\/#\/schema\/person\/5a04a38a23ccdba82f9bd665cd8f9efa","name":"gazetar2","image":{"@type":"ImageObject","inLanguage":"en-US","@id":"https:\/\/www.news33.tv\/#\/schema\/person\/image\/","url":"https:\/\/www.press7.tv\/wp-content\/litespeed\/avatar\/41975e402c3049d9ddb03adca8f7a883.jpg?ver=1777169572","contentUrl":"https:\/\/www.press7.tv\/wp-content\/litespeed\/avatar\/41975e402c3049d9ddb03adca8f7a883.jpg?ver=1777169572","caption":"gazetar2"},"url":"https:\/\/www.press7.tv\/?author=8"}]}},"amp_enabled":true,"_links":{"self":[{"href":"https:\/\/www.press7.tv\/index.php?rest_route=\/wp\/v2\/posts\/23116","targetHints":{"allow":["GET"]}}],"collection":[{"href":"https:\/\/www.press7.tv\/index.php?rest_route=\/wp\/v2\/posts"}],"about":[{"href":"https:\/\/www.press7.tv\/index.php?rest_route=\/wp\/v2\/types\/post"}],"author":[{"embeddable":true,"href":"https:\/\/www.press7.tv\/index.php?rest_route=\/wp\/v2\/users\/8"}],"replies":[{"embeddable":true,"href":"https:\/\/www.press7.tv\/index.php?rest_route=%2Fwp%2Fv2%2Fcomments&post=23116"}],"version-history":[{"count":1,"href":"https:\/\/www.press7.tv\/index.php?rest_route=\/wp\/v2\/posts\/23116\/revisions"}],"predecessor-version":[{"id":23118,"href":"https:\/\/www.press7.tv\/index.php?rest_route=\/wp\/v2\/posts\/23116\/revisions\/23118"}],"wp:featuredmedia":[{"embeddable":true,"href":"https:\/\/www.press7.tv\/index.php?rest_route=\/wp\/v2\/media\/23117"}],"wp:attachment":[{"href":"https:\/\/www.press7.tv\/index.php?rest_route=%2Fwp%2Fv2%2Fmedia&parent=23116"}],"wp:term":[{"taxonomy":"category","embeddable":true,"href":"https:\/\/www.press7.tv\/index.php?rest_route=%2Fwp%2Fv2%2Fcategories&post=23116"},{"taxonomy":"post_tag","embeddable":true,"href":"https:\/\/www.press7.tv\/index.php?rest_route=%2Fwp%2Fv2%2Ftags&post=23116"}],"curies":[{"name":"wp","href":"https:\/\/api.w.org\/{rel}","templated":true}]}}