{"id":23113,"date":"2025-10-28T18:14:40","date_gmt":"2025-10-28T18:14:40","guid":{"rendered":"https:\/\/www.press7.tv\/?p=23113"},"modified":"2025-10-28T18:14:40","modified_gmt":"2025-10-28T18:14:40","slug":"jo-me-listen-serbe-por-me-uck-ne-me-popullin-dhe-me-vetevendosjen","status":"publish","type":"post","link":"https:\/\/www.press7.tv\/?p=23113","title":{"rendered":"Jo me \u201cList\u00ebn Serbe\u201d, por me U\u00c7K-n\u00eb, me popullin dhe me Vet\u00ebvendosjen!"},"content":{"rendered":"\n    <div class=\"xs_social_share_widget xs_share_url before_content \t\tmain_content  wslu-style-2 wslu-share-box-shaped wslu-fill-colored wslu-share-m-5 wslu-none wslu-share-vertical wslu-theme-font-no wslu-main_content\">\n\n\t\t\n        <ul>\n\t\t\t        <\/ul>\n    <\/div> \n<p>N\u00ebse doni liri, shtet t\u00eb pavarur dhe sovran, votoni Vet\u00ebvendosjen, Albin Kurtin dhe Vjosa Osmanin (GUXO). JO \u201csrpska list\u00ebn\u201d e as zagar\u00ebt e saj t\u00eb dikursh\u00ebm dhe t\u00eb sotsh\u00ebm, q\u00eb me veprimet e tyre terroriste subversive haptazi dhe fshehurazi po e rrezikojn\u00eb shtetin e pavarur dhe sovran t\u00eb Kosov\u00ebs, duke gjetur \u201calibi\u201d se \u201cfajin\u201d e ka kryeministri Albin Kurti me Vet\u00ebvendsjen, gjoja duke e \u201ckund\u00ebrshtuar\u201d strategjin\u00eb e interesave amerikane dhe evropiane per\u00ebndimore n\u00eb Kosov\u00eb. Edhe pse kjo \u00ebsht\u00eb rrena m\u00eb e rafinuar inekzistente, megjithat\u00eb \u201cka pr\u00eb uj\u00eb\u201d te disa faktor\u00eb evropian\u00eb nd\u00ebrkomb\u00ebtar\u00eb, q\u00eb tanim\u00eb Kosov\u00ebn e kan\u00eb futur n\u00ebn snaksione nd\u00ebrkomb\u00ebtare (Amerika dhe BE-ja) !?<\/p>\n<p>-A ka m\u00eb turp dhe, m\u00eb padrejt\u00ebsi se kjo? \u2013 T\u00eb vihet n\u00ebn sanksione nd\u00ebrkomb\u00ebtare, Kosova, q\u00eb deri tani nuk ka b\u00ebr\u00eb asnj\u00eb nd\u00ebrhyrje n\u00eb \u00e7\u00ebshtje t\u00eb brendshme t\u00eb Serbis\u00eb, por vet\u00ebm se ka mbrojtur sovranitetin territorial dhe shtet\u00ebror t\u00eb Kosov\u00ebs nga agresioni dhe nd\u00ebrhyrja e Serbis\u00eb.<\/p>\n<p>*** Shqip\u00ebria \u00ebsht\u00eb b\u00ebr\u00eb l\u00ebma e influencave heterogjene q\u00eb t\u00ebrheqin drejtime t\u00eb ndryshme. S\u2019ka vullnet, s\u2019ka program, s\u2019ka autoritet t\u00eb njohur. Propaganda, intriga dhe shpifjet e fshehin t\u00eb v\u00ebrtet\u00ebn.\u201d (Dr. Drilone nga Durr\u00ebsi n\u00eb pritje t\u00eb pric Vidit, 1914).<\/p>\n<p>*** Meq\u00eb paska ardhur momenti i lig\u00eb, q\u00eb t\u00eb mos formohet qeveria e re e Albin Kurtit (m\u00eb 26 tetor 2025) , p\u00ebr shkak t\u00eb kund\u00ebrshtimit dhe t\u00eb mospajtimit t\u00eb \u201csrpska lista\u201d dhe t\u00eb opozit\u00ebs shqiptare, tani , populli e ka m\u00eb leht, q\u00eb t\u00eb p\u00ebrcaktohet se kujt t\u2019ia hedh\u00eb votat n\u00eb zgjedhjet e ardhshme parlamentare t\u00eb Kosov\u00ebs. Natyrisht se, zgjedh\u00ebsit votat maksimale-me PLEBISHIT, do t\u2019ia hedhin Albin Kurtit dhe L\u00ebvizjes Vet\u00ebvendosje, sepse k\u00ebta asnj\u00ebher\u00eb se kan\u00eb tradhtuar, mashtruar, shfryt\u00ebzuar, kriminalizuar dhe varf\u00ebruar popullin, por e kan\u00eb b\u00ebr\u00eb t\u00eb kund\u00ebrt\u00ebn, duke luftuar korrupsionin, nepotizmin, krimin, dhun\u00ebn, pla\u00e7kitjen dhe shfryt\u00ebzimin e popullit. Kjo \u00ebsht\u00eb p\u00ebrpar\u00ebsia, q\u00eb Albin Kurtin dhe Vet\u00ebvendosjen e renditin n\u00eb VENDIN E PAR\u00cb t\u00eb vjeljes s\u00eb votave me ( PLEBISHIT) t\u00eb elektoratit n\u00eb zgjedhjet e ardhme parlamentare n\u00eb Kosov\u00eb.<\/p>\n<p>Dyshohet se, ata,, qe m\u00eb se 20 vjet n\u00eb liri, e votojn\u00eb \u201cSrpska listen\u201d nuk jan\u00eb me U\u00c7K-n\u00eb, por vet\u00ebm me interesat e tyre personale, partiake dhe politike karrieriste dhe kolltukofagiste. K\u00ebt\u00eb e pati d\u00ebshmuar, edhe hedhja n\u00eb rrug\u00eb e U\u00c7K-s\u00eb si \u201corganizat\u00eb komunale pastruese\u201d, q\u00eb pati pasoja n\u00eb shuarjen e Qeveris\u00eb s\u00eb P\u00ebrkohshme, si dhe n\u00eb procesin e nd\u00ebrtimit dhe t\u00eb zhvillimit t\u00eb m\u00ebtejm\u00eb t\u00eb shtetit demokratik t\u00eb pavarur dhe sovran(17 shkurt 2008- tetor 2025), ku edhe sot, Kosova nuk ka Ushtrin\u00eb Komb\u00ebtare t\u00eb veten, e as kufijt\u00eb e saj shtet\u00ebror\u00eb, si dhe nuk \u00ebsht\u00eb an\u00ebtare e OKB-s\u00eb, sepse nuk po lejon Serbia e Madhe me aleat\u00ebt e saj nd\u00ebrkomb\u00ebtar\u00eb, si\u00e7 jan\u00eb Rusia, Kina, Spanja, Greqia, Sllovakia, Qiproja Greke, Rumania etj. !!!<\/p>\n<p>Ky \u00ebsht\u00eb problemi qen\u00ebsor, jo Albin Kurti e as Vet\u00ebvendosja, q\u00eb me t\u00eb drejt\u00eb po duan qeveri shqiptare, jo \u201cmulate\u201d me \u201clisten serbe\u201d sikurse deri tash (2000-2025).<\/p>\n<p>Zgjedhjet e ardhshme, do e zhbllokojn\u00eb formimin e qeveris\u00eb Kurti<\/p>\n<p>-S\u2019ka asnj\u00ebe dilem\u00eb se n\u00eb zgjedhjet e ardhshme parlamentare, Albin Kurti dhe Vet\u00ebvendosja, do t\u00eb fitojn\u00eb me plebishit mbi 50 p\u00ebr qind vota e shqiptar\u00ebve n\u00eb Kosov\u00eb dhe n\u00eb diaspor\u00eb, me q\u00ebllim q\u00eb t\u2019I \u201chakmerren\u201d \u201csrpska list\u00ebs\u201d dhe opozit\u00ebs aleate shqiptare me orientim t\u00eb gabuar politik n\u00eb favorin e interesave politike t\u00eb Serbis\u00eb kolonialiste. S\u2019ka dyshim se,k\u00ebt\u00eb strategji politiko-propagandistike serbomadhe antivet\u00ebvendosje, do ta nd\u00ebshjoj\u00eb plebishiti i ardhsh\u00ebm i zgjedh\u00ebsve n\u00eb Kosov\u00eb.<\/p>\n<p>Q\u00eb tani, mund t\u2019iu uroj fitoren e thell\u00eb n\u00eb zgjedhjet e ardhme parlamentare n\u00eb Kosov\u00eb: Albin Kurtit, Albulena Haxhiut, Glauk Konjufc\u00ebs, (Vjosa Osmanit nga \u201cGuxo\u201d) dhe an\u00ebtar\u00ebve t\u00eb tjer\u00eb t\u00eb L\u00ebvizjes Vet\u00ebvendosje, sepse t\u00eb gjith\u00eb kan\u00eb d\u00ebshmuar se mbrojn\u00eb interesin e p\u00ebrgjithsh\u00ebm t\u00eb popullit dhe t\u00eb shtetit demokratik, t\u00eb pavarur dhe sovran t\u00eb Kosov\u00ebs, duke vendosur sovranitetin e plot\u00eb edhe n\u00eb Veriun e Kosov\u00ebs.<\/p>\n<p>Gjithashu, t\u00eb gjith\u00eb me Vet\u00ebvendosjen kan\u00eb d\u00ebshmuar se jan\u00eb me U\u00c7K-n\u00eb, me Amerik\u00ebn, me NATO-n dhe me Evrop\u00ebn demokratike integruese (BE). Ndaj, populli shqiptar, duhet ta votoj\u00eb pa asnj\u00eb ngurrim L\u00ebvzjen Vet\u00ebvendosje, jo ata, q\u00eb jan\u00eb m\u00ebsuar t\u2019i \u201ckashagitin\u201d interesat e Serbis\u00eb kolonialiste dhe gjenocidale n\u00eb Kosov\u00eb, p\u00ebrkat\u00ebsisht n\u00eb Shqip\u00ebrin\u00eb Etnike (1878-2025).<\/p>\n<p>-Sa m\u00eb sip\u00ebr, kam besimin e plot\u00eb se, Albini dhe vet\u00ebvendosja, do t\u2019i fitojn\u00eb zgjedhjet e ardhshme parlamentare n\u00eb Kosov\u00eb, sepse jan\u00eb n\u00eb \u201cpararoj\u00eb\u201d t\u00eb popullit dhe t\u00eb shtetit t\u00eb Kosov\u00ebs, jo aleat\u00eb t\u00eb \u201csrpska list\u00ebs\u201d e as t\u00eb hyzmeqar\u00ebve kuislig\u00eb t\u00eb saj.<\/p>\n<p>P\u00ebrgjigje e sakt\u00eb e editorit Mazrekaj!<\/p>\n<p>Sepse pik\u00ebs\u00ebpari vet\u00eb ajo \u201cSrpska lista\u201d me trabant\u00ebt e saj kuisling\u00eb shqipfol\u00ebs i ka \u201cekstraduar\u201d n\u00eb Gjykat\u00ebn Speciale n\u00eb Hag\u00eb heronjt\u00eb e U\u00c7K-s\u00eb: Hashim Tha\u00e7i, Rexhep Selimi, Kadri Veseli, Jakup Krasniqi, t\u00eb cil\u00ebt pa t\u00eb drejt\u00eb qe 5 vjet (2020-2025) po \u201cdergjen\u201d n\u00eb paraburgim n\u00eb Hag\u00eb, si pasoj\u00eb e akuzave dhe padive t\u00eb r\u00ebnda t\u00eb Seris\u00eb agresore dhe gjenocidale, se gjoja k\u00ebta heronj dhe U\u00c7K-ja ishin \u201cterroriste\u201d dhe \u201cmafioze\u201d (!)<\/p>\n<p>-Po t\u00eb kishte qen\u00eb ashtu, Amerika dhe aleat\u00ebt e saj t\u00eb fuqive t\u00eb m\u00ebdha evropiane nuk do ta njihnin U\u00c7K-n\u00eb si organizat\u00eb \u00e7lirimtare krejt\u00ebsisht legale n\u00eb p\u00ebrputhjen me t\u00eb drejt\u00ebn humanitare dhe publike nd\u00ebrkomb\u00ebtare,si dhe me dispozitat e Kart\u00ebs s\u00eb Kombeve t\u00eb Bshkuara.<\/p>\n<p>(1) Kjo \u00ebsht\u00eb arsyeja kryesore, pse nuk duhet hyr\u00eb n\u00eb t\u00eb nj\u00ebjtin \u201cthes\u201d aleator me \u201csrpska listen!<\/p>\n<p>(2) Kjo \u00ebsht\u00eb arsyeja kryesore, pse t\u00eb gjith\u00eb votuesit shqiptar\u00eb n\u00eb Kosov\u00eb dhe n\u00eb diaspor\u00eb, sine qua non duhet votuar Vet\u00ebvendosjen dhe list\u00ebn \u201cGuxo\u201d me Albin Kurtin dhe me Vjosa Osmanin n\u00eb krye n\u00eb zgjedhjet e ardhshme parlamentare n\u00eb Kosov\u00eb, e jo assesi \u201csrpska lista\u201d dhe aleat\u00ebt e saj shqipfol\u00ebs, sepse n\u00eb at\u00eb rast do t\u00eb fitonte politika dhe diplomacia kolonialiste dhe hegjemoniste e Serbis\u00eb s\u00eb Madhe.<\/p>\n<p>Q\u00ebllimi, t\u00eb lihet Kosova si shtet jasht\u00eb OKB-s\u00eb, si shtet I pap\u00ebrfunduar n\u00eb kuptimin juridik nd\u00ebrkomb\u00ebtar!<\/p>\n<p>-Deri tash, d\u00ebshtimin e formimit t\u00eb Qeveris\u00eb s\u00eb Albin Kurtit n\u00eb Prishtin\u00eb, m\u00eb 26 tetor 2025, n\u00eb m\u00ebnyr\u00ebn m\u00eb reliefe dhe objektive e ka shpejguar shkurt e shqip, Editori i Gazet\u00ebs \u201cBota Sot\u201d n\u00eb Zvic\u00ebr, z. Xhevdet Mazrekaj, duke konkluduar se : \u201cPas k\u00ebtij d\u00ebshtimi q\u00ebndron nj\u00eb loj\u00eb e orkestruar nga Beogradi, me ndihm\u00ebn e Edi Ram\u00ebs dhe me zbatimin e opozit\u00ebs s\u00eb bashkuar n\u00eb Prishtin\u00eb. Q\u00ebllimi \u00ebsht\u00eb i qart\u00eb: t\u2019i tregohet opinionit nd\u00ebrkomb\u00ebtar se shqiptar\u00ebt nuk jan\u00eb n\u00eb gjendje t\u00eb qeverisin vet\u00eb dhe se Kosova \u00ebsht\u00eb shtet i paq\u00ebndruesh\u00ebm\u2026 Ky d\u00ebshtim nuk \u00ebsht\u00eb rast\u00ebsi \u2014 \u00ebsht\u00eb vazhdim i nj\u00eb skenari q\u00eb e kam paralajm\u00ebruar gati nj\u00eb vit m\u00eb par\u00eb, n\u00eb shkrimin tim t\u00eb 1 dhjetorit 2024:<\/p>\n<p>\u201cA do t\u00eb izolohet Albin Kurti nga Rama dhe opozita e bashkuar?\u201d<\/p>\n","protected":false},"excerpt":{"rendered":"<p>N\u00ebse doni liri, shtet t\u00eb pavarur dhe sovran, votoni Vet\u00ebvendosjen, Albin Kurtin dhe Vjosa Osmanin (GUXO). JO \u201csrpska list\u00ebn\u201d e as zagar\u00ebt e saj t\u00eb dikursh\u00ebm dhe t\u00eb sotsh\u00ebm, q\u00eb me veprimet e tyre terroriste subversive haptazi dhe fshehurazi po e rrezikojn\u00eb shtetin e pavarur dhe sovran t\u00eb Kosov\u00ebs, duke gjetur \u201calibi\u201d se \u201cfajin\u201d e [&hellip;]<\/p>\n","protected":false},"author":8,"featured_media":23114,"comment_status":"closed","ping_status":"closed","sticky":false,"template":"","format":"standard","meta":{"footnotes":""},"categories":[215,213],"tags":[],"class_list":["post-23113","post","type-post","status-publish","format-standard","has-post-thumbnail","hentry","category-kosove","category-lajme"],"yoast_head":"<!-- This site is optimized with the Yoast SEO plugin v25.1 - https:\/\/yoast.com\/wordpress\/plugins\/seo\/ -->\n<title>Jo me \u201cList\u00ebn Serbe\u201d, por me U\u00c7K-n\u00eb, me popullin dhe me Vet\u00ebvendosjen! - press7.tv<\/title>\n<meta name=\"robots\" content=\"index, follow, max-snippet:-1, max-image-preview:large, max-video-preview:-1\" \/>\n<link rel=\"canonical\" href=\"https:\/\/www.press7.tv\/?p=23113\" \/>\n<meta property=\"og:locale\" content=\"en_US\" \/>\n<meta property=\"og:type\" content=\"article\" \/>\n<meta property=\"og:title\" content=\"Jo me \u201cList\u00ebn Serbe\u201d, por me U\u00c7K-n\u00eb, me popullin dhe me Vet\u00ebvendosjen! - press7.tv\" \/>\n<meta property=\"og:description\" content=\"N\u00ebse doni liri, shtet t\u00eb pavarur dhe sovran, votoni Vet\u00ebvendosjen, Albin Kurtin dhe Vjosa Osmanin (GUXO). JO \u201csrpska list\u00ebn\u201d e as zagar\u00ebt e saj t\u00eb dikursh\u00ebm dhe t\u00eb sotsh\u00ebm, q\u00eb me veprimet e tyre terroriste subversive haptazi dhe fshehurazi po e rrezikojn\u00eb shtetin e pavarur dhe sovran t\u00eb Kosov\u00ebs, duke gjetur \u201calibi\u201d se \u201cfajin\u201d e [&hellip;]\" \/>\n<meta property=\"og:url\" content=\"https:\/\/www.press7.tv\/?p=23113\" \/>\n<meta property=\"og:site_name\" content=\"press7.tv\" \/>\n<meta property=\"article:publisher\" content=\"https:\/\/www.facebook.com\/press7.tv\" \/>\n<meta property=\"article:published_time\" content=\"2025-10-28T18:14:40+00:00\" \/>\n<meta property=\"og:image\" content=\"https:\/\/www.press7.tv\/wp-content\/uploads\/2025\/10\/IMG_0489.avif\" \/>\n\t<meta property=\"og:image:width\" content=\"800\" \/>\n\t<meta property=\"og:image:height\" content=\"445\" \/>\n\t<meta property=\"og:image:type\" content=\"image\/jpeg\" \/>\n<meta name=\"author\" content=\"gazetar2\" \/>\n<meta name=\"twitter:card\" content=\"summary_large_image\" \/>\n<meta name=\"twitter:label1\" content=\"Written by\" \/>\n\t<meta name=\"twitter:data1\" content=\"gazetar2\" \/>\n\t<meta name=\"twitter:label2\" content=\"Est. reading time\" \/>\n\t<meta name=\"twitter:data2\" content=\"1 minute\" \/>\n<script type=\"application\/ld+json\" class=\"yoast-schema-graph\">{\"@context\":\"https:\/\/schema.org\",\"@graph\":[{\"@type\":\"Article\",\"@id\":\"https:\/\/www.press7.tv\/?p=23113#article\",\"isPartOf\":{\"@id\":\"https:\/\/www.press7.tv\/?p=23113\"},\"author\":{\"name\":\"gazetar2\",\"@id\":\"https:\/\/www.news33.tv\/#\/schema\/person\/5a04a38a23ccdba82f9bd665cd8f9efa\"},\"headline\":\"Jo me \u201cList\u00ebn Serbe\u201d, por me U\u00c7K-n\u00eb, me popullin dhe me Vet\u00ebvendosjen!\",\"datePublished\":\"2025-10-28T18:14:40+00:00\",\"mainEntityOfPage\":{\"@id\":\"https:\/\/www.press7.tv\/?p=23113\"},\"wordCount\":1223,\"publisher\":{\"@id\":\"https:\/\/www.news33.tv\/#organization\"},\"image\":{\"@id\":\"https:\/\/www.press7.tv\/?p=23113#primaryimage\"},\"thumbnailUrl\":\"https:\/\/www.press7.tv\/wp-content\/uploads\/2025\/10\/IMG_0489.avif\",\"articleSection\":[\"Kosov\u00eb\",\"Lajme\"],\"inLanguage\":\"en-US\"},{\"@type\":\"WebPage\",\"@id\":\"https:\/\/www.press7.tv\/?p=23113\",\"url\":\"https:\/\/www.press7.tv\/?p=23113\",\"name\":\"Jo me \u201cList\u00ebn Serbe\u201d, por me U\u00c7K-n\u00eb, me popullin dhe me Vet\u00ebvendosjen! - press7.tv\",\"isPartOf\":{\"@id\":\"https:\/\/www.news33.tv\/#website\"},\"primaryImageOfPage\":{\"@id\":\"https:\/\/www.press7.tv\/?p=23113#primaryimage\"},\"image\":{\"@id\":\"https:\/\/www.press7.tv\/?p=23113#primaryimage\"},\"thumbnailUrl\":\"https:\/\/www.press7.tv\/wp-content\/uploads\/2025\/10\/IMG_0489.avif\",\"datePublished\":\"2025-10-28T18:14:40+00:00\",\"breadcrumb\":{\"@id\":\"https:\/\/www.press7.tv\/?p=23113#breadcrumb\"},\"inLanguage\":\"en-US\",\"potentialAction\":[{\"@type\":\"ReadAction\",\"target\":[\"https:\/\/www.press7.tv\/?p=23113\"]}]},{\"@type\":\"ImageObject\",\"inLanguage\":\"en-US\",\"@id\":\"https:\/\/www.press7.tv\/?p=23113#primaryimage\",\"url\":\"https:\/\/www.press7.tv\/wp-content\/uploads\/2025\/10\/IMG_0489.avif\",\"contentUrl\":\"https:\/\/www.press7.tv\/wp-content\/uploads\/2025\/10\/IMG_0489.avif\",\"width\":800,\"height\":445},{\"@type\":\"BreadcrumbList\",\"@id\":\"https:\/\/www.press7.tv\/?p=23113#breadcrumb\",\"itemListElement\":[{\"@type\":\"ListItem\",\"position\":1,\"name\":\"Home\",\"item\":\"https:\/\/www.press7.tv\/\"},{\"@type\":\"ListItem\",\"position\":2,\"name\":\"Jo me \u201cList\u00ebn Serbe\u201d, por me U\u00c7K-n\u00eb, me popullin dhe me Vet\u00ebvendosjen!\"}]},{\"@type\":\"WebSite\",\"@id\":\"https:\/\/www.news33.tv\/#website\",\"url\":\"https:\/\/www.news33.tv\/\",\"name\":\"News33.tv Media\",\"description\":\"Media\",\"publisher\":{\"@id\":\"https:\/\/www.news33.tv\/#organization\"},\"potentialAction\":[{\"@type\":\"SearchAction\",\"target\":{\"@type\":\"EntryPoint\",\"urlTemplate\":\"https:\/\/www.news33.tv\/?s={search_term_string}\"},\"query-input\":{\"@type\":\"PropertyValueSpecification\",\"valueRequired\":true,\"valueName\":\"search_term_string\"}}],\"inLanguage\":\"en-US\"},{\"@type\":\"Organization\",\"@id\":\"https:\/\/www.news33.tv\/#organization\",\"name\":\"News33.tv Media\",\"url\":\"https:\/\/www.news33.tv\/\",\"logo\":{\"@type\":\"ImageObject\",\"inLanguage\":\"en-US\",\"@id\":\"https:\/\/www.news33.tv\/#\/schema\/logo\/image\/\",\"url\":\"https:\/\/www.press7.tv\/wp-content\/uploads\/2024\/02\/logo-news33-black.png\",\"contentUrl\":\"https:\/\/www.press7.tv\/wp-content\/uploads\/2024\/02\/logo-news33-black.png\",\"width\":180,\"height\":37,\"caption\":\"News33.tv Media\"},\"image\":{\"@id\":\"https:\/\/www.news33.tv\/#\/schema\/logo\/image\/\"},\"sameAs\":[\"https:\/\/www.facebook.com\/press7.tv\"]},{\"@type\":\"Person\",\"@id\":\"https:\/\/www.news33.tv\/#\/schema\/person\/5a04a38a23ccdba82f9bd665cd8f9efa\",\"name\":\"gazetar2\",\"image\":{\"@type\":\"ImageObject\",\"inLanguage\":\"en-US\",\"@id\":\"https:\/\/www.news33.tv\/#\/schema\/person\/image\/\",\"url\":\"https:\/\/www.press7.tv\/wp-content\/litespeed\/avatar\/41975e402c3049d9ddb03adca8f7a883.jpg?ver=1777169572\",\"contentUrl\":\"https:\/\/www.press7.tv\/wp-content\/litespeed\/avatar\/41975e402c3049d9ddb03adca8f7a883.jpg?ver=1777169572\",\"caption\":\"gazetar2\"},\"url\":\"https:\/\/www.press7.tv\/?author=8\"}]}<\/script>\n<!-- \/ Yoast SEO plugin. -->","yoast_head_json":{"title":"Jo me \u201cList\u00ebn Serbe\u201d, por me U\u00c7K-n\u00eb, me popullin dhe me Vet\u00ebvendosjen! - press7.tv","robots":{"index":"index","follow":"follow","max-snippet":"max-snippet:-1","max-image-preview":"max-image-preview:large","max-video-preview":"max-video-preview:-1"},"canonical":"https:\/\/www.press7.tv\/?p=23113","og_locale":"en_US","og_type":"article","og_title":"Jo me \u201cList\u00ebn Serbe\u201d, por me U\u00c7K-n\u00eb, me popullin dhe me Vet\u00ebvendosjen! - press7.tv","og_description":"N\u00ebse doni liri, shtet t\u00eb pavarur dhe sovran, votoni Vet\u00ebvendosjen, Albin Kurtin dhe Vjosa Osmanin (GUXO). JO \u201csrpska list\u00ebn\u201d e as zagar\u00ebt e saj t\u00eb dikursh\u00ebm dhe t\u00eb sotsh\u00ebm, q\u00eb me veprimet e tyre terroriste subversive haptazi dhe fshehurazi po e rrezikojn\u00eb shtetin e pavarur dhe sovran t\u00eb Kosov\u00ebs, duke gjetur \u201calibi\u201d se \u201cfajin\u201d e [&hellip;]","og_url":"https:\/\/www.press7.tv\/?p=23113","og_site_name":"press7.tv","article_publisher":"https:\/\/www.facebook.com\/press7.tv","article_published_time":"2025-10-28T18:14:40+00:00","og_image":[{"width":800,"height":445,"url":"https:\/\/www.press7.tv\/wp-content\/uploads\/2025\/10\/IMG_0489.avif","type":"image\/jpeg"}],"author":"gazetar2","twitter_card":"summary_large_image","twitter_misc":{"Written by":"gazetar2","Est. reading time":"1 minute"},"schema":{"@context":"https:\/\/schema.org","@graph":[{"@type":"Article","@id":"https:\/\/www.press7.tv\/?p=23113#article","isPartOf":{"@id":"https:\/\/www.press7.tv\/?p=23113"},"author":{"name":"gazetar2","@id":"https:\/\/www.news33.tv\/#\/schema\/person\/5a04a38a23ccdba82f9bd665cd8f9efa"},"headline":"Jo me \u201cList\u00ebn Serbe\u201d, por me U\u00c7K-n\u00eb, me popullin dhe me Vet\u00ebvendosjen!","datePublished":"2025-10-28T18:14:40+00:00","mainEntityOfPage":{"@id":"https:\/\/www.press7.tv\/?p=23113"},"wordCount":1223,"publisher":{"@id":"https:\/\/www.news33.tv\/#organization"},"image":{"@id":"https:\/\/www.press7.tv\/?p=23113#primaryimage"},"thumbnailUrl":"https:\/\/www.press7.tv\/wp-content\/uploads\/2025\/10\/IMG_0489.avif","articleSection":["Kosov\u00eb","Lajme"],"inLanguage":"en-US"},{"@type":"WebPage","@id":"https:\/\/www.press7.tv\/?p=23113","url":"https:\/\/www.press7.tv\/?p=23113","name":"Jo me \u201cList\u00ebn Serbe\u201d, por me U\u00c7K-n\u00eb, me popullin dhe me Vet\u00ebvendosjen! - press7.tv","isPartOf":{"@id":"https:\/\/www.news33.tv\/#website"},"primaryImageOfPage":{"@id":"https:\/\/www.press7.tv\/?p=23113#primaryimage"},"image":{"@id":"https:\/\/www.press7.tv\/?p=23113#primaryimage"},"thumbnailUrl":"https:\/\/www.press7.tv\/wp-content\/uploads\/2025\/10\/IMG_0489.avif","datePublished":"2025-10-28T18:14:40+00:00","breadcrumb":{"@id":"https:\/\/www.press7.tv\/?p=23113#breadcrumb"},"inLanguage":"en-US","potentialAction":[{"@type":"ReadAction","target":["https:\/\/www.press7.tv\/?p=23113"]}]},{"@type":"ImageObject","inLanguage":"en-US","@id":"https:\/\/www.press7.tv\/?p=23113#primaryimage","url":"https:\/\/www.press7.tv\/wp-content\/uploads\/2025\/10\/IMG_0489.avif","contentUrl":"https:\/\/www.press7.tv\/wp-content\/uploads\/2025\/10\/IMG_0489.avif","width":800,"height":445},{"@type":"BreadcrumbList","@id":"https:\/\/www.press7.tv\/?p=23113#breadcrumb","itemListElement":[{"@type":"ListItem","position":1,"name":"Home","item":"https:\/\/www.press7.tv\/"},{"@type":"ListItem","position":2,"name":"Jo me \u201cList\u00ebn Serbe\u201d, por me U\u00c7K-n\u00eb, me popullin dhe me Vet\u00ebvendosjen!"}]},{"@type":"WebSite","@id":"https:\/\/www.news33.tv\/#website","url":"https:\/\/www.news33.tv\/","name":"News33.tv Media","description":"Media","publisher":{"@id":"https:\/\/www.news33.tv\/#organization"},"potentialAction":[{"@type":"SearchAction","target":{"@type":"EntryPoint","urlTemplate":"https:\/\/www.news33.tv\/?s={search_term_string}"},"query-input":{"@type":"PropertyValueSpecification","valueRequired":true,"valueName":"search_term_string"}}],"inLanguage":"en-US"},{"@type":"Organization","@id":"https:\/\/www.news33.tv\/#organization","name":"News33.tv Media","url":"https:\/\/www.news33.tv\/","logo":{"@type":"ImageObject","inLanguage":"en-US","@id":"https:\/\/www.news33.tv\/#\/schema\/logo\/image\/","url":"https:\/\/www.press7.tv\/wp-content\/uploads\/2024\/02\/logo-news33-black.png","contentUrl":"https:\/\/www.press7.tv\/wp-content\/uploads\/2024\/02\/logo-news33-black.png","width":180,"height":37,"caption":"News33.tv Media"},"image":{"@id":"https:\/\/www.news33.tv\/#\/schema\/logo\/image\/"},"sameAs":["https:\/\/www.facebook.com\/press7.tv"]},{"@type":"Person","@id":"https:\/\/www.news33.tv\/#\/schema\/person\/5a04a38a23ccdba82f9bd665cd8f9efa","name":"gazetar2","image":{"@type":"ImageObject","inLanguage":"en-US","@id":"https:\/\/www.news33.tv\/#\/schema\/person\/image\/","url":"https:\/\/www.press7.tv\/wp-content\/litespeed\/avatar\/41975e402c3049d9ddb03adca8f7a883.jpg?ver=1777169572","contentUrl":"https:\/\/www.press7.tv\/wp-content\/litespeed\/avatar\/41975e402c3049d9ddb03adca8f7a883.jpg?ver=1777169572","caption":"gazetar2"},"url":"https:\/\/www.press7.tv\/?author=8"}]}},"amp_enabled":true,"_links":{"self":[{"href":"https:\/\/www.press7.tv\/index.php?rest_route=\/wp\/v2\/posts\/23113","targetHints":{"allow":["GET"]}}],"collection":[{"href":"https:\/\/www.press7.tv\/index.php?rest_route=\/wp\/v2\/posts"}],"about":[{"href":"https:\/\/www.press7.tv\/index.php?rest_route=\/wp\/v2\/types\/post"}],"author":[{"embeddable":true,"href":"https:\/\/www.press7.tv\/index.php?rest_route=\/wp\/v2\/users\/8"}],"replies":[{"embeddable":true,"href":"https:\/\/www.press7.tv\/index.php?rest_route=%2Fwp%2Fv2%2Fcomments&post=23113"}],"version-history":[{"count":1,"href":"https:\/\/www.press7.tv\/index.php?rest_route=\/wp\/v2\/posts\/23113\/revisions"}],"predecessor-version":[{"id":23115,"href":"https:\/\/www.press7.tv\/index.php?rest_route=\/wp\/v2\/posts\/23113\/revisions\/23115"}],"wp:featuredmedia":[{"embeddable":true,"href":"https:\/\/www.press7.tv\/index.php?rest_route=\/wp\/v2\/media\/23114"}],"wp:attachment":[{"href":"https:\/\/www.press7.tv\/index.php?rest_route=%2Fwp%2Fv2%2Fmedia&parent=23113"}],"wp:term":[{"taxonomy":"category","embeddable":true,"href":"https:\/\/www.press7.tv\/index.php?rest_route=%2Fwp%2Fv2%2Fcategories&post=23113"},{"taxonomy":"post_tag","embeddable":true,"href":"https:\/\/www.press7.tv\/index.php?rest_route=%2Fwp%2Fv2%2Ftags&post=23113"}],"curies":[{"name":"wp","href":"https:\/\/api.w.org\/{rel}","templated":true}]}}