{"id":23110,"date":"2025-10-28T16:59:58","date_gmt":"2025-10-28T16:59:58","guid":{"rendered":"https:\/\/www.press7.tv\/?p=23110"},"modified":"2025-10-28T16:59:58","modified_gmt":"2025-10-28T16:59:58","slug":"kosova-e-shqiperia-ne-gare-per-yllin-e-bayernit","status":"publish","type":"post","link":"https:\/\/www.press7.tv\/?p=23110","title":{"rendered":"Kosova e Shqip\u00ebria n\u00eb gar\u00eb p\u00ebr Yllin e Bayernit"},"content":{"rendered":"\n    <div class=\"xs_social_share_widget xs_share_url before_content \t\tmain_content  wslu-style-2 wslu-share-box-shaped wslu-fill-colored wslu-share-m-5 wslu-none wslu-share-vertical wslu-theme-font-no wslu-main_content\">\n\n\t\t\n        <ul>\n\t\t\t        <\/ul>\n    <\/div> \n<p>P\u00ebrzgjedh\u00ebsi i Kosov\u00ebs n\u00eb futboll, Franco Foda, ka zhvilluar nj\u00eb takim me talentin e gjigantit gjerman, Bayern Munchen, Yll Gashi. <\/p>\n<p>Gazeta e madhe gjermane \u201cBild\u201d ka raportuar se Foda d\u00ebshiron ta bind\u00eb Gashin t\u2019i bashkohet Kosov\u00ebs.<\/p>\n<p>\u201cTrajneri i Kosov\u00ebs, Franco Foda, udh\u00ebtoi p\u00ebr n\u00eb Mynih p\u00ebr bisedime dhe tani d\u00ebshiron ta bind\u00eb Gashin q\u00eb t\u00eb kaloj\u00eb n\u00eb ekipin p\u00ebrfaq\u00ebsues t\u00eb t\u00eb rriturve sa m\u00eb shpejt t\u00eb jet\u00eb e mundur. Kosova, e cila e mposhti dy her\u00eb Suedin\u00eb n\u00eb kualifikimet e Kup\u00ebs s\u00eb Bot\u00ebs, aktualisht renditet e dyta pas Zvicr\u00ebs dhe ka gjasa t\u00eb mira p\u00ebr t\u2019u kualifikuar n\u00eb Bot\u00ebrorin e vitit 2026\u201d, shkruan \u201cBild\u201d t\u00eb mart\u00ebn.<\/p>\n<p>Kjo gazet\u00eb ka shkruar edhe q\u00eb shum\u00eb klube kan\u00eb shprehur interesim p\u00ebr Yll Gashin.<\/p>\n<p>Gashi \u00ebsht\u00eb 17-vje\u00e7ar dhe luan si qend\u00ebrsulmues. Ai iu bashkua Bayernit nga Hertha e Berlinit n\u00eb shtator t\u00eb vitit 2022 n\u00eb mosh\u00ebn 14-vje\u00e7are, p\u00ebr 90 mij\u00eb euro. Ka treguar paraqitje t\u00eb mira p\u00ebr ekipet U17 dhe U19. Ka 39 gola e 13 asistime n\u00eb 54 ndeshje.<\/p>\n<p>\u201cEdhe Shqip\u00ebria e d\u00ebshiron Gashin. Presidenti i Federat\u00ebs Shqiptare t\u00eb Futbollit, Armand Duka, po ashtu ishte n\u00eb Munih p\u00ebr bisedime. Q\u00eb at\u00ebher\u00eb t\u00eb dyja federatat kan\u00eb qen\u00eb n\u00eb kontakt t\u00eb vazhduesh\u00ebm me Gashin\u201d, vazhdon shkrimi i gazet\u00ebs gjermane.<\/p>\n<p>Gashi ka nj\u00eb gol n\u00eb 15 ndeshje p\u00ebr Gjermanin\u00eb U17, nd\u00ebrsa ka sh\u00ebnuar tre gola p\u00ebr Gjermanin\u00eb U16.<\/p>\n<p>Kryetari i Federat\u00ebs s\u00eb Futbollit t\u00eb Kosov\u00ebs, Agim Ademi, p\u00ebr KOH\u00cbN ka konfirmuar interesimin p\u00ebr Gashin. <\/p>\n<p>\u201cTalenti Yll Gashi \u00ebsht\u00eb tashm\u00eb i d\u00ebshmuar si lojtar, shum\u00eb perspektiv dhe shum\u00eb i k\u00ebrkuar. Normalisht, jemi n\u00eb kontakt q\u00eb shum\u00eb koh\u00eb me baban\u00eb e tij. Trajneri Foda \u00ebsht\u00eb n\u00eb kontakt me lojtarin. Sigurisht q\u00eb d\u00ebshira \u00ebsht\u00eb e madhe q\u00eb ai t\u00eb jet\u00eb pjes\u00eb e projektit t\u00eb FFK-s\u00eb dhe komb\u00ebtares son\u00eb. Jemi n\u00eb kontakt dhe e mir\u00ebpresim Yllin ton\u00eb dardan\u201d, ka th\u00ebn\u00eb Ademi t\u00eb mart\u00ebn.<\/p>\n<p>Kosova tashm\u00eb ka zgjedhje t\u00eb shumta n\u00eb sulm. Sulmues kryesor \u00ebsht\u00eb Vedat Muriqi, nd\u00ebrsa rol ky\u00e7 po luajn\u00eb edhe Fisnik Asllani dhe Albion Rrahmani.<\/p>\n<p>Gashi, i cili u transferua n\u00eb Mynih me familje n\u00eb vitin 2022, shpreson t\u00eb b\u00ebj\u00eb kalimin tek ekipi i par\u00eb i Bayernit. <\/p>\n<p>\u201cBild\u201d ka shkruar se p\u00ebr Gashin interesim kan\u00eb shprehur: Milani, Atalanta, Leipzigu, Eintracht Frankfurti, Freiburgu, Augsburgu, Ajaxi, Fenerbah\u00e7e, Galatasaray, Anderlechti, Baseli, Young Boysi dhe Salzburgu.<\/p>\n","protected":false},"excerpt":{"rendered":"<p>P\u00ebrzgjedh\u00ebsi i Kosov\u00ebs n\u00eb futboll, Franco Foda, ka zhvilluar nj\u00eb takim me talentin e gjigantit gjerman, Bayern Munchen, Yll Gashi. Gazeta e madhe gjermane \u201cBild\u201d ka raportuar se Foda d\u00ebshiron ta bind\u00eb Gashin t\u2019i bashkohet Kosov\u00ebs. \u201cTrajneri i Kosov\u00ebs, Franco Foda, udh\u00ebtoi p\u00ebr n\u00eb Mynih p\u00ebr bisedime dhe tani d\u00ebshiron ta bind\u00eb Gashin q\u00eb t\u00eb [&hellip;]<\/p>\n","protected":false},"author":8,"featured_media":23111,"comment_status":"closed","ping_status":"closed","sticky":false,"template":"","format":"standard","meta":{"footnotes":""},"categories":[226],"tags":[],"class_list":["post-23110","post","type-post","status-publish","format-standard","has-post-thumbnail","hentry","category-sport"],"yoast_head":"<!-- This site is optimized with the Yoast SEO plugin v25.1 - https:\/\/yoast.com\/wordpress\/plugins\/seo\/ -->\n<title>Kosova e Shqip\u00ebria n\u00eb gar\u00eb p\u00ebr Yllin e Bayernit - press7.tv<\/title>\n<meta name=\"robots\" content=\"index, follow, max-snippet:-1, max-image-preview:large, max-video-preview:-1\" \/>\n<link rel=\"canonical\" href=\"https:\/\/www.press7.tv\/?p=23110\" \/>\n<meta property=\"og:locale\" content=\"en_US\" \/>\n<meta property=\"og:type\" content=\"article\" \/>\n<meta property=\"og:title\" content=\"Kosova e Shqip\u00ebria n\u00eb gar\u00eb p\u00ebr Yllin e Bayernit - press7.tv\" \/>\n<meta property=\"og:description\" content=\"P\u00ebrzgjedh\u00ebsi i Kosov\u00ebs n\u00eb futboll, Franco Foda, ka zhvilluar nj\u00eb takim me talentin e gjigantit gjerman, Bayern Munchen, Yll Gashi. Gazeta e madhe gjermane \u201cBild\u201d ka raportuar se Foda d\u00ebshiron ta bind\u00eb Gashin t\u2019i bashkohet Kosov\u00ebs. \u201cTrajneri i Kosov\u00ebs, Franco Foda, udh\u00ebtoi p\u00ebr n\u00eb Mynih p\u00ebr bisedime dhe tani d\u00ebshiron ta bind\u00eb Gashin q\u00eb t\u00eb [&hellip;]\" \/>\n<meta property=\"og:url\" content=\"https:\/\/www.press7.tv\/?p=23110\" \/>\n<meta property=\"og:site_name\" content=\"press7.tv\" \/>\n<meta property=\"article:publisher\" content=\"https:\/\/www.facebook.com\/press7.tv\" \/>\n<meta property=\"article:published_time\" content=\"2025-10-28T16:59:58+00:00\" \/>\n<meta property=\"og:image\" content=\"https:\/\/www.press7.tv\/wp-content\/uploads\/2025\/10\/IMG_0486.avif\" \/>\n\t<meta property=\"og:image:width\" content=\"526\" \/>\n\t<meta property=\"og:image:height\" content=\"490\" \/>\n\t<meta property=\"og:image:type\" content=\"image\/webp\" \/>\n<meta name=\"author\" content=\"gazetar2\" \/>\n<meta name=\"twitter:card\" content=\"summary_large_image\" \/>\n<meta name=\"twitter:label1\" content=\"Written by\" \/>\n\t<meta name=\"twitter:data1\" content=\"gazetar2\" \/>\n\t<meta name=\"twitter:label2\" content=\"Est. reading time\" \/>\n\t<meta name=\"twitter:data2\" content=\"1 minute\" \/>\n<script type=\"application\/ld+json\" class=\"yoast-schema-graph\">{\"@context\":\"https:\/\/schema.org\",\"@graph\":[{\"@type\":\"Article\",\"@id\":\"https:\/\/www.press7.tv\/?p=23110#article\",\"isPartOf\":{\"@id\":\"https:\/\/www.press7.tv\/?p=23110\"},\"author\":{\"name\":\"gazetar2\",\"@id\":\"https:\/\/www.news33.tv\/#\/schema\/person\/5a04a38a23ccdba82f9bd665cd8f9efa\"},\"headline\":\"Kosova e Shqip\u00ebria n\u00eb gar\u00eb p\u00ebr Yllin e Bayernit\",\"datePublished\":\"2025-10-28T16:59:58+00:00\",\"mainEntityOfPage\":{\"@id\":\"https:\/\/www.press7.tv\/?p=23110\"},\"wordCount\":431,\"publisher\":{\"@id\":\"https:\/\/www.news33.tv\/#organization\"},\"image\":{\"@id\":\"https:\/\/www.press7.tv\/?p=23110#primaryimage\"},\"thumbnailUrl\":\"https:\/\/www.press7.tv\/wp-content\/uploads\/2025\/10\/IMG_0486.avif\",\"articleSection\":[\"Sport\"],\"inLanguage\":\"en-US\"},{\"@type\":\"WebPage\",\"@id\":\"https:\/\/www.press7.tv\/?p=23110\",\"url\":\"https:\/\/www.press7.tv\/?p=23110\",\"name\":\"Kosova e Shqip\u00ebria n\u00eb gar\u00eb p\u00ebr Yllin e Bayernit - press7.tv\",\"isPartOf\":{\"@id\":\"https:\/\/www.news33.tv\/#website\"},\"primaryImageOfPage\":{\"@id\":\"https:\/\/www.press7.tv\/?p=23110#primaryimage\"},\"image\":{\"@id\":\"https:\/\/www.press7.tv\/?p=23110#primaryimage\"},\"thumbnailUrl\":\"https:\/\/www.press7.tv\/wp-content\/uploads\/2025\/10\/IMG_0486.avif\",\"datePublished\":\"2025-10-28T16:59:58+00:00\",\"breadcrumb\":{\"@id\":\"https:\/\/www.press7.tv\/?p=23110#breadcrumb\"},\"inLanguage\":\"en-US\",\"potentialAction\":[{\"@type\":\"ReadAction\",\"target\":[\"https:\/\/www.press7.tv\/?p=23110\"]}]},{\"@type\":\"ImageObject\",\"inLanguage\":\"en-US\",\"@id\":\"https:\/\/www.press7.tv\/?p=23110#primaryimage\",\"url\":\"https:\/\/www.press7.tv\/wp-content\/uploads\/2025\/10\/IMG_0486.avif\",\"contentUrl\":\"https:\/\/www.press7.tv\/wp-content\/uploads\/2025\/10\/IMG_0486.avif\",\"width\":526,\"height\":490},{\"@type\":\"BreadcrumbList\",\"@id\":\"https:\/\/www.press7.tv\/?p=23110#breadcrumb\",\"itemListElement\":[{\"@type\":\"ListItem\",\"position\":1,\"name\":\"Home\",\"item\":\"https:\/\/www.press7.tv\/\"},{\"@type\":\"ListItem\",\"position\":2,\"name\":\"Kosova e Shqip\u00ebria n\u00eb gar\u00eb p\u00ebr Yllin e Bayernit\"}]},{\"@type\":\"WebSite\",\"@id\":\"https:\/\/www.news33.tv\/#website\",\"url\":\"https:\/\/www.news33.tv\/\",\"name\":\"News33.tv Media\",\"description\":\"Media\",\"publisher\":{\"@id\":\"https:\/\/www.news33.tv\/#organization\"},\"potentialAction\":[{\"@type\":\"SearchAction\",\"target\":{\"@type\":\"EntryPoint\",\"urlTemplate\":\"https:\/\/www.news33.tv\/?s={search_term_string}\"},\"query-input\":{\"@type\":\"PropertyValueSpecification\",\"valueRequired\":true,\"valueName\":\"search_term_string\"}}],\"inLanguage\":\"en-US\"},{\"@type\":\"Organization\",\"@id\":\"https:\/\/www.news33.tv\/#organization\",\"name\":\"News33.tv Media\",\"url\":\"https:\/\/www.news33.tv\/\",\"logo\":{\"@type\":\"ImageObject\",\"inLanguage\":\"en-US\",\"@id\":\"https:\/\/www.news33.tv\/#\/schema\/logo\/image\/\",\"url\":\"https:\/\/www.press7.tv\/wp-content\/uploads\/2024\/02\/logo-news33-black.png\",\"contentUrl\":\"https:\/\/www.press7.tv\/wp-content\/uploads\/2024\/02\/logo-news33-black.png\",\"width\":180,\"height\":37,\"caption\":\"News33.tv Media\"},\"image\":{\"@id\":\"https:\/\/www.news33.tv\/#\/schema\/logo\/image\/\"},\"sameAs\":[\"https:\/\/www.facebook.com\/press7.tv\"]},{\"@type\":\"Person\",\"@id\":\"https:\/\/www.news33.tv\/#\/schema\/person\/5a04a38a23ccdba82f9bd665cd8f9efa\",\"name\":\"gazetar2\",\"image\":{\"@type\":\"ImageObject\",\"inLanguage\":\"en-US\",\"@id\":\"https:\/\/www.news33.tv\/#\/schema\/person\/image\/\",\"url\":\"https:\/\/www.press7.tv\/wp-content\/litespeed\/avatar\/41975e402c3049d9ddb03adca8f7a883.jpg?ver=1777169572\",\"contentUrl\":\"https:\/\/www.press7.tv\/wp-content\/litespeed\/avatar\/41975e402c3049d9ddb03adca8f7a883.jpg?ver=1777169572\",\"caption\":\"gazetar2\"},\"url\":\"https:\/\/www.press7.tv\/?author=8\"}]}<\/script>\n<!-- \/ Yoast SEO plugin. -->","yoast_head_json":{"title":"Kosova e Shqip\u00ebria n\u00eb gar\u00eb p\u00ebr Yllin e Bayernit - press7.tv","robots":{"index":"index","follow":"follow","max-snippet":"max-snippet:-1","max-image-preview":"max-image-preview:large","max-video-preview":"max-video-preview:-1"},"canonical":"https:\/\/www.press7.tv\/?p=23110","og_locale":"en_US","og_type":"article","og_title":"Kosova e Shqip\u00ebria n\u00eb gar\u00eb p\u00ebr Yllin e Bayernit - press7.tv","og_description":"P\u00ebrzgjedh\u00ebsi i Kosov\u00ebs n\u00eb futboll, Franco Foda, ka zhvilluar nj\u00eb takim me talentin e gjigantit gjerman, Bayern Munchen, Yll Gashi. Gazeta e madhe gjermane \u201cBild\u201d ka raportuar se Foda d\u00ebshiron ta bind\u00eb Gashin t\u2019i bashkohet Kosov\u00ebs. \u201cTrajneri i Kosov\u00ebs, Franco Foda, udh\u00ebtoi p\u00ebr n\u00eb Mynih p\u00ebr bisedime dhe tani d\u00ebshiron ta bind\u00eb Gashin q\u00eb t\u00eb [&hellip;]","og_url":"https:\/\/www.press7.tv\/?p=23110","og_site_name":"press7.tv","article_publisher":"https:\/\/www.facebook.com\/press7.tv","article_published_time":"2025-10-28T16:59:58+00:00","og_image":[{"width":526,"height":490,"url":"https:\/\/www.press7.tv\/wp-content\/uploads\/2025\/10\/IMG_0486.avif","type":"image\/webp"}],"author":"gazetar2","twitter_card":"summary_large_image","twitter_misc":{"Written by":"gazetar2","Est. reading time":"1 minute"},"schema":{"@context":"https:\/\/schema.org","@graph":[{"@type":"Article","@id":"https:\/\/www.press7.tv\/?p=23110#article","isPartOf":{"@id":"https:\/\/www.press7.tv\/?p=23110"},"author":{"name":"gazetar2","@id":"https:\/\/www.news33.tv\/#\/schema\/person\/5a04a38a23ccdba82f9bd665cd8f9efa"},"headline":"Kosova e Shqip\u00ebria n\u00eb gar\u00eb p\u00ebr Yllin e Bayernit","datePublished":"2025-10-28T16:59:58+00:00","mainEntityOfPage":{"@id":"https:\/\/www.press7.tv\/?p=23110"},"wordCount":431,"publisher":{"@id":"https:\/\/www.news33.tv\/#organization"},"image":{"@id":"https:\/\/www.press7.tv\/?p=23110#primaryimage"},"thumbnailUrl":"https:\/\/www.press7.tv\/wp-content\/uploads\/2025\/10\/IMG_0486.avif","articleSection":["Sport"],"inLanguage":"en-US"},{"@type":"WebPage","@id":"https:\/\/www.press7.tv\/?p=23110","url":"https:\/\/www.press7.tv\/?p=23110","name":"Kosova e Shqip\u00ebria n\u00eb gar\u00eb p\u00ebr Yllin e Bayernit - press7.tv","isPartOf":{"@id":"https:\/\/www.news33.tv\/#website"},"primaryImageOfPage":{"@id":"https:\/\/www.press7.tv\/?p=23110#primaryimage"},"image":{"@id":"https:\/\/www.press7.tv\/?p=23110#primaryimage"},"thumbnailUrl":"https:\/\/www.press7.tv\/wp-content\/uploads\/2025\/10\/IMG_0486.avif","datePublished":"2025-10-28T16:59:58+00:00","breadcrumb":{"@id":"https:\/\/www.press7.tv\/?p=23110#breadcrumb"},"inLanguage":"en-US","potentialAction":[{"@type":"ReadAction","target":["https:\/\/www.press7.tv\/?p=23110"]}]},{"@type":"ImageObject","inLanguage":"en-US","@id":"https:\/\/www.press7.tv\/?p=23110#primaryimage","url":"https:\/\/www.press7.tv\/wp-content\/uploads\/2025\/10\/IMG_0486.avif","contentUrl":"https:\/\/www.press7.tv\/wp-content\/uploads\/2025\/10\/IMG_0486.avif","width":526,"height":490},{"@type":"BreadcrumbList","@id":"https:\/\/www.press7.tv\/?p=23110#breadcrumb","itemListElement":[{"@type":"ListItem","position":1,"name":"Home","item":"https:\/\/www.press7.tv\/"},{"@type":"ListItem","position":2,"name":"Kosova e Shqip\u00ebria n\u00eb gar\u00eb p\u00ebr Yllin e Bayernit"}]},{"@type":"WebSite","@id":"https:\/\/www.news33.tv\/#website","url":"https:\/\/www.news33.tv\/","name":"News33.tv Media","description":"Media","publisher":{"@id":"https:\/\/www.news33.tv\/#organization"},"potentialAction":[{"@type":"SearchAction","target":{"@type":"EntryPoint","urlTemplate":"https:\/\/www.news33.tv\/?s={search_term_string}"},"query-input":{"@type":"PropertyValueSpecification","valueRequired":true,"valueName":"search_term_string"}}],"inLanguage":"en-US"},{"@type":"Organization","@id":"https:\/\/www.news33.tv\/#organization","name":"News33.tv Media","url":"https:\/\/www.news33.tv\/","logo":{"@type":"ImageObject","inLanguage":"en-US","@id":"https:\/\/www.news33.tv\/#\/schema\/logo\/image\/","url":"https:\/\/www.press7.tv\/wp-content\/uploads\/2024\/02\/logo-news33-black.png","contentUrl":"https:\/\/www.press7.tv\/wp-content\/uploads\/2024\/02\/logo-news33-black.png","width":180,"height":37,"caption":"News33.tv Media"},"image":{"@id":"https:\/\/www.news33.tv\/#\/schema\/logo\/image\/"},"sameAs":["https:\/\/www.facebook.com\/press7.tv"]},{"@type":"Person","@id":"https:\/\/www.news33.tv\/#\/schema\/person\/5a04a38a23ccdba82f9bd665cd8f9efa","name":"gazetar2","image":{"@type":"ImageObject","inLanguage":"en-US","@id":"https:\/\/www.news33.tv\/#\/schema\/person\/image\/","url":"https:\/\/www.press7.tv\/wp-content\/litespeed\/avatar\/41975e402c3049d9ddb03adca8f7a883.jpg?ver=1777169572","contentUrl":"https:\/\/www.press7.tv\/wp-content\/litespeed\/avatar\/41975e402c3049d9ddb03adca8f7a883.jpg?ver=1777169572","caption":"gazetar2"},"url":"https:\/\/www.press7.tv\/?author=8"}]}},"amp_enabled":true,"_links":{"self":[{"href":"https:\/\/www.press7.tv\/index.php?rest_route=\/wp\/v2\/posts\/23110","targetHints":{"allow":["GET"]}}],"collection":[{"href":"https:\/\/www.press7.tv\/index.php?rest_route=\/wp\/v2\/posts"}],"about":[{"href":"https:\/\/www.press7.tv\/index.php?rest_route=\/wp\/v2\/types\/post"}],"author":[{"embeddable":true,"href":"https:\/\/www.press7.tv\/index.php?rest_route=\/wp\/v2\/users\/8"}],"replies":[{"embeddable":true,"href":"https:\/\/www.press7.tv\/index.php?rest_route=%2Fwp%2Fv2%2Fcomments&post=23110"}],"version-history":[{"count":1,"href":"https:\/\/www.press7.tv\/index.php?rest_route=\/wp\/v2\/posts\/23110\/revisions"}],"predecessor-version":[{"id":23112,"href":"https:\/\/www.press7.tv\/index.php?rest_route=\/wp\/v2\/posts\/23110\/revisions\/23112"}],"wp:featuredmedia":[{"embeddable":true,"href":"https:\/\/www.press7.tv\/index.php?rest_route=\/wp\/v2\/media\/23111"}],"wp:attachment":[{"href":"https:\/\/www.press7.tv\/index.php?rest_route=%2Fwp%2Fv2%2Fmedia&parent=23110"}],"wp:term":[{"taxonomy":"category","embeddable":true,"href":"https:\/\/www.press7.tv\/index.php?rest_route=%2Fwp%2Fv2%2Fcategories&post=23110"},{"taxonomy":"post_tag","embeddable":true,"href":"https:\/\/www.press7.tv\/index.php?rest_route=%2Fwp%2Fv2%2Ftags&post=23110"}],"curies":[{"name":"wp","href":"https:\/\/api.w.org\/{rel}","templated":true}]}}