{"id":23106,"date":"2025-10-28T13:16:53","date_gmt":"2025-10-28T13:16:53","guid":{"rendered":"https:\/\/www.press7.tv\/?p=23106"},"modified":"2025-10-28T13:16:53","modified_gmt":"2025-10-28T13:16:53","slug":"rama-turp-per-ata-qe-thacin-edhe-mbrapa-hekurave-e-shohin-si-armik-politik","status":"publish","type":"post","link":"https:\/\/www.press7.tv\/?p=23106","title":{"rendered":"Rama: Turp p\u00ebr ata q\u00eb Tha\u00e7in edhe mbrapa hekurave e shohin si armik politik"},"content":{"rendered":"\n    <div class=\"xs_social_share_widget xs_share_url before_content \t\tmain_content  wslu-style-2 wslu-share-box-shaped wslu-fill-colored wslu-share-m-5 wslu-none wslu-share-vertical wslu-theme-font-no wslu-main_content\">\n\n\t\t\n        <ul>\n\t\t\t        <\/ul>\n    <\/div> \n<p>Kryeministri i Shqip\u00ebris\u00eb, Edi Rama, e ka cil\u00ebsuar si t\u00eb tmerrshme faktin q\u00eb ish-krer\u00ebt e Ushtris\u00eb \u00c7lirimtare t\u00eb Kosov\u00ebs po vazhdojn\u00eb t\u00eb mbahen n\u00eb Hag\u00eb n\u00ebn akuz\u00ebn p\u00ebr krime lufte, edhe pes\u00eb vjet pas arrestimit. Ai n\u00eb nj\u00eb shkrim n\u00eb Facebook ka akuzuar edhe \u201ctifoz\u00ebt te verbuar\u201d politik\u00eb, q\u00eb sipas tij, edhe mbrapa hekurave e trajtojn\u00eb ish-presidentin Hashim Tha\u00e7i si armik politik.<\/p>\n<p>\u201cA nuk \u00ebsht\u00eb e tmerrshme ta mendosh se shp\u00ebtimtar\u00ebt e nj\u00eb kohe kur vet\u00eb ekzistenca e Kosov\u00ebs ishte n\u00eb tehun e thik\u00ebs s\u00eb gjat\u00eb t\u00eb padrejt\u00ebsis\u00eb historike ndaj shqiptar\u00ebve, duhet t\u00eb paraqiten para nj\u00eb gjykate t\u00eb dal\u00eb krejt nga shinat mbi t\u00eb cilat u ngrit, p\u00ebr t\u00eb d\u00ebshmuar se lufta p\u00ebr liri nuk \u00ebsht\u00eb krim, se rebelimi ndaj nj\u00eb diktature nacional-socialiste nuk \u00ebsht\u00eb faj, se shteti i ri e sovran i Kosov\u00ebs nuk ka dal\u00eb nga barku i nj\u00eb nd\u00ebrmarrjeje kriminale, po nga gjaku i nj\u00eb ushtrie \u00e7lirimtare?!\u201d ka shkruar Rama fillimisht duke publikuar nj\u00eb fotografi t\u00eb Tha\u00e7it me ish-gjeneralin amerikan q\u00eb udh\u00ebhoqi forcat e NATO-s gjat\u00eb fushat\u00ebs ajrore kund\u00ebr Serbis\u00eb m\u00eb 1999, e q\u00eb do t\u00eb jet\u00eb d\u00ebshmitari i fundit i mbrojtjes n\u00eb procesin gjyq\u00ebsor ndaj ish-udh\u00ebheq\u00ebsve t\u00eb U\u00c7K-s\u00eb.<\/p>\n<p>Rama \u00ebsht\u00eb marr\u00eb edhe me komentuesit, q\u00eb sipas tij, po urojn\u00eb q\u00eb Tha\u00e7i t\u00eb mos dal\u00eb kurr\u00eb nga burgu.<\/p>\n<p>\u201c\u00c7far\u00eb turpi p\u00ebr drejt\u00ebsin\u00eb nd\u00ebrkomb\u00ebtare dhe edhe m\u00eb zi p\u00ebr shqipshar\u00ebsit digjital\u00eb, tifoz\u00eb t\u00eb verbuar prej budallakis\u00eb kinse patriotike, q\u00eb edhe mbrapa hekurave t\u00eb k\u00ebsaj padrejt\u00ebsie ul\u00ebrit\u00ebse, e shohin dhe trajtojn\u00eb Hashim Tha\u00e7in si armik politik, e  urojn\u00eb t\u00eb mos dal\u00eb m\u00eb kurr\u00eb prej aty; nd\u00ebrkoh\u00eb q\u00eb kur atyre t\u2019u jet\u00eb harruar nami e nishani dhe asaj gjykate t\u2019i ket\u00eb mbetur vet\u00ebm njolla e turpit t\u00eb historis\u00eb, emri i Hashimit do t\u00eb mbetet p\u00ebrgjithnj\u00eb si emri i njeriut q\u00eb u b\u00eb nj\u00ebsh me fatin, lirin\u00eb dhe pavar\u00ebsin\u00eb e Kosov\u00ebs\u201d, ka shtuar ai.<\/p>\n<p>Hashim Tha\u00e7i, Kadri Veseli, Rexhep Selimi e Jakup Krasniqi ndodhen ndodhen n\u00eb qendr\u00ebn e paraburgimit n\u00eb Hag\u00eb q\u00eb nga n\u00ebntori i vitit 2020.S\u00eb fundmi n\u00eb Kosov\u00eb, Hag\u00eb e Shqip\u00ebri ka pasur protesta n\u00eb k\u00ebrkim t\u00eb drejt\u00ebsis\u00eb. Ato u p\u00ebrkrah\u00ebn publikisht nga Rama. <\/p>\n<p><img data-dominant-color=\"81828a\" data-has-transparency=\"false\" style=\"--dominant-color: #81828a;\" fetchpriority=\"high\" decoding=\"async\" src=\"https:\/\/www.press7.tv\/wp-content\/uploads\/2025\/10\/IMG_0482-260x300.avif\" alt=\"\" width=\"260\" height=\"300\" class=\"alignnone size-medium wp-image-23108 not-transparent\" srcset=\"https:\/\/www.press7.tv\/wp-content\/uploads\/2025\/10\/IMG_0482-260x300.avif 260w, https:\/\/www.press7.tv\/wp-content\/uploads\/2025\/10\/IMG_0482.avif 555w\" sizes=\"(max-width: 260px) 100vw, 260px\" \/><\/p>\n","protected":false},"excerpt":{"rendered":"<p>Kryeministri i Shqip\u00ebris\u00eb, Edi Rama, e ka cil\u00ebsuar si t\u00eb tmerrshme faktin q\u00eb ish-krer\u00ebt e Ushtris\u00eb \u00c7lirimtare t\u00eb Kosov\u00ebs po vazhdojn\u00eb t\u00eb mbahen n\u00eb Hag\u00eb n\u00ebn akuz\u00ebn p\u00ebr krime lufte, edhe pes\u00eb vjet pas arrestimit. Ai n\u00eb nj\u00eb shkrim n\u00eb Facebook ka akuzuar edhe \u201ctifoz\u00ebt te verbuar\u201d politik\u00eb, q\u00eb sipas tij, edhe mbrapa hekurave e [&hellip;]<\/p>\n","protected":false},"author":8,"featured_media":23107,"comment_status":"closed","ping_status":"closed","sticky":false,"template":"","format":"standard","meta":{"footnotes":""},"categories":[215,213,216],"tags":[],"class_list":["post-23106","post","type-post","status-publish","format-standard","has-post-thumbnail","hentry","category-kosove","category-lajme","category-shqiperi"],"yoast_head":"<!-- This site is optimized with the Yoast SEO plugin v25.1 - https:\/\/yoast.com\/wordpress\/plugins\/seo\/ -->\n<title>Rama: Turp p\u00ebr ata q\u00eb Tha\u00e7in edhe mbrapa hekurave e shohin si armik politik - press7.tv<\/title>\n<meta name=\"robots\" content=\"index, follow, max-snippet:-1, max-image-preview:large, max-video-preview:-1\" \/>\n<link rel=\"canonical\" href=\"https:\/\/www.press7.tv\/?p=23106\" \/>\n<meta property=\"og:locale\" content=\"en_US\" \/>\n<meta property=\"og:type\" content=\"article\" \/>\n<meta property=\"og:title\" content=\"Rama: Turp p\u00ebr ata q\u00eb Tha\u00e7in edhe mbrapa hekurave e shohin si armik politik - press7.tv\" \/>\n<meta property=\"og:description\" content=\"Kryeministri i Shqip\u00ebris\u00eb, Edi Rama, e ka cil\u00ebsuar si t\u00eb tmerrshme faktin q\u00eb ish-krer\u00ebt e Ushtris\u00eb \u00c7lirimtare t\u00eb Kosov\u00ebs po vazhdojn\u00eb t\u00eb mbahen n\u00eb Hag\u00eb n\u00ebn akuz\u00ebn p\u00ebr krime lufte, edhe pes\u00eb vjet pas arrestimit. Ai n\u00eb nj\u00eb shkrim n\u00eb Facebook ka akuzuar edhe \u201ctifoz\u00ebt te verbuar\u201d politik\u00eb, q\u00eb sipas tij, edhe mbrapa hekurave e [&hellip;]\" \/>\n<meta property=\"og:url\" content=\"https:\/\/www.press7.tv\/?p=23106\" \/>\n<meta property=\"og:site_name\" content=\"press7.tv\" \/>\n<meta property=\"article:publisher\" content=\"https:\/\/www.facebook.com\/press7.tv\" \/>\n<meta property=\"article:published_time\" content=\"2025-10-28T13:16:53+00:00\" \/>\n<meta property=\"og:image\" content=\"https:\/\/www.press7.tv\/wp-content\/uploads\/2025\/10\/IMG_0481.avif\" \/>\n\t<meta property=\"og:image:width\" content=\"1360\" \/>\n\t<meta property=\"og:image:height\" content=\"870\" \/>\n\t<meta property=\"og:image:type\" content=\"image\/webp\" \/>\n<meta name=\"author\" content=\"gazetar2\" \/>\n<meta name=\"twitter:card\" content=\"summary_large_image\" \/>\n<meta name=\"twitter:label1\" content=\"Written by\" \/>\n\t<meta name=\"twitter:data1\" content=\"gazetar2\" \/>\n\t<meta name=\"twitter:label2\" content=\"Est. reading time\" \/>\n\t<meta name=\"twitter:data2\" content=\"1 minute\" \/>\n<script type=\"application\/ld+json\" class=\"yoast-schema-graph\">{\"@context\":\"https:\/\/schema.org\",\"@graph\":[{\"@type\":\"Article\",\"@id\":\"https:\/\/www.press7.tv\/?p=23106#article\",\"isPartOf\":{\"@id\":\"https:\/\/www.press7.tv\/?p=23106\"},\"author\":{\"name\":\"gazetar2\",\"@id\":\"https:\/\/www.news33.tv\/#\/schema\/person\/5a04a38a23ccdba82f9bd665cd8f9efa\"},\"headline\":\"Rama: Turp p\u00ebr ata q\u00eb Tha\u00e7in edhe mbrapa hekurave e shohin si armik politik\",\"datePublished\":\"2025-10-28T13:16:53+00:00\",\"mainEntityOfPage\":{\"@id\":\"https:\/\/www.press7.tv\/?p=23106\"},\"wordCount\":417,\"publisher\":{\"@id\":\"https:\/\/www.news33.tv\/#organization\"},\"image\":{\"@id\":\"https:\/\/www.press7.tv\/?p=23106#primaryimage\"},\"thumbnailUrl\":\"https:\/\/www.press7.tv\/wp-content\/uploads\/2025\/10\/IMG_0481.avif\",\"articleSection\":[\"Kosov\u00eb\",\"Lajme\",\"Shqip\u00ebri\"],\"inLanguage\":\"en-US\"},{\"@type\":\"WebPage\",\"@id\":\"https:\/\/www.press7.tv\/?p=23106\",\"url\":\"https:\/\/www.press7.tv\/?p=23106\",\"name\":\"Rama: Turp p\u00ebr ata q\u00eb Tha\u00e7in edhe mbrapa hekurave e shohin si armik politik - press7.tv\",\"isPartOf\":{\"@id\":\"https:\/\/www.news33.tv\/#website\"},\"primaryImageOfPage\":{\"@id\":\"https:\/\/www.press7.tv\/?p=23106#primaryimage\"},\"image\":{\"@id\":\"https:\/\/www.press7.tv\/?p=23106#primaryimage\"},\"thumbnailUrl\":\"https:\/\/www.press7.tv\/wp-content\/uploads\/2025\/10\/IMG_0481.avif\",\"datePublished\":\"2025-10-28T13:16:53+00:00\",\"breadcrumb\":{\"@id\":\"https:\/\/www.press7.tv\/?p=23106#breadcrumb\"},\"inLanguage\":\"en-US\",\"potentialAction\":[{\"@type\":\"ReadAction\",\"target\":[\"https:\/\/www.press7.tv\/?p=23106\"]}]},{\"@type\":\"ImageObject\",\"inLanguage\":\"en-US\",\"@id\":\"https:\/\/www.press7.tv\/?p=23106#primaryimage\",\"url\":\"https:\/\/www.press7.tv\/wp-content\/uploads\/2025\/10\/IMG_0481.avif\",\"contentUrl\":\"https:\/\/www.press7.tv\/wp-content\/uploads\/2025\/10\/IMG_0481.avif\",\"width\":1360,\"height\":870},{\"@type\":\"BreadcrumbList\",\"@id\":\"https:\/\/www.press7.tv\/?p=23106#breadcrumb\",\"itemListElement\":[{\"@type\":\"ListItem\",\"position\":1,\"name\":\"Home\",\"item\":\"https:\/\/www.press7.tv\/\"},{\"@type\":\"ListItem\",\"position\":2,\"name\":\"Rama: Turp p\u00ebr ata q\u00eb Tha\u00e7in edhe mbrapa hekurave e shohin si armik politik\"}]},{\"@type\":\"WebSite\",\"@id\":\"https:\/\/www.news33.tv\/#website\",\"url\":\"https:\/\/www.news33.tv\/\",\"name\":\"News33.tv Media\",\"description\":\"Media\",\"publisher\":{\"@id\":\"https:\/\/www.news33.tv\/#organization\"},\"potentialAction\":[{\"@type\":\"SearchAction\",\"target\":{\"@type\":\"EntryPoint\",\"urlTemplate\":\"https:\/\/www.news33.tv\/?s={search_term_string}\"},\"query-input\":{\"@type\":\"PropertyValueSpecification\",\"valueRequired\":true,\"valueName\":\"search_term_string\"}}],\"inLanguage\":\"en-US\"},{\"@type\":\"Organization\",\"@id\":\"https:\/\/www.news33.tv\/#organization\",\"name\":\"News33.tv Media\",\"url\":\"https:\/\/www.news33.tv\/\",\"logo\":{\"@type\":\"ImageObject\",\"inLanguage\":\"en-US\",\"@id\":\"https:\/\/www.news33.tv\/#\/schema\/logo\/image\/\",\"url\":\"https:\/\/www.press7.tv\/wp-content\/uploads\/2024\/02\/logo-news33-black.png\",\"contentUrl\":\"https:\/\/www.press7.tv\/wp-content\/uploads\/2024\/02\/logo-news33-black.png\",\"width\":180,\"height\":37,\"caption\":\"News33.tv Media\"},\"image\":{\"@id\":\"https:\/\/www.news33.tv\/#\/schema\/logo\/image\/\"},\"sameAs\":[\"https:\/\/www.facebook.com\/press7.tv\"]},{\"@type\":\"Person\",\"@id\":\"https:\/\/www.news33.tv\/#\/schema\/person\/5a04a38a23ccdba82f9bd665cd8f9efa\",\"name\":\"gazetar2\",\"image\":{\"@type\":\"ImageObject\",\"inLanguage\":\"en-US\",\"@id\":\"https:\/\/www.news33.tv\/#\/schema\/person\/image\/\",\"url\":\"https:\/\/www.press7.tv\/wp-content\/litespeed\/avatar\/41975e402c3049d9ddb03adca8f7a883.jpg?ver=1777169572\",\"contentUrl\":\"https:\/\/www.press7.tv\/wp-content\/litespeed\/avatar\/41975e402c3049d9ddb03adca8f7a883.jpg?ver=1777169572\",\"caption\":\"gazetar2\"},\"url\":\"https:\/\/www.press7.tv\/?author=8\"}]}<\/script>\n<!-- \/ Yoast SEO plugin. -->","yoast_head_json":{"title":"Rama: Turp p\u00ebr ata q\u00eb Tha\u00e7in edhe mbrapa hekurave e shohin si armik politik - press7.tv","robots":{"index":"index","follow":"follow","max-snippet":"max-snippet:-1","max-image-preview":"max-image-preview:large","max-video-preview":"max-video-preview:-1"},"canonical":"https:\/\/www.press7.tv\/?p=23106","og_locale":"en_US","og_type":"article","og_title":"Rama: Turp p\u00ebr ata q\u00eb Tha\u00e7in edhe mbrapa hekurave e shohin si armik politik - press7.tv","og_description":"Kryeministri i Shqip\u00ebris\u00eb, Edi Rama, e ka cil\u00ebsuar si t\u00eb tmerrshme faktin q\u00eb ish-krer\u00ebt e Ushtris\u00eb \u00c7lirimtare t\u00eb Kosov\u00ebs po vazhdojn\u00eb t\u00eb mbahen n\u00eb Hag\u00eb n\u00ebn akuz\u00ebn p\u00ebr krime lufte, edhe pes\u00eb vjet pas arrestimit. Ai n\u00eb nj\u00eb shkrim n\u00eb Facebook ka akuzuar edhe \u201ctifoz\u00ebt te verbuar\u201d politik\u00eb, q\u00eb sipas tij, edhe mbrapa hekurave e [&hellip;]","og_url":"https:\/\/www.press7.tv\/?p=23106","og_site_name":"press7.tv","article_publisher":"https:\/\/www.facebook.com\/press7.tv","article_published_time":"2025-10-28T13:16:53+00:00","og_image":[{"width":1360,"height":870,"url":"https:\/\/www.press7.tv\/wp-content\/uploads\/2025\/10\/IMG_0481.avif","type":"image\/webp"}],"author":"gazetar2","twitter_card":"summary_large_image","twitter_misc":{"Written by":"gazetar2","Est. reading time":"1 minute"},"schema":{"@context":"https:\/\/schema.org","@graph":[{"@type":"Article","@id":"https:\/\/www.press7.tv\/?p=23106#article","isPartOf":{"@id":"https:\/\/www.press7.tv\/?p=23106"},"author":{"name":"gazetar2","@id":"https:\/\/www.news33.tv\/#\/schema\/person\/5a04a38a23ccdba82f9bd665cd8f9efa"},"headline":"Rama: Turp p\u00ebr ata q\u00eb Tha\u00e7in edhe mbrapa hekurave e shohin si armik politik","datePublished":"2025-10-28T13:16:53+00:00","mainEntityOfPage":{"@id":"https:\/\/www.press7.tv\/?p=23106"},"wordCount":417,"publisher":{"@id":"https:\/\/www.news33.tv\/#organization"},"image":{"@id":"https:\/\/www.press7.tv\/?p=23106#primaryimage"},"thumbnailUrl":"https:\/\/www.press7.tv\/wp-content\/uploads\/2025\/10\/IMG_0481.avif","articleSection":["Kosov\u00eb","Lajme","Shqip\u00ebri"],"inLanguage":"en-US"},{"@type":"WebPage","@id":"https:\/\/www.press7.tv\/?p=23106","url":"https:\/\/www.press7.tv\/?p=23106","name":"Rama: Turp p\u00ebr ata q\u00eb Tha\u00e7in edhe mbrapa hekurave e shohin si armik politik - press7.tv","isPartOf":{"@id":"https:\/\/www.news33.tv\/#website"},"primaryImageOfPage":{"@id":"https:\/\/www.press7.tv\/?p=23106#primaryimage"},"image":{"@id":"https:\/\/www.press7.tv\/?p=23106#primaryimage"},"thumbnailUrl":"https:\/\/www.press7.tv\/wp-content\/uploads\/2025\/10\/IMG_0481.avif","datePublished":"2025-10-28T13:16:53+00:00","breadcrumb":{"@id":"https:\/\/www.press7.tv\/?p=23106#breadcrumb"},"inLanguage":"en-US","potentialAction":[{"@type":"ReadAction","target":["https:\/\/www.press7.tv\/?p=23106"]}]},{"@type":"ImageObject","inLanguage":"en-US","@id":"https:\/\/www.press7.tv\/?p=23106#primaryimage","url":"https:\/\/www.press7.tv\/wp-content\/uploads\/2025\/10\/IMG_0481.avif","contentUrl":"https:\/\/www.press7.tv\/wp-content\/uploads\/2025\/10\/IMG_0481.avif","width":1360,"height":870},{"@type":"BreadcrumbList","@id":"https:\/\/www.press7.tv\/?p=23106#breadcrumb","itemListElement":[{"@type":"ListItem","position":1,"name":"Home","item":"https:\/\/www.press7.tv\/"},{"@type":"ListItem","position":2,"name":"Rama: Turp p\u00ebr ata q\u00eb Tha\u00e7in edhe mbrapa hekurave e shohin si armik politik"}]},{"@type":"WebSite","@id":"https:\/\/www.news33.tv\/#website","url":"https:\/\/www.news33.tv\/","name":"News33.tv Media","description":"Media","publisher":{"@id":"https:\/\/www.news33.tv\/#organization"},"potentialAction":[{"@type":"SearchAction","target":{"@type":"EntryPoint","urlTemplate":"https:\/\/www.news33.tv\/?s={search_term_string}"},"query-input":{"@type":"PropertyValueSpecification","valueRequired":true,"valueName":"search_term_string"}}],"inLanguage":"en-US"},{"@type":"Organization","@id":"https:\/\/www.news33.tv\/#organization","name":"News33.tv Media","url":"https:\/\/www.news33.tv\/","logo":{"@type":"ImageObject","inLanguage":"en-US","@id":"https:\/\/www.news33.tv\/#\/schema\/logo\/image\/","url":"https:\/\/www.press7.tv\/wp-content\/uploads\/2024\/02\/logo-news33-black.png","contentUrl":"https:\/\/www.press7.tv\/wp-content\/uploads\/2024\/02\/logo-news33-black.png","width":180,"height":37,"caption":"News33.tv Media"},"image":{"@id":"https:\/\/www.news33.tv\/#\/schema\/logo\/image\/"},"sameAs":["https:\/\/www.facebook.com\/press7.tv"]},{"@type":"Person","@id":"https:\/\/www.news33.tv\/#\/schema\/person\/5a04a38a23ccdba82f9bd665cd8f9efa","name":"gazetar2","image":{"@type":"ImageObject","inLanguage":"en-US","@id":"https:\/\/www.news33.tv\/#\/schema\/person\/image\/","url":"https:\/\/www.press7.tv\/wp-content\/litespeed\/avatar\/41975e402c3049d9ddb03adca8f7a883.jpg?ver=1777169572","contentUrl":"https:\/\/www.press7.tv\/wp-content\/litespeed\/avatar\/41975e402c3049d9ddb03adca8f7a883.jpg?ver=1777169572","caption":"gazetar2"},"url":"https:\/\/www.press7.tv\/?author=8"}]}},"amp_enabled":true,"_links":{"self":[{"href":"https:\/\/www.press7.tv\/index.php?rest_route=\/wp\/v2\/posts\/23106","targetHints":{"allow":["GET"]}}],"collection":[{"href":"https:\/\/www.press7.tv\/index.php?rest_route=\/wp\/v2\/posts"}],"about":[{"href":"https:\/\/www.press7.tv\/index.php?rest_route=\/wp\/v2\/types\/post"}],"author":[{"embeddable":true,"href":"https:\/\/www.press7.tv\/index.php?rest_route=\/wp\/v2\/users\/8"}],"replies":[{"embeddable":true,"href":"https:\/\/www.press7.tv\/index.php?rest_route=%2Fwp%2Fv2%2Fcomments&post=23106"}],"version-history":[{"count":1,"href":"https:\/\/www.press7.tv\/index.php?rest_route=\/wp\/v2\/posts\/23106\/revisions"}],"predecessor-version":[{"id":23109,"href":"https:\/\/www.press7.tv\/index.php?rest_route=\/wp\/v2\/posts\/23106\/revisions\/23109"}],"wp:featuredmedia":[{"embeddable":true,"href":"https:\/\/www.press7.tv\/index.php?rest_route=\/wp\/v2\/media\/23107"}],"wp:attachment":[{"href":"https:\/\/www.press7.tv\/index.php?rest_route=%2Fwp%2Fv2%2Fmedia&parent=23106"}],"wp:term":[{"taxonomy":"category","embeddable":true,"href":"https:\/\/www.press7.tv\/index.php?rest_route=%2Fwp%2Fv2%2Fcategories&post=23106"},{"taxonomy":"post_tag","embeddable":true,"href":"https:\/\/www.press7.tv\/index.php?rest_route=%2Fwp%2Fv2%2Ftags&post=23106"}],"curies":[{"name":"wp","href":"https:\/\/api.w.org\/{rel}","templated":true}]}}