{"id":23103,"date":"2025-10-28T12:33:22","date_gmt":"2025-10-28T12:33:22","guid":{"rendered":"https:\/\/www.press7.tv\/?p=23103"},"modified":"2025-10-28T12:33:22","modified_gmt":"2025-10-28T12:33:22","slug":"14-vjecari-nga-kosova-hero-ne-gjermani","status":"publish","type":"post","link":"https:\/\/www.press7.tv\/?p=23103","title":{"rendered":"14-vje\u00e7ari nga Kosova, hero n\u00eb Gjermani"},"content":{"rendered":"\n    <div class=\"xs_social_share_widget xs_share_url before_content \t\tmain_content  wslu-style-2 wslu-share-box-shaped wslu-fill-colored wslu-share-m-5 wslu-none wslu-share-vertical wslu-theme-font-no wslu-main_content\">\n\n\t\t\n        <ul>\n\t\t\t        <\/ul>\n    <\/div> \n<p>Nj\u00eb 14-vje\u00e7ar me origjin\u00eb nga Kosova \u00ebsht\u00eb b\u00ebr\u00eb hero n\u00eb Gjermani. Len Fejzullahu ka rrezikuar jet\u00ebn e tij p\u00ebr t\u00eb shp\u00ebtuar shokun e shkoll\u00ebs, kur u sulmua nga nj\u00eb person tjet\u00ebr me \u00e7eki\u00e7.<\/p>\n<p>\u201cFriedberger Allgemeine\u201d ka shkruar t\u00eb h\u00ebn\u00ebn p\u00ebr rr\u00ebfimin e 14-vje\u00e7arit q\u00eb tregoi guxim t\u00eb jasht\u00ebzakonsh\u00ebm.<\/p>\n<p>14-vje\u00e7ari po q\u00ebndronte n\u00eb oborrin e shkoll\u00ebs me dy shok\u00ebt e tij, kur nj\u00eb adoleshent iu afrua. Ai po mbante nj\u00eb \u00e7eki\u00e7 si dhe ishte veshur me uniform\u00eb ushtarake.<\/p>\n<p>\u201cFillimisht mendova se ishte i gom\u00ebs dhe se po p\u00ebrpiqeshin t\u00eb m\u00eb b\u00ebnin shaka\u201d, ka rr\u00ebfyer 14-vje\u00e7ari. Por ajo q\u00eb ndodhi pastaj nuk ishte aspak shaka. Dhe po t\u00eb mos vraponte n\u00eb ndihm\u00eb t\u00eb shokut t\u00eb tij dhe t\u00eb rrezikonte jet\u00ebn e vet, gj\u00ebrat do t\u00eb ishin edhe m\u00eb keq.<\/p>\n<p>Sulmi ka shokuar Friedbergun n\u00eb Gjermani n\u00eb mes t\u00eb tetorit. Nj\u00eb 15-vje\u00e7ar pati sulmuar dy 14-vje\u00e7ar\u00eb pak para se t\u00eb niste m\u00ebsimi, duke e l\u00ebnduar nj\u00ebrin prej tyre r\u00ebnd\u00eb. Sulmuesi \u00ebsht\u00eb n\u00eb mbajtje n\u00ebn akuz\u00ebn p\u00ebr tentimvrasje dhe l\u00ebndim t\u00eb r\u00ebnd\u00eb. Hetuesit po mbledhin informata n\u00ebse b\u00ebhet fjal\u00eb p\u00ebr prapavij\u00eb ekstremiste.<\/p>\n<p>Si ndodhi rasti?<\/p>\n<p>Sulmuesi e kishte goditur nj\u00ebrin nga shok\u00ebt e Lenit n\u00eb kok\u00eb. Kur ai e sulmoi Lenin, 14-vje\u00e7ari arriti t\u00eb shmangej dhe u godit vet\u00ebm n\u00eb krah. Nd\u00ebrsa nj\u00eb i tret\u00eb kishte ikur te hyrja e shkoll\u00ebs. \u201cE pash shokun tim t\u00eb shtrir\u00eb n\u00eb tok\u00eb\u201d, ka th\u00ebn\u00eb Leni.<\/p>\n<p>Pastaj sulmuesi e ka goditur disa her\u00eb.<\/p>\n<p>\u201cMendova se nuk mund ta l\u00eb vet\u00ebm\u201d, ka rr\u00ebfyer Leni q\u00eb m\u00eb pas ka shkuar drejt sulmuesit e fillimisht duke e goditur n\u00eb k\u00ebmb\u00eb e m\u00eb pas kishte arritur t\u2019ia merrte \u00e7eki\u00e7in e ta godiste n\u00eb bark dhe ta rr\u00ebzonte.<\/p>\n<p>Pas k\u00ebsaj, Leni dhe shoku i tij arrit\u00ebn t\u00eb shkonin drejt shkoll\u00ebs. Sulmuesi kishte sht\u00ebn\u00eb n\u00eb drejtim t\u00eb tyrin me nj\u00eb arm\u00eb jo reale. Shoku i Lenit ishte l\u00ebnduar n\u00eb kok\u00eb dhe teksa iknin i duhej ndihma. Te dera e shkoll\u00ebs takuan dy m\u00ebsimdh\u00ebn\u00ebs q\u00eb shpejt thirr\u00ebn policin\u00eb dhe ambulanc\u00ebn. Sh\u00ebrbimet emergjente u paraqit\u00ebn shpejt dhe sulmuesi u arrestua. 15-vje\u00e7ari kishte t\u00eb kaluar me k\u00ebrc\u00ebnime dhe po hetohet edhe p\u00ebr mund\u00ebsin\u00eb e ekstremizmit.<\/p>\n<p>Leni ka dh\u00ebn\u00eb deklarat\u00eb n\u00eb polici. Ai ka p\u00ebrg\u00ebnjeshtruar edhe komentet n\u00eb TikTok se sulmuesi ka qen\u00eb i bullizuar duke th\u00ebn\u00eb se e ka njohur vet\u00ebm si figur\u00eb. Madje ka th\u00ebn\u00eb se po q\u00eb se sulmuesi do t\u00eb ishte i huaj, komentet do t\u00eb ishin ndryshe.<\/p>\n<p>Leni tani e kujton rastin dhe e kupton sa ka rrezikuar. I dyshuari kishte pasur edhe thik\u00eb me vete.<\/p>\n<p>Sot, ai \u00ebsht\u00eb ftuar n\u00eb takim nga kryebashkiaku Roland Eichman.<\/p>\n","protected":false},"excerpt":{"rendered":"<p>Nj\u00eb 14-vje\u00e7ar me origjin\u00eb nga Kosova \u00ebsht\u00eb b\u00ebr\u00eb hero n\u00eb Gjermani. Len Fejzullahu ka rrezikuar jet\u00ebn e tij p\u00ebr t\u00eb shp\u00ebtuar shokun e shkoll\u00ebs, kur u sulmua nga nj\u00eb person tjet\u00ebr me \u00e7eki\u00e7. \u201cFriedberger Allgemeine\u201d ka shkruar t\u00eb h\u00ebn\u00ebn p\u00ebr rr\u00ebfimin e 14-vje\u00e7arit q\u00eb tregoi guxim t\u00eb jasht\u00ebzakonsh\u00ebm. 14-vje\u00e7ari po q\u00ebndronte n\u00eb oborrin e shkoll\u00ebs [&hellip;]<\/p>\n","protected":false},"author":8,"featured_media":23104,"comment_status":"closed","ping_status":"closed","sticky":false,"template":"","format":"standard","meta":{"footnotes":""},"categories":[215,213],"tags":[],"class_list":["post-23103","post","type-post","status-publish","format-standard","has-post-thumbnail","hentry","category-kosove","category-lajme"],"yoast_head":"<!-- This site is optimized with the Yoast SEO plugin v25.1 - https:\/\/yoast.com\/wordpress\/plugins\/seo\/ -->\n<title>14-vje\u00e7ari nga Kosova, hero n\u00eb Gjermani - press7.tv<\/title>\n<meta name=\"robots\" content=\"index, follow, max-snippet:-1, max-image-preview:large, max-video-preview:-1\" \/>\n<link rel=\"canonical\" href=\"https:\/\/www.press7.tv\/?p=23103\" \/>\n<meta property=\"og:locale\" content=\"en_US\" \/>\n<meta property=\"og:type\" content=\"article\" \/>\n<meta property=\"og:title\" content=\"14-vje\u00e7ari nga Kosova, hero n\u00eb Gjermani - press7.tv\" \/>\n<meta property=\"og:description\" content=\"Nj\u00eb 14-vje\u00e7ar me origjin\u00eb nga Kosova \u00ebsht\u00eb b\u00ebr\u00eb hero n\u00eb Gjermani. Len Fejzullahu ka rrezikuar jet\u00ebn e tij p\u00ebr t\u00eb shp\u00ebtuar shokun e shkoll\u00ebs, kur u sulmua nga nj\u00eb person tjet\u00ebr me \u00e7eki\u00e7. \u201cFriedberger Allgemeine\u201d ka shkruar t\u00eb h\u00ebn\u00ebn p\u00ebr rr\u00ebfimin e 14-vje\u00e7arit q\u00eb tregoi guxim t\u00eb jasht\u00ebzakonsh\u00ebm. 14-vje\u00e7ari po q\u00ebndronte n\u00eb oborrin e shkoll\u00ebs [&hellip;]\" \/>\n<meta property=\"og:url\" content=\"https:\/\/www.press7.tv\/?p=23103\" \/>\n<meta property=\"og:site_name\" content=\"press7.tv\" \/>\n<meta property=\"article:publisher\" content=\"https:\/\/www.facebook.com\/press7.tv\" \/>\n<meta property=\"article:published_time\" content=\"2025-10-28T12:33:22+00:00\" \/>\n<meta property=\"og:image\" content=\"https:\/\/www.press7.tv\/wp-content\/uploads\/2025\/10\/IMG_0479.avif\" \/>\n\t<meta property=\"og:image:width\" content=\"627\" \/>\n\t<meta property=\"og:image:height\" content=\"495\" \/>\n\t<meta property=\"og:image:type\" content=\"image\/webp\" \/>\n<meta name=\"author\" content=\"gazetar2\" \/>\n<meta name=\"twitter:card\" content=\"summary_large_image\" \/>\n<meta name=\"twitter:label1\" content=\"Written by\" \/>\n\t<meta name=\"twitter:data1\" content=\"gazetar2\" \/>\n\t<meta name=\"twitter:label2\" content=\"Est. reading time\" \/>\n\t<meta name=\"twitter:data2\" content=\"1 minute\" \/>\n<script type=\"application\/ld+json\" class=\"yoast-schema-graph\">{\"@context\":\"https:\/\/schema.org\",\"@graph\":[{\"@type\":\"Article\",\"@id\":\"https:\/\/www.press7.tv\/?p=23103#article\",\"isPartOf\":{\"@id\":\"https:\/\/www.press7.tv\/?p=23103\"},\"author\":{\"name\":\"gazetar2\",\"@id\":\"https:\/\/www.news33.tv\/#\/schema\/person\/5a04a38a23ccdba82f9bd665cd8f9efa\"},\"headline\":\"14-vje\u00e7ari nga Kosova, hero n\u00eb Gjermani\",\"datePublished\":\"2025-10-28T12:33:22+00:00\",\"mainEntityOfPage\":{\"@id\":\"https:\/\/www.press7.tv\/?p=23103\"},\"wordCount\":506,\"publisher\":{\"@id\":\"https:\/\/www.news33.tv\/#organization\"},\"image\":{\"@id\":\"https:\/\/www.press7.tv\/?p=23103#primaryimage\"},\"thumbnailUrl\":\"https:\/\/www.press7.tv\/wp-content\/uploads\/2025\/10\/IMG_0479.avif\",\"articleSection\":[\"Kosov\u00eb\",\"Lajme\"],\"inLanguage\":\"en-US\"},{\"@type\":\"WebPage\",\"@id\":\"https:\/\/www.press7.tv\/?p=23103\",\"url\":\"https:\/\/www.press7.tv\/?p=23103\",\"name\":\"14-vje\u00e7ari nga Kosova, hero n\u00eb Gjermani - press7.tv\",\"isPartOf\":{\"@id\":\"https:\/\/www.news33.tv\/#website\"},\"primaryImageOfPage\":{\"@id\":\"https:\/\/www.press7.tv\/?p=23103#primaryimage\"},\"image\":{\"@id\":\"https:\/\/www.press7.tv\/?p=23103#primaryimage\"},\"thumbnailUrl\":\"https:\/\/www.press7.tv\/wp-content\/uploads\/2025\/10\/IMG_0479.avif\",\"datePublished\":\"2025-10-28T12:33:22+00:00\",\"breadcrumb\":{\"@id\":\"https:\/\/www.press7.tv\/?p=23103#breadcrumb\"},\"inLanguage\":\"en-US\",\"potentialAction\":[{\"@type\":\"ReadAction\",\"target\":[\"https:\/\/www.press7.tv\/?p=23103\"]}]},{\"@type\":\"ImageObject\",\"inLanguage\":\"en-US\",\"@id\":\"https:\/\/www.press7.tv\/?p=23103#primaryimage\",\"url\":\"https:\/\/www.press7.tv\/wp-content\/uploads\/2025\/10\/IMG_0479.avif\",\"contentUrl\":\"https:\/\/www.press7.tv\/wp-content\/uploads\/2025\/10\/IMG_0479.avif\",\"width\":627,\"height\":495},{\"@type\":\"BreadcrumbList\",\"@id\":\"https:\/\/www.press7.tv\/?p=23103#breadcrumb\",\"itemListElement\":[{\"@type\":\"ListItem\",\"position\":1,\"name\":\"Home\",\"item\":\"https:\/\/www.press7.tv\/\"},{\"@type\":\"ListItem\",\"position\":2,\"name\":\"14-vje\u00e7ari nga Kosova, hero n\u00eb Gjermani\"}]},{\"@type\":\"WebSite\",\"@id\":\"https:\/\/www.news33.tv\/#website\",\"url\":\"https:\/\/www.news33.tv\/\",\"name\":\"News33.tv Media\",\"description\":\"Media\",\"publisher\":{\"@id\":\"https:\/\/www.news33.tv\/#organization\"},\"potentialAction\":[{\"@type\":\"SearchAction\",\"target\":{\"@type\":\"EntryPoint\",\"urlTemplate\":\"https:\/\/www.news33.tv\/?s={search_term_string}\"},\"query-input\":{\"@type\":\"PropertyValueSpecification\",\"valueRequired\":true,\"valueName\":\"search_term_string\"}}],\"inLanguage\":\"en-US\"},{\"@type\":\"Organization\",\"@id\":\"https:\/\/www.news33.tv\/#organization\",\"name\":\"News33.tv Media\",\"url\":\"https:\/\/www.news33.tv\/\",\"logo\":{\"@type\":\"ImageObject\",\"inLanguage\":\"en-US\",\"@id\":\"https:\/\/www.news33.tv\/#\/schema\/logo\/image\/\",\"url\":\"https:\/\/www.press7.tv\/wp-content\/uploads\/2024\/02\/logo-news33-black.png\",\"contentUrl\":\"https:\/\/www.press7.tv\/wp-content\/uploads\/2024\/02\/logo-news33-black.png\",\"width\":180,\"height\":37,\"caption\":\"News33.tv Media\"},\"image\":{\"@id\":\"https:\/\/www.news33.tv\/#\/schema\/logo\/image\/\"},\"sameAs\":[\"https:\/\/www.facebook.com\/press7.tv\"]},{\"@type\":\"Person\",\"@id\":\"https:\/\/www.news33.tv\/#\/schema\/person\/5a04a38a23ccdba82f9bd665cd8f9efa\",\"name\":\"gazetar2\",\"image\":{\"@type\":\"ImageObject\",\"inLanguage\":\"en-US\",\"@id\":\"https:\/\/www.news33.tv\/#\/schema\/person\/image\/\",\"url\":\"https:\/\/www.press7.tv\/wp-content\/litespeed\/avatar\/41975e402c3049d9ddb03adca8f7a883.jpg?ver=1777169572\",\"contentUrl\":\"https:\/\/www.press7.tv\/wp-content\/litespeed\/avatar\/41975e402c3049d9ddb03adca8f7a883.jpg?ver=1777169572\",\"caption\":\"gazetar2\"},\"url\":\"https:\/\/www.press7.tv\/?author=8\"}]}<\/script>\n<!-- \/ Yoast SEO plugin. -->","yoast_head_json":{"title":"14-vje\u00e7ari nga Kosova, hero n\u00eb Gjermani - press7.tv","robots":{"index":"index","follow":"follow","max-snippet":"max-snippet:-1","max-image-preview":"max-image-preview:large","max-video-preview":"max-video-preview:-1"},"canonical":"https:\/\/www.press7.tv\/?p=23103","og_locale":"en_US","og_type":"article","og_title":"14-vje\u00e7ari nga Kosova, hero n\u00eb Gjermani - press7.tv","og_description":"Nj\u00eb 14-vje\u00e7ar me origjin\u00eb nga Kosova \u00ebsht\u00eb b\u00ebr\u00eb hero n\u00eb Gjermani. Len Fejzullahu ka rrezikuar jet\u00ebn e tij p\u00ebr t\u00eb shp\u00ebtuar shokun e shkoll\u00ebs, kur u sulmua nga nj\u00eb person tjet\u00ebr me \u00e7eki\u00e7. \u201cFriedberger Allgemeine\u201d ka shkruar t\u00eb h\u00ebn\u00ebn p\u00ebr rr\u00ebfimin e 14-vje\u00e7arit q\u00eb tregoi guxim t\u00eb jasht\u00ebzakonsh\u00ebm. 14-vje\u00e7ari po q\u00ebndronte n\u00eb oborrin e shkoll\u00ebs [&hellip;]","og_url":"https:\/\/www.press7.tv\/?p=23103","og_site_name":"press7.tv","article_publisher":"https:\/\/www.facebook.com\/press7.tv","article_published_time":"2025-10-28T12:33:22+00:00","og_image":[{"width":627,"height":495,"url":"https:\/\/www.press7.tv\/wp-content\/uploads\/2025\/10\/IMG_0479.avif","type":"image\/webp"}],"author":"gazetar2","twitter_card":"summary_large_image","twitter_misc":{"Written by":"gazetar2","Est. reading time":"1 minute"},"schema":{"@context":"https:\/\/schema.org","@graph":[{"@type":"Article","@id":"https:\/\/www.press7.tv\/?p=23103#article","isPartOf":{"@id":"https:\/\/www.press7.tv\/?p=23103"},"author":{"name":"gazetar2","@id":"https:\/\/www.news33.tv\/#\/schema\/person\/5a04a38a23ccdba82f9bd665cd8f9efa"},"headline":"14-vje\u00e7ari nga Kosova, hero n\u00eb Gjermani","datePublished":"2025-10-28T12:33:22+00:00","mainEntityOfPage":{"@id":"https:\/\/www.press7.tv\/?p=23103"},"wordCount":506,"publisher":{"@id":"https:\/\/www.news33.tv\/#organization"},"image":{"@id":"https:\/\/www.press7.tv\/?p=23103#primaryimage"},"thumbnailUrl":"https:\/\/www.press7.tv\/wp-content\/uploads\/2025\/10\/IMG_0479.avif","articleSection":["Kosov\u00eb","Lajme"],"inLanguage":"en-US"},{"@type":"WebPage","@id":"https:\/\/www.press7.tv\/?p=23103","url":"https:\/\/www.press7.tv\/?p=23103","name":"14-vje\u00e7ari nga Kosova, hero n\u00eb Gjermani - press7.tv","isPartOf":{"@id":"https:\/\/www.news33.tv\/#website"},"primaryImageOfPage":{"@id":"https:\/\/www.press7.tv\/?p=23103#primaryimage"},"image":{"@id":"https:\/\/www.press7.tv\/?p=23103#primaryimage"},"thumbnailUrl":"https:\/\/www.press7.tv\/wp-content\/uploads\/2025\/10\/IMG_0479.avif","datePublished":"2025-10-28T12:33:22+00:00","breadcrumb":{"@id":"https:\/\/www.press7.tv\/?p=23103#breadcrumb"},"inLanguage":"en-US","potentialAction":[{"@type":"ReadAction","target":["https:\/\/www.press7.tv\/?p=23103"]}]},{"@type":"ImageObject","inLanguage":"en-US","@id":"https:\/\/www.press7.tv\/?p=23103#primaryimage","url":"https:\/\/www.press7.tv\/wp-content\/uploads\/2025\/10\/IMG_0479.avif","contentUrl":"https:\/\/www.press7.tv\/wp-content\/uploads\/2025\/10\/IMG_0479.avif","width":627,"height":495},{"@type":"BreadcrumbList","@id":"https:\/\/www.press7.tv\/?p=23103#breadcrumb","itemListElement":[{"@type":"ListItem","position":1,"name":"Home","item":"https:\/\/www.press7.tv\/"},{"@type":"ListItem","position":2,"name":"14-vje\u00e7ari nga Kosova, hero n\u00eb Gjermani"}]},{"@type":"WebSite","@id":"https:\/\/www.news33.tv\/#website","url":"https:\/\/www.news33.tv\/","name":"News33.tv Media","description":"Media","publisher":{"@id":"https:\/\/www.news33.tv\/#organization"},"potentialAction":[{"@type":"SearchAction","target":{"@type":"EntryPoint","urlTemplate":"https:\/\/www.news33.tv\/?s={search_term_string}"},"query-input":{"@type":"PropertyValueSpecification","valueRequired":true,"valueName":"search_term_string"}}],"inLanguage":"en-US"},{"@type":"Organization","@id":"https:\/\/www.news33.tv\/#organization","name":"News33.tv Media","url":"https:\/\/www.news33.tv\/","logo":{"@type":"ImageObject","inLanguage":"en-US","@id":"https:\/\/www.news33.tv\/#\/schema\/logo\/image\/","url":"https:\/\/www.press7.tv\/wp-content\/uploads\/2024\/02\/logo-news33-black.png","contentUrl":"https:\/\/www.press7.tv\/wp-content\/uploads\/2024\/02\/logo-news33-black.png","width":180,"height":37,"caption":"News33.tv Media"},"image":{"@id":"https:\/\/www.news33.tv\/#\/schema\/logo\/image\/"},"sameAs":["https:\/\/www.facebook.com\/press7.tv"]},{"@type":"Person","@id":"https:\/\/www.news33.tv\/#\/schema\/person\/5a04a38a23ccdba82f9bd665cd8f9efa","name":"gazetar2","image":{"@type":"ImageObject","inLanguage":"en-US","@id":"https:\/\/www.news33.tv\/#\/schema\/person\/image\/","url":"https:\/\/www.press7.tv\/wp-content\/litespeed\/avatar\/41975e402c3049d9ddb03adca8f7a883.jpg?ver=1777169572","contentUrl":"https:\/\/www.press7.tv\/wp-content\/litespeed\/avatar\/41975e402c3049d9ddb03adca8f7a883.jpg?ver=1777169572","caption":"gazetar2"},"url":"https:\/\/www.press7.tv\/?author=8"}]}},"amp_enabled":true,"_links":{"self":[{"href":"https:\/\/www.press7.tv\/index.php?rest_route=\/wp\/v2\/posts\/23103","targetHints":{"allow":["GET"]}}],"collection":[{"href":"https:\/\/www.press7.tv\/index.php?rest_route=\/wp\/v2\/posts"}],"about":[{"href":"https:\/\/www.press7.tv\/index.php?rest_route=\/wp\/v2\/types\/post"}],"author":[{"embeddable":true,"href":"https:\/\/www.press7.tv\/index.php?rest_route=\/wp\/v2\/users\/8"}],"replies":[{"embeddable":true,"href":"https:\/\/www.press7.tv\/index.php?rest_route=%2Fwp%2Fv2%2Fcomments&post=23103"}],"version-history":[{"count":1,"href":"https:\/\/www.press7.tv\/index.php?rest_route=\/wp\/v2\/posts\/23103\/revisions"}],"predecessor-version":[{"id":23105,"href":"https:\/\/www.press7.tv\/index.php?rest_route=\/wp\/v2\/posts\/23103\/revisions\/23105"}],"wp:featuredmedia":[{"embeddable":true,"href":"https:\/\/www.press7.tv\/index.php?rest_route=\/wp\/v2\/media\/23104"}],"wp:attachment":[{"href":"https:\/\/www.press7.tv\/index.php?rest_route=%2Fwp%2Fv2%2Fmedia&parent=23103"}],"wp:term":[{"taxonomy":"category","embeddable":true,"href":"https:\/\/www.press7.tv\/index.php?rest_route=%2Fwp%2Fv2%2Fcategories&post=23103"},{"taxonomy":"post_tag","embeddable":true,"href":"https:\/\/www.press7.tv\/index.php?rest_route=%2Fwp%2Fv2%2Ftags&post=23103"}],"curies":[{"name":"wp","href":"https:\/\/api.w.org\/{rel}","templated":true}]}}