{"id":23094,"date":"2025-10-27T22:12:39","date_gmt":"2025-10-27T22:12:39","guid":{"rendered":"https:\/\/www.press7.tv\/?p=23094"},"modified":"2025-10-27T22:12:39","modified_gmt":"2025-10-27T22:12:39","slug":"termet-i-fuqishem-goditi-turqine-panike-ne-rruge-u-dha-njoftim-urgjent","status":"publish","type":"post","link":"https:\/\/www.press7.tv\/?p=23094","title":{"rendered":"T\u00ebrmet i fuqish\u00ebm goditi Turqin\u00eb \u2013 PANIK\u00cb N\u00cb RRUG\u00cb, u dha NJOFTIM URGJENT"},"content":{"rendered":"\n    <div class=\"xs_social_share_widget xs_share_url before_content \t\tmain_content  wslu-style-2 wslu-share-box-shaped wslu-fill-colored wslu-share-m-5 wslu-none wslu-share-vertical wslu-theme-font-no wslu-main_content\">\n\n\t\t\n        <ul>\n\t\t\t        <\/ul>\n    <\/div> \n<p>Nj\u00eb t\u00ebrmet i fort\u00eb e goditi rajonin Balikesir n\u00eb Turqi, dhe dridhjet u ndjen\u00eb n\u00eb provincat per\u00ebndimore, p\u00ebrfshir\u00eb Stambollin dhe Izmirin.<\/p>\n<p>\u201cIshte shum\u00eb i fort\u00eb, goditja u ndje v\u00ebrtet,\u201d thuhet n\u00eb nj\u00ebrin nga komentet n\u00eb profilin e \u201cEMSC\u201d-s\u00eb.<\/p>\n<p>Pas t\u00ebrmetit t\u00eb madh pasuan disa dridhje t\u00eb tjera me magnitud\u00eb 3.8 dhe 3.4 sipas shkall\u00ebs Rihter.<\/p>\n<p>Af\u00ebrsia e t\u00ebrmetit me qendrat urbane me dend\u00ebsi t\u00eb madhe si Stambolli \u2013 qyteti m\u00eb i madh n\u00eb Turqi me m\u00eb shum\u00eb se 15 milion\u00eb banor\u00eb \u2013 dhe Izmiri, qyteti i tret\u00eb m\u00eb i madh n\u00eb vend, menj\u00ebher\u00eb shkaktoi shqet\u00ebsim p\u00ebr viktima t\u00eb mundshme dhe d\u00ebme materiale.\/press7.tv<\/p>\n<p><img data-dominant-color=\"312b2c\" data-has-transparency=\"false\" style=\"--dominant-color: #312b2c;\" fetchpriority=\"high\" decoding=\"async\" src=\"https:\/\/www.press7.tv\/wp-content\/uploads\/2025\/10\/IMG_0469-300x169.avif\" alt=\"\" width=\"300\" height=\"169\" class=\"alignnone size-medium wp-image-23097 not-transparent\" srcset=\"https:\/\/www.press7.tv\/wp-content\/uploads\/2025\/10\/IMG_0469-300x169.avif 300w, https:\/\/www.press7.tv\/wp-content\/uploads\/2025\/10\/IMG_0469-768x432.avif 768w, https:\/\/www.press7.tv\/wp-content\/uploads\/2025\/10\/IMG_0469.avif 770w\" sizes=\"(max-width: 300px) 100vw, 300px\" \/><\/p>\n<p><img data-dominant-color=\"1e161e\" data-has-transparency=\"false\" style=\"--dominant-color: #1e161e;\" decoding=\"async\" src=\"https:\/\/www.press7.tv\/wp-content\/uploads\/2025\/10\/IMG_0470-300x169.avif\" alt=\"\" width=\"300\" height=\"169\" class=\"alignnone size-medium wp-image-23098 not-transparent\" srcset=\"https:\/\/www.press7.tv\/wp-content\/uploads\/2025\/10\/IMG_0470-300x169.avif 300w, https:\/\/www.press7.tv\/wp-content\/uploads\/2025\/10\/IMG_0470-1024x576.avif 1024w, https:\/\/www.press7.tv\/wp-content\/uploads\/2025\/10\/IMG_0470-768x432.avif 768w, https:\/\/www.press7.tv\/wp-content\/uploads\/2025\/10\/IMG_0470.avif 1536w\" sizes=\"(max-width: 300px) 100vw, 300px\" \/><\/p>\n<p><img data-dominant-color=\"322a24\" data-has-transparency=\"false\" style=\"--dominant-color: #322a24;\" decoding=\"async\" src=\"https:\/\/www.press7.tv\/wp-content\/uploads\/2025\/10\/IMG_0471-300x169.avif\" alt=\"\" width=\"300\" height=\"169\" class=\"alignnone size-medium wp-image-23099 not-transparent\" srcset=\"https:\/\/www.press7.tv\/wp-content\/uploads\/2025\/10\/IMG_0471-300x169.avif 300w, https:\/\/www.press7.tv\/wp-content\/uploads\/2025\/10\/IMG_0471-1024x576.avif 1024w, https:\/\/www.press7.tv\/wp-content\/uploads\/2025\/10\/IMG_0471-768x432.avif 768w, https:\/\/www.press7.tv\/wp-content\/uploads\/2025\/10\/IMG_0471.avif 1536w\" sizes=\"(max-width: 300px) 100vw, 300px\" \/><\/p>\n<p><img data-dominant-color=\"492e30\" data-has-transparency=\"false\" style=\"--dominant-color: #492e30;\" loading=\"lazy\" decoding=\"async\" src=\"https:\/\/www.press7.tv\/wp-content\/uploads\/2025\/10\/IMG_0472-300x169.avif\" alt=\"\" width=\"300\" height=\"169\" class=\"alignnone size-medium wp-image-23100 not-transparent\" srcset=\"https:\/\/www.press7.tv\/wp-content\/uploads\/2025\/10\/IMG_0472-300x169.avif 300w, https:\/\/www.press7.tv\/wp-content\/uploads\/2025\/10\/IMG_0472-1024x576.avif 1024w, https:\/\/www.press7.tv\/wp-content\/uploads\/2025\/10\/IMG_0472-768x432.avif 768w, https:\/\/www.press7.tv\/wp-content\/uploads\/2025\/10\/IMG_0472.avif 1536w\" sizes=\"(max-width: 300px) 100vw, 300px\" \/><\/p>\n<p><img data-dominant-color=\"332d29\" data-has-transparency=\"false\" style=\"--dominant-color: #332d29;\" loading=\"lazy\" decoding=\"async\" src=\"https:\/\/www.press7.tv\/wp-content\/uploads\/2025\/10\/IMG_0473-300x169.avif\" alt=\"\" width=\"300\" height=\"169\" class=\"alignnone size-medium wp-image-23101 not-transparent\" srcset=\"https:\/\/www.press7.tv\/wp-content\/uploads\/2025\/10\/IMG_0473-300x169.avif 300w, https:\/\/www.press7.tv\/wp-content\/uploads\/2025\/10\/IMG_0473-1024x576.avif 1024w, https:\/\/www.press7.tv\/wp-content\/uploads\/2025\/10\/IMG_0473-768x432.avif 768w, https:\/\/www.press7.tv\/wp-content\/uploads\/2025\/10\/IMG_0473.avif 1536w\" sizes=\"(max-width: 300px) 100vw, 300px\" \/><\/p>\n","protected":false},"excerpt":{"rendered":"<p>Nj\u00eb t\u00ebrmet i fort\u00eb e goditi rajonin Balikesir n\u00eb Turqi, dhe dridhjet u ndjen\u00eb n\u00eb provincat per\u00ebndimore, p\u00ebrfshir\u00eb Stambollin dhe Izmirin. \u201cIshte shum\u00eb i fort\u00eb, goditja u ndje v\u00ebrtet,\u201d thuhet n\u00eb nj\u00ebrin nga komentet n\u00eb profilin e \u201cEMSC\u201d-s\u00eb. Pas t\u00ebrmetit t\u00eb madh pasuan disa dridhje t\u00eb tjera me magnitud\u00eb 3.8 dhe 3.4 sipas shkall\u00ebs Rihter. [&hellip;]<\/p>\n","protected":false},"author":8,"featured_media":23096,"comment_status":"closed","ping_status":"closed","sticky":false,"template":"","format":"standard","meta":{"footnotes":""},"categories":[217,213],"tags":[],"class_list":["post-23094","post","type-post","status-publish","format-standard","has-post-thumbnail","hentry","category-bote","category-lajme"],"yoast_head":"<!-- This site is optimized with the Yoast SEO plugin v25.1 - https:\/\/yoast.com\/wordpress\/plugins\/seo\/ -->\n<title>T\u00ebrmet i fuqish\u00ebm goditi Turqin\u00eb \u2013 PANIK\u00cb N\u00cb RRUG\u00cb, u dha NJOFTIM URGJENT - press7.tv<\/title>\n<meta name=\"robots\" content=\"index, follow, max-snippet:-1, max-image-preview:large, max-video-preview:-1\" \/>\n<link rel=\"canonical\" href=\"https:\/\/www.press7.tv\/?p=23094\" \/>\n<meta property=\"og:locale\" content=\"en_US\" \/>\n<meta property=\"og:type\" content=\"article\" \/>\n<meta property=\"og:title\" content=\"T\u00ebrmet i fuqish\u00ebm goditi Turqin\u00eb \u2013 PANIK\u00cb N\u00cb RRUG\u00cb, u dha NJOFTIM URGJENT - press7.tv\" \/>\n<meta property=\"og:description\" content=\"Nj\u00eb t\u00ebrmet i fort\u00eb e goditi rajonin Balikesir n\u00eb Turqi, dhe dridhjet u ndjen\u00eb n\u00eb provincat per\u00ebndimore, p\u00ebrfshir\u00eb Stambollin dhe Izmirin. \u201cIshte shum\u00eb i fort\u00eb, goditja u ndje v\u00ebrtet,\u201d thuhet n\u00eb nj\u00ebrin nga komentet n\u00eb profilin e \u201cEMSC\u201d-s\u00eb. Pas t\u00ebrmetit t\u00eb madh pasuan disa dridhje t\u00eb tjera me magnitud\u00eb 3.8 dhe 3.4 sipas shkall\u00ebs Rihter. [&hellip;]\" \/>\n<meta property=\"og:url\" content=\"https:\/\/www.press7.tv\/?p=23094\" \/>\n<meta property=\"og:site_name\" content=\"press7.tv\" \/>\n<meta property=\"article:publisher\" content=\"https:\/\/www.facebook.com\/press7.tv\" \/>\n<meta property=\"article:published_time\" content=\"2025-10-27T22:12:39+00:00\" \/>\n<meta property=\"og:image\" content=\"https:\/\/www.press7.tv\/wp-content\/uploads\/2025\/10\/IMG_0474.avif\" \/>\n\t<meta property=\"og:image:width\" content=\"960\" \/>\n\t<meta property=\"og:image:height\" content=\"540\" \/>\n\t<meta property=\"og:image:type\" content=\"image\/jpeg\" \/>\n<meta name=\"author\" content=\"gazetar2\" \/>\n<meta name=\"twitter:card\" content=\"summary_large_image\" \/>\n<meta name=\"twitter:label1\" content=\"Written by\" \/>\n\t<meta name=\"twitter:data1\" content=\"gazetar2\" \/>\n\t<meta name=\"twitter:label2\" content=\"Est. reading time\" \/>\n\t<meta name=\"twitter:data2\" content=\"1 minute\" \/>\n<script type=\"application\/ld+json\" class=\"yoast-schema-graph\">{\"@context\":\"https:\/\/schema.org\",\"@graph\":[{\"@type\":\"Article\",\"@id\":\"https:\/\/www.press7.tv\/?p=23094#article\",\"isPartOf\":{\"@id\":\"https:\/\/www.press7.tv\/?p=23094\"},\"author\":{\"name\":\"gazetar2\",\"@id\":\"https:\/\/www.news33.tv\/#\/schema\/person\/5a04a38a23ccdba82f9bd665cd8f9efa\"},\"headline\":\"T\u00ebrmet i fuqish\u00ebm goditi Turqin\u00eb \u2013 PANIK\u00cb N\u00cb RRUG\u00cb, u dha NJOFTIM URGJENT\",\"datePublished\":\"2025-10-27T22:12:39+00:00\",\"mainEntityOfPage\":{\"@id\":\"https:\/\/www.press7.tv\/?p=23094\"},\"wordCount\":128,\"publisher\":{\"@id\":\"https:\/\/www.news33.tv\/#organization\"},\"image\":{\"@id\":\"https:\/\/www.press7.tv\/?p=23094#primaryimage\"},\"thumbnailUrl\":\"https:\/\/www.press7.tv\/wp-content\/uploads\/2025\/10\/IMG_0474.avif\",\"articleSection\":[\"Bot\u00eb\",\"Lajme\"],\"inLanguage\":\"en-US\"},{\"@type\":\"WebPage\",\"@id\":\"https:\/\/www.press7.tv\/?p=23094\",\"url\":\"https:\/\/www.press7.tv\/?p=23094\",\"name\":\"T\u00ebrmet i fuqish\u00ebm goditi Turqin\u00eb \u2013 PANIK\u00cb N\u00cb RRUG\u00cb, u dha NJOFTIM URGJENT - press7.tv\",\"isPartOf\":{\"@id\":\"https:\/\/www.news33.tv\/#website\"},\"primaryImageOfPage\":{\"@id\":\"https:\/\/www.press7.tv\/?p=23094#primaryimage\"},\"image\":{\"@id\":\"https:\/\/www.press7.tv\/?p=23094#primaryimage\"},\"thumbnailUrl\":\"https:\/\/www.press7.tv\/wp-content\/uploads\/2025\/10\/IMG_0474.avif\",\"datePublished\":\"2025-10-27T22:12:39+00:00\",\"breadcrumb\":{\"@id\":\"https:\/\/www.press7.tv\/?p=23094#breadcrumb\"},\"inLanguage\":\"en-US\",\"potentialAction\":[{\"@type\":\"ReadAction\",\"target\":[\"https:\/\/www.press7.tv\/?p=23094\"]}]},{\"@type\":\"ImageObject\",\"inLanguage\":\"en-US\",\"@id\":\"https:\/\/www.press7.tv\/?p=23094#primaryimage\",\"url\":\"https:\/\/www.press7.tv\/wp-content\/uploads\/2025\/10\/IMG_0474.avif\",\"contentUrl\":\"https:\/\/www.press7.tv\/wp-content\/uploads\/2025\/10\/IMG_0474.avif\",\"width\":960,\"height\":540},{\"@type\":\"BreadcrumbList\",\"@id\":\"https:\/\/www.press7.tv\/?p=23094#breadcrumb\",\"itemListElement\":[{\"@type\":\"ListItem\",\"position\":1,\"name\":\"Home\",\"item\":\"https:\/\/www.press7.tv\/\"},{\"@type\":\"ListItem\",\"position\":2,\"name\":\"T\u00ebrmet i fuqish\u00ebm goditi Turqin\u00eb \u2013 PANIK\u00cb N\u00cb RRUG\u00cb, u dha NJOFTIM URGJENT\"}]},{\"@type\":\"WebSite\",\"@id\":\"https:\/\/www.news33.tv\/#website\",\"url\":\"https:\/\/www.news33.tv\/\",\"name\":\"News33.tv Media\",\"description\":\"Media\",\"publisher\":{\"@id\":\"https:\/\/www.news33.tv\/#organization\"},\"potentialAction\":[{\"@type\":\"SearchAction\",\"target\":{\"@type\":\"EntryPoint\",\"urlTemplate\":\"https:\/\/www.news33.tv\/?s={search_term_string}\"},\"query-input\":{\"@type\":\"PropertyValueSpecification\",\"valueRequired\":true,\"valueName\":\"search_term_string\"}}],\"inLanguage\":\"en-US\"},{\"@type\":\"Organization\",\"@id\":\"https:\/\/www.news33.tv\/#organization\",\"name\":\"News33.tv Media\",\"url\":\"https:\/\/www.news33.tv\/\",\"logo\":{\"@type\":\"ImageObject\",\"inLanguage\":\"en-US\",\"@id\":\"https:\/\/www.news33.tv\/#\/schema\/logo\/image\/\",\"url\":\"https:\/\/www.press7.tv\/wp-content\/uploads\/2024\/02\/logo-news33-black.png\",\"contentUrl\":\"https:\/\/www.press7.tv\/wp-content\/uploads\/2024\/02\/logo-news33-black.png\",\"width\":180,\"height\":37,\"caption\":\"News33.tv Media\"},\"image\":{\"@id\":\"https:\/\/www.news33.tv\/#\/schema\/logo\/image\/\"},\"sameAs\":[\"https:\/\/www.facebook.com\/press7.tv\"]},{\"@type\":\"Person\",\"@id\":\"https:\/\/www.news33.tv\/#\/schema\/person\/5a04a38a23ccdba82f9bd665cd8f9efa\",\"name\":\"gazetar2\",\"image\":{\"@type\":\"ImageObject\",\"inLanguage\":\"en-US\",\"@id\":\"https:\/\/www.news33.tv\/#\/schema\/person\/image\/\",\"url\":\"https:\/\/www.press7.tv\/wp-content\/litespeed\/avatar\/41975e402c3049d9ddb03adca8f7a883.jpg?ver=1777169572\",\"contentUrl\":\"https:\/\/www.press7.tv\/wp-content\/litespeed\/avatar\/41975e402c3049d9ddb03adca8f7a883.jpg?ver=1777169572\",\"caption\":\"gazetar2\"},\"url\":\"https:\/\/www.press7.tv\/?author=8\"}]}<\/script>\n<!-- \/ Yoast SEO plugin. -->","yoast_head_json":{"title":"T\u00ebrmet i fuqish\u00ebm goditi Turqin\u00eb \u2013 PANIK\u00cb N\u00cb RRUG\u00cb, u dha NJOFTIM URGJENT - press7.tv","robots":{"index":"index","follow":"follow","max-snippet":"max-snippet:-1","max-image-preview":"max-image-preview:large","max-video-preview":"max-video-preview:-1"},"canonical":"https:\/\/www.press7.tv\/?p=23094","og_locale":"en_US","og_type":"article","og_title":"T\u00ebrmet i fuqish\u00ebm goditi Turqin\u00eb \u2013 PANIK\u00cb N\u00cb RRUG\u00cb, u dha NJOFTIM URGJENT - press7.tv","og_description":"Nj\u00eb t\u00ebrmet i fort\u00eb e goditi rajonin Balikesir n\u00eb Turqi, dhe dridhjet u ndjen\u00eb n\u00eb provincat per\u00ebndimore, p\u00ebrfshir\u00eb Stambollin dhe Izmirin. \u201cIshte shum\u00eb i fort\u00eb, goditja u ndje v\u00ebrtet,\u201d thuhet n\u00eb nj\u00ebrin nga komentet n\u00eb profilin e \u201cEMSC\u201d-s\u00eb. Pas t\u00ebrmetit t\u00eb madh pasuan disa dridhje t\u00eb tjera me magnitud\u00eb 3.8 dhe 3.4 sipas shkall\u00ebs Rihter. [&hellip;]","og_url":"https:\/\/www.press7.tv\/?p=23094","og_site_name":"press7.tv","article_publisher":"https:\/\/www.facebook.com\/press7.tv","article_published_time":"2025-10-27T22:12:39+00:00","og_image":[{"width":960,"height":540,"url":"https:\/\/www.press7.tv\/wp-content\/uploads\/2025\/10\/IMG_0474.avif","type":"image\/jpeg"}],"author":"gazetar2","twitter_card":"summary_large_image","twitter_misc":{"Written by":"gazetar2","Est. reading time":"1 minute"},"schema":{"@context":"https:\/\/schema.org","@graph":[{"@type":"Article","@id":"https:\/\/www.press7.tv\/?p=23094#article","isPartOf":{"@id":"https:\/\/www.press7.tv\/?p=23094"},"author":{"name":"gazetar2","@id":"https:\/\/www.news33.tv\/#\/schema\/person\/5a04a38a23ccdba82f9bd665cd8f9efa"},"headline":"T\u00ebrmet i fuqish\u00ebm goditi Turqin\u00eb \u2013 PANIK\u00cb N\u00cb RRUG\u00cb, u dha NJOFTIM URGJENT","datePublished":"2025-10-27T22:12:39+00:00","mainEntityOfPage":{"@id":"https:\/\/www.press7.tv\/?p=23094"},"wordCount":128,"publisher":{"@id":"https:\/\/www.news33.tv\/#organization"},"image":{"@id":"https:\/\/www.press7.tv\/?p=23094#primaryimage"},"thumbnailUrl":"https:\/\/www.press7.tv\/wp-content\/uploads\/2025\/10\/IMG_0474.avif","articleSection":["Bot\u00eb","Lajme"],"inLanguage":"en-US"},{"@type":"WebPage","@id":"https:\/\/www.press7.tv\/?p=23094","url":"https:\/\/www.press7.tv\/?p=23094","name":"T\u00ebrmet i fuqish\u00ebm goditi Turqin\u00eb \u2013 PANIK\u00cb N\u00cb RRUG\u00cb, u dha NJOFTIM URGJENT - press7.tv","isPartOf":{"@id":"https:\/\/www.news33.tv\/#website"},"primaryImageOfPage":{"@id":"https:\/\/www.press7.tv\/?p=23094#primaryimage"},"image":{"@id":"https:\/\/www.press7.tv\/?p=23094#primaryimage"},"thumbnailUrl":"https:\/\/www.press7.tv\/wp-content\/uploads\/2025\/10\/IMG_0474.avif","datePublished":"2025-10-27T22:12:39+00:00","breadcrumb":{"@id":"https:\/\/www.press7.tv\/?p=23094#breadcrumb"},"inLanguage":"en-US","potentialAction":[{"@type":"ReadAction","target":["https:\/\/www.press7.tv\/?p=23094"]}]},{"@type":"ImageObject","inLanguage":"en-US","@id":"https:\/\/www.press7.tv\/?p=23094#primaryimage","url":"https:\/\/www.press7.tv\/wp-content\/uploads\/2025\/10\/IMG_0474.avif","contentUrl":"https:\/\/www.press7.tv\/wp-content\/uploads\/2025\/10\/IMG_0474.avif","width":960,"height":540},{"@type":"BreadcrumbList","@id":"https:\/\/www.press7.tv\/?p=23094#breadcrumb","itemListElement":[{"@type":"ListItem","position":1,"name":"Home","item":"https:\/\/www.press7.tv\/"},{"@type":"ListItem","position":2,"name":"T\u00ebrmet i fuqish\u00ebm goditi Turqin\u00eb \u2013 PANIK\u00cb N\u00cb RRUG\u00cb, u dha NJOFTIM URGJENT"}]},{"@type":"WebSite","@id":"https:\/\/www.news33.tv\/#website","url":"https:\/\/www.news33.tv\/","name":"News33.tv Media","description":"Media","publisher":{"@id":"https:\/\/www.news33.tv\/#organization"},"potentialAction":[{"@type":"SearchAction","target":{"@type":"EntryPoint","urlTemplate":"https:\/\/www.news33.tv\/?s={search_term_string}"},"query-input":{"@type":"PropertyValueSpecification","valueRequired":true,"valueName":"search_term_string"}}],"inLanguage":"en-US"},{"@type":"Organization","@id":"https:\/\/www.news33.tv\/#organization","name":"News33.tv Media","url":"https:\/\/www.news33.tv\/","logo":{"@type":"ImageObject","inLanguage":"en-US","@id":"https:\/\/www.news33.tv\/#\/schema\/logo\/image\/","url":"https:\/\/www.press7.tv\/wp-content\/uploads\/2024\/02\/logo-news33-black.png","contentUrl":"https:\/\/www.press7.tv\/wp-content\/uploads\/2024\/02\/logo-news33-black.png","width":180,"height":37,"caption":"News33.tv Media"},"image":{"@id":"https:\/\/www.news33.tv\/#\/schema\/logo\/image\/"},"sameAs":["https:\/\/www.facebook.com\/press7.tv"]},{"@type":"Person","@id":"https:\/\/www.news33.tv\/#\/schema\/person\/5a04a38a23ccdba82f9bd665cd8f9efa","name":"gazetar2","image":{"@type":"ImageObject","inLanguage":"en-US","@id":"https:\/\/www.news33.tv\/#\/schema\/person\/image\/","url":"https:\/\/www.press7.tv\/wp-content\/litespeed\/avatar\/41975e402c3049d9ddb03adca8f7a883.jpg?ver=1777169572","contentUrl":"https:\/\/www.press7.tv\/wp-content\/litespeed\/avatar\/41975e402c3049d9ddb03adca8f7a883.jpg?ver=1777169572","caption":"gazetar2"},"url":"https:\/\/www.press7.tv\/?author=8"}]}},"amp_enabled":true,"_links":{"self":[{"href":"https:\/\/www.press7.tv\/index.php?rest_route=\/wp\/v2\/posts\/23094","targetHints":{"allow":["GET"]}}],"collection":[{"href":"https:\/\/www.press7.tv\/index.php?rest_route=\/wp\/v2\/posts"}],"about":[{"href":"https:\/\/www.press7.tv\/index.php?rest_route=\/wp\/v2\/types\/post"}],"author":[{"embeddable":true,"href":"https:\/\/www.press7.tv\/index.php?rest_route=\/wp\/v2\/users\/8"}],"replies":[{"embeddable":true,"href":"https:\/\/www.press7.tv\/index.php?rest_route=%2Fwp%2Fv2%2Fcomments&post=23094"}],"version-history":[{"count":1,"href":"https:\/\/www.press7.tv\/index.php?rest_route=\/wp\/v2\/posts\/23094\/revisions"}],"predecessor-version":[{"id":23102,"href":"https:\/\/www.press7.tv\/index.php?rest_route=\/wp\/v2\/posts\/23094\/revisions\/23102"}],"wp:featuredmedia":[{"embeddable":true,"href":"https:\/\/www.press7.tv\/index.php?rest_route=\/wp\/v2\/media\/23096"}],"wp:attachment":[{"href":"https:\/\/www.press7.tv\/index.php?rest_route=%2Fwp%2Fv2%2Fmedia&parent=23094"}],"wp:term":[{"taxonomy":"category","embeddable":true,"href":"https:\/\/www.press7.tv\/index.php?rest_route=%2Fwp%2Fv2%2Fcategories&post=23094"},{"taxonomy":"post_tag","embeddable":true,"href":"https:\/\/www.press7.tv\/index.php?rest_route=%2Fwp%2Fv2%2Ftags&post=23094"}],"curies":[{"name":"wp","href":"https:\/\/api.w.org\/{rel}","templated":true}]}}