{"id":23079,"date":"2025-10-27T13:05:46","date_gmt":"2025-10-27T13:05:46","guid":{"rendered":"https:\/\/www.press7.tv\/?p=23079"},"modified":"2025-10-27T13:05:46","modified_gmt":"2025-10-27T13:05:46","slug":"trumpi-thote-se-nuk-do-te-kandidoje-per-zv-president-ne-2028-n","status":"publish","type":"post","link":"https:\/\/www.press7.tv\/?p=23079","title":{"rendered":"Trumpi thot\u00eb se nuk do t\u00eb kandidoj\u00eb p\u00ebr zv.president n\u00eb 2028-n"},"content":{"rendered":"\n    <div class=\"xs_social_share_widget xs_share_url before_content \t\tmain_content  wslu-style-2 wslu-share-box-shaped wslu-fill-colored wslu-share-m-5 wslu-none wslu-share-vertical wslu-theme-font-no wslu-main_content\">\n\n\t\t\n        <ul>\n\t\t\t        <\/ul>\n    <\/div> \n<p>Presidenti i SHBA-s\u00eb, Donald Trump, ka hedhur posht\u00eb mund\u00ebsin\u00eb e kandidatur\u00ebs p\u00ebr z\u00ebvend\u00ebspresident n\u00eb zgjedhjet presidenciale t\u00eb vitit 2028, raportoi t\u00eb h\u00ebn\u00ebn Reuters.<\/p>\n<p>Trumpi ka th\u00ebn\u00eb para gazetar\u00ebve n\u00eb nj\u00eb bised\u00eb gjat\u00eb fluturimit me \u201cAir Force One\u201d se nuk e sheh si zgjidhje t\u00eb drejt\u00eb. <\/p>\n<p>&#8220;Do t\u00eb m\u00eb lejohej t\u00eb b\u00ebja k\u00ebt\u00eb, por nuk do ta b\u00ebja. Mendoj se nuk do t\u00eb ishte e drejt\u00eb. Njer\u00ebzit nuk do ta p\u00eblqenin\u201d, ka th\u00ebn\u00eb ai. <\/p>\n<p>K\u00ebto komente u b\u00ebn\u00eb pas nj\u00eb periudhe spekulimesh dhe shenjash t\u00eb n\u00ebnkuptuara nga Trumpi, si\u00e7 jan\u00eb kapelat me mbishkrimin &#8220;Trump 2028&#8221; q\u00eb ai shp\u00ebrndan n\u00eb Sht\u00ebpin\u00eb e Bardh\u00eb.<\/p>\n<p>Ndalimi p\u00ebr president\u00ebt q\u00eb t\u00eb kandidojn\u00eb p\u00ebr nj\u00eb mandat t\u00eb tret\u00eb \u00ebsht\u00eb parashikuar nga Neni 22 i Kushtetut\u00ebs amerikane, q\u00eb kufizon president\u00ebt n\u00eb dy mandate t\u00eb plota. <\/p>\n<p>Megjithat\u00eb, disa kan\u00eb sugjeruar se nj\u00eb m\u00ebnyr\u00eb p\u00ebr t\u00eb kaluar k\u00ebt\u00eb kufizim mund t\u00eb ishte p\u00ebr Trumpin t\u00eb kandidoj\u00eb p\u00ebr z\u00ebvend\u00ebspresident, duke lejuar q\u00eb nj\u00eb tjet\u00ebr kandidat t\u00eb fitoj\u00eb presidenc\u00ebn dhe pastaj t\u00eb jap\u00eb dor\u00ebheqjen, p\u00ebr t&#8217;i hapur rrug\u00eb Trumpit q\u00eb t\u00eb kthehet n\u00eb krye t\u00eb shtetit.<\/p>\n","protected":false},"excerpt":{"rendered":"<p>Presidenti i SHBA-s\u00eb, Donald Trump, ka hedhur posht\u00eb mund\u00ebsin\u00eb e kandidatur\u00ebs p\u00ebr z\u00ebvend\u00ebspresident n\u00eb zgjedhjet presidenciale t\u00eb vitit 2028, raportoi t\u00eb h\u00ebn\u00ebn Reuters. Trumpi ka th\u00ebn\u00eb para gazetar\u00ebve n\u00eb nj\u00eb bised\u00eb gjat\u00eb fluturimit me \u201cAir Force One\u201d se nuk e sheh si zgjidhje t\u00eb drejt\u00eb. &#8220;Do t\u00eb m\u00eb lejohej t\u00eb b\u00ebja k\u00ebt\u00eb, por nuk do [&hellip;]<\/p>\n","protected":false},"author":8,"featured_media":23080,"comment_status":"closed","ping_status":"closed","sticky":false,"template":"","format":"standard","meta":{"footnotes":""},"categories":[217,213],"tags":[],"class_list":["post-23079","post","type-post","status-publish","format-standard","has-post-thumbnail","hentry","category-bote","category-lajme"],"yoast_head":"<!-- This site is optimized with the Yoast SEO plugin v25.1 - https:\/\/yoast.com\/wordpress\/plugins\/seo\/ -->\n<title>Trumpi thot\u00eb se nuk do t\u00eb kandidoj\u00eb p\u00ebr zv.president n\u00eb 2028-n - press7.tv<\/title>\n<meta name=\"robots\" content=\"index, follow, max-snippet:-1, max-image-preview:large, max-video-preview:-1\" \/>\n<link rel=\"canonical\" href=\"https:\/\/www.press7.tv\/?p=23079\" \/>\n<meta property=\"og:locale\" content=\"en_US\" \/>\n<meta property=\"og:type\" content=\"article\" \/>\n<meta property=\"og:title\" content=\"Trumpi thot\u00eb se nuk do t\u00eb kandidoj\u00eb p\u00ebr zv.president n\u00eb 2028-n - press7.tv\" \/>\n<meta property=\"og:description\" content=\"Presidenti i SHBA-s\u00eb, Donald Trump, ka hedhur posht\u00eb mund\u00ebsin\u00eb e kandidatur\u00ebs p\u00ebr z\u00ebvend\u00ebspresident n\u00eb zgjedhjet presidenciale t\u00eb vitit 2028, raportoi t\u00eb h\u00ebn\u00ebn Reuters. Trumpi ka th\u00ebn\u00eb para gazetar\u00ebve n\u00eb nj\u00eb bised\u00eb gjat\u00eb fluturimit me \u201cAir Force One\u201d se nuk e sheh si zgjidhje t\u00eb drejt\u00eb. &#8220;Do t\u00eb m\u00eb lejohej t\u00eb b\u00ebja k\u00ebt\u00eb, por nuk do [&hellip;]\" \/>\n<meta property=\"og:url\" content=\"https:\/\/www.press7.tv\/?p=23079\" \/>\n<meta property=\"og:site_name\" content=\"press7.tv\" \/>\n<meta property=\"article:publisher\" content=\"https:\/\/www.facebook.com\/press7.tv\" \/>\n<meta property=\"article:published_time\" content=\"2025-10-27T13:05:46+00:00\" \/>\n<meta property=\"og:image\" content=\"https:\/\/www.press7.tv\/wp-content\/uploads\/2025\/10\/IMG_0455.avif\" \/>\n\t<meta property=\"og:image:width\" content=\"781\" \/>\n\t<meta property=\"og:image:height\" content=\"429\" \/>\n\t<meta property=\"og:image:type\" content=\"image\/webp\" \/>\n<meta name=\"author\" content=\"gazetar2\" \/>\n<meta name=\"twitter:card\" content=\"summary_large_image\" \/>\n<meta name=\"twitter:label1\" content=\"Written by\" \/>\n\t<meta name=\"twitter:data1\" content=\"gazetar2\" \/>\n\t<meta name=\"twitter:label2\" content=\"Est. reading time\" \/>\n\t<meta name=\"twitter:data2\" content=\"1 minute\" \/>\n<script type=\"application\/ld+json\" class=\"yoast-schema-graph\">{\"@context\":\"https:\/\/schema.org\",\"@graph\":[{\"@type\":\"Article\",\"@id\":\"https:\/\/www.press7.tv\/?p=23079#article\",\"isPartOf\":{\"@id\":\"https:\/\/www.press7.tv\/?p=23079\"},\"author\":{\"name\":\"gazetar2\",\"@id\":\"https:\/\/www.news33.tv\/#\/schema\/person\/5a04a38a23ccdba82f9bd665cd8f9efa\"},\"headline\":\"Trumpi thot\u00eb se nuk do t\u00eb kandidoj\u00eb p\u00ebr zv.president n\u00eb 2028-n\",\"datePublished\":\"2025-10-27T13:05:46+00:00\",\"mainEntityOfPage\":{\"@id\":\"https:\/\/www.press7.tv\/?p=23079\"},\"wordCount\":222,\"publisher\":{\"@id\":\"https:\/\/www.news33.tv\/#organization\"},\"image\":{\"@id\":\"https:\/\/www.press7.tv\/?p=23079#primaryimage\"},\"thumbnailUrl\":\"https:\/\/www.press7.tv\/wp-content\/uploads\/2025\/10\/IMG_0455.avif\",\"articleSection\":[\"Bot\u00eb\",\"Lajme\"],\"inLanguage\":\"en-US\"},{\"@type\":\"WebPage\",\"@id\":\"https:\/\/www.press7.tv\/?p=23079\",\"url\":\"https:\/\/www.press7.tv\/?p=23079\",\"name\":\"Trumpi thot\u00eb se nuk do t\u00eb kandidoj\u00eb p\u00ebr zv.president n\u00eb 2028-n - press7.tv\",\"isPartOf\":{\"@id\":\"https:\/\/www.news33.tv\/#website\"},\"primaryImageOfPage\":{\"@id\":\"https:\/\/www.press7.tv\/?p=23079#primaryimage\"},\"image\":{\"@id\":\"https:\/\/www.press7.tv\/?p=23079#primaryimage\"},\"thumbnailUrl\":\"https:\/\/www.press7.tv\/wp-content\/uploads\/2025\/10\/IMG_0455.avif\",\"datePublished\":\"2025-10-27T13:05:46+00:00\",\"breadcrumb\":{\"@id\":\"https:\/\/www.press7.tv\/?p=23079#breadcrumb\"},\"inLanguage\":\"en-US\",\"potentialAction\":[{\"@type\":\"ReadAction\",\"target\":[\"https:\/\/www.press7.tv\/?p=23079\"]}]},{\"@type\":\"ImageObject\",\"inLanguage\":\"en-US\",\"@id\":\"https:\/\/www.press7.tv\/?p=23079#primaryimage\",\"url\":\"https:\/\/www.press7.tv\/wp-content\/uploads\/2025\/10\/IMG_0455.avif\",\"contentUrl\":\"https:\/\/www.press7.tv\/wp-content\/uploads\/2025\/10\/IMG_0455.avif\",\"width\":781,\"height\":429},{\"@type\":\"BreadcrumbList\",\"@id\":\"https:\/\/www.press7.tv\/?p=23079#breadcrumb\",\"itemListElement\":[{\"@type\":\"ListItem\",\"position\":1,\"name\":\"Home\",\"item\":\"https:\/\/www.press7.tv\/\"},{\"@type\":\"ListItem\",\"position\":2,\"name\":\"Trumpi thot\u00eb se nuk do t\u00eb kandidoj\u00eb p\u00ebr zv.president n\u00eb 2028-n\"}]},{\"@type\":\"WebSite\",\"@id\":\"https:\/\/www.news33.tv\/#website\",\"url\":\"https:\/\/www.news33.tv\/\",\"name\":\"News33.tv Media\",\"description\":\"Media\",\"publisher\":{\"@id\":\"https:\/\/www.news33.tv\/#organization\"},\"potentialAction\":[{\"@type\":\"SearchAction\",\"target\":{\"@type\":\"EntryPoint\",\"urlTemplate\":\"https:\/\/www.news33.tv\/?s={search_term_string}\"},\"query-input\":{\"@type\":\"PropertyValueSpecification\",\"valueRequired\":true,\"valueName\":\"search_term_string\"}}],\"inLanguage\":\"en-US\"},{\"@type\":\"Organization\",\"@id\":\"https:\/\/www.news33.tv\/#organization\",\"name\":\"News33.tv Media\",\"url\":\"https:\/\/www.news33.tv\/\",\"logo\":{\"@type\":\"ImageObject\",\"inLanguage\":\"en-US\",\"@id\":\"https:\/\/www.news33.tv\/#\/schema\/logo\/image\/\",\"url\":\"https:\/\/www.press7.tv\/wp-content\/uploads\/2024\/02\/logo-news33-black.png\",\"contentUrl\":\"https:\/\/www.press7.tv\/wp-content\/uploads\/2024\/02\/logo-news33-black.png\",\"width\":180,\"height\":37,\"caption\":\"News33.tv Media\"},\"image\":{\"@id\":\"https:\/\/www.news33.tv\/#\/schema\/logo\/image\/\"},\"sameAs\":[\"https:\/\/www.facebook.com\/press7.tv\"]},{\"@type\":\"Person\",\"@id\":\"https:\/\/www.news33.tv\/#\/schema\/person\/5a04a38a23ccdba82f9bd665cd8f9efa\",\"name\":\"gazetar2\",\"image\":{\"@type\":\"ImageObject\",\"inLanguage\":\"en-US\",\"@id\":\"https:\/\/www.news33.tv\/#\/schema\/person\/image\/\",\"url\":\"https:\/\/www.press7.tv\/wp-content\/litespeed\/avatar\/41975e402c3049d9ddb03adca8f7a883.jpg?ver=1777169572\",\"contentUrl\":\"https:\/\/www.press7.tv\/wp-content\/litespeed\/avatar\/41975e402c3049d9ddb03adca8f7a883.jpg?ver=1777169572\",\"caption\":\"gazetar2\"},\"url\":\"https:\/\/www.press7.tv\/?author=8\"}]}<\/script>\n<!-- \/ Yoast SEO plugin. -->","yoast_head_json":{"title":"Trumpi thot\u00eb se nuk do t\u00eb kandidoj\u00eb p\u00ebr zv.president n\u00eb 2028-n - press7.tv","robots":{"index":"index","follow":"follow","max-snippet":"max-snippet:-1","max-image-preview":"max-image-preview:large","max-video-preview":"max-video-preview:-1"},"canonical":"https:\/\/www.press7.tv\/?p=23079","og_locale":"en_US","og_type":"article","og_title":"Trumpi thot\u00eb se nuk do t\u00eb kandidoj\u00eb p\u00ebr zv.president n\u00eb 2028-n - press7.tv","og_description":"Presidenti i SHBA-s\u00eb, Donald Trump, ka hedhur posht\u00eb mund\u00ebsin\u00eb e kandidatur\u00ebs p\u00ebr z\u00ebvend\u00ebspresident n\u00eb zgjedhjet presidenciale t\u00eb vitit 2028, raportoi t\u00eb h\u00ebn\u00ebn Reuters. Trumpi ka th\u00ebn\u00eb para gazetar\u00ebve n\u00eb nj\u00eb bised\u00eb gjat\u00eb fluturimit me \u201cAir Force One\u201d se nuk e sheh si zgjidhje t\u00eb drejt\u00eb. &#8220;Do t\u00eb m\u00eb lejohej t\u00eb b\u00ebja k\u00ebt\u00eb, por nuk do [&hellip;]","og_url":"https:\/\/www.press7.tv\/?p=23079","og_site_name":"press7.tv","article_publisher":"https:\/\/www.facebook.com\/press7.tv","article_published_time":"2025-10-27T13:05:46+00:00","og_image":[{"width":781,"height":429,"url":"https:\/\/www.press7.tv\/wp-content\/uploads\/2025\/10\/IMG_0455.avif","type":"image\/webp"}],"author":"gazetar2","twitter_card":"summary_large_image","twitter_misc":{"Written by":"gazetar2","Est. reading time":"1 minute"},"schema":{"@context":"https:\/\/schema.org","@graph":[{"@type":"Article","@id":"https:\/\/www.press7.tv\/?p=23079#article","isPartOf":{"@id":"https:\/\/www.press7.tv\/?p=23079"},"author":{"name":"gazetar2","@id":"https:\/\/www.news33.tv\/#\/schema\/person\/5a04a38a23ccdba82f9bd665cd8f9efa"},"headline":"Trumpi thot\u00eb se nuk do t\u00eb kandidoj\u00eb p\u00ebr zv.president n\u00eb 2028-n","datePublished":"2025-10-27T13:05:46+00:00","mainEntityOfPage":{"@id":"https:\/\/www.press7.tv\/?p=23079"},"wordCount":222,"publisher":{"@id":"https:\/\/www.news33.tv\/#organization"},"image":{"@id":"https:\/\/www.press7.tv\/?p=23079#primaryimage"},"thumbnailUrl":"https:\/\/www.press7.tv\/wp-content\/uploads\/2025\/10\/IMG_0455.avif","articleSection":["Bot\u00eb","Lajme"],"inLanguage":"en-US"},{"@type":"WebPage","@id":"https:\/\/www.press7.tv\/?p=23079","url":"https:\/\/www.press7.tv\/?p=23079","name":"Trumpi thot\u00eb se nuk do t\u00eb kandidoj\u00eb p\u00ebr zv.president n\u00eb 2028-n - press7.tv","isPartOf":{"@id":"https:\/\/www.news33.tv\/#website"},"primaryImageOfPage":{"@id":"https:\/\/www.press7.tv\/?p=23079#primaryimage"},"image":{"@id":"https:\/\/www.press7.tv\/?p=23079#primaryimage"},"thumbnailUrl":"https:\/\/www.press7.tv\/wp-content\/uploads\/2025\/10\/IMG_0455.avif","datePublished":"2025-10-27T13:05:46+00:00","breadcrumb":{"@id":"https:\/\/www.press7.tv\/?p=23079#breadcrumb"},"inLanguage":"en-US","potentialAction":[{"@type":"ReadAction","target":["https:\/\/www.press7.tv\/?p=23079"]}]},{"@type":"ImageObject","inLanguage":"en-US","@id":"https:\/\/www.press7.tv\/?p=23079#primaryimage","url":"https:\/\/www.press7.tv\/wp-content\/uploads\/2025\/10\/IMG_0455.avif","contentUrl":"https:\/\/www.press7.tv\/wp-content\/uploads\/2025\/10\/IMG_0455.avif","width":781,"height":429},{"@type":"BreadcrumbList","@id":"https:\/\/www.press7.tv\/?p=23079#breadcrumb","itemListElement":[{"@type":"ListItem","position":1,"name":"Home","item":"https:\/\/www.press7.tv\/"},{"@type":"ListItem","position":2,"name":"Trumpi thot\u00eb se nuk do t\u00eb kandidoj\u00eb p\u00ebr zv.president n\u00eb 2028-n"}]},{"@type":"WebSite","@id":"https:\/\/www.news33.tv\/#website","url":"https:\/\/www.news33.tv\/","name":"News33.tv Media","description":"Media","publisher":{"@id":"https:\/\/www.news33.tv\/#organization"},"potentialAction":[{"@type":"SearchAction","target":{"@type":"EntryPoint","urlTemplate":"https:\/\/www.news33.tv\/?s={search_term_string}"},"query-input":{"@type":"PropertyValueSpecification","valueRequired":true,"valueName":"search_term_string"}}],"inLanguage":"en-US"},{"@type":"Organization","@id":"https:\/\/www.news33.tv\/#organization","name":"News33.tv Media","url":"https:\/\/www.news33.tv\/","logo":{"@type":"ImageObject","inLanguage":"en-US","@id":"https:\/\/www.news33.tv\/#\/schema\/logo\/image\/","url":"https:\/\/www.press7.tv\/wp-content\/uploads\/2024\/02\/logo-news33-black.png","contentUrl":"https:\/\/www.press7.tv\/wp-content\/uploads\/2024\/02\/logo-news33-black.png","width":180,"height":37,"caption":"News33.tv Media"},"image":{"@id":"https:\/\/www.news33.tv\/#\/schema\/logo\/image\/"},"sameAs":["https:\/\/www.facebook.com\/press7.tv"]},{"@type":"Person","@id":"https:\/\/www.news33.tv\/#\/schema\/person\/5a04a38a23ccdba82f9bd665cd8f9efa","name":"gazetar2","image":{"@type":"ImageObject","inLanguage":"en-US","@id":"https:\/\/www.news33.tv\/#\/schema\/person\/image\/","url":"https:\/\/www.press7.tv\/wp-content\/litespeed\/avatar\/41975e402c3049d9ddb03adca8f7a883.jpg?ver=1777169572","contentUrl":"https:\/\/www.press7.tv\/wp-content\/litespeed\/avatar\/41975e402c3049d9ddb03adca8f7a883.jpg?ver=1777169572","caption":"gazetar2"},"url":"https:\/\/www.press7.tv\/?author=8"}]}},"amp_enabled":true,"_links":{"self":[{"href":"https:\/\/www.press7.tv\/index.php?rest_route=\/wp\/v2\/posts\/23079","targetHints":{"allow":["GET"]}}],"collection":[{"href":"https:\/\/www.press7.tv\/index.php?rest_route=\/wp\/v2\/posts"}],"about":[{"href":"https:\/\/www.press7.tv\/index.php?rest_route=\/wp\/v2\/types\/post"}],"author":[{"embeddable":true,"href":"https:\/\/www.press7.tv\/index.php?rest_route=\/wp\/v2\/users\/8"}],"replies":[{"embeddable":true,"href":"https:\/\/www.press7.tv\/index.php?rest_route=%2Fwp%2Fv2%2Fcomments&post=23079"}],"version-history":[{"count":1,"href":"https:\/\/www.press7.tv\/index.php?rest_route=\/wp\/v2\/posts\/23079\/revisions"}],"predecessor-version":[{"id":23081,"href":"https:\/\/www.press7.tv\/index.php?rest_route=\/wp\/v2\/posts\/23079\/revisions\/23081"}],"wp:featuredmedia":[{"embeddable":true,"href":"https:\/\/www.press7.tv\/index.php?rest_route=\/wp\/v2\/media\/23080"}],"wp:attachment":[{"href":"https:\/\/www.press7.tv\/index.php?rest_route=%2Fwp%2Fv2%2Fmedia&parent=23079"}],"wp:term":[{"taxonomy":"category","embeddable":true,"href":"https:\/\/www.press7.tv\/index.php?rest_route=%2Fwp%2Fv2%2Fcategories&post=23079"},{"taxonomy":"post_tag","embeddable":true,"href":"https:\/\/www.press7.tv\/index.php?rest_route=%2Fwp%2Fv2%2Ftags&post=23079"}],"curies":[{"name":"wp","href":"https:\/\/api.w.org\/{rel}","templated":true}]}}