{"id":23076,"date":"2025-10-27T12:12:41","date_gmt":"2025-10-27T12:12:41","guid":{"rendered":"https:\/\/www.press7.tv\/?p=23076"},"modified":"2025-10-27T12:12:41","modified_gmt":"2025-10-27T12:12:41","slug":"kenan-imirzalioglu-dhe-cagatay-ulusoy-nder-me-te-paguarit-keta-jane-aktoret-turq-qe-marrin-pagat-me-te-larta-ne-seriale","status":"publish","type":"post","link":"https:\/\/www.press7.tv\/?p=23076","title":{"rendered":"Kenan Imirzalioglu dhe \u00c7agatay Ulusoy, nd\u00ebr m\u00eb t\u00eb paguarit! K\u00ebta jan\u00eb aktor\u00ebt turq q\u00eb marrin pagat m\u00eb t\u00eb larta n\u00eb seriale"},"content":{"rendered":"\n    <div class=\"xs_social_share_widget xs_share_url before_content \t\tmain_content  wslu-style-2 wslu-share-box-shaped wslu-fill-colored wslu-share-m-5 wslu-none wslu-share-vertical wslu-theme-font-no wslu-main_content\">\n\n\t\t\n        <ul>\n\t\t\t        <\/ul>\n    <\/div> \n<p>N\u00eb baz\u00eb t\u00eb raportimeve t\u00eb mediave turke, aktor\u00ebt kryesor\u00eb t\u00eb serialeve turke q\u00eb marrin pagat m\u00eb t\u00eb larta jan\u00eb Kenan Imirzalioglu, Afra Sara\u00e7oglu, Demet Ozdemir dhe \u00c7agatay Ulusoy.<\/p>\n<p>K\u00ebta aktor\u00eb jan\u00eb b\u00ebr\u00eb emra t\u00eb njohur jo vet\u00ebm n\u00eb Turqi, por edhe nd\u00ebrkomb\u00ebtarisht, fal\u00eb projekteve t\u00eb suksesshme dhe performancave t\u00eb tyre t\u00eb jasht\u00ebzakonshme.<\/p>\n<p>Pagat p\u00ebr episod (n\u00eb Euro):<\/p>\n<p>Kenan Imirzalioglu: rreth 117.000 euro<\/p>\n<p>Afra Sara\u00e7oglu: rreth 65.000 euro<\/p>\n<p>Demet Ozdemir: rreth 52.000 euro<\/p>\n<p>\u00c7agatay Ulusoy: rreth 84.000 euro<\/p>\n<p>K\u00ebto shifra tregojn\u00eb se k\u00ebta aktor\u00eb jan\u00eb nd\u00ebr m\u00eb t\u00eb paguarit n\u00eb industrin\u00eb e serialeve turke, duke pasqyruar popullaritetin dhe ndikimin e tyre n\u00eb suksesin e projekteve.<\/p>\n<p>Serialet turke kan\u00eb fituar nj\u00eb audienc\u00eb nd\u00ebrkomb\u00ebtare, duke p\u00ebrfshir\u00eb vende si Shqip\u00ebria, Kosova, ku aktor\u00ebt kryesor\u00eb jan\u00eb b\u00ebr\u00eb emra t\u00eb njohur dhe t\u00eb vler\u00ebsuar.<\/p>\n<p>P\u00ebrve\u00e7 pagave t\u00eb larta, ata vazhdojn\u00eb t\u00eb luajn\u00eb n\u00eb projekte t\u00eb reja dhe t\u00ebrheqin v\u00ebmendjen e fansave dhe mediave.<\/p>\n","protected":false},"excerpt":{"rendered":"<p>N\u00eb baz\u00eb t\u00eb raportimeve t\u00eb mediave turke, aktor\u00ebt kryesor\u00eb t\u00eb serialeve turke q\u00eb marrin pagat m\u00eb t\u00eb larta jan\u00eb Kenan Imirzalioglu, Afra Sara\u00e7oglu, Demet Ozdemir dhe \u00c7agatay Ulusoy. K\u00ebta aktor\u00eb jan\u00eb b\u00ebr\u00eb emra t\u00eb njohur jo vet\u00ebm n\u00eb Turqi, por edhe nd\u00ebrkomb\u00ebtarisht, fal\u00eb projekteve t\u00eb suksesshme dhe performancave t\u00eb tyre t\u00eb jasht\u00ebzakonshme. Pagat p\u00ebr episod [&hellip;]<\/p>\n","protected":false},"author":8,"featured_media":23077,"comment_status":"closed","ping_status":"closed","sticky":false,"template":"","format":"standard","meta":{"footnotes":""},"categories":[238],"tags":[],"class_list":["post-23076","post","type-post","status-publish","format-standard","has-post-thumbnail","hentry","category-showbiz"],"yoast_head":"<!-- This site is optimized with the Yoast SEO plugin v25.1 - https:\/\/yoast.com\/wordpress\/plugins\/seo\/ -->\n<title>Kenan Imirzalioglu dhe \u00c7agatay Ulusoy, nd\u00ebr m\u00eb t\u00eb paguarit! K\u00ebta jan\u00eb aktor\u00ebt turq q\u00eb marrin pagat m\u00eb t\u00eb larta n\u00eb seriale - press7.tv<\/title>\n<meta name=\"robots\" content=\"index, follow, max-snippet:-1, max-image-preview:large, max-video-preview:-1\" \/>\n<link rel=\"canonical\" href=\"https:\/\/www.press7.tv\/?p=23076\" \/>\n<meta property=\"og:locale\" content=\"en_US\" \/>\n<meta property=\"og:type\" content=\"article\" \/>\n<meta property=\"og:title\" content=\"Kenan Imirzalioglu dhe \u00c7agatay Ulusoy, nd\u00ebr m\u00eb t\u00eb paguarit! K\u00ebta jan\u00eb aktor\u00ebt turq q\u00eb marrin pagat m\u00eb t\u00eb larta n\u00eb seriale - press7.tv\" \/>\n<meta property=\"og:description\" content=\"N\u00eb baz\u00eb t\u00eb raportimeve t\u00eb mediave turke, aktor\u00ebt kryesor\u00eb t\u00eb serialeve turke q\u00eb marrin pagat m\u00eb t\u00eb larta jan\u00eb Kenan Imirzalioglu, Afra Sara\u00e7oglu, Demet Ozdemir dhe \u00c7agatay Ulusoy. K\u00ebta aktor\u00eb jan\u00eb b\u00ebr\u00eb emra t\u00eb njohur jo vet\u00ebm n\u00eb Turqi, por edhe nd\u00ebrkomb\u00ebtarisht, fal\u00eb projekteve t\u00eb suksesshme dhe performancave t\u00eb tyre t\u00eb jasht\u00ebzakonshme. Pagat p\u00ebr episod [&hellip;]\" \/>\n<meta property=\"og:url\" content=\"https:\/\/www.press7.tv\/?p=23076\" \/>\n<meta property=\"og:site_name\" content=\"press7.tv\" \/>\n<meta property=\"article:publisher\" content=\"https:\/\/www.facebook.com\/press7.tv\" \/>\n<meta property=\"article:published_time\" content=\"2025-10-27T12:12:41+00:00\" \/>\n<meta property=\"og:image\" content=\"https:\/\/www.press7.tv\/wp-content\/uploads\/2025\/10\/IMG_0453.avif\" \/>\n\t<meta property=\"og:image:width\" content=\"1242\" \/>\n\t<meta property=\"og:image:height\" content=\"742\" \/>\n\t<meta property=\"og:image:type\" content=\"image\/jpeg\" \/>\n<meta name=\"author\" content=\"gazetar2\" \/>\n<meta name=\"twitter:card\" content=\"summary_large_image\" \/>\n<meta name=\"twitter:label1\" content=\"Written by\" \/>\n\t<meta name=\"twitter:data1\" content=\"gazetar2\" \/>\n\t<meta name=\"twitter:label2\" content=\"Est. reading time\" \/>\n\t<meta name=\"twitter:data2\" content=\"1 minute\" \/>\n<script type=\"application\/ld+json\" class=\"yoast-schema-graph\">{\"@context\":\"https:\/\/schema.org\",\"@graph\":[{\"@type\":\"Article\",\"@id\":\"https:\/\/www.press7.tv\/?p=23076#article\",\"isPartOf\":{\"@id\":\"https:\/\/www.press7.tv\/?p=23076\"},\"author\":{\"name\":\"gazetar2\",\"@id\":\"https:\/\/www.news33.tv\/#\/schema\/person\/5a04a38a23ccdba82f9bd665cd8f9efa\"},\"headline\":\"Kenan Imirzalioglu dhe \u00c7agatay Ulusoy, nd\u00ebr m\u00eb t\u00eb paguarit! K\u00ebta jan\u00eb aktor\u00ebt turq q\u00eb marrin pagat m\u00eb t\u00eb larta n\u00eb seriale\",\"datePublished\":\"2025-10-27T12:12:41+00:00\",\"mainEntityOfPage\":{\"@id\":\"https:\/\/www.press7.tv\/?p=23076\"},\"wordCount\":190,\"publisher\":{\"@id\":\"https:\/\/www.news33.tv\/#organization\"},\"image\":{\"@id\":\"https:\/\/www.press7.tv\/?p=23076#primaryimage\"},\"thumbnailUrl\":\"https:\/\/www.press7.tv\/wp-content\/uploads\/2025\/10\/IMG_0453.avif\",\"articleSection\":[\"ShowBiz\"],\"inLanguage\":\"en-US\"},{\"@type\":\"WebPage\",\"@id\":\"https:\/\/www.press7.tv\/?p=23076\",\"url\":\"https:\/\/www.press7.tv\/?p=23076\",\"name\":\"Kenan Imirzalioglu dhe \u00c7agatay Ulusoy, nd\u00ebr m\u00eb t\u00eb paguarit! K\u00ebta jan\u00eb aktor\u00ebt turq q\u00eb marrin pagat m\u00eb t\u00eb larta n\u00eb seriale - press7.tv\",\"isPartOf\":{\"@id\":\"https:\/\/www.news33.tv\/#website\"},\"primaryImageOfPage\":{\"@id\":\"https:\/\/www.press7.tv\/?p=23076#primaryimage\"},\"image\":{\"@id\":\"https:\/\/www.press7.tv\/?p=23076#primaryimage\"},\"thumbnailUrl\":\"https:\/\/www.press7.tv\/wp-content\/uploads\/2025\/10\/IMG_0453.avif\",\"datePublished\":\"2025-10-27T12:12:41+00:00\",\"breadcrumb\":{\"@id\":\"https:\/\/www.press7.tv\/?p=23076#breadcrumb\"},\"inLanguage\":\"en-US\",\"potentialAction\":[{\"@type\":\"ReadAction\",\"target\":[\"https:\/\/www.press7.tv\/?p=23076\"]}]},{\"@type\":\"ImageObject\",\"inLanguage\":\"en-US\",\"@id\":\"https:\/\/www.press7.tv\/?p=23076#primaryimage\",\"url\":\"https:\/\/www.press7.tv\/wp-content\/uploads\/2025\/10\/IMG_0453.avif\",\"contentUrl\":\"https:\/\/www.press7.tv\/wp-content\/uploads\/2025\/10\/IMG_0453.avif\",\"width\":1242,\"height\":742,\"caption\":\"Screenshot\"},{\"@type\":\"BreadcrumbList\",\"@id\":\"https:\/\/www.press7.tv\/?p=23076#breadcrumb\",\"itemListElement\":[{\"@type\":\"ListItem\",\"position\":1,\"name\":\"Home\",\"item\":\"https:\/\/www.press7.tv\/\"},{\"@type\":\"ListItem\",\"position\":2,\"name\":\"Kenan Imirzalioglu dhe \u00c7agatay Ulusoy, nd\u00ebr m\u00eb t\u00eb paguarit! K\u00ebta jan\u00eb aktor\u00ebt turq q\u00eb marrin pagat m\u00eb t\u00eb larta n\u00eb seriale\"}]},{\"@type\":\"WebSite\",\"@id\":\"https:\/\/www.news33.tv\/#website\",\"url\":\"https:\/\/www.news33.tv\/\",\"name\":\"News33.tv Media\",\"description\":\"Media\",\"publisher\":{\"@id\":\"https:\/\/www.news33.tv\/#organization\"},\"potentialAction\":[{\"@type\":\"SearchAction\",\"target\":{\"@type\":\"EntryPoint\",\"urlTemplate\":\"https:\/\/www.news33.tv\/?s={search_term_string}\"},\"query-input\":{\"@type\":\"PropertyValueSpecification\",\"valueRequired\":true,\"valueName\":\"search_term_string\"}}],\"inLanguage\":\"en-US\"},{\"@type\":\"Organization\",\"@id\":\"https:\/\/www.news33.tv\/#organization\",\"name\":\"News33.tv Media\",\"url\":\"https:\/\/www.news33.tv\/\",\"logo\":{\"@type\":\"ImageObject\",\"inLanguage\":\"en-US\",\"@id\":\"https:\/\/www.news33.tv\/#\/schema\/logo\/image\/\",\"url\":\"https:\/\/www.press7.tv\/wp-content\/uploads\/2024\/02\/logo-news33-black.png\",\"contentUrl\":\"https:\/\/www.press7.tv\/wp-content\/uploads\/2024\/02\/logo-news33-black.png\",\"width\":180,\"height\":37,\"caption\":\"News33.tv Media\"},\"image\":{\"@id\":\"https:\/\/www.news33.tv\/#\/schema\/logo\/image\/\"},\"sameAs\":[\"https:\/\/www.facebook.com\/press7.tv\"]},{\"@type\":\"Person\",\"@id\":\"https:\/\/www.news33.tv\/#\/schema\/person\/5a04a38a23ccdba82f9bd665cd8f9efa\",\"name\":\"gazetar2\",\"image\":{\"@type\":\"ImageObject\",\"inLanguage\":\"en-US\",\"@id\":\"https:\/\/www.news33.tv\/#\/schema\/person\/image\/\",\"url\":\"https:\/\/www.press7.tv\/wp-content\/litespeed\/avatar\/41975e402c3049d9ddb03adca8f7a883.jpg?ver=1777169572\",\"contentUrl\":\"https:\/\/www.press7.tv\/wp-content\/litespeed\/avatar\/41975e402c3049d9ddb03adca8f7a883.jpg?ver=1777169572\",\"caption\":\"gazetar2\"},\"url\":\"https:\/\/www.press7.tv\/?author=8\"}]}<\/script>\n<!-- \/ Yoast SEO plugin. -->","yoast_head_json":{"title":"Kenan Imirzalioglu dhe \u00c7agatay Ulusoy, nd\u00ebr m\u00eb t\u00eb paguarit! K\u00ebta jan\u00eb aktor\u00ebt turq q\u00eb marrin pagat m\u00eb t\u00eb larta n\u00eb seriale - press7.tv","robots":{"index":"index","follow":"follow","max-snippet":"max-snippet:-1","max-image-preview":"max-image-preview:large","max-video-preview":"max-video-preview:-1"},"canonical":"https:\/\/www.press7.tv\/?p=23076","og_locale":"en_US","og_type":"article","og_title":"Kenan Imirzalioglu dhe \u00c7agatay Ulusoy, nd\u00ebr m\u00eb t\u00eb paguarit! K\u00ebta jan\u00eb aktor\u00ebt turq q\u00eb marrin pagat m\u00eb t\u00eb larta n\u00eb seriale - press7.tv","og_description":"N\u00eb baz\u00eb t\u00eb raportimeve t\u00eb mediave turke, aktor\u00ebt kryesor\u00eb t\u00eb serialeve turke q\u00eb marrin pagat m\u00eb t\u00eb larta jan\u00eb Kenan Imirzalioglu, Afra Sara\u00e7oglu, Demet Ozdemir dhe \u00c7agatay Ulusoy. K\u00ebta aktor\u00eb jan\u00eb b\u00ebr\u00eb emra t\u00eb njohur jo vet\u00ebm n\u00eb Turqi, por edhe nd\u00ebrkomb\u00ebtarisht, fal\u00eb projekteve t\u00eb suksesshme dhe performancave t\u00eb tyre t\u00eb jasht\u00ebzakonshme. Pagat p\u00ebr episod [&hellip;]","og_url":"https:\/\/www.press7.tv\/?p=23076","og_site_name":"press7.tv","article_publisher":"https:\/\/www.facebook.com\/press7.tv","article_published_time":"2025-10-27T12:12:41+00:00","og_image":[{"width":1242,"height":742,"url":"https:\/\/www.press7.tv\/wp-content\/uploads\/2025\/10\/IMG_0453.avif","type":"image\/jpeg"}],"author":"gazetar2","twitter_card":"summary_large_image","twitter_misc":{"Written by":"gazetar2","Est. reading time":"1 minute"},"schema":{"@context":"https:\/\/schema.org","@graph":[{"@type":"Article","@id":"https:\/\/www.press7.tv\/?p=23076#article","isPartOf":{"@id":"https:\/\/www.press7.tv\/?p=23076"},"author":{"name":"gazetar2","@id":"https:\/\/www.news33.tv\/#\/schema\/person\/5a04a38a23ccdba82f9bd665cd8f9efa"},"headline":"Kenan Imirzalioglu dhe \u00c7agatay Ulusoy, nd\u00ebr m\u00eb t\u00eb paguarit! K\u00ebta jan\u00eb aktor\u00ebt turq q\u00eb marrin pagat m\u00eb t\u00eb larta n\u00eb seriale","datePublished":"2025-10-27T12:12:41+00:00","mainEntityOfPage":{"@id":"https:\/\/www.press7.tv\/?p=23076"},"wordCount":190,"publisher":{"@id":"https:\/\/www.news33.tv\/#organization"},"image":{"@id":"https:\/\/www.press7.tv\/?p=23076#primaryimage"},"thumbnailUrl":"https:\/\/www.press7.tv\/wp-content\/uploads\/2025\/10\/IMG_0453.avif","articleSection":["ShowBiz"],"inLanguage":"en-US"},{"@type":"WebPage","@id":"https:\/\/www.press7.tv\/?p=23076","url":"https:\/\/www.press7.tv\/?p=23076","name":"Kenan Imirzalioglu dhe \u00c7agatay Ulusoy, nd\u00ebr m\u00eb t\u00eb paguarit! K\u00ebta jan\u00eb aktor\u00ebt turq q\u00eb marrin pagat m\u00eb t\u00eb larta n\u00eb seriale - press7.tv","isPartOf":{"@id":"https:\/\/www.news33.tv\/#website"},"primaryImageOfPage":{"@id":"https:\/\/www.press7.tv\/?p=23076#primaryimage"},"image":{"@id":"https:\/\/www.press7.tv\/?p=23076#primaryimage"},"thumbnailUrl":"https:\/\/www.press7.tv\/wp-content\/uploads\/2025\/10\/IMG_0453.avif","datePublished":"2025-10-27T12:12:41+00:00","breadcrumb":{"@id":"https:\/\/www.press7.tv\/?p=23076#breadcrumb"},"inLanguage":"en-US","potentialAction":[{"@type":"ReadAction","target":["https:\/\/www.press7.tv\/?p=23076"]}]},{"@type":"ImageObject","inLanguage":"en-US","@id":"https:\/\/www.press7.tv\/?p=23076#primaryimage","url":"https:\/\/www.press7.tv\/wp-content\/uploads\/2025\/10\/IMG_0453.avif","contentUrl":"https:\/\/www.press7.tv\/wp-content\/uploads\/2025\/10\/IMG_0453.avif","width":1242,"height":742,"caption":"Screenshot"},{"@type":"BreadcrumbList","@id":"https:\/\/www.press7.tv\/?p=23076#breadcrumb","itemListElement":[{"@type":"ListItem","position":1,"name":"Home","item":"https:\/\/www.press7.tv\/"},{"@type":"ListItem","position":2,"name":"Kenan Imirzalioglu dhe \u00c7agatay Ulusoy, nd\u00ebr m\u00eb t\u00eb paguarit! K\u00ebta jan\u00eb aktor\u00ebt turq q\u00eb marrin pagat m\u00eb t\u00eb larta n\u00eb seriale"}]},{"@type":"WebSite","@id":"https:\/\/www.news33.tv\/#website","url":"https:\/\/www.news33.tv\/","name":"News33.tv Media","description":"Media","publisher":{"@id":"https:\/\/www.news33.tv\/#organization"},"potentialAction":[{"@type":"SearchAction","target":{"@type":"EntryPoint","urlTemplate":"https:\/\/www.news33.tv\/?s={search_term_string}"},"query-input":{"@type":"PropertyValueSpecification","valueRequired":true,"valueName":"search_term_string"}}],"inLanguage":"en-US"},{"@type":"Organization","@id":"https:\/\/www.news33.tv\/#organization","name":"News33.tv Media","url":"https:\/\/www.news33.tv\/","logo":{"@type":"ImageObject","inLanguage":"en-US","@id":"https:\/\/www.news33.tv\/#\/schema\/logo\/image\/","url":"https:\/\/www.press7.tv\/wp-content\/uploads\/2024\/02\/logo-news33-black.png","contentUrl":"https:\/\/www.press7.tv\/wp-content\/uploads\/2024\/02\/logo-news33-black.png","width":180,"height":37,"caption":"News33.tv Media"},"image":{"@id":"https:\/\/www.news33.tv\/#\/schema\/logo\/image\/"},"sameAs":["https:\/\/www.facebook.com\/press7.tv"]},{"@type":"Person","@id":"https:\/\/www.news33.tv\/#\/schema\/person\/5a04a38a23ccdba82f9bd665cd8f9efa","name":"gazetar2","image":{"@type":"ImageObject","inLanguage":"en-US","@id":"https:\/\/www.news33.tv\/#\/schema\/person\/image\/","url":"https:\/\/www.press7.tv\/wp-content\/litespeed\/avatar\/41975e402c3049d9ddb03adca8f7a883.jpg?ver=1777169572","contentUrl":"https:\/\/www.press7.tv\/wp-content\/litespeed\/avatar\/41975e402c3049d9ddb03adca8f7a883.jpg?ver=1777169572","caption":"gazetar2"},"url":"https:\/\/www.press7.tv\/?author=8"}]}},"amp_enabled":true,"_links":{"self":[{"href":"https:\/\/www.press7.tv\/index.php?rest_route=\/wp\/v2\/posts\/23076","targetHints":{"allow":["GET"]}}],"collection":[{"href":"https:\/\/www.press7.tv\/index.php?rest_route=\/wp\/v2\/posts"}],"about":[{"href":"https:\/\/www.press7.tv\/index.php?rest_route=\/wp\/v2\/types\/post"}],"author":[{"embeddable":true,"href":"https:\/\/www.press7.tv\/index.php?rest_route=\/wp\/v2\/users\/8"}],"replies":[{"embeddable":true,"href":"https:\/\/www.press7.tv\/index.php?rest_route=%2Fwp%2Fv2%2Fcomments&post=23076"}],"version-history":[{"count":1,"href":"https:\/\/www.press7.tv\/index.php?rest_route=\/wp\/v2\/posts\/23076\/revisions"}],"predecessor-version":[{"id":23078,"href":"https:\/\/www.press7.tv\/index.php?rest_route=\/wp\/v2\/posts\/23076\/revisions\/23078"}],"wp:featuredmedia":[{"embeddable":true,"href":"https:\/\/www.press7.tv\/index.php?rest_route=\/wp\/v2\/media\/23077"}],"wp:attachment":[{"href":"https:\/\/www.press7.tv\/index.php?rest_route=%2Fwp%2Fv2%2Fmedia&parent=23076"}],"wp:term":[{"taxonomy":"category","embeddable":true,"href":"https:\/\/www.press7.tv\/index.php?rest_route=%2Fwp%2Fv2%2Fcategories&post=23076"},{"taxonomy":"post_tag","embeddable":true,"href":"https:\/\/www.press7.tv\/index.php?rest_route=%2Fwp%2Fv2%2Ftags&post=23076"}],"curies":[{"name":"wp","href":"https:\/\/api.w.org\/{rel}","templated":true}]}}