{"id":23073,"date":"2025-10-26T19:45:04","date_gmt":"2025-10-26T19:45:04","guid":{"rendered":"https:\/\/www.press7.tv\/?p=23073"},"modified":"2025-10-26T19:45:04","modified_gmt":"2025-10-26T19:45:04","slug":"bekim-qoku-bdi-po-bashkepunon-me-levicen-partine-qe-mohon-kosoven-dhe-urrejtje-per-shqiptaret","status":"publish","type":"post","link":"https:\/\/www.press7.tv\/?p=23073","title":{"rendered":"Bekim Qoku: BDI po bashk\u00ebpunon me Levic\u00ebn, partin\u00eb q\u00eb mohon Kosov\u00ebn dhe urrejtje p\u00ebr shqiptar\u00ebt!"},"content":{"rendered":"\n    <div class=\"xs_social_share_widget xs_share_url before_content \t\tmain_content  wslu-style-2 wslu-share-box-shaped wslu-fill-colored wslu-share-m-5 wslu-none wslu-share-vertical wslu-theme-font-no wslu-main_content\">\n\n\t\t\n        <ul>\n\t\t\t        <\/ul>\n    <\/div> \n<p>Deputeti i koalicionit qeveritar VLEN, Bekim Qoku, ka reaguar ashp\u00ebr ndaj bashk\u00ebpunimit t\u00eb ri politik q\u00eb po merr form\u00eb mes BDI-s\u00eb dhe Levic\u00ebs, duke e quajtur at\u00eb nj\u00eb aleanc\u00eb q\u00eb nuk i sh\u00ebrben qytetar\u00ebve dhe \u00ebsht\u00eb n\u00eb kund\u00ebrshtim t\u00eb plot\u00eb me interesat komb\u00ebtare shqiptare.<\/p>\n<p>Sipas Qokut, ky bashk\u00ebpunim \u00ebsht\u00eb vazhdim i \u201cmoratoriumit komb\u00ebtar\u201d t\u00eb BDI-s\u00eb, si\u00e7 e kishte quajtur m\u00eb her\u00ebt Bujar Osmani, dhe tregon se kjo parti \u00ebsht\u00eb e gatshme t\u00eb lidhet me \u00e7do forc\u00eb p\u00ebr interesa t\u00eb ngushta klanore e pushteti. Ai ka kujtuar se BDI ka bashk\u00ebqeverisur edhe me figura t\u00eb akuzuara p\u00ebr krime lufte si Brat Luben, si dhe me Mijallkovin dhe Gruevskin, duke qen\u00eb bashk\u00ebpjes\u00ebmarr\u00ebse n\u00eb dhjet\u00ebra afera dhe krime politike kund\u00ebr shqiptar\u00ebve.<\/p>\n<p>N\u00eb reagimin e tij, Qoku ka theksuar se programi i Levic\u00ebs \u00ebsht\u00eb thell\u00ebsisht antishqiptar dhe n\u00eb p\u00ebrputhje me interesat ruse. N\u00eb t\u00eb parashikohet t\u00ebrheqja e njohjes s\u00eb pavar\u00ebsis\u00eb s\u00eb Kosov\u00ebs, e cila quhet \u201cprotektorat amerikan\u201d dhe \u201cburim jostabiliteti n\u00eb Ballkan\u201d, rritje e kontrollit kufitar me \u201cKosov\u00ebn\u201d dhe Shqip\u00ebrin\u00eb, t\u00eb cilat p\u00ebrshkruhen si \u201czona rreziku p\u00ebr kontraband\u00eb\u201d, si dhe vazhdim i iniciativ\u00ebs \u201cBallkani i Hapur\u201d q\u00eb i hap kufijt\u00eb Serbis\u00eb, por k\u00ebrkon t\u2019i mbyll\u00eb me Shqip\u00ebrin\u00eb.<\/p>\n<p>Po ashtu, n\u00eb dokumentin politik t\u00eb k\u00ebsaj partie p\u00ebrfshihet n\u00ebnshkrimi i nj\u00eb \u201cPlatforme maqedonase\u201d kund\u00ebr partive shqiptare q\u00eb kan\u00eb mb\u00ebshtetur Platform\u00ebn e Tiran\u00ebs, afrimi me Unionin Euroaziatik dhe Federat\u00ebn Ruse sipas shembullit t\u00eb Serbis\u00eb, prishja e marr\u00ebveshjes p\u00ebr fqinj\u00ebsi t\u00eb mir\u00eb me Bullgarin\u00eb dhe anulimi i plot\u00eb i p\u00ebrdorimit t\u00eb gjuh\u00ebs shqipe n\u00eb t\u00eb gjith\u00eb territorin e Maqedonis\u00eb s\u00eb Veriut.<\/p>\n<p>Sipas Qokut, urrejtja ndaj shqiptar\u00ebve dhe tonet e hapura fashiste q\u00eb p\u00ebrmban programi i Levic\u00ebs kujtojn\u00eb \u201cMein Kampf\u201d-in e Hitlerit. \u201cKy \u00ebsht\u00eb realiteti i Levic\u00ebs. Dhe p\u00ebr k\u00ebt\u00eb arsye \u00e7do bashk\u00ebpunim me ta \u00ebsht\u00eb i pamundur. K\u00ebshtu ka qen\u00eb, dhe k\u00ebshtu duhet t\u00eb mbetet\u201d, thekson ai.<\/p>\n<p>N\u00eb p\u00ebrfundim, Bekim Qoku shton se p\u00ebr BDI-n\u00eb nuk ekzistojn\u00eb m\u00eb vija t\u00eb kuqe. \u201cKur gjet\u00ebn forc\u00eb dhe justifikim p\u00ebr t\u00eb bashk\u00ebpunuar me Vu\u00e7iqin, Da\u00e7iqin, Lavrovin e Vulinin, pse jo edhe me Levic\u00ebn?\u201d, ka p\u00ebrfunduar deputeti i VLEN-it.<\/p>\n","protected":false},"excerpt":{"rendered":"<p>Deputeti i koalicionit qeveritar VLEN, Bekim Qoku, ka reaguar ashp\u00ebr ndaj bashk\u00ebpunimit t\u00eb ri politik q\u00eb po merr form\u00eb mes BDI-s\u00eb dhe Levic\u00ebs, duke e quajtur at\u00eb nj\u00eb aleanc\u00eb q\u00eb nuk i sh\u00ebrben qytetar\u00ebve dhe \u00ebsht\u00eb n\u00eb kund\u00ebrshtim t\u00eb plot\u00eb me interesat komb\u00ebtare shqiptare. Sipas Qokut, ky bashk\u00ebpunim \u00ebsht\u00eb vazhdim i \u201cmoratoriumit komb\u00ebtar\u201d t\u00eb BDI-s\u00eb, [&hellip;]<\/p>\n","protected":false},"author":8,"featured_media":23074,"comment_status":"closed","ping_status":"closed","sticky":false,"template":"","format":"standard","meta":{"footnotes":""},"categories":[213,214],"tags":[],"class_list":["post-23073","post","type-post","status-publish","format-standard","has-post-thumbnail","hentry","category-lajme","category-maqedoni"],"yoast_head":"<!-- This site is optimized with the Yoast SEO plugin v25.1 - https:\/\/yoast.com\/wordpress\/plugins\/seo\/ -->\n<title>Bekim Qoku: BDI po bashk\u00ebpunon me Levic\u00ebn, partin\u00eb q\u00eb mohon Kosov\u00ebn dhe urrejtje p\u00ebr shqiptar\u00ebt! - press7.tv<\/title>\n<meta name=\"robots\" content=\"index, follow, max-snippet:-1, max-image-preview:large, max-video-preview:-1\" \/>\n<link rel=\"canonical\" href=\"https:\/\/www.press7.tv\/?p=23073\" \/>\n<meta property=\"og:locale\" content=\"en_US\" \/>\n<meta property=\"og:type\" content=\"article\" \/>\n<meta property=\"og:title\" content=\"Bekim Qoku: BDI po bashk\u00ebpunon me Levic\u00ebn, partin\u00eb q\u00eb mohon Kosov\u00ebn dhe urrejtje p\u00ebr shqiptar\u00ebt! - press7.tv\" \/>\n<meta property=\"og:description\" content=\"Deputeti i koalicionit qeveritar VLEN, Bekim Qoku, ka reaguar ashp\u00ebr ndaj bashk\u00ebpunimit t\u00eb ri politik q\u00eb po merr form\u00eb mes BDI-s\u00eb dhe Levic\u00ebs, duke e quajtur at\u00eb nj\u00eb aleanc\u00eb q\u00eb nuk i sh\u00ebrben qytetar\u00ebve dhe \u00ebsht\u00eb n\u00eb kund\u00ebrshtim t\u00eb plot\u00eb me interesat komb\u00ebtare shqiptare. Sipas Qokut, ky bashk\u00ebpunim \u00ebsht\u00eb vazhdim i \u201cmoratoriumit komb\u00ebtar\u201d t\u00eb BDI-s\u00eb, [&hellip;]\" \/>\n<meta property=\"og:url\" content=\"https:\/\/www.press7.tv\/?p=23073\" \/>\n<meta property=\"og:site_name\" content=\"press7.tv\" \/>\n<meta property=\"article:publisher\" content=\"https:\/\/www.facebook.com\/press7.tv\" \/>\n<meta property=\"article:published_time\" content=\"2025-10-26T19:45:04+00:00\" \/>\n<meta property=\"og:image\" content=\"https:\/\/www.press7.tv\/wp-content\/uploads\/2025\/10\/IMG_0448.avif\" \/>\n\t<meta property=\"og:image:width\" content=\"800\" \/>\n\t<meta property=\"og:image:height\" content=\"533\" \/>\n\t<meta property=\"og:image:type\" content=\"image\/jpeg\" \/>\n<meta name=\"author\" content=\"gazetar2\" \/>\n<meta name=\"twitter:card\" content=\"summary_large_image\" \/>\n<meta name=\"twitter:label1\" content=\"Written by\" \/>\n\t<meta name=\"twitter:data1\" content=\"gazetar2\" \/>\n\t<meta name=\"twitter:label2\" content=\"Est. reading time\" \/>\n\t<meta name=\"twitter:data2\" content=\"1 minute\" \/>\n<script type=\"application\/ld+json\" class=\"yoast-schema-graph\">{\"@context\":\"https:\/\/schema.org\",\"@graph\":[{\"@type\":\"Article\",\"@id\":\"https:\/\/www.press7.tv\/?p=23073#article\",\"isPartOf\":{\"@id\":\"https:\/\/www.press7.tv\/?p=23073\"},\"author\":{\"name\":\"gazetar2\",\"@id\":\"https:\/\/www.news33.tv\/#\/schema\/person\/5a04a38a23ccdba82f9bd665cd8f9efa\"},\"headline\":\"Bekim Qoku: BDI po bashk\u00ebpunon me Levic\u00ebn, partin\u00eb q\u00eb mohon Kosov\u00ebn dhe urrejtje p\u00ebr shqiptar\u00ebt!\",\"datePublished\":\"2025-10-26T19:45:04+00:00\",\"mainEntityOfPage\":{\"@id\":\"https:\/\/www.press7.tv\/?p=23073\"},\"wordCount\":422,\"publisher\":{\"@id\":\"https:\/\/www.news33.tv\/#organization\"},\"image\":{\"@id\":\"https:\/\/www.press7.tv\/?p=23073#primaryimage\"},\"thumbnailUrl\":\"https:\/\/www.press7.tv\/wp-content\/uploads\/2025\/10\/IMG_0448.avif\",\"articleSection\":[\"Lajme\",\"Maqedoni\"],\"inLanguage\":\"en-US\"},{\"@type\":\"WebPage\",\"@id\":\"https:\/\/www.press7.tv\/?p=23073\",\"url\":\"https:\/\/www.press7.tv\/?p=23073\",\"name\":\"Bekim Qoku: BDI po bashk\u00ebpunon me Levic\u00ebn, partin\u00eb q\u00eb mohon Kosov\u00ebn dhe urrejtje p\u00ebr shqiptar\u00ebt! - press7.tv\",\"isPartOf\":{\"@id\":\"https:\/\/www.news33.tv\/#website\"},\"primaryImageOfPage\":{\"@id\":\"https:\/\/www.press7.tv\/?p=23073#primaryimage\"},\"image\":{\"@id\":\"https:\/\/www.press7.tv\/?p=23073#primaryimage\"},\"thumbnailUrl\":\"https:\/\/www.press7.tv\/wp-content\/uploads\/2025\/10\/IMG_0448.avif\",\"datePublished\":\"2025-10-26T19:45:04+00:00\",\"breadcrumb\":{\"@id\":\"https:\/\/www.press7.tv\/?p=23073#breadcrumb\"},\"inLanguage\":\"en-US\",\"potentialAction\":[{\"@type\":\"ReadAction\",\"target\":[\"https:\/\/www.press7.tv\/?p=23073\"]}]},{\"@type\":\"ImageObject\",\"inLanguage\":\"en-US\",\"@id\":\"https:\/\/www.press7.tv\/?p=23073#primaryimage\",\"url\":\"https:\/\/www.press7.tv\/wp-content\/uploads\/2025\/10\/IMG_0448.avif\",\"contentUrl\":\"https:\/\/www.press7.tv\/wp-content\/uploads\/2025\/10\/IMG_0448.avif\",\"width\":800,\"height\":533},{\"@type\":\"BreadcrumbList\",\"@id\":\"https:\/\/www.press7.tv\/?p=23073#breadcrumb\",\"itemListElement\":[{\"@type\":\"ListItem\",\"position\":1,\"name\":\"Home\",\"item\":\"https:\/\/www.press7.tv\/\"},{\"@type\":\"ListItem\",\"position\":2,\"name\":\"Bekim Qoku: BDI po bashk\u00ebpunon me Levic\u00ebn, partin\u00eb q\u00eb mohon Kosov\u00ebn dhe urrejtje p\u00ebr shqiptar\u00ebt!\"}]},{\"@type\":\"WebSite\",\"@id\":\"https:\/\/www.news33.tv\/#website\",\"url\":\"https:\/\/www.news33.tv\/\",\"name\":\"News33.tv Media\",\"description\":\"Media\",\"publisher\":{\"@id\":\"https:\/\/www.news33.tv\/#organization\"},\"potentialAction\":[{\"@type\":\"SearchAction\",\"target\":{\"@type\":\"EntryPoint\",\"urlTemplate\":\"https:\/\/www.news33.tv\/?s={search_term_string}\"},\"query-input\":{\"@type\":\"PropertyValueSpecification\",\"valueRequired\":true,\"valueName\":\"search_term_string\"}}],\"inLanguage\":\"en-US\"},{\"@type\":\"Organization\",\"@id\":\"https:\/\/www.news33.tv\/#organization\",\"name\":\"News33.tv Media\",\"url\":\"https:\/\/www.news33.tv\/\",\"logo\":{\"@type\":\"ImageObject\",\"inLanguage\":\"en-US\",\"@id\":\"https:\/\/www.news33.tv\/#\/schema\/logo\/image\/\",\"url\":\"https:\/\/www.press7.tv\/wp-content\/uploads\/2024\/02\/logo-news33-black.png\",\"contentUrl\":\"https:\/\/www.press7.tv\/wp-content\/uploads\/2024\/02\/logo-news33-black.png\",\"width\":180,\"height\":37,\"caption\":\"News33.tv Media\"},\"image\":{\"@id\":\"https:\/\/www.news33.tv\/#\/schema\/logo\/image\/\"},\"sameAs\":[\"https:\/\/www.facebook.com\/press7.tv\"]},{\"@type\":\"Person\",\"@id\":\"https:\/\/www.news33.tv\/#\/schema\/person\/5a04a38a23ccdba82f9bd665cd8f9efa\",\"name\":\"gazetar2\",\"image\":{\"@type\":\"ImageObject\",\"inLanguage\":\"en-US\",\"@id\":\"https:\/\/www.news33.tv\/#\/schema\/person\/image\/\",\"url\":\"https:\/\/www.press7.tv\/wp-content\/litespeed\/avatar\/41975e402c3049d9ddb03adca8f7a883.jpg?ver=1777169572\",\"contentUrl\":\"https:\/\/www.press7.tv\/wp-content\/litespeed\/avatar\/41975e402c3049d9ddb03adca8f7a883.jpg?ver=1777169572\",\"caption\":\"gazetar2\"},\"url\":\"https:\/\/www.press7.tv\/?author=8\"}]}<\/script>\n<!-- \/ Yoast SEO plugin. -->","yoast_head_json":{"title":"Bekim Qoku: BDI po bashk\u00ebpunon me Levic\u00ebn, partin\u00eb q\u00eb mohon Kosov\u00ebn dhe urrejtje p\u00ebr shqiptar\u00ebt! - press7.tv","robots":{"index":"index","follow":"follow","max-snippet":"max-snippet:-1","max-image-preview":"max-image-preview:large","max-video-preview":"max-video-preview:-1"},"canonical":"https:\/\/www.press7.tv\/?p=23073","og_locale":"en_US","og_type":"article","og_title":"Bekim Qoku: BDI po bashk\u00ebpunon me Levic\u00ebn, partin\u00eb q\u00eb mohon Kosov\u00ebn dhe urrejtje p\u00ebr shqiptar\u00ebt! - press7.tv","og_description":"Deputeti i koalicionit qeveritar VLEN, Bekim Qoku, ka reaguar ashp\u00ebr ndaj bashk\u00ebpunimit t\u00eb ri politik q\u00eb po merr form\u00eb mes BDI-s\u00eb dhe Levic\u00ebs, duke e quajtur at\u00eb nj\u00eb aleanc\u00eb q\u00eb nuk i sh\u00ebrben qytetar\u00ebve dhe \u00ebsht\u00eb n\u00eb kund\u00ebrshtim t\u00eb plot\u00eb me interesat komb\u00ebtare shqiptare. Sipas Qokut, ky bashk\u00ebpunim \u00ebsht\u00eb vazhdim i \u201cmoratoriumit komb\u00ebtar\u201d t\u00eb BDI-s\u00eb, [&hellip;]","og_url":"https:\/\/www.press7.tv\/?p=23073","og_site_name":"press7.tv","article_publisher":"https:\/\/www.facebook.com\/press7.tv","article_published_time":"2025-10-26T19:45:04+00:00","og_image":[{"width":800,"height":533,"url":"https:\/\/www.press7.tv\/wp-content\/uploads\/2025\/10\/IMG_0448.avif","type":"image\/jpeg"}],"author":"gazetar2","twitter_card":"summary_large_image","twitter_misc":{"Written by":"gazetar2","Est. reading time":"1 minute"},"schema":{"@context":"https:\/\/schema.org","@graph":[{"@type":"Article","@id":"https:\/\/www.press7.tv\/?p=23073#article","isPartOf":{"@id":"https:\/\/www.press7.tv\/?p=23073"},"author":{"name":"gazetar2","@id":"https:\/\/www.news33.tv\/#\/schema\/person\/5a04a38a23ccdba82f9bd665cd8f9efa"},"headline":"Bekim Qoku: BDI po bashk\u00ebpunon me Levic\u00ebn, partin\u00eb q\u00eb mohon Kosov\u00ebn dhe urrejtje p\u00ebr shqiptar\u00ebt!","datePublished":"2025-10-26T19:45:04+00:00","mainEntityOfPage":{"@id":"https:\/\/www.press7.tv\/?p=23073"},"wordCount":422,"publisher":{"@id":"https:\/\/www.news33.tv\/#organization"},"image":{"@id":"https:\/\/www.press7.tv\/?p=23073#primaryimage"},"thumbnailUrl":"https:\/\/www.press7.tv\/wp-content\/uploads\/2025\/10\/IMG_0448.avif","articleSection":["Lajme","Maqedoni"],"inLanguage":"en-US"},{"@type":"WebPage","@id":"https:\/\/www.press7.tv\/?p=23073","url":"https:\/\/www.press7.tv\/?p=23073","name":"Bekim Qoku: BDI po bashk\u00ebpunon me Levic\u00ebn, partin\u00eb q\u00eb mohon Kosov\u00ebn dhe urrejtje p\u00ebr shqiptar\u00ebt! - press7.tv","isPartOf":{"@id":"https:\/\/www.news33.tv\/#website"},"primaryImageOfPage":{"@id":"https:\/\/www.press7.tv\/?p=23073#primaryimage"},"image":{"@id":"https:\/\/www.press7.tv\/?p=23073#primaryimage"},"thumbnailUrl":"https:\/\/www.press7.tv\/wp-content\/uploads\/2025\/10\/IMG_0448.avif","datePublished":"2025-10-26T19:45:04+00:00","breadcrumb":{"@id":"https:\/\/www.press7.tv\/?p=23073#breadcrumb"},"inLanguage":"en-US","potentialAction":[{"@type":"ReadAction","target":["https:\/\/www.press7.tv\/?p=23073"]}]},{"@type":"ImageObject","inLanguage":"en-US","@id":"https:\/\/www.press7.tv\/?p=23073#primaryimage","url":"https:\/\/www.press7.tv\/wp-content\/uploads\/2025\/10\/IMG_0448.avif","contentUrl":"https:\/\/www.press7.tv\/wp-content\/uploads\/2025\/10\/IMG_0448.avif","width":800,"height":533},{"@type":"BreadcrumbList","@id":"https:\/\/www.press7.tv\/?p=23073#breadcrumb","itemListElement":[{"@type":"ListItem","position":1,"name":"Home","item":"https:\/\/www.press7.tv\/"},{"@type":"ListItem","position":2,"name":"Bekim Qoku: BDI po bashk\u00ebpunon me Levic\u00ebn, partin\u00eb q\u00eb mohon Kosov\u00ebn dhe urrejtje p\u00ebr shqiptar\u00ebt!"}]},{"@type":"WebSite","@id":"https:\/\/www.news33.tv\/#website","url":"https:\/\/www.news33.tv\/","name":"News33.tv Media","description":"Media","publisher":{"@id":"https:\/\/www.news33.tv\/#organization"},"potentialAction":[{"@type":"SearchAction","target":{"@type":"EntryPoint","urlTemplate":"https:\/\/www.news33.tv\/?s={search_term_string}"},"query-input":{"@type":"PropertyValueSpecification","valueRequired":true,"valueName":"search_term_string"}}],"inLanguage":"en-US"},{"@type":"Organization","@id":"https:\/\/www.news33.tv\/#organization","name":"News33.tv Media","url":"https:\/\/www.news33.tv\/","logo":{"@type":"ImageObject","inLanguage":"en-US","@id":"https:\/\/www.news33.tv\/#\/schema\/logo\/image\/","url":"https:\/\/www.press7.tv\/wp-content\/uploads\/2024\/02\/logo-news33-black.png","contentUrl":"https:\/\/www.press7.tv\/wp-content\/uploads\/2024\/02\/logo-news33-black.png","width":180,"height":37,"caption":"News33.tv Media"},"image":{"@id":"https:\/\/www.news33.tv\/#\/schema\/logo\/image\/"},"sameAs":["https:\/\/www.facebook.com\/press7.tv"]},{"@type":"Person","@id":"https:\/\/www.news33.tv\/#\/schema\/person\/5a04a38a23ccdba82f9bd665cd8f9efa","name":"gazetar2","image":{"@type":"ImageObject","inLanguage":"en-US","@id":"https:\/\/www.news33.tv\/#\/schema\/person\/image\/","url":"https:\/\/www.press7.tv\/wp-content\/litespeed\/avatar\/41975e402c3049d9ddb03adca8f7a883.jpg?ver=1777169572","contentUrl":"https:\/\/www.press7.tv\/wp-content\/litespeed\/avatar\/41975e402c3049d9ddb03adca8f7a883.jpg?ver=1777169572","caption":"gazetar2"},"url":"https:\/\/www.press7.tv\/?author=8"}]}},"amp_enabled":true,"_links":{"self":[{"href":"https:\/\/www.press7.tv\/index.php?rest_route=\/wp\/v2\/posts\/23073","targetHints":{"allow":["GET"]}}],"collection":[{"href":"https:\/\/www.press7.tv\/index.php?rest_route=\/wp\/v2\/posts"}],"about":[{"href":"https:\/\/www.press7.tv\/index.php?rest_route=\/wp\/v2\/types\/post"}],"author":[{"embeddable":true,"href":"https:\/\/www.press7.tv\/index.php?rest_route=\/wp\/v2\/users\/8"}],"replies":[{"embeddable":true,"href":"https:\/\/www.press7.tv\/index.php?rest_route=%2Fwp%2Fv2%2Fcomments&post=23073"}],"version-history":[{"count":1,"href":"https:\/\/www.press7.tv\/index.php?rest_route=\/wp\/v2\/posts\/23073\/revisions"}],"predecessor-version":[{"id":23075,"href":"https:\/\/www.press7.tv\/index.php?rest_route=\/wp\/v2\/posts\/23073\/revisions\/23075"}],"wp:featuredmedia":[{"embeddable":true,"href":"https:\/\/www.press7.tv\/index.php?rest_route=\/wp\/v2\/media\/23074"}],"wp:attachment":[{"href":"https:\/\/www.press7.tv\/index.php?rest_route=%2Fwp%2Fv2%2Fmedia&parent=23073"}],"wp:term":[{"taxonomy":"category","embeddable":true,"href":"https:\/\/www.press7.tv\/index.php?rest_route=%2Fwp%2Fv2%2Fcategories&post=23073"},{"taxonomy":"post_tag","embeddable":true,"href":"https:\/\/www.press7.tv\/index.php?rest_route=%2Fwp%2Fv2%2Ftags&post=23073"}],"curies":[{"name":"wp","href":"https:\/\/api.w.org\/{rel}","templated":true}]}}