{"id":23070,"date":"2025-10-26T15:23:45","date_gmt":"2025-10-26T15:23:45","guid":{"rendered":"https:\/\/www.press7.tv\/?p=23070"},"modified":"2025-10-26T15:23:45","modified_gmt":"2025-10-26T15:23:45","slug":"haxhiu-ata-qe-nuk-marrin-mbeshtetje-nga-populli-smund-te-na-shantazhojne-me-numra","status":"publish","type":"post","link":"https:\/\/www.press7.tv\/?p=23070","title":{"rendered":"Haxhiu: Ata q\u00eb nuk marrin mb\u00ebshtetje nga populli, s\u2019mund t\u00eb na shantazhojn\u00eb me numra"},"content":{"rendered":"\n    <div class=\"xs_social_share_widget xs_share_url before_content \t\tmain_content  wslu-style-2 wslu-share-box-shaped wslu-fill-colored wslu-share-m-5 wslu-none wslu-share-vertical wslu-theme-font-no wslu-main_content\">\n\n\t\t\n        <ul>\n\t\t\t        <\/ul>\n    <\/div> \n<p>N\u00ebnkryetarja e Kuvendit nga L\u00ebvizja Vet\u00ebvendosje, Albulena Haxhiu ka akuzuar ish-parit\u00eb opozitare se<\/p>\n<p>bashk\u00eb me List\u00ebn Serbe pamund\u00ebsuan votimin e Qeveris\u00eb Kurti III.<\/p>\n<p>Madje ajo ka th\u00ebn\u00eb se seanca e sotme i kujtoi at\u00eb t\u00eb 25 marsit 2020 kur sipas saj t\u00eb gjith\u00eb ishin b\u00ebr\u00eb bashk\u00eb p\u00ebr ta rr\u00ebzuar qeverin\u00eb e udh\u00ebhequr nga Kurti.<\/p>\n<p>\u201cFytyra t\u00eb para, qeshje t\u00eb njohura. Dita e sotme, 26 tetor 2025, ma kujtoi 25 marsin 2020. At\u00ebher\u00eb t\u00eb gjith\u00eb k\u00ebta bashk\u00eb po na rr\u00ebzonin, sot nuk mund\u00ebsuan ngritjen e Qeveris\u00eb s\u00eb re. Asokohe rr\u00ebzonin Kurtin 1, sot pamund\u00ebsuan Kurtin3. N\u00eb Kuvend, Klubi i St\u00ebrvjet\u00ebruar Politik pamund\u00ebsoi votimin e njeriut q\u00eb populli e ka votuar m\u00eb s\u00eb shumti n\u00eb historin\u00eb e Kosov\u00ebs. Lista Serbe, si gjithnj\u00eb, pran\u00eb tyre\u201d, ka shkruar ajo.<\/p>\n<p>Megjithat\u00eb, ajo ka th\u00ebn\u00eb se kjo \u00ebsht\u00eb e p\u00ebrkohshme dhe se ata bashk\u00eb me popullin do t\u00eb kthehen.<\/p>\n<p>Haxhiu ka th\u00ebn\u00eb se nuk do t\u00eb shantazhohen nga ata q\u00eb nuk marrin mb\u00ebshtetje nga populli.<\/p>\n<p>\u201cNatyrisht, kjo \u00ebsht\u00eb shum\u00eb e p\u00ebrkohshme. Shpesh, t\u00eb nj\u00ebjtit kan\u00eb menduar se e kan\u00eb mposhtur p\u00ebrfundimisht VV-n\u00eb e Albin Kurtin, por dihet ku jemi ne e ku jan\u00eb ata. Do t\u00eb kthehemi s\u00ebrish, me popullin n\u00eb krah dhe me parimet e pathyeshme. Ata q\u00eb nuk marrin mb\u00ebshtetje nga populli, nuk mund t\u00eb na shantazhojn\u00eb me numra. M\u00eb nuk ka terminale, ambasada apo tender\u00eb n\u00eb em\u00ebr t\u00eb vot\u00ebs. As populli i Kosov\u00ebs, e as ne, nuk ua kemi borxh karrigen. Dhe p\u00ebr k\u00ebt\u00eb, VV-n\u00eb e Albin Kurtin nuk do ta thyeni asnj\u00ebher\u00eb. Matematikat e tyre nuk do t\u00eb mund ta mposhtin vullnetin ton\u00eb politik. Republika nuk do t\u00eb punoj\u00eb p\u00ebr grupet e interesit, por p\u00ebr qytetar\u00ebt pa dallim. Beteja jon\u00eb p\u00ebr nj\u00eb Kosov\u00eb me dinjitet, pa krim e pa korrupsion, vazhdon. Edhe m\u00eb fuqish\u00ebm\u201d, ka shkruar ajo.<\/p>\n<p>T\u00eb diel\u00ebn Qeveria \u2018Kurti 3\u2019 nuk u votua n\u00eb Kuvend.<\/p>\n<p><a href=\"https:\/\/www.facebook.com\/albulenaa.haxhiuu?ref=embed_post\">https:\/\/www.facebook.com\/albulenaa.haxhiuu?ref=embed_post<\/a><\/p>\n","protected":false},"excerpt":{"rendered":"<p>N\u00ebnkryetarja e Kuvendit nga L\u00ebvizja Vet\u00ebvendosje, Albulena Haxhiu ka akuzuar ish-parit\u00eb opozitare se bashk\u00eb me List\u00ebn Serbe pamund\u00ebsuan votimin e Qeveris\u00eb Kurti III. Madje ajo ka th\u00ebn\u00eb se seanca e sotme i kujtoi at\u00eb t\u00eb 25 marsit 2020 kur sipas saj t\u00eb gjith\u00eb ishin b\u00ebr\u00eb bashk\u00eb p\u00ebr ta rr\u00ebzuar qeverin\u00eb e udh\u00ebhequr nga Kurti. \u201cFytyra [&hellip;]<\/p>\n","protected":false},"author":8,"featured_media":23071,"comment_status":"closed","ping_status":"closed","sticky":false,"template":"","format":"standard","meta":{"footnotes":""},"categories":[215,213],"tags":[],"class_list":["post-23070","post","type-post","status-publish","format-standard","has-post-thumbnail","hentry","category-kosove","category-lajme"],"yoast_head":"<!-- This site is optimized with the Yoast SEO plugin v25.1 - https:\/\/yoast.com\/wordpress\/plugins\/seo\/ -->\n<title>Haxhiu: Ata q\u00eb nuk marrin mb\u00ebshtetje nga populli, s\u2019mund t\u00eb na shantazhojn\u00eb me numra - press7.tv<\/title>\n<meta name=\"robots\" content=\"index, follow, max-snippet:-1, max-image-preview:large, max-video-preview:-1\" \/>\n<link rel=\"canonical\" href=\"https:\/\/www.press7.tv\/?p=23070\" \/>\n<meta property=\"og:locale\" content=\"en_US\" \/>\n<meta property=\"og:type\" content=\"article\" \/>\n<meta property=\"og:title\" content=\"Haxhiu: Ata q\u00eb nuk marrin mb\u00ebshtetje nga populli, s\u2019mund t\u00eb na shantazhojn\u00eb me numra - press7.tv\" \/>\n<meta property=\"og:description\" content=\"N\u00ebnkryetarja e Kuvendit nga L\u00ebvizja Vet\u00ebvendosje, Albulena Haxhiu ka akuzuar ish-parit\u00eb opozitare se bashk\u00eb me List\u00ebn Serbe pamund\u00ebsuan votimin e Qeveris\u00eb Kurti III. Madje ajo ka th\u00ebn\u00eb se seanca e sotme i kujtoi at\u00eb t\u00eb 25 marsit 2020 kur sipas saj t\u00eb gjith\u00eb ishin b\u00ebr\u00eb bashk\u00eb p\u00ebr ta rr\u00ebzuar qeverin\u00eb e udh\u00ebhequr nga Kurti. \u201cFytyra [&hellip;]\" \/>\n<meta property=\"og:url\" content=\"https:\/\/www.press7.tv\/?p=23070\" \/>\n<meta property=\"og:site_name\" content=\"press7.tv\" \/>\n<meta property=\"article:publisher\" content=\"https:\/\/www.facebook.com\/press7.tv\" \/>\n<meta property=\"article:published_time\" content=\"2025-10-26T15:23:45+00:00\" \/>\n<meta property=\"og:image\" content=\"https:\/\/www.press7.tv\/wp-content\/uploads\/2025\/10\/IMG_0446.avif\" \/>\n\t<meta property=\"og:image:width\" content=\"447\" \/>\n\t<meta property=\"og:image:height\" content=\"447\" \/>\n\t<meta property=\"og:image:type\" content=\"image\/jpeg\" \/>\n<meta name=\"author\" content=\"gazetar2\" \/>\n<meta name=\"twitter:card\" content=\"summary_large_image\" \/>\n<meta name=\"twitter:label1\" content=\"Written by\" \/>\n\t<meta name=\"twitter:data1\" content=\"gazetar2\" \/>\n\t<meta name=\"twitter:label2\" content=\"Est. reading time\" \/>\n\t<meta name=\"twitter:data2\" content=\"1 minute\" \/>\n<script type=\"application\/ld+json\" class=\"yoast-schema-graph\">{\"@context\":\"https:\/\/schema.org\",\"@graph\":[{\"@type\":\"Article\",\"@id\":\"https:\/\/www.press7.tv\/?p=23070#article\",\"isPartOf\":{\"@id\":\"https:\/\/www.press7.tv\/?p=23070\"},\"author\":{\"name\":\"gazetar2\",\"@id\":\"https:\/\/www.news33.tv\/#\/schema\/person\/5a04a38a23ccdba82f9bd665cd8f9efa\"},\"headline\":\"Haxhiu: Ata q\u00eb nuk marrin mb\u00ebshtetje nga populli, s\u2019mund t\u00eb na shantazhojn\u00eb me numra\",\"datePublished\":\"2025-10-26T15:23:45+00:00\",\"mainEntityOfPage\":{\"@id\":\"https:\/\/www.press7.tv\/?p=23070\"},\"wordCount\":363,\"publisher\":{\"@id\":\"https:\/\/www.news33.tv\/#organization\"},\"image\":{\"@id\":\"https:\/\/www.press7.tv\/?p=23070#primaryimage\"},\"thumbnailUrl\":\"https:\/\/www.press7.tv\/wp-content\/uploads\/2025\/10\/IMG_0446.avif\",\"articleSection\":[\"Kosov\u00eb\",\"Lajme\"],\"inLanguage\":\"en-US\"},{\"@type\":\"WebPage\",\"@id\":\"https:\/\/www.press7.tv\/?p=23070\",\"url\":\"https:\/\/www.press7.tv\/?p=23070\",\"name\":\"Haxhiu: Ata q\u00eb nuk marrin mb\u00ebshtetje nga populli, s\u2019mund t\u00eb na shantazhojn\u00eb me numra - press7.tv\",\"isPartOf\":{\"@id\":\"https:\/\/www.news33.tv\/#website\"},\"primaryImageOfPage\":{\"@id\":\"https:\/\/www.press7.tv\/?p=23070#primaryimage\"},\"image\":{\"@id\":\"https:\/\/www.press7.tv\/?p=23070#primaryimage\"},\"thumbnailUrl\":\"https:\/\/www.press7.tv\/wp-content\/uploads\/2025\/10\/IMG_0446.avif\",\"datePublished\":\"2025-10-26T15:23:45+00:00\",\"breadcrumb\":{\"@id\":\"https:\/\/www.press7.tv\/?p=23070#breadcrumb\"},\"inLanguage\":\"en-US\",\"potentialAction\":[{\"@type\":\"ReadAction\",\"target\":[\"https:\/\/www.press7.tv\/?p=23070\"]}]},{\"@type\":\"ImageObject\",\"inLanguage\":\"en-US\",\"@id\":\"https:\/\/www.press7.tv\/?p=23070#primaryimage\",\"url\":\"https:\/\/www.press7.tv\/wp-content\/uploads\/2025\/10\/IMG_0446.avif\",\"contentUrl\":\"https:\/\/www.press7.tv\/wp-content\/uploads\/2025\/10\/IMG_0446.avif\",\"width\":447,\"height\":447},{\"@type\":\"BreadcrumbList\",\"@id\":\"https:\/\/www.press7.tv\/?p=23070#breadcrumb\",\"itemListElement\":[{\"@type\":\"ListItem\",\"position\":1,\"name\":\"Home\",\"item\":\"https:\/\/www.press7.tv\/\"},{\"@type\":\"ListItem\",\"position\":2,\"name\":\"Haxhiu: Ata q\u00eb nuk marrin mb\u00ebshtetje nga populli, s\u2019mund t\u00eb na shantazhojn\u00eb me numra\"}]},{\"@type\":\"WebSite\",\"@id\":\"https:\/\/www.news33.tv\/#website\",\"url\":\"https:\/\/www.news33.tv\/\",\"name\":\"News33.tv Media\",\"description\":\"Media\",\"publisher\":{\"@id\":\"https:\/\/www.news33.tv\/#organization\"},\"potentialAction\":[{\"@type\":\"SearchAction\",\"target\":{\"@type\":\"EntryPoint\",\"urlTemplate\":\"https:\/\/www.news33.tv\/?s={search_term_string}\"},\"query-input\":{\"@type\":\"PropertyValueSpecification\",\"valueRequired\":true,\"valueName\":\"search_term_string\"}}],\"inLanguage\":\"en-US\"},{\"@type\":\"Organization\",\"@id\":\"https:\/\/www.news33.tv\/#organization\",\"name\":\"News33.tv Media\",\"url\":\"https:\/\/www.news33.tv\/\",\"logo\":{\"@type\":\"ImageObject\",\"inLanguage\":\"en-US\",\"@id\":\"https:\/\/www.news33.tv\/#\/schema\/logo\/image\/\",\"url\":\"https:\/\/www.press7.tv\/wp-content\/uploads\/2024\/02\/logo-news33-black.png\",\"contentUrl\":\"https:\/\/www.press7.tv\/wp-content\/uploads\/2024\/02\/logo-news33-black.png\",\"width\":180,\"height\":37,\"caption\":\"News33.tv Media\"},\"image\":{\"@id\":\"https:\/\/www.news33.tv\/#\/schema\/logo\/image\/\"},\"sameAs\":[\"https:\/\/www.facebook.com\/press7.tv\"]},{\"@type\":\"Person\",\"@id\":\"https:\/\/www.news33.tv\/#\/schema\/person\/5a04a38a23ccdba82f9bd665cd8f9efa\",\"name\":\"gazetar2\",\"image\":{\"@type\":\"ImageObject\",\"inLanguage\":\"en-US\",\"@id\":\"https:\/\/www.news33.tv\/#\/schema\/person\/image\/\",\"url\":\"https:\/\/www.press7.tv\/wp-content\/litespeed\/avatar\/41975e402c3049d9ddb03adca8f7a883.jpg?ver=1777774395\",\"contentUrl\":\"https:\/\/www.press7.tv\/wp-content\/litespeed\/avatar\/41975e402c3049d9ddb03adca8f7a883.jpg?ver=1777774395\",\"caption\":\"gazetar2\"},\"url\":\"https:\/\/www.press7.tv\/?author=8\"}]}<\/script>\n<!-- \/ Yoast SEO plugin. -->","yoast_head_json":{"title":"Haxhiu: Ata q\u00eb nuk marrin mb\u00ebshtetje nga populli, s\u2019mund t\u00eb na shantazhojn\u00eb me numra - press7.tv","robots":{"index":"index","follow":"follow","max-snippet":"max-snippet:-1","max-image-preview":"max-image-preview:large","max-video-preview":"max-video-preview:-1"},"canonical":"https:\/\/www.press7.tv\/?p=23070","og_locale":"en_US","og_type":"article","og_title":"Haxhiu: Ata q\u00eb nuk marrin mb\u00ebshtetje nga populli, s\u2019mund t\u00eb na shantazhojn\u00eb me numra - press7.tv","og_description":"N\u00ebnkryetarja e Kuvendit nga L\u00ebvizja Vet\u00ebvendosje, Albulena Haxhiu ka akuzuar ish-parit\u00eb opozitare se bashk\u00eb me List\u00ebn Serbe pamund\u00ebsuan votimin e Qeveris\u00eb Kurti III. Madje ajo ka th\u00ebn\u00eb se seanca e sotme i kujtoi at\u00eb t\u00eb 25 marsit 2020 kur sipas saj t\u00eb gjith\u00eb ishin b\u00ebr\u00eb bashk\u00eb p\u00ebr ta rr\u00ebzuar qeverin\u00eb e udh\u00ebhequr nga Kurti. \u201cFytyra [&hellip;]","og_url":"https:\/\/www.press7.tv\/?p=23070","og_site_name":"press7.tv","article_publisher":"https:\/\/www.facebook.com\/press7.tv","article_published_time":"2025-10-26T15:23:45+00:00","og_image":[{"width":447,"height":447,"url":"https:\/\/www.press7.tv\/wp-content\/uploads\/2025\/10\/IMG_0446.avif","type":"image\/jpeg"}],"author":"gazetar2","twitter_card":"summary_large_image","twitter_misc":{"Written by":"gazetar2","Est. reading time":"1 minute"},"schema":{"@context":"https:\/\/schema.org","@graph":[{"@type":"Article","@id":"https:\/\/www.press7.tv\/?p=23070#article","isPartOf":{"@id":"https:\/\/www.press7.tv\/?p=23070"},"author":{"name":"gazetar2","@id":"https:\/\/www.news33.tv\/#\/schema\/person\/5a04a38a23ccdba82f9bd665cd8f9efa"},"headline":"Haxhiu: Ata q\u00eb nuk marrin mb\u00ebshtetje nga populli, s\u2019mund t\u00eb na shantazhojn\u00eb me numra","datePublished":"2025-10-26T15:23:45+00:00","mainEntityOfPage":{"@id":"https:\/\/www.press7.tv\/?p=23070"},"wordCount":363,"publisher":{"@id":"https:\/\/www.news33.tv\/#organization"},"image":{"@id":"https:\/\/www.press7.tv\/?p=23070#primaryimage"},"thumbnailUrl":"https:\/\/www.press7.tv\/wp-content\/uploads\/2025\/10\/IMG_0446.avif","articleSection":["Kosov\u00eb","Lajme"],"inLanguage":"en-US"},{"@type":"WebPage","@id":"https:\/\/www.press7.tv\/?p=23070","url":"https:\/\/www.press7.tv\/?p=23070","name":"Haxhiu: Ata q\u00eb nuk marrin mb\u00ebshtetje nga populli, s\u2019mund t\u00eb na shantazhojn\u00eb me numra - press7.tv","isPartOf":{"@id":"https:\/\/www.news33.tv\/#website"},"primaryImageOfPage":{"@id":"https:\/\/www.press7.tv\/?p=23070#primaryimage"},"image":{"@id":"https:\/\/www.press7.tv\/?p=23070#primaryimage"},"thumbnailUrl":"https:\/\/www.press7.tv\/wp-content\/uploads\/2025\/10\/IMG_0446.avif","datePublished":"2025-10-26T15:23:45+00:00","breadcrumb":{"@id":"https:\/\/www.press7.tv\/?p=23070#breadcrumb"},"inLanguage":"en-US","potentialAction":[{"@type":"ReadAction","target":["https:\/\/www.press7.tv\/?p=23070"]}]},{"@type":"ImageObject","inLanguage":"en-US","@id":"https:\/\/www.press7.tv\/?p=23070#primaryimage","url":"https:\/\/www.press7.tv\/wp-content\/uploads\/2025\/10\/IMG_0446.avif","contentUrl":"https:\/\/www.press7.tv\/wp-content\/uploads\/2025\/10\/IMG_0446.avif","width":447,"height":447},{"@type":"BreadcrumbList","@id":"https:\/\/www.press7.tv\/?p=23070#breadcrumb","itemListElement":[{"@type":"ListItem","position":1,"name":"Home","item":"https:\/\/www.press7.tv\/"},{"@type":"ListItem","position":2,"name":"Haxhiu: Ata q\u00eb nuk marrin mb\u00ebshtetje nga populli, s\u2019mund t\u00eb na shantazhojn\u00eb me numra"}]},{"@type":"WebSite","@id":"https:\/\/www.news33.tv\/#website","url":"https:\/\/www.news33.tv\/","name":"News33.tv Media","description":"Media","publisher":{"@id":"https:\/\/www.news33.tv\/#organization"},"potentialAction":[{"@type":"SearchAction","target":{"@type":"EntryPoint","urlTemplate":"https:\/\/www.news33.tv\/?s={search_term_string}"},"query-input":{"@type":"PropertyValueSpecification","valueRequired":true,"valueName":"search_term_string"}}],"inLanguage":"en-US"},{"@type":"Organization","@id":"https:\/\/www.news33.tv\/#organization","name":"News33.tv Media","url":"https:\/\/www.news33.tv\/","logo":{"@type":"ImageObject","inLanguage":"en-US","@id":"https:\/\/www.news33.tv\/#\/schema\/logo\/image\/","url":"https:\/\/www.press7.tv\/wp-content\/uploads\/2024\/02\/logo-news33-black.png","contentUrl":"https:\/\/www.press7.tv\/wp-content\/uploads\/2024\/02\/logo-news33-black.png","width":180,"height":37,"caption":"News33.tv Media"},"image":{"@id":"https:\/\/www.news33.tv\/#\/schema\/logo\/image\/"},"sameAs":["https:\/\/www.facebook.com\/press7.tv"]},{"@type":"Person","@id":"https:\/\/www.news33.tv\/#\/schema\/person\/5a04a38a23ccdba82f9bd665cd8f9efa","name":"gazetar2","image":{"@type":"ImageObject","inLanguage":"en-US","@id":"https:\/\/www.news33.tv\/#\/schema\/person\/image\/","url":"https:\/\/www.press7.tv\/wp-content\/litespeed\/avatar\/41975e402c3049d9ddb03adca8f7a883.jpg?ver=1777774395","contentUrl":"https:\/\/www.press7.tv\/wp-content\/litespeed\/avatar\/41975e402c3049d9ddb03adca8f7a883.jpg?ver=1777774395","caption":"gazetar2"},"url":"https:\/\/www.press7.tv\/?author=8"}]}},"amp_enabled":true,"_links":{"self":[{"href":"https:\/\/www.press7.tv\/index.php?rest_route=\/wp\/v2\/posts\/23070","targetHints":{"allow":["GET"]}}],"collection":[{"href":"https:\/\/www.press7.tv\/index.php?rest_route=\/wp\/v2\/posts"}],"about":[{"href":"https:\/\/www.press7.tv\/index.php?rest_route=\/wp\/v2\/types\/post"}],"author":[{"embeddable":true,"href":"https:\/\/www.press7.tv\/index.php?rest_route=\/wp\/v2\/users\/8"}],"replies":[{"embeddable":true,"href":"https:\/\/www.press7.tv\/index.php?rest_route=%2Fwp%2Fv2%2Fcomments&post=23070"}],"version-history":[{"count":1,"href":"https:\/\/www.press7.tv\/index.php?rest_route=\/wp\/v2\/posts\/23070\/revisions"}],"predecessor-version":[{"id":23072,"href":"https:\/\/www.press7.tv\/index.php?rest_route=\/wp\/v2\/posts\/23070\/revisions\/23072"}],"wp:featuredmedia":[{"embeddable":true,"href":"https:\/\/www.press7.tv\/index.php?rest_route=\/wp\/v2\/media\/23071"}],"wp:attachment":[{"href":"https:\/\/www.press7.tv\/index.php?rest_route=%2Fwp%2Fv2%2Fmedia&parent=23070"}],"wp:term":[{"taxonomy":"category","embeddable":true,"href":"https:\/\/www.press7.tv\/index.php?rest_route=%2Fwp%2Fv2%2Fcategories&post=23070"},{"taxonomy":"post_tag","embeddable":true,"href":"https:\/\/www.press7.tv\/index.php?rest_route=%2Fwp%2Fv2%2Ftags&post=23070"}],"curies":[{"name":"wp","href":"https:\/\/api.w.org\/{rel}","templated":true}]}}