{"id":23067,"date":"2025-10-26T15:02:29","date_gmt":"2025-10-26T15:02:29","guid":{"rendered":"https:\/\/www.press7.tv\/?p=23067"},"modified":"2025-10-26T15:02:29","modified_gmt":"2025-10-26T15:02:29","slug":"mosvotimi-i-qeverise-kurti-3-ne-fokusin-e-mediave-boterore","status":"publish","type":"post","link":"https:\/\/www.press7.tv\/?p=23067","title":{"rendered":"Mosvotimi i Qeveris\u00eb \u201cKurti 3\u201d n\u00eb fokusin e mediave bot\u00ebrore"},"content":{"rendered":"\n    <div class=\"xs_social_share_widget xs_share_url before_content \t\tmain_content  wslu-style-2 wslu-share-box-shaped wslu-fill-colored wslu-share-m-5 wslu-none wslu-share-vertical wslu-theme-font-no wslu-main_content\">\n\n\t\t\n        <ul>\n\t\t\t        <\/ul>\n    <\/div> \n<p>Mediat nd\u00ebrkomb\u00ebtare kan\u00eb raportuar gjer\u00ebsisht p\u00ebr d\u00ebshtimin e kryeministrit n\u00eb detyr\u00eb t\u00eb Kosov\u00ebs, Albin Kurti, p\u00ebr t\u00eb siguruar mb\u00ebshtetjen parlamentare p\u00ebr formimin e qeveris\u00eb s\u00eb re, duke theksuar se vendi po p\u00ebrballet me nj\u00eb tjet\u00ebr kriz\u00eb politike q\u00eb mund ta \u00e7oj\u00eb drejt zgjedhjeve t\u00eb parakohshme.<\/p>\n<p>Agjencia nd\u00ebrkomb\u00ebtare e lajmeve Reuters raportoi se parlamenti i Kosov\u00ebs d\u00ebshtoi t\u00eb zgjedh\u00eb Albin Kurtin si kryeminist\u00ebr, duke rritur gjasat p\u00ebr zgjedhje t\u00eb reja pas bllokad\u00ebs politike q\u00eb po zgjat nga muaji shkurt.<\/p>\n<p>Reuters thekson se opozita \u2013 p\u00ebrfshir\u00eb PDK-n\u00eb, LDK-n\u00eb dhe AAK-n\u00eb \u2013 votoi kund\u00ebr kandidatur\u00ebs s\u00eb Kurtit, duke refuzuar t\u00eb bashk\u00ebqeveris\u00eb me t\u00eb dhe duke e kritikuar p\u00ebr menaxhimin e marr\u00ebdh\u00ebnieve me aleat\u00ebt per\u00ebndimor\u00eb dhe p\u00ebr veprimet n\u00eb veriun e tensionuar t\u00eb vendit, ku jeton pakica serbe.<\/p>\n<p>N\u00eb analiz\u00ebn e saj, Reuters kujton se Kurti, nj\u00eb politikani i majt\u00eb dhe nacionalist shqiptar, kishte ardhur n\u00eb pushtet n\u00eb vitin 2021 kur Vet\u00ebvendosje fitoi mbi 50 p\u00ebr qind t\u00eb votave dhe siguroi nj\u00eb shumic\u00eb t\u00eb qart\u00eb n\u00eb Kuvend.<\/p>\n<p>Agjencia shton se n\u00eb munges\u00eb t\u00eb nj\u00eb shumice t\u00eb re, Kosova mund t\u00eb p\u00ebrballet me nj\u00eb cik\u00ebl t\u00eb ri zgjedhjesh, nd\u00ebrsa Kurti vazhdon t\u00eb udh\u00ebheq\u00eb si kryeminist\u00ebr n\u00eb detyr\u00eb.<\/p>\n<p>Edhe Bloomberg ka raportuar p\u00ebr situat\u00ebn e tensionuar politike n\u00eb Kosov\u00eb, duke theksuar se vendi po shkon drejt zgjedhjeve t\u00eb parakohshme pasi kryeministri n\u00eb detyr\u00eb Albin Kurti nuk arriti t\u00eb siguroj\u00eb votat e mjaftueshme p\u00ebr t\u00eb formuar qeverin\u00eb e re.<\/p>\n<p>Sipas mediumit amerikan, deputet\u00ebt u mblodh\u00ebn n\u00eb or\u00ebt e fundit t\u00eb afatit kushtetues p\u00ebr krijimin e kabinetit t\u00eb ri, por Kurti nuk arriti t\u00eb marr\u00eb miratimin e Kuvendit p\u00ebr p\u00ebrb\u00ebrjen e tij ministrore.<\/p>\n<p>Bloomberg shkruan se Kurti u kishte b\u00ebr\u00eb thirrje deputet\u00ebve t\u00eb votonin n\u00eb interes t\u00eb shtetit dhe qytetar\u00ebve, duke paralajm\u00ebruar se mungesa e nj\u00eb qeverie funksionale mund t\u00eb \u00e7onte n\u00eb bllokimin e buxhetit dhe n\u00eb vonesat e pagave publike, pensioneve, ndihmave p\u00ebr f\u00ebmij\u00eb dhe furnizimeve mjek\u00ebsore. Ai kishte theksuar gjithashtu se dhjet\u00ebra agjenci shtet\u00ebrore vazhdojn\u00eb t\u00eb funksionojn\u00eb pa mbik\u00ebqyrje p\u00ebr shkak t\u00eb vakumit politik.<\/p>\n<p>Nd\u00ebrkaq mediumi turk, TRT World, ka shkruar Kurti nuk arriti t\u00eb marr\u00eb votat e nevojshme n\u00eb Kuvend, pasi partia e tij L\u00ebvizja Vet\u00ebvendosje (VV) siguroi vet\u00ebm 56 vota, pes\u00eb m\u00eb pak se shumica e k\u00ebrkuar prej 61 deputet\u00ebsh. Mediumi turk shkruan se ky d\u00ebshtim ka thelluar paqart\u00ebsin\u00eb politike n\u00eb vendin m\u00eb t\u00eb ri t\u00eb Evrop\u00ebs.<\/p>\n<p>TRT World thekson se tani presidentja e Kosov\u00ebs duhet t\u00eb em\u00ebroj\u00eb nj\u00eb kandidat tjet\u00ebr p\u00ebr nj\u00eb votim t\u00eb dyt\u00eb, nd\u00ebrsa mbetet e paqart\u00eb n\u00ebse Kurti mund t\u00eb rikandidoj\u00eb apo n\u00ebse do t\u00eb propozohet nj\u00eb p\u00ebrfaq\u00ebsues nga opozita. N\u00eb rast se as raundi i dyt\u00eb nuk sjell shumic\u00ebn e nevojshme, vendi mund t\u00eb detyrohet t\u00eb shkoj\u00eb n\u00eb zgjedhje t\u00eb reja.<\/p>\n","protected":false},"excerpt":{"rendered":"<p>Mediat nd\u00ebrkomb\u00ebtare kan\u00eb raportuar gjer\u00ebsisht p\u00ebr d\u00ebshtimin e kryeministrit n\u00eb detyr\u00eb t\u00eb Kosov\u00ebs, Albin Kurti, p\u00ebr t\u00eb siguruar mb\u00ebshtetjen parlamentare p\u00ebr formimin e qeveris\u00eb s\u00eb re, duke theksuar se vendi po p\u00ebrballet me nj\u00eb tjet\u00ebr kriz\u00eb politike q\u00eb mund ta \u00e7oj\u00eb drejt zgjedhjeve t\u00eb parakohshme. Agjencia nd\u00ebrkomb\u00ebtare e lajmeve Reuters raportoi se parlamenti i Kosov\u00ebs [&hellip;]<\/p>\n","protected":false},"author":8,"featured_media":23068,"comment_status":"closed","ping_status":"closed","sticky":false,"template":"","format":"standard","meta":{"footnotes":""},"categories":[215,213],"tags":[],"class_list":["post-23067","post","type-post","status-publish","format-standard","has-post-thumbnail","hentry","category-kosove","category-lajme"],"yoast_head":"<!-- This site is optimized with the Yoast SEO plugin v25.1 - https:\/\/yoast.com\/wordpress\/plugins\/seo\/ -->\n<title>Mosvotimi i Qeveris\u00eb \u201cKurti 3\u201d n\u00eb fokusin e mediave bot\u00ebrore - press7.tv<\/title>\n<meta name=\"robots\" content=\"index, follow, max-snippet:-1, max-image-preview:large, max-video-preview:-1\" \/>\n<link rel=\"canonical\" href=\"https:\/\/www.press7.tv\/?p=23067\" \/>\n<meta property=\"og:locale\" content=\"en_US\" \/>\n<meta property=\"og:type\" content=\"article\" \/>\n<meta property=\"og:title\" content=\"Mosvotimi i Qeveris\u00eb \u201cKurti 3\u201d n\u00eb fokusin e mediave bot\u00ebrore - press7.tv\" \/>\n<meta property=\"og:description\" content=\"Mediat nd\u00ebrkomb\u00ebtare kan\u00eb raportuar gjer\u00ebsisht p\u00ebr d\u00ebshtimin e kryeministrit n\u00eb detyr\u00eb t\u00eb Kosov\u00ebs, Albin Kurti, p\u00ebr t\u00eb siguruar mb\u00ebshtetjen parlamentare p\u00ebr formimin e qeveris\u00eb s\u00eb re, duke theksuar se vendi po p\u00ebrballet me nj\u00eb tjet\u00ebr kriz\u00eb politike q\u00eb mund ta \u00e7oj\u00eb drejt zgjedhjeve t\u00eb parakohshme. Agjencia nd\u00ebrkomb\u00ebtare e lajmeve Reuters raportoi se parlamenti i Kosov\u00ebs [&hellip;]\" \/>\n<meta property=\"og:url\" content=\"https:\/\/www.press7.tv\/?p=23067\" \/>\n<meta property=\"og:site_name\" content=\"press7.tv\" \/>\n<meta property=\"article:publisher\" content=\"https:\/\/www.facebook.com\/press7.tv\" \/>\n<meta property=\"article:published_time\" content=\"2025-10-26T15:02:29+00:00\" \/>\n<meta property=\"og:image\" content=\"https:\/\/www.press7.tv\/wp-content\/uploads\/2025\/10\/IMG_0444.avif\" \/>\n\t<meta property=\"og:image:width\" content=\"877\" \/>\n\t<meta property=\"og:image:height\" content=\"572\" \/>\n\t<meta property=\"og:image:type\" content=\"image\/webp\" \/>\n<meta name=\"author\" content=\"gazetar2\" \/>\n<meta name=\"twitter:card\" content=\"summary_large_image\" \/>\n<meta name=\"twitter:label1\" content=\"Written by\" \/>\n\t<meta name=\"twitter:data1\" content=\"gazetar2\" \/>\n\t<meta name=\"twitter:label2\" content=\"Est. reading time\" \/>\n\t<meta name=\"twitter:data2\" content=\"1 minute\" \/>\n<script type=\"application\/ld+json\" class=\"yoast-schema-graph\">{\"@context\":\"https:\/\/schema.org\",\"@graph\":[{\"@type\":\"Article\",\"@id\":\"https:\/\/www.press7.tv\/?p=23067#article\",\"isPartOf\":{\"@id\":\"https:\/\/www.press7.tv\/?p=23067\"},\"author\":{\"name\":\"gazetar2\",\"@id\":\"https:\/\/www.news33.tv\/#\/schema\/person\/5a04a38a23ccdba82f9bd665cd8f9efa\"},\"headline\":\"Mosvotimi i Qeveris\u00eb \u201cKurti 3\u201d n\u00eb fokusin e mediave bot\u00ebrore\",\"datePublished\":\"2025-10-26T15:02:29+00:00\",\"mainEntityOfPage\":{\"@id\":\"https:\/\/www.press7.tv\/?p=23067\"},\"wordCount\":522,\"publisher\":{\"@id\":\"https:\/\/www.news33.tv\/#organization\"},\"image\":{\"@id\":\"https:\/\/www.press7.tv\/?p=23067#primaryimage\"},\"thumbnailUrl\":\"https:\/\/www.press7.tv\/wp-content\/uploads\/2025\/10\/IMG_0444.avif\",\"articleSection\":[\"Kosov\u00eb\",\"Lajme\"],\"inLanguage\":\"en-US\"},{\"@type\":\"WebPage\",\"@id\":\"https:\/\/www.press7.tv\/?p=23067\",\"url\":\"https:\/\/www.press7.tv\/?p=23067\",\"name\":\"Mosvotimi i Qeveris\u00eb \u201cKurti 3\u201d n\u00eb fokusin e mediave bot\u00ebrore - press7.tv\",\"isPartOf\":{\"@id\":\"https:\/\/www.news33.tv\/#website\"},\"primaryImageOfPage\":{\"@id\":\"https:\/\/www.press7.tv\/?p=23067#primaryimage\"},\"image\":{\"@id\":\"https:\/\/www.press7.tv\/?p=23067#primaryimage\"},\"thumbnailUrl\":\"https:\/\/www.press7.tv\/wp-content\/uploads\/2025\/10\/IMG_0444.avif\",\"datePublished\":\"2025-10-26T15:02:29+00:00\",\"breadcrumb\":{\"@id\":\"https:\/\/www.press7.tv\/?p=23067#breadcrumb\"},\"inLanguage\":\"en-US\",\"potentialAction\":[{\"@type\":\"ReadAction\",\"target\":[\"https:\/\/www.press7.tv\/?p=23067\"]}]},{\"@type\":\"ImageObject\",\"inLanguage\":\"en-US\",\"@id\":\"https:\/\/www.press7.tv\/?p=23067#primaryimage\",\"url\":\"https:\/\/www.press7.tv\/wp-content\/uploads\/2025\/10\/IMG_0444.avif\",\"contentUrl\":\"https:\/\/www.press7.tv\/wp-content\/uploads\/2025\/10\/IMG_0444.avif\",\"width\":877,\"height\":572},{\"@type\":\"BreadcrumbList\",\"@id\":\"https:\/\/www.press7.tv\/?p=23067#breadcrumb\",\"itemListElement\":[{\"@type\":\"ListItem\",\"position\":1,\"name\":\"Home\",\"item\":\"https:\/\/www.press7.tv\/\"},{\"@type\":\"ListItem\",\"position\":2,\"name\":\"Mosvotimi i Qeveris\u00eb \u201cKurti 3\u201d n\u00eb fokusin e mediave bot\u00ebrore\"}]},{\"@type\":\"WebSite\",\"@id\":\"https:\/\/www.news33.tv\/#website\",\"url\":\"https:\/\/www.news33.tv\/\",\"name\":\"News33.tv Media\",\"description\":\"Media\",\"publisher\":{\"@id\":\"https:\/\/www.news33.tv\/#organization\"},\"potentialAction\":[{\"@type\":\"SearchAction\",\"target\":{\"@type\":\"EntryPoint\",\"urlTemplate\":\"https:\/\/www.news33.tv\/?s={search_term_string}\"},\"query-input\":{\"@type\":\"PropertyValueSpecification\",\"valueRequired\":true,\"valueName\":\"search_term_string\"}}],\"inLanguage\":\"en-US\"},{\"@type\":\"Organization\",\"@id\":\"https:\/\/www.news33.tv\/#organization\",\"name\":\"News33.tv Media\",\"url\":\"https:\/\/www.news33.tv\/\",\"logo\":{\"@type\":\"ImageObject\",\"inLanguage\":\"en-US\",\"@id\":\"https:\/\/www.news33.tv\/#\/schema\/logo\/image\/\",\"url\":\"https:\/\/www.press7.tv\/wp-content\/uploads\/2024\/02\/logo-news33-black.png\",\"contentUrl\":\"https:\/\/www.press7.tv\/wp-content\/uploads\/2024\/02\/logo-news33-black.png\",\"width\":180,\"height\":37,\"caption\":\"News33.tv Media\"},\"image\":{\"@id\":\"https:\/\/www.news33.tv\/#\/schema\/logo\/image\/\"},\"sameAs\":[\"https:\/\/www.facebook.com\/press7.tv\"]},{\"@type\":\"Person\",\"@id\":\"https:\/\/www.news33.tv\/#\/schema\/person\/5a04a38a23ccdba82f9bd665cd8f9efa\",\"name\":\"gazetar2\",\"image\":{\"@type\":\"ImageObject\",\"inLanguage\":\"en-US\",\"@id\":\"https:\/\/www.news33.tv\/#\/schema\/person\/image\/\",\"url\":\"https:\/\/www.press7.tv\/wp-content\/litespeed\/avatar\/41975e402c3049d9ddb03adca8f7a883.jpg?ver=1777169572\",\"contentUrl\":\"https:\/\/www.press7.tv\/wp-content\/litespeed\/avatar\/41975e402c3049d9ddb03adca8f7a883.jpg?ver=1777169572\",\"caption\":\"gazetar2\"},\"url\":\"https:\/\/www.press7.tv\/?author=8\"}]}<\/script>\n<!-- \/ Yoast SEO plugin. -->","yoast_head_json":{"title":"Mosvotimi i Qeveris\u00eb \u201cKurti 3\u201d n\u00eb fokusin e mediave bot\u00ebrore - press7.tv","robots":{"index":"index","follow":"follow","max-snippet":"max-snippet:-1","max-image-preview":"max-image-preview:large","max-video-preview":"max-video-preview:-1"},"canonical":"https:\/\/www.press7.tv\/?p=23067","og_locale":"en_US","og_type":"article","og_title":"Mosvotimi i Qeveris\u00eb \u201cKurti 3\u201d n\u00eb fokusin e mediave bot\u00ebrore - press7.tv","og_description":"Mediat nd\u00ebrkomb\u00ebtare kan\u00eb raportuar gjer\u00ebsisht p\u00ebr d\u00ebshtimin e kryeministrit n\u00eb detyr\u00eb t\u00eb Kosov\u00ebs, Albin Kurti, p\u00ebr t\u00eb siguruar mb\u00ebshtetjen parlamentare p\u00ebr formimin e qeveris\u00eb s\u00eb re, duke theksuar se vendi po p\u00ebrballet me nj\u00eb tjet\u00ebr kriz\u00eb politike q\u00eb mund ta \u00e7oj\u00eb drejt zgjedhjeve t\u00eb parakohshme. Agjencia nd\u00ebrkomb\u00ebtare e lajmeve Reuters raportoi se parlamenti i Kosov\u00ebs [&hellip;]","og_url":"https:\/\/www.press7.tv\/?p=23067","og_site_name":"press7.tv","article_publisher":"https:\/\/www.facebook.com\/press7.tv","article_published_time":"2025-10-26T15:02:29+00:00","og_image":[{"width":877,"height":572,"url":"https:\/\/www.press7.tv\/wp-content\/uploads\/2025\/10\/IMG_0444.avif","type":"image\/webp"}],"author":"gazetar2","twitter_card":"summary_large_image","twitter_misc":{"Written by":"gazetar2","Est. reading time":"1 minute"},"schema":{"@context":"https:\/\/schema.org","@graph":[{"@type":"Article","@id":"https:\/\/www.press7.tv\/?p=23067#article","isPartOf":{"@id":"https:\/\/www.press7.tv\/?p=23067"},"author":{"name":"gazetar2","@id":"https:\/\/www.news33.tv\/#\/schema\/person\/5a04a38a23ccdba82f9bd665cd8f9efa"},"headline":"Mosvotimi i Qeveris\u00eb \u201cKurti 3\u201d n\u00eb fokusin e mediave bot\u00ebrore","datePublished":"2025-10-26T15:02:29+00:00","mainEntityOfPage":{"@id":"https:\/\/www.press7.tv\/?p=23067"},"wordCount":522,"publisher":{"@id":"https:\/\/www.news33.tv\/#organization"},"image":{"@id":"https:\/\/www.press7.tv\/?p=23067#primaryimage"},"thumbnailUrl":"https:\/\/www.press7.tv\/wp-content\/uploads\/2025\/10\/IMG_0444.avif","articleSection":["Kosov\u00eb","Lajme"],"inLanguage":"en-US"},{"@type":"WebPage","@id":"https:\/\/www.press7.tv\/?p=23067","url":"https:\/\/www.press7.tv\/?p=23067","name":"Mosvotimi i Qeveris\u00eb \u201cKurti 3\u201d n\u00eb fokusin e mediave bot\u00ebrore - press7.tv","isPartOf":{"@id":"https:\/\/www.news33.tv\/#website"},"primaryImageOfPage":{"@id":"https:\/\/www.press7.tv\/?p=23067#primaryimage"},"image":{"@id":"https:\/\/www.press7.tv\/?p=23067#primaryimage"},"thumbnailUrl":"https:\/\/www.press7.tv\/wp-content\/uploads\/2025\/10\/IMG_0444.avif","datePublished":"2025-10-26T15:02:29+00:00","breadcrumb":{"@id":"https:\/\/www.press7.tv\/?p=23067#breadcrumb"},"inLanguage":"en-US","potentialAction":[{"@type":"ReadAction","target":["https:\/\/www.press7.tv\/?p=23067"]}]},{"@type":"ImageObject","inLanguage":"en-US","@id":"https:\/\/www.press7.tv\/?p=23067#primaryimage","url":"https:\/\/www.press7.tv\/wp-content\/uploads\/2025\/10\/IMG_0444.avif","contentUrl":"https:\/\/www.press7.tv\/wp-content\/uploads\/2025\/10\/IMG_0444.avif","width":877,"height":572},{"@type":"BreadcrumbList","@id":"https:\/\/www.press7.tv\/?p=23067#breadcrumb","itemListElement":[{"@type":"ListItem","position":1,"name":"Home","item":"https:\/\/www.press7.tv\/"},{"@type":"ListItem","position":2,"name":"Mosvotimi i Qeveris\u00eb \u201cKurti 3\u201d n\u00eb fokusin e mediave bot\u00ebrore"}]},{"@type":"WebSite","@id":"https:\/\/www.news33.tv\/#website","url":"https:\/\/www.news33.tv\/","name":"News33.tv Media","description":"Media","publisher":{"@id":"https:\/\/www.news33.tv\/#organization"},"potentialAction":[{"@type":"SearchAction","target":{"@type":"EntryPoint","urlTemplate":"https:\/\/www.news33.tv\/?s={search_term_string}"},"query-input":{"@type":"PropertyValueSpecification","valueRequired":true,"valueName":"search_term_string"}}],"inLanguage":"en-US"},{"@type":"Organization","@id":"https:\/\/www.news33.tv\/#organization","name":"News33.tv Media","url":"https:\/\/www.news33.tv\/","logo":{"@type":"ImageObject","inLanguage":"en-US","@id":"https:\/\/www.news33.tv\/#\/schema\/logo\/image\/","url":"https:\/\/www.press7.tv\/wp-content\/uploads\/2024\/02\/logo-news33-black.png","contentUrl":"https:\/\/www.press7.tv\/wp-content\/uploads\/2024\/02\/logo-news33-black.png","width":180,"height":37,"caption":"News33.tv Media"},"image":{"@id":"https:\/\/www.news33.tv\/#\/schema\/logo\/image\/"},"sameAs":["https:\/\/www.facebook.com\/press7.tv"]},{"@type":"Person","@id":"https:\/\/www.news33.tv\/#\/schema\/person\/5a04a38a23ccdba82f9bd665cd8f9efa","name":"gazetar2","image":{"@type":"ImageObject","inLanguage":"en-US","@id":"https:\/\/www.news33.tv\/#\/schema\/person\/image\/","url":"https:\/\/www.press7.tv\/wp-content\/litespeed\/avatar\/41975e402c3049d9ddb03adca8f7a883.jpg?ver=1777169572","contentUrl":"https:\/\/www.press7.tv\/wp-content\/litespeed\/avatar\/41975e402c3049d9ddb03adca8f7a883.jpg?ver=1777169572","caption":"gazetar2"},"url":"https:\/\/www.press7.tv\/?author=8"}]}},"amp_enabled":true,"_links":{"self":[{"href":"https:\/\/www.press7.tv\/index.php?rest_route=\/wp\/v2\/posts\/23067","targetHints":{"allow":["GET"]}}],"collection":[{"href":"https:\/\/www.press7.tv\/index.php?rest_route=\/wp\/v2\/posts"}],"about":[{"href":"https:\/\/www.press7.tv\/index.php?rest_route=\/wp\/v2\/types\/post"}],"author":[{"embeddable":true,"href":"https:\/\/www.press7.tv\/index.php?rest_route=\/wp\/v2\/users\/8"}],"replies":[{"embeddable":true,"href":"https:\/\/www.press7.tv\/index.php?rest_route=%2Fwp%2Fv2%2Fcomments&post=23067"}],"version-history":[{"count":1,"href":"https:\/\/www.press7.tv\/index.php?rest_route=\/wp\/v2\/posts\/23067\/revisions"}],"predecessor-version":[{"id":23069,"href":"https:\/\/www.press7.tv\/index.php?rest_route=\/wp\/v2\/posts\/23067\/revisions\/23069"}],"wp:featuredmedia":[{"embeddable":true,"href":"https:\/\/www.press7.tv\/index.php?rest_route=\/wp\/v2\/media\/23068"}],"wp:attachment":[{"href":"https:\/\/www.press7.tv\/index.php?rest_route=%2Fwp%2Fv2%2Fmedia&parent=23067"}],"wp:term":[{"taxonomy":"category","embeddable":true,"href":"https:\/\/www.press7.tv\/index.php?rest_route=%2Fwp%2Fv2%2Fcategories&post=23067"},{"taxonomy":"post_tag","embeddable":true,"href":"https:\/\/www.press7.tv\/index.php?rest_route=%2Fwp%2Fv2%2Ftags&post=23067"}],"curies":[{"name":"wp","href":"https:\/\/api.w.org\/{rel}","templated":true}]}}