{"id":23064,"date":"2025-10-26T13:03:17","date_gmt":"2025-10-26T13:03:17","guid":{"rendered":"https:\/\/www.press7.tv\/?p=23064"},"modified":"2025-10-26T13:03:17","modified_gmt":"2025-10-26T13:03:17","slug":"kurti-nuk-siguron-votat-per-qeveri-kosova-drejt-zgjedhjeve-te-reja","status":"publish","type":"post","link":"https:\/\/www.press7.tv\/?p=23064","title":{"rendered":"Kurti nuk siguron votat p\u00ebr qeveri, Kosova drejt zgjedhjeve t\u00eb reja"},"content":{"rendered":"\n    <div class=\"xs_social_share_widget xs_share_url before_content \t\tmain_content  wslu-style-2 wslu-share-box-shaped wslu-fill-colored wslu-share-m-5 wslu-none wslu-share-vertical wslu-theme-font-no wslu-main_content\">\n\n\t\t\n        <ul>\n\t\t\t        <\/ul>\n    <\/div> \n<p>Kuvendi i Kosov\u00ebs nuk e ka zgjedhur Qeverin\u00eb e re. Propozimi p\u00ebr Kurti 3 mori vet\u00ebm 56 vota pro. 52 votuan kund\u00ebr e 4 abstenuan. <\/p>\n<p>Kryeparlamentari Dimal Basha ka th\u00ebn\u00eb se tash p\u00ebrgjegj\u00ebsia kalon te presidentja Vjosa Osmani. <\/p>\n<p>N\u00eb prezantim t\u00eb programit, mandatari Albin Kurti ka th\u00ebn\u00eb se nuk ka arritur marr\u00ebveshje me asnj\u00eb parti tjet\u00ebr p\u00ebr bashk\u00ebqeverisje. Ai ka k\u00ebrkuar vot\u00ebn nga partit\u00eb tjera p\u00ebr t\u00eb \u201cvazhduar qeverisjen e mir\u00eb\u201d. N\u00eb prezantim ai tregoi edhe emrat e 20 ministrave me t\u00eb cil\u00ebt synonte t\u00eb siguronte shumic\u00ebn.<\/p>\n<p>Tash presidentja Vjosa Osmani pritet t\u00eb mbledh\u00eb lider\u00ebt e partive dhe t\u00eb konstatohet n\u00ebse ka ndonj\u00eb shumic\u00eb, apo duhet t\u00eb shkohet n\u00eb zgjedhje.<\/p>\n<p>Kjo ishte hera e par\u00eb q\u00eb nj\u00eb mandatar p\u00ebr kryeminist\u00ebr d\u00ebshton n\u00eb votim. N\u00eb t\u00eb gjitha proceset e deritashme t\u00eb formimit t\u00eb qeveris\u00eb, q\u00eb nga viti 2001, mandatar\u00ebt jan\u00eb zgjedhur me shumic\u00eb votash me t\u00eb par\u00ebn n\u00eb propozim: Bajram Rexhepi n\u00eb 2002-n, Ramush Haradinaj n\u00eb 2004-n, Bajram Kosumi n\u00eb 2005-n, Agim \u00c7eku n\u00eb 2006-\u00ebn, Hashim Tha\u00e7i n\u00eb 2008-n dhe 2010-n, Isa Mustafa n\u00eb 2014-n, Ramush Haradinaj n\u00eb 2017-n, Albin Kurti n\u00eb 2020-n dhe 2021-n, si dhe Avdullah Hoti n\u00eb 2020-\u00ebn. Votimi p\u00ebr Hotin u kontestua, meq\u00eb rezultoi se nj\u00eb deputet nuk kishte t\u00eb drejt\u00eb t\u00eb zgjidhej, e p\u00ebr rrjedhoj\u00eb vota e tij q\u00eb ishte p\u00ebrcaktuese p\u00ebr zgjedhjen, u konsiderua jokushtetuese.<\/p>\n<p>Kushtetuta e Kosov\u00ebs p\u00ebrcakton q\u00eb n\u00ebse p\u00ebrb\u00ebrja e propozuar e Qeveris\u00eb s\u00eb re nuk e merr shumic\u00ebn e nevojshme t\u00eb deputet\u00ebve, presidenti i Kosov\u00ebs duhet t\u00eb em\u00ebroj\u00eb nj\u00eb mandatar t\u00eb dyt\u00eb p\u00ebr kryeminist\u00ebr brenda dhjet\u00eb dit\u00ebsh, i cili i ka gjasat m\u00eb t\u00eb mira p\u00ebr t\u00eb formuar Qeverin\u00eb.<\/p>\n<p>Pas d\u00ebshtimit, partit\u00eb opozitare kan\u00eb th\u00ebn\u00eb se nuk do ta b\u00ebjn\u00eb shumic\u00ebn dhe se vendi duhet t\u00eb b\u00ebhet gati p\u00ebr zgjedhje.<\/p>\n<p>E sipas Kushtetut\u00ebs, zgjedhjet duhet t\u00eb mbahen brenda 40 dit\u00ebve nga data e thirrjes.<\/p>\n<p>Deklaratat dhe t\u00eb gjitha zhvillimet i gjeni k\u00ebtu<\/p>\n","protected":false},"excerpt":{"rendered":"<p>Kuvendi i Kosov\u00ebs nuk e ka zgjedhur Qeverin\u00eb e re. Propozimi p\u00ebr Kurti 3 mori vet\u00ebm 56 vota pro. 52 votuan kund\u00ebr e 4 abstenuan. Kryeparlamentari Dimal Basha ka th\u00ebn\u00eb se tash p\u00ebrgjegj\u00ebsia kalon te presidentja Vjosa Osmani. N\u00eb prezantim t\u00eb programit, mandatari Albin Kurti ka th\u00ebn\u00eb se nuk ka arritur marr\u00ebveshje me asnj\u00eb parti [&hellip;]<\/p>\n","protected":false},"author":8,"featured_media":23065,"comment_status":"closed","ping_status":"closed","sticky":false,"template":"","format":"standard","meta":{"footnotes":""},"categories":[215,213],"tags":[],"class_list":["post-23064","post","type-post","status-publish","format-standard","has-post-thumbnail","hentry","category-kosove","category-lajme"],"yoast_head":"<!-- This site is optimized with the Yoast SEO plugin v25.1 - https:\/\/yoast.com\/wordpress\/plugins\/seo\/ -->\n<title>Kurti nuk siguron votat p\u00ebr qeveri, Kosova drejt zgjedhjeve t\u00eb reja - press7.tv<\/title>\n<meta name=\"robots\" content=\"index, follow, max-snippet:-1, max-image-preview:large, max-video-preview:-1\" \/>\n<link rel=\"canonical\" href=\"https:\/\/www.press7.tv\/?p=23064\" \/>\n<meta property=\"og:locale\" content=\"en_US\" \/>\n<meta property=\"og:type\" content=\"article\" \/>\n<meta property=\"og:title\" content=\"Kurti nuk siguron votat p\u00ebr qeveri, Kosova drejt zgjedhjeve t\u00eb reja - press7.tv\" \/>\n<meta property=\"og:description\" content=\"Kuvendi i Kosov\u00ebs nuk e ka zgjedhur Qeverin\u00eb e re. Propozimi p\u00ebr Kurti 3 mori vet\u00ebm 56 vota pro. 52 votuan kund\u00ebr e 4 abstenuan. Kryeparlamentari Dimal Basha ka th\u00ebn\u00eb se tash p\u00ebrgjegj\u00ebsia kalon te presidentja Vjosa Osmani. N\u00eb prezantim t\u00eb programit, mandatari Albin Kurti ka th\u00ebn\u00eb se nuk ka arritur marr\u00ebveshje me asnj\u00eb parti [&hellip;]\" \/>\n<meta property=\"og:url\" content=\"https:\/\/www.press7.tv\/?p=23064\" \/>\n<meta property=\"og:site_name\" content=\"press7.tv\" \/>\n<meta property=\"article:publisher\" content=\"https:\/\/www.facebook.com\/press7.tv\" \/>\n<meta property=\"article:published_time\" content=\"2025-10-26T13:03:17+00:00\" \/>\n<meta property=\"og:image\" content=\"https:\/\/www.press7.tv\/wp-content\/uploads\/2025\/10\/IMG_0442.avif\" \/>\n\t<meta property=\"og:image:width\" content=\"2048\" \/>\n\t<meta property=\"og:image:height\" content=\"1365\" \/>\n\t<meta property=\"og:image:type\" content=\"image\/jpeg\" \/>\n<meta name=\"author\" content=\"gazetar2\" \/>\n<meta name=\"twitter:card\" content=\"summary_large_image\" \/>\n<meta name=\"twitter:label1\" content=\"Written by\" \/>\n\t<meta name=\"twitter:data1\" content=\"gazetar2\" \/>\n\t<meta name=\"twitter:label2\" content=\"Est. reading time\" \/>\n\t<meta name=\"twitter:data2\" content=\"1 minute\" \/>\n<script type=\"application\/ld+json\" class=\"yoast-schema-graph\">{\"@context\":\"https:\/\/schema.org\",\"@graph\":[{\"@type\":\"Article\",\"@id\":\"https:\/\/www.press7.tv\/?p=23064#article\",\"isPartOf\":{\"@id\":\"https:\/\/www.press7.tv\/?p=23064\"},\"author\":{\"name\":\"gazetar2\",\"@id\":\"https:\/\/www.news33.tv\/#\/schema\/person\/5a04a38a23ccdba82f9bd665cd8f9efa\"},\"headline\":\"Kurti nuk siguron votat p\u00ebr qeveri, Kosova drejt zgjedhjeve t\u00eb reja\",\"datePublished\":\"2025-10-26T13:03:17+00:00\",\"mainEntityOfPage\":{\"@id\":\"https:\/\/www.press7.tv\/?p=23064\"},\"wordCount\":369,\"publisher\":{\"@id\":\"https:\/\/www.news33.tv\/#organization\"},\"image\":{\"@id\":\"https:\/\/www.press7.tv\/?p=23064#primaryimage\"},\"thumbnailUrl\":\"https:\/\/www.press7.tv\/wp-content\/uploads\/2025\/10\/IMG_0442.avif\",\"articleSection\":[\"Kosov\u00eb\",\"Lajme\"],\"inLanguage\":\"en-US\"},{\"@type\":\"WebPage\",\"@id\":\"https:\/\/www.press7.tv\/?p=23064\",\"url\":\"https:\/\/www.press7.tv\/?p=23064\",\"name\":\"Kurti nuk siguron votat p\u00ebr qeveri, Kosova drejt zgjedhjeve t\u00eb reja - press7.tv\",\"isPartOf\":{\"@id\":\"https:\/\/www.news33.tv\/#website\"},\"primaryImageOfPage\":{\"@id\":\"https:\/\/www.press7.tv\/?p=23064#primaryimage\"},\"image\":{\"@id\":\"https:\/\/www.press7.tv\/?p=23064#primaryimage\"},\"thumbnailUrl\":\"https:\/\/www.press7.tv\/wp-content\/uploads\/2025\/10\/IMG_0442.avif\",\"datePublished\":\"2025-10-26T13:03:17+00:00\",\"breadcrumb\":{\"@id\":\"https:\/\/www.press7.tv\/?p=23064#breadcrumb\"},\"inLanguage\":\"en-US\",\"potentialAction\":[{\"@type\":\"ReadAction\",\"target\":[\"https:\/\/www.press7.tv\/?p=23064\"]}]},{\"@type\":\"ImageObject\",\"inLanguage\":\"en-US\",\"@id\":\"https:\/\/www.press7.tv\/?p=23064#primaryimage\",\"url\":\"https:\/\/www.press7.tv\/wp-content\/uploads\/2025\/10\/IMG_0442.avif\",\"contentUrl\":\"https:\/\/www.press7.tv\/wp-content\/uploads\/2025\/10\/IMG_0442.avif\",\"width\":2048,\"height\":1365},{\"@type\":\"BreadcrumbList\",\"@id\":\"https:\/\/www.press7.tv\/?p=23064#breadcrumb\",\"itemListElement\":[{\"@type\":\"ListItem\",\"position\":1,\"name\":\"Home\",\"item\":\"https:\/\/www.press7.tv\/\"},{\"@type\":\"ListItem\",\"position\":2,\"name\":\"Kurti nuk siguron votat p\u00ebr qeveri, Kosova drejt zgjedhjeve t\u00eb reja\"}]},{\"@type\":\"WebSite\",\"@id\":\"https:\/\/www.news33.tv\/#website\",\"url\":\"https:\/\/www.news33.tv\/\",\"name\":\"News33.tv Media\",\"description\":\"Media\",\"publisher\":{\"@id\":\"https:\/\/www.news33.tv\/#organization\"},\"potentialAction\":[{\"@type\":\"SearchAction\",\"target\":{\"@type\":\"EntryPoint\",\"urlTemplate\":\"https:\/\/www.news33.tv\/?s={search_term_string}\"},\"query-input\":{\"@type\":\"PropertyValueSpecification\",\"valueRequired\":true,\"valueName\":\"search_term_string\"}}],\"inLanguage\":\"en-US\"},{\"@type\":\"Organization\",\"@id\":\"https:\/\/www.news33.tv\/#organization\",\"name\":\"News33.tv Media\",\"url\":\"https:\/\/www.news33.tv\/\",\"logo\":{\"@type\":\"ImageObject\",\"inLanguage\":\"en-US\",\"@id\":\"https:\/\/www.news33.tv\/#\/schema\/logo\/image\/\",\"url\":\"https:\/\/www.press7.tv\/wp-content\/uploads\/2024\/02\/logo-news33-black.png\",\"contentUrl\":\"https:\/\/www.press7.tv\/wp-content\/uploads\/2024\/02\/logo-news33-black.png\",\"width\":180,\"height\":37,\"caption\":\"News33.tv Media\"},\"image\":{\"@id\":\"https:\/\/www.news33.tv\/#\/schema\/logo\/image\/\"},\"sameAs\":[\"https:\/\/www.facebook.com\/press7.tv\"]},{\"@type\":\"Person\",\"@id\":\"https:\/\/www.news33.tv\/#\/schema\/person\/5a04a38a23ccdba82f9bd665cd8f9efa\",\"name\":\"gazetar2\",\"image\":{\"@type\":\"ImageObject\",\"inLanguage\":\"en-US\",\"@id\":\"https:\/\/www.news33.tv\/#\/schema\/person\/image\/\",\"url\":\"https:\/\/www.press7.tv\/wp-content\/litespeed\/avatar\/41975e402c3049d9ddb03adca8f7a883.jpg?ver=1777169572\",\"contentUrl\":\"https:\/\/www.press7.tv\/wp-content\/litespeed\/avatar\/41975e402c3049d9ddb03adca8f7a883.jpg?ver=1777169572\",\"caption\":\"gazetar2\"},\"url\":\"https:\/\/www.press7.tv\/?author=8\"}]}<\/script>\n<!-- \/ Yoast SEO plugin. -->","yoast_head_json":{"title":"Kurti nuk siguron votat p\u00ebr qeveri, Kosova drejt zgjedhjeve t\u00eb reja - press7.tv","robots":{"index":"index","follow":"follow","max-snippet":"max-snippet:-1","max-image-preview":"max-image-preview:large","max-video-preview":"max-video-preview:-1"},"canonical":"https:\/\/www.press7.tv\/?p=23064","og_locale":"en_US","og_type":"article","og_title":"Kurti nuk siguron votat p\u00ebr qeveri, Kosova drejt zgjedhjeve t\u00eb reja - press7.tv","og_description":"Kuvendi i Kosov\u00ebs nuk e ka zgjedhur Qeverin\u00eb e re. Propozimi p\u00ebr Kurti 3 mori vet\u00ebm 56 vota pro. 52 votuan kund\u00ebr e 4 abstenuan. Kryeparlamentari Dimal Basha ka th\u00ebn\u00eb se tash p\u00ebrgjegj\u00ebsia kalon te presidentja Vjosa Osmani. N\u00eb prezantim t\u00eb programit, mandatari Albin Kurti ka th\u00ebn\u00eb se nuk ka arritur marr\u00ebveshje me asnj\u00eb parti [&hellip;]","og_url":"https:\/\/www.press7.tv\/?p=23064","og_site_name":"press7.tv","article_publisher":"https:\/\/www.facebook.com\/press7.tv","article_published_time":"2025-10-26T13:03:17+00:00","og_image":[{"width":2048,"height":1365,"url":"https:\/\/www.press7.tv\/wp-content\/uploads\/2025\/10\/IMG_0442.avif","type":"image\/jpeg"}],"author":"gazetar2","twitter_card":"summary_large_image","twitter_misc":{"Written by":"gazetar2","Est. reading time":"1 minute"},"schema":{"@context":"https:\/\/schema.org","@graph":[{"@type":"Article","@id":"https:\/\/www.press7.tv\/?p=23064#article","isPartOf":{"@id":"https:\/\/www.press7.tv\/?p=23064"},"author":{"name":"gazetar2","@id":"https:\/\/www.news33.tv\/#\/schema\/person\/5a04a38a23ccdba82f9bd665cd8f9efa"},"headline":"Kurti nuk siguron votat p\u00ebr qeveri, Kosova drejt zgjedhjeve t\u00eb reja","datePublished":"2025-10-26T13:03:17+00:00","mainEntityOfPage":{"@id":"https:\/\/www.press7.tv\/?p=23064"},"wordCount":369,"publisher":{"@id":"https:\/\/www.news33.tv\/#organization"},"image":{"@id":"https:\/\/www.press7.tv\/?p=23064#primaryimage"},"thumbnailUrl":"https:\/\/www.press7.tv\/wp-content\/uploads\/2025\/10\/IMG_0442.avif","articleSection":["Kosov\u00eb","Lajme"],"inLanguage":"en-US"},{"@type":"WebPage","@id":"https:\/\/www.press7.tv\/?p=23064","url":"https:\/\/www.press7.tv\/?p=23064","name":"Kurti nuk siguron votat p\u00ebr qeveri, Kosova drejt zgjedhjeve t\u00eb reja - press7.tv","isPartOf":{"@id":"https:\/\/www.news33.tv\/#website"},"primaryImageOfPage":{"@id":"https:\/\/www.press7.tv\/?p=23064#primaryimage"},"image":{"@id":"https:\/\/www.press7.tv\/?p=23064#primaryimage"},"thumbnailUrl":"https:\/\/www.press7.tv\/wp-content\/uploads\/2025\/10\/IMG_0442.avif","datePublished":"2025-10-26T13:03:17+00:00","breadcrumb":{"@id":"https:\/\/www.press7.tv\/?p=23064#breadcrumb"},"inLanguage":"en-US","potentialAction":[{"@type":"ReadAction","target":["https:\/\/www.press7.tv\/?p=23064"]}]},{"@type":"ImageObject","inLanguage":"en-US","@id":"https:\/\/www.press7.tv\/?p=23064#primaryimage","url":"https:\/\/www.press7.tv\/wp-content\/uploads\/2025\/10\/IMG_0442.avif","contentUrl":"https:\/\/www.press7.tv\/wp-content\/uploads\/2025\/10\/IMG_0442.avif","width":2048,"height":1365},{"@type":"BreadcrumbList","@id":"https:\/\/www.press7.tv\/?p=23064#breadcrumb","itemListElement":[{"@type":"ListItem","position":1,"name":"Home","item":"https:\/\/www.press7.tv\/"},{"@type":"ListItem","position":2,"name":"Kurti nuk siguron votat p\u00ebr qeveri, Kosova drejt zgjedhjeve t\u00eb reja"}]},{"@type":"WebSite","@id":"https:\/\/www.news33.tv\/#website","url":"https:\/\/www.news33.tv\/","name":"News33.tv Media","description":"Media","publisher":{"@id":"https:\/\/www.news33.tv\/#organization"},"potentialAction":[{"@type":"SearchAction","target":{"@type":"EntryPoint","urlTemplate":"https:\/\/www.news33.tv\/?s={search_term_string}"},"query-input":{"@type":"PropertyValueSpecification","valueRequired":true,"valueName":"search_term_string"}}],"inLanguage":"en-US"},{"@type":"Organization","@id":"https:\/\/www.news33.tv\/#organization","name":"News33.tv Media","url":"https:\/\/www.news33.tv\/","logo":{"@type":"ImageObject","inLanguage":"en-US","@id":"https:\/\/www.news33.tv\/#\/schema\/logo\/image\/","url":"https:\/\/www.press7.tv\/wp-content\/uploads\/2024\/02\/logo-news33-black.png","contentUrl":"https:\/\/www.press7.tv\/wp-content\/uploads\/2024\/02\/logo-news33-black.png","width":180,"height":37,"caption":"News33.tv Media"},"image":{"@id":"https:\/\/www.news33.tv\/#\/schema\/logo\/image\/"},"sameAs":["https:\/\/www.facebook.com\/press7.tv"]},{"@type":"Person","@id":"https:\/\/www.news33.tv\/#\/schema\/person\/5a04a38a23ccdba82f9bd665cd8f9efa","name":"gazetar2","image":{"@type":"ImageObject","inLanguage":"en-US","@id":"https:\/\/www.news33.tv\/#\/schema\/person\/image\/","url":"https:\/\/www.press7.tv\/wp-content\/litespeed\/avatar\/41975e402c3049d9ddb03adca8f7a883.jpg?ver=1777169572","contentUrl":"https:\/\/www.press7.tv\/wp-content\/litespeed\/avatar\/41975e402c3049d9ddb03adca8f7a883.jpg?ver=1777169572","caption":"gazetar2"},"url":"https:\/\/www.press7.tv\/?author=8"}]}},"amp_enabled":true,"_links":{"self":[{"href":"https:\/\/www.press7.tv\/index.php?rest_route=\/wp\/v2\/posts\/23064","targetHints":{"allow":["GET"]}}],"collection":[{"href":"https:\/\/www.press7.tv\/index.php?rest_route=\/wp\/v2\/posts"}],"about":[{"href":"https:\/\/www.press7.tv\/index.php?rest_route=\/wp\/v2\/types\/post"}],"author":[{"embeddable":true,"href":"https:\/\/www.press7.tv\/index.php?rest_route=\/wp\/v2\/users\/8"}],"replies":[{"embeddable":true,"href":"https:\/\/www.press7.tv\/index.php?rest_route=%2Fwp%2Fv2%2Fcomments&post=23064"}],"version-history":[{"count":1,"href":"https:\/\/www.press7.tv\/index.php?rest_route=\/wp\/v2\/posts\/23064\/revisions"}],"predecessor-version":[{"id":23066,"href":"https:\/\/www.press7.tv\/index.php?rest_route=\/wp\/v2\/posts\/23064\/revisions\/23066"}],"wp:featuredmedia":[{"embeddable":true,"href":"https:\/\/www.press7.tv\/index.php?rest_route=\/wp\/v2\/media\/23065"}],"wp:attachment":[{"href":"https:\/\/www.press7.tv\/index.php?rest_route=%2Fwp%2Fv2%2Fmedia&parent=23064"}],"wp:term":[{"taxonomy":"category","embeddable":true,"href":"https:\/\/www.press7.tv\/index.php?rest_route=%2Fwp%2Fv2%2Fcategories&post=23064"},{"taxonomy":"post_tag","embeddable":true,"href":"https:\/\/www.press7.tv\/index.php?rest_route=%2Fwp%2Fv2%2Ftags&post=23064"}],"curies":[{"name":"wp","href":"https:\/\/api.w.org\/{rel}","templated":true}]}}