{"id":23060,"date":"2025-10-26T12:29:33","date_gmt":"2025-10-26T12:29:33","guid":{"rendered":"https:\/\/www.press7.tv\/?p=23060"},"modified":"2025-10-26T12:29:33","modified_gmt":"2025-10-26T12:29:33","slug":"murati-ne-te-kaluaren-ishte-e-mundshme-te-kete-bashkepunim-permes-terminaleve-e-pozitave-ne-ambasada","status":"publish","type":"post","link":"https:\/\/www.press7.tv\/?p=23060","title":{"rendered":"Murati: N\u00eb t\u00eb kaluar\u00ebn ishte e mundshme t\u00eb ket\u00eb bashk\u00ebpunim p\u00ebrmes terminaleve e pozitave n\u00eb ambasada"},"content":{"rendered":"\n    <div class=\"xs_social_share_widget xs_share_url before_content \t\tmain_content  wslu-style-2 wslu-share-box-shaped wslu-fill-colored wslu-share-m-5 wslu-none wslu-share-vertical wslu-theme-font-no wslu-main_content\">\n\n\t\t\n        <ul>\n\t\t\t        <\/ul>\n    <\/div> \n<p>Ministri n\u00eb detyr\u00eb i Financave, Hekuran Murati, pas d\u00ebshtimit q\u00eb Qeveria Kurti 3 t\u2019i sigurojn\u00eb numrat e mjaftuesh\u00ebm, deklaroi se interesi shtet\u00ebror sot mori pozit\u00ebn e dyt\u00eb. <\/p>\n<p>Sipas Muratit, n\u00eb t\u00eb kaluar\u00ebn ka qen\u00eb m\u00eb e mundur t\u00eb ket\u00eb bashk\u00ebpunim, duke akuzuar se koalicionet jan\u00eb lidhur p\u00ebrmes terminale e pozitave n\u00eb ambasada.<\/p>\n<p>\u201cOpozita \u00ebsht\u00eb ajo q\u00eb na ka zvarritur tash e sa muaj. Ky \u00ebsht\u00eb nj\u00eb paradoks n\u00eb vetvete. \u00cbsht\u00eb tragjike p\u00ebr demokracin\u00eb e nj\u00eb vendi. Kemi nj\u00eb situat\u00eb ku modeli i bashk\u00ebpunimit q\u00eb kemi ofruar ne \u00ebsht\u00eb refuzuar. Ndoshta n\u00eb t\u00eb kaluar\u00ebn ka qen\u00eb m\u00eb e leht\u00eb q\u00eb t\u00eb gjendet bashk\u00ebpunim p\u00ebrmes terminaleve doganore, p\u00ebrmes pozitave n\u00eb ambasada t\u00eb caktuara dhe p\u00ebrmes edhe ryshfeteve e korrupsioneve t\u00eb tilla t\u00eb ngjashme\u201d, deklaroi Murati.<\/p>\n<p>Tutje Murati tha se kan\u00eb ofruar edhe Qeveri pa List\u00ebn Serbe, parti t\u00eb cil\u00ebn partit\u00eb e tjera e prisnin deri n\u00eb or\u00ebt e vona t\u2019ia votonin Qeverin\u00eb me instruksione t\u00eb Beogradit.<\/p>\n<p>Kemi ofruar Qeveri pa List\u00ebn Serbe n\u00eb t\u00eb. Qeveri q\u00eb nuk e pret List\u00ebn Serbe me or\u00eb t\u00eb t\u00ebra derisa t\u00eb vije nga Beogradi me instruksione q\u00eb ka marr\u00eb nga atje si ta sabotoj Republik\u00ebn e Kosov\u00ebs. Kemi ofruar marr\u00ebveshje q\u00eb nuk parasheh q\u00eb n\u00eb tre kat\u00ebr muajt e par\u00eb t\u00eb formohet Asociacioni i Komunave me Shumic\u00eb Serbe\u201d, deklaroi Murati.<\/p>\n<p>Murati tutje ka folur edhe p\u00ebr propozimin e Albin Kurtit q\u00eb Dimal Basha t\u00eb jet\u00eb Minist\u00ebr i Infrastruktur\u00ebs. Ai tha se \u201cDimal Basha ka qen\u00eb prej fillimit i p\u00ebrcaktuar si minist\u00ebr por si\u00e7 e dini kemi qen\u00eb t\u00eb kusht\u00ebzuar nga opozita ta propozojm\u00eb p\u00ebr kryetar kuvendi dik\u00eb q\u00eb s\u2019ka qen\u00eb minist\u00ebr n\u00eb Qeverin\u00eb Kurti 2\u201d.<\/p>\n<p><a href=\"https:\/\/youtu.be\/n39iZuiV-Ho?si=CckPQBurhGSznFEt\">https:\/\/youtu.be\/n39iZuiV-Ho?si=CckPQBurhGSznFEt<\/a><\/p>\n","protected":false},"excerpt":{"rendered":"<p>Ministri n\u00eb detyr\u00eb i Financave, Hekuran Murati, pas d\u00ebshtimit q\u00eb Qeveria Kurti 3 t\u2019i sigurojn\u00eb numrat e mjaftuesh\u00ebm, deklaroi se interesi shtet\u00ebror sot mori pozit\u00ebn e dyt\u00eb. Sipas Muratit, n\u00eb t\u00eb kaluar\u00ebn ka qen\u00eb m\u00eb e mundur t\u00eb ket\u00eb bashk\u00ebpunim, duke akuzuar se koalicionet jan\u00eb lidhur p\u00ebrmes terminale e pozitave n\u00eb ambasada. \u201cOpozita \u00ebsht\u00eb ajo [&hellip;]<\/p>\n","protected":false},"author":8,"featured_media":23061,"comment_status":"closed","ping_status":"closed","sticky":false,"template":"","format":"standard","meta":{"footnotes":""},"categories":[215,213],"tags":[],"class_list":["post-23060","post","type-post","status-publish","format-standard","has-post-thumbnail","hentry","category-kosove","category-lajme"],"yoast_head":"<!-- This site is optimized with the Yoast SEO plugin v25.1 - https:\/\/yoast.com\/wordpress\/plugins\/seo\/ -->\n<title>Murati: N\u00eb t\u00eb kaluar\u00ebn ishte e mundshme t\u00eb ket\u00eb bashk\u00ebpunim p\u00ebrmes terminaleve e pozitave n\u00eb ambasada - press7.tv<\/title>\n<meta name=\"robots\" content=\"index, follow, max-snippet:-1, max-image-preview:large, max-video-preview:-1\" \/>\n<link rel=\"canonical\" href=\"https:\/\/www.press7.tv\/?p=23060\" \/>\n<meta property=\"og:locale\" content=\"en_US\" \/>\n<meta property=\"og:type\" content=\"article\" \/>\n<meta property=\"og:title\" content=\"Murati: N\u00eb t\u00eb kaluar\u00ebn ishte e mundshme t\u00eb ket\u00eb bashk\u00ebpunim p\u00ebrmes terminaleve e pozitave n\u00eb ambasada - press7.tv\" \/>\n<meta property=\"og:description\" content=\"Ministri n\u00eb detyr\u00eb i Financave, Hekuran Murati, pas d\u00ebshtimit q\u00eb Qeveria Kurti 3 t\u2019i sigurojn\u00eb numrat e mjaftuesh\u00ebm, deklaroi se interesi shtet\u00ebror sot mori pozit\u00ebn e dyt\u00eb. Sipas Muratit, n\u00eb t\u00eb kaluar\u00ebn ka qen\u00eb m\u00eb e mundur t\u00eb ket\u00eb bashk\u00ebpunim, duke akuzuar se koalicionet jan\u00eb lidhur p\u00ebrmes terminale e pozitave n\u00eb ambasada. \u201cOpozita \u00ebsht\u00eb ajo [&hellip;]\" \/>\n<meta property=\"og:url\" content=\"https:\/\/www.press7.tv\/?p=23060\" \/>\n<meta property=\"og:site_name\" content=\"press7.tv\" \/>\n<meta property=\"article:publisher\" content=\"https:\/\/www.facebook.com\/press7.tv\" \/>\n<meta property=\"article:published_time\" content=\"2025-10-26T12:29:33+00:00\" \/>\n<meta property=\"og:image\" content=\"https:\/\/www.press7.tv\/wp-content\/uploads\/2025\/10\/IMG_0437.avif\" \/>\n\t<meta property=\"og:image:width\" content=\"1360\" \/>\n\t<meta property=\"og:image:height\" content=\"870\" \/>\n\t<meta property=\"og:image:type\" content=\"image\/webp\" \/>\n<meta name=\"author\" content=\"gazetar2\" \/>\n<meta name=\"twitter:card\" content=\"summary_large_image\" \/>\n<meta name=\"twitter:label1\" content=\"Written by\" \/>\n\t<meta name=\"twitter:data1\" content=\"gazetar2\" \/>\n\t<meta name=\"twitter:label2\" content=\"Est. reading time\" \/>\n\t<meta name=\"twitter:data2\" content=\"1 minute\" \/>\n<script type=\"application\/ld+json\" class=\"yoast-schema-graph\">{\"@context\":\"https:\/\/schema.org\",\"@graph\":[{\"@type\":\"Article\",\"@id\":\"https:\/\/www.press7.tv\/?p=23060#article\",\"isPartOf\":{\"@id\":\"https:\/\/www.press7.tv\/?p=23060\"},\"author\":{\"name\":\"gazetar2\",\"@id\":\"https:\/\/www.news33.tv\/#\/schema\/person\/5a04a38a23ccdba82f9bd665cd8f9efa\"},\"headline\":\"Murati: N\u00eb t\u00eb kaluar\u00ebn ishte e mundshme t\u00eb ket\u00eb bashk\u00ebpunim p\u00ebrmes terminaleve e pozitave n\u00eb ambasada\",\"datePublished\":\"2025-10-26T12:29:33+00:00\",\"mainEntityOfPage\":{\"@id\":\"https:\/\/www.press7.tv\/?p=23060\"},\"wordCount\":328,\"publisher\":{\"@id\":\"https:\/\/www.news33.tv\/#organization\"},\"image\":{\"@id\":\"https:\/\/www.press7.tv\/?p=23060#primaryimage\"},\"thumbnailUrl\":\"https:\/\/www.press7.tv\/wp-content\/uploads\/2025\/10\/IMG_0437.avif\",\"articleSection\":[\"Kosov\u00eb\",\"Lajme\"],\"inLanguage\":\"en-US\"},{\"@type\":\"WebPage\",\"@id\":\"https:\/\/www.press7.tv\/?p=23060\",\"url\":\"https:\/\/www.press7.tv\/?p=23060\",\"name\":\"Murati: N\u00eb t\u00eb kaluar\u00ebn ishte e mundshme t\u00eb ket\u00eb bashk\u00ebpunim p\u00ebrmes terminaleve e pozitave n\u00eb ambasada - press7.tv\",\"isPartOf\":{\"@id\":\"https:\/\/www.news33.tv\/#website\"},\"primaryImageOfPage\":{\"@id\":\"https:\/\/www.press7.tv\/?p=23060#primaryimage\"},\"image\":{\"@id\":\"https:\/\/www.press7.tv\/?p=23060#primaryimage\"},\"thumbnailUrl\":\"https:\/\/www.press7.tv\/wp-content\/uploads\/2025\/10\/IMG_0437.avif\",\"datePublished\":\"2025-10-26T12:29:33+00:00\",\"breadcrumb\":{\"@id\":\"https:\/\/www.press7.tv\/?p=23060#breadcrumb\"},\"inLanguage\":\"en-US\",\"potentialAction\":[{\"@type\":\"ReadAction\",\"target\":[\"https:\/\/www.press7.tv\/?p=23060\"]}]},{\"@type\":\"ImageObject\",\"inLanguage\":\"en-US\",\"@id\":\"https:\/\/www.press7.tv\/?p=23060#primaryimage\",\"url\":\"https:\/\/www.press7.tv\/wp-content\/uploads\/2025\/10\/IMG_0437.avif\",\"contentUrl\":\"https:\/\/www.press7.tv\/wp-content\/uploads\/2025\/10\/IMG_0437.avif\",\"width\":1360,\"height\":870},{\"@type\":\"BreadcrumbList\",\"@id\":\"https:\/\/www.press7.tv\/?p=23060#breadcrumb\",\"itemListElement\":[{\"@type\":\"ListItem\",\"position\":1,\"name\":\"Home\",\"item\":\"https:\/\/www.press7.tv\/\"},{\"@type\":\"ListItem\",\"position\":2,\"name\":\"Murati: N\u00eb t\u00eb kaluar\u00ebn ishte e mundshme t\u00eb ket\u00eb bashk\u00ebpunim p\u00ebrmes terminaleve e pozitave n\u00eb ambasada\"}]},{\"@type\":\"WebSite\",\"@id\":\"https:\/\/www.news33.tv\/#website\",\"url\":\"https:\/\/www.news33.tv\/\",\"name\":\"News33.tv Media\",\"description\":\"Media\",\"publisher\":{\"@id\":\"https:\/\/www.news33.tv\/#organization\"},\"potentialAction\":[{\"@type\":\"SearchAction\",\"target\":{\"@type\":\"EntryPoint\",\"urlTemplate\":\"https:\/\/www.news33.tv\/?s={search_term_string}\"},\"query-input\":{\"@type\":\"PropertyValueSpecification\",\"valueRequired\":true,\"valueName\":\"search_term_string\"}}],\"inLanguage\":\"en-US\"},{\"@type\":\"Organization\",\"@id\":\"https:\/\/www.news33.tv\/#organization\",\"name\":\"News33.tv Media\",\"url\":\"https:\/\/www.news33.tv\/\",\"logo\":{\"@type\":\"ImageObject\",\"inLanguage\":\"en-US\",\"@id\":\"https:\/\/www.news33.tv\/#\/schema\/logo\/image\/\",\"url\":\"https:\/\/www.press7.tv\/wp-content\/uploads\/2024\/02\/logo-news33-black.png\",\"contentUrl\":\"https:\/\/www.press7.tv\/wp-content\/uploads\/2024\/02\/logo-news33-black.png\",\"width\":180,\"height\":37,\"caption\":\"News33.tv Media\"},\"image\":{\"@id\":\"https:\/\/www.news33.tv\/#\/schema\/logo\/image\/\"},\"sameAs\":[\"https:\/\/www.facebook.com\/press7.tv\"]},{\"@type\":\"Person\",\"@id\":\"https:\/\/www.news33.tv\/#\/schema\/person\/5a04a38a23ccdba82f9bd665cd8f9efa\",\"name\":\"gazetar2\",\"image\":{\"@type\":\"ImageObject\",\"inLanguage\":\"en-US\",\"@id\":\"https:\/\/www.news33.tv\/#\/schema\/person\/image\/\",\"url\":\"https:\/\/www.press7.tv\/wp-content\/litespeed\/avatar\/41975e402c3049d9ddb03adca8f7a883.jpg?ver=1777169572\",\"contentUrl\":\"https:\/\/www.press7.tv\/wp-content\/litespeed\/avatar\/41975e402c3049d9ddb03adca8f7a883.jpg?ver=1777169572\",\"caption\":\"gazetar2\"},\"url\":\"https:\/\/www.press7.tv\/?author=8\"}]}<\/script>\n<!-- \/ Yoast SEO plugin. -->","yoast_head_json":{"title":"Murati: N\u00eb t\u00eb kaluar\u00ebn ishte e mundshme t\u00eb ket\u00eb bashk\u00ebpunim p\u00ebrmes terminaleve e pozitave n\u00eb ambasada - press7.tv","robots":{"index":"index","follow":"follow","max-snippet":"max-snippet:-1","max-image-preview":"max-image-preview:large","max-video-preview":"max-video-preview:-1"},"canonical":"https:\/\/www.press7.tv\/?p=23060","og_locale":"en_US","og_type":"article","og_title":"Murati: N\u00eb t\u00eb kaluar\u00ebn ishte e mundshme t\u00eb ket\u00eb bashk\u00ebpunim p\u00ebrmes terminaleve e pozitave n\u00eb ambasada - press7.tv","og_description":"Ministri n\u00eb detyr\u00eb i Financave, Hekuran Murati, pas d\u00ebshtimit q\u00eb Qeveria Kurti 3 t\u2019i sigurojn\u00eb numrat e mjaftuesh\u00ebm, deklaroi se interesi shtet\u00ebror sot mori pozit\u00ebn e dyt\u00eb. Sipas Muratit, n\u00eb t\u00eb kaluar\u00ebn ka qen\u00eb m\u00eb e mundur t\u00eb ket\u00eb bashk\u00ebpunim, duke akuzuar se koalicionet jan\u00eb lidhur p\u00ebrmes terminale e pozitave n\u00eb ambasada. \u201cOpozita \u00ebsht\u00eb ajo [&hellip;]","og_url":"https:\/\/www.press7.tv\/?p=23060","og_site_name":"press7.tv","article_publisher":"https:\/\/www.facebook.com\/press7.tv","article_published_time":"2025-10-26T12:29:33+00:00","og_image":[{"width":1360,"height":870,"url":"https:\/\/www.press7.tv\/wp-content\/uploads\/2025\/10\/IMG_0437.avif","type":"image\/webp"}],"author":"gazetar2","twitter_card":"summary_large_image","twitter_misc":{"Written by":"gazetar2","Est. reading time":"1 minute"},"schema":{"@context":"https:\/\/schema.org","@graph":[{"@type":"Article","@id":"https:\/\/www.press7.tv\/?p=23060#article","isPartOf":{"@id":"https:\/\/www.press7.tv\/?p=23060"},"author":{"name":"gazetar2","@id":"https:\/\/www.news33.tv\/#\/schema\/person\/5a04a38a23ccdba82f9bd665cd8f9efa"},"headline":"Murati: N\u00eb t\u00eb kaluar\u00ebn ishte e mundshme t\u00eb ket\u00eb bashk\u00ebpunim p\u00ebrmes terminaleve e pozitave n\u00eb ambasada","datePublished":"2025-10-26T12:29:33+00:00","mainEntityOfPage":{"@id":"https:\/\/www.press7.tv\/?p=23060"},"wordCount":328,"publisher":{"@id":"https:\/\/www.news33.tv\/#organization"},"image":{"@id":"https:\/\/www.press7.tv\/?p=23060#primaryimage"},"thumbnailUrl":"https:\/\/www.press7.tv\/wp-content\/uploads\/2025\/10\/IMG_0437.avif","articleSection":["Kosov\u00eb","Lajme"],"inLanguage":"en-US"},{"@type":"WebPage","@id":"https:\/\/www.press7.tv\/?p=23060","url":"https:\/\/www.press7.tv\/?p=23060","name":"Murati: N\u00eb t\u00eb kaluar\u00ebn ishte e mundshme t\u00eb ket\u00eb bashk\u00ebpunim p\u00ebrmes terminaleve e pozitave n\u00eb ambasada - press7.tv","isPartOf":{"@id":"https:\/\/www.news33.tv\/#website"},"primaryImageOfPage":{"@id":"https:\/\/www.press7.tv\/?p=23060#primaryimage"},"image":{"@id":"https:\/\/www.press7.tv\/?p=23060#primaryimage"},"thumbnailUrl":"https:\/\/www.press7.tv\/wp-content\/uploads\/2025\/10\/IMG_0437.avif","datePublished":"2025-10-26T12:29:33+00:00","breadcrumb":{"@id":"https:\/\/www.press7.tv\/?p=23060#breadcrumb"},"inLanguage":"en-US","potentialAction":[{"@type":"ReadAction","target":["https:\/\/www.press7.tv\/?p=23060"]}]},{"@type":"ImageObject","inLanguage":"en-US","@id":"https:\/\/www.press7.tv\/?p=23060#primaryimage","url":"https:\/\/www.press7.tv\/wp-content\/uploads\/2025\/10\/IMG_0437.avif","contentUrl":"https:\/\/www.press7.tv\/wp-content\/uploads\/2025\/10\/IMG_0437.avif","width":1360,"height":870},{"@type":"BreadcrumbList","@id":"https:\/\/www.press7.tv\/?p=23060#breadcrumb","itemListElement":[{"@type":"ListItem","position":1,"name":"Home","item":"https:\/\/www.press7.tv\/"},{"@type":"ListItem","position":2,"name":"Murati: N\u00eb t\u00eb kaluar\u00ebn ishte e mundshme t\u00eb ket\u00eb bashk\u00ebpunim p\u00ebrmes terminaleve e pozitave n\u00eb ambasada"}]},{"@type":"WebSite","@id":"https:\/\/www.news33.tv\/#website","url":"https:\/\/www.news33.tv\/","name":"News33.tv Media","description":"Media","publisher":{"@id":"https:\/\/www.news33.tv\/#organization"},"potentialAction":[{"@type":"SearchAction","target":{"@type":"EntryPoint","urlTemplate":"https:\/\/www.news33.tv\/?s={search_term_string}"},"query-input":{"@type":"PropertyValueSpecification","valueRequired":true,"valueName":"search_term_string"}}],"inLanguage":"en-US"},{"@type":"Organization","@id":"https:\/\/www.news33.tv\/#organization","name":"News33.tv Media","url":"https:\/\/www.news33.tv\/","logo":{"@type":"ImageObject","inLanguage":"en-US","@id":"https:\/\/www.news33.tv\/#\/schema\/logo\/image\/","url":"https:\/\/www.press7.tv\/wp-content\/uploads\/2024\/02\/logo-news33-black.png","contentUrl":"https:\/\/www.press7.tv\/wp-content\/uploads\/2024\/02\/logo-news33-black.png","width":180,"height":37,"caption":"News33.tv Media"},"image":{"@id":"https:\/\/www.news33.tv\/#\/schema\/logo\/image\/"},"sameAs":["https:\/\/www.facebook.com\/press7.tv"]},{"@type":"Person","@id":"https:\/\/www.news33.tv\/#\/schema\/person\/5a04a38a23ccdba82f9bd665cd8f9efa","name":"gazetar2","image":{"@type":"ImageObject","inLanguage":"en-US","@id":"https:\/\/www.news33.tv\/#\/schema\/person\/image\/","url":"https:\/\/www.press7.tv\/wp-content\/litespeed\/avatar\/41975e402c3049d9ddb03adca8f7a883.jpg?ver=1777169572","contentUrl":"https:\/\/www.press7.tv\/wp-content\/litespeed\/avatar\/41975e402c3049d9ddb03adca8f7a883.jpg?ver=1777169572","caption":"gazetar2"},"url":"https:\/\/www.press7.tv\/?author=8"}]}},"amp_enabled":true,"_links":{"self":[{"href":"https:\/\/www.press7.tv\/index.php?rest_route=\/wp\/v2\/posts\/23060","targetHints":{"allow":["GET"]}}],"collection":[{"href":"https:\/\/www.press7.tv\/index.php?rest_route=\/wp\/v2\/posts"}],"about":[{"href":"https:\/\/www.press7.tv\/index.php?rest_route=\/wp\/v2\/types\/post"}],"author":[{"embeddable":true,"href":"https:\/\/www.press7.tv\/index.php?rest_route=\/wp\/v2\/users\/8"}],"replies":[{"embeddable":true,"href":"https:\/\/www.press7.tv\/index.php?rest_route=%2Fwp%2Fv2%2Fcomments&post=23060"}],"version-history":[{"count":1,"href":"https:\/\/www.press7.tv\/index.php?rest_route=\/wp\/v2\/posts\/23060\/revisions"}],"predecessor-version":[{"id":23062,"href":"https:\/\/www.press7.tv\/index.php?rest_route=\/wp\/v2\/posts\/23060\/revisions\/23062"}],"wp:featuredmedia":[{"embeddable":true,"href":"https:\/\/www.press7.tv\/index.php?rest_route=\/wp\/v2\/media\/23061"}],"wp:attachment":[{"href":"https:\/\/www.press7.tv\/index.php?rest_route=%2Fwp%2Fv2%2Fmedia&parent=23060"}],"wp:term":[{"taxonomy":"category","embeddable":true,"href":"https:\/\/www.press7.tv\/index.php?rest_route=%2Fwp%2Fv2%2Fcategories&post=23060"},{"taxonomy":"post_tag","embeddable":true,"href":"https:\/\/www.press7.tv\/index.php?rest_route=%2Fwp%2Fv2%2Ftags&post=23060"}],"curies":[{"name":"wp","href":"https:\/\/api.w.org\/{rel}","templated":true}]}}