{"id":23043,"date":"2025-10-25T15:06:29","date_gmt":"2025-10-25T15:06:29","guid":{"rendered":"https:\/\/www.press7.tv\/?p=23043"},"modified":"2025-10-25T15:06:29","modified_gmt":"2025-10-25T15:06:29","slug":"mexhiti-dhe-qyra-me-porosi-dollogozhda-do-te-rreshtohet-me-fitimtaret-ne-struge","status":"publish","type":"post","link":"https:\/\/www.press7.tv\/?p=23043","title":{"rendered":"Mexhiti dhe Qyra me porosi: Dollogozhda do t\u00eb rreshtohet me fitimtar\u00ebt n\u00eb Strug\u00eb"},"content":{"rendered":"\n    <div class=\"xs_social_share_widget xs_share_url before_content \t\tmain_content  wslu-style-2 wslu-share-box-shaped wslu-fill-colored wslu-share-m-5 wslu-none wslu-share-vertical wslu-theme-font-no wslu-main_content\">\n\n\t\t\n        <ul>\n\t\t\t        <\/ul>\n    <\/div> \n<p>Mexhiti dhe Qyra me porosi: Dollogozhda do t\u00eb rreshtohet me fitimtar\u00ebt n\u00eb Strug\u00eb<\/p>\n<p>Z\u00ebvend\u00ebskryeministri i par\u00eb dhe nj\u00ebri nga lider\u00ebt e VLEN, Izet Mexhiti bashk\u00eb me kandidatin e VLEN p\u00ebr Strug\u00ebn, Mendi Qyra kan\u00eb q\u00ebndruar n\u00eb Dollogozhd\u00eb.<\/p>\n<p>&nbsp;<\/p>\n<p>&nbsp;<\/p>\n<p>N\u00eb takim me banor\u00ebt e k\u00ebsaj ane, Mexhiti tha se si qeveri me t\u00ebr\u00eb potencialin e saj i rrin\u00eb prapa \u00e7do projekti dhe platforme t\u00eb kandidatit t\u00eb tyre.<br \/>\nAi tha se edhe Dollogozhda do t\u00eb rreshtohet me fitimtar\u00ebt n\u00eb nivel t\u00eb Strug\u00ebs dhe vendit.<br \/>\n\u201cShkupi me rrethin\u00eb dhe Tetova me rrethin\u00eb n\u00eb m\u00ebnyr\u00eb plebishitare kan\u00eb votuar p\u00ebr VLEN. Dhe na duhet nj\u00eb kryetar komune q\u00eb nuk do t\u00eb jet\u00eb p\u00ebr agjenda partiake, por nj\u00eb kryetar i p\u00ebrkushtuar si Mendi Qyra p\u00ebr ta b\u00ebr\u00eb Strug\u00ebn m\u00eb t\u00eb mir\u00eb dhe m\u00eb t\u00eb jetueshme\u201d, tha Mexhiti, kryetar i ri i \u00c7airit, duke shtuar se m\u00eb tep\u00ebr Strug\u00ebs i duhet Mendi Qyra se sa Strug\u00ebs, Mendiu.<\/p>\n<p>Nga ana tjet\u00ebr, kandidati p\u00ebr Strug\u00ebn, Qyra tha se bashk\u00eb me Mexhitin riafirmuan nj\u00eb t\u00eb v\u00ebrtet\u00eb t\u00eb thjesht\u00eb: Struga nuk ka nevoj\u00eb p\u00ebr kryetar me agjenda partiake apo fjal\u00eb p\u00ebr \u201cpolitika t\u00eb m\u00ebdha\u201d.<\/p>\n<p>\u201cStruga ka nevoj\u00eb p\u00ebr zgjidhje konkrete dhe p\u00ebr projekte q\u00eb prekin p\u00ebrditshm\u00ebrin\u00eb e qytetar\u00ebve.<br \/>\nSi kryetar i ardhsh\u00ebm, jam i vendosur t\u00eb punoj me p\u00ebrkushtim p\u00ebr \u00e7do lagje, \u00e7do fshat dhe \u00e7do familje. Mb\u00ebshtetja e Qeveris\u00eb \u00ebsht\u00eb garanci q\u00eb projektet tona do t\u00eb realizohen m\u00eb shpejt dhe m\u00eb leht\u00eb\u201d, ka th\u00ebn\u00eb Qyra.<br \/>\n<a class=\"td-modal-image\" href=\"https:\/\/strugaekspres.com\/wp-content\/uploads\/2025\/10\/IMG-20251025-WA0000.jpg\"><img fetchpriority=\"high\" decoding=\"async\" class=\"alignnone size-medium wp-image-158442 td-animation-stack-type0-2\" src=\"https:\/\/strugaekspres.com\/wp-content\/uploads\/2025\/10\/IMG-20251025-WA0000-300x199.jpg\" sizes=\"(max-width: 300px) 100vw, 300px\" srcset=\"https:\/\/strugaekspres.com\/wp-content\/uploads\/2025\/10\/IMG-20251025-WA0000-300x199.jpg 300w, https:\/\/strugaekspres.com\/wp-content\/uploads\/2025\/10\/IMG-20251025-WA0000-1024x681.jpg 1024w, https:\/\/strugaekspres.com\/wp-content\/uploads\/2025\/10\/IMG-20251025-WA0000-768x511.jpg 768w, https:\/\/strugaekspres.com\/wp-content\/uploads\/2025\/10\/IMG-20251025-WA0000-632x420.jpg 632w, https:\/\/strugaekspres.com\/wp-content\/uploads\/2025\/10\/IMG-20251025-WA0000-150x100.jpg 150w, https:\/\/strugaekspres.com\/wp-content\/uploads\/2025\/10\/IMG-20251025-WA0000-696x463.jpg 696w, https:\/\/strugaekspres.com\/wp-content\/uploads\/2025\/10\/IMG-20251025-WA0000-1068x710.jpg 1068w, https:\/\/strugaekspres.com\/wp-content\/uploads\/2025\/10\/IMG-20251025-WA0000.jpg 1280w\" alt=\"\" width=\"300\" height=\"199\" \/><\/a><\/p>\n<p><a class=\"td-modal-image\" href=\"https:\/\/strugaekspres.com\/wp-content\/uploads\/2025\/10\/IMG-20251025-WA0001.jpg\"><img decoding=\"async\" class=\"alignnone size-medium wp-image-158443 td-animation-stack-type0-2\" src=\"https:\/\/strugaekspres.com\/wp-content\/uploads\/2025\/10\/IMG-20251025-WA0001-300x200.jpg\" sizes=\"(max-width: 300px) 100vw, 300px\" srcset=\"https:\/\/strugaekspres.com\/wp-content\/uploads\/2025\/10\/IMG-20251025-WA0001-300x200.jpg 300w, https:\/\/strugaekspres.com\/wp-content\/uploads\/2025\/10\/IMG-20251025-WA0001-1024x682.jpg 1024w, https:\/\/strugaekspres.com\/wp-content\/uploads\/2025\/10\/IMG-20251025-WA0001-768x511.jpg 768w, https:\/\/strugaekspres.com\/wp-content\/uploads\/2025\/10\/IMG-20251025-WA0001-631x420.jpg 631w, https:\/\/strugaekspres.com\/wp-content\/uploads\/2025\/10\/IMG-20251025-WA0001-150x100.jpg 150w, https:\/\/strugaekspres.com\/wp-content\/uploads\/2025\/10\/IMG-20251025-WA0001-696x463.jpg 696w, https:\/\/strugaekspres.com\/wp-content\/uploads\/2025\/10\/IMG-20251025-WA0001-1068x711.jpg 1068w, https:\/\/strugaekspres.com\/wp-content\/uploads\/2025\/10\/IMG-20251025-WA0001.jpg 1280w\" alt=\"\" width=\"300\" height=\"200\" \/><\/a><\/p>\n<p><a class=\"td-modal-image\" href=\"https:\/\/strugaekspres.com\/wp-content\/uploads\/2025\/10\/IMG-20251025-WA0002.jpg\"><img decoding=\"async\" class=\"alignnone size-medium wp-image-158444 td-animation-stack-type0-2\" src=\"https:\/\/strugaekspres.com\/wp-content\/uploads\/2025\/10\/IMG-20251025-WA0002-300x200.jpg\" sizes=\"(max-width: 300px) 100vw, 300px\" srcset=\"https:\/\/strugaekspres.com\/wp-content\/uploads\/2025\/10\/IMG-20251025-WA0002-300x200.jpg 300w, https:\/\/strugaekspres.com\/wp-content\/uploads\/2025\/10\/IMG-20251025-WA0002-1024x682.jpg 1024w, https:\/\/strugaekspres.com\/wp-content\/uploads\/2025\/10\/IMG-20251025-WA0002-768x511.jpg 768w, https:\/\/strugaekspres.com\/wp-content\/uploads\/2025\/10\/IMG-20251025-WA0002-631x420.jpg 631w, https:\/\/strugaekspres.com\/wp-content\/uploads\/2025\/10\/IMG-20251025-WA0002-150x100.jpg 150w, https:\/\/strugaekspres.com\/wp-content\/uploads\/2025\/10\/IMG-20251025-WA0002-696x463.jpg 696w, https:\/\/strugaekspres.com\/wp-content\/uploads\/2025\/10\/IMG-20251025-WA0002-1068x711.jpg 1068w, https:\/\/strugaekspres.com\/wp-content\/uploads\/2025\/10\/IMG-20251025-WA0002.jpg 1280w\" alt=\"\" width=\"300\" height=\"200\" \/><\/a><\/p>\n<p><a class=\"td-modal-image\" href=\"https:\/\/strugaekspres.com\/wp-content\/uploads\/2025\/10\/IMG-20251025-WA0003.jpg\"><img loading=\"lazy\" decoding=\"async\" class=\"alignnone size-medium wp-image-158445 td-animation-stack-type0-2\" src=\"https:\/\/strugaekspres.com\/wp-content\/uploads\/2025\/10\/IMG-20251025-WA0003-300x200.jpg\" sizes=\"auto, (max-width: 300px) 100vw, 300px\" srcset=\"https:\/\/strugaekspres.com\/wp-content\/uploads\/2025\/10\/IMG-20251025-WA0003-300x200.jpg 300w, https:\/\/strugaekspres.com\/wp-content\/uploads\/2025\/10\/IMG-20251025-WA0003-1024x682.jpg 1024w, https:\/\/strugaekspres.com\/wp-content\/uploads\/2025\/10\/IMG-20251025-WA0003-768x511.jpg 768w, https:\/\/strugaekspres.com\/wp-content\/uploads\/2025\/10\/IMG-20251025-WA0003-631x420.jpg 631w, https:\/\/strugaekspres.com\/wp-content\/uploads\/2025\/10\/IMG-20251025-WA0003-150x100.jpg 150w, https:\/\/strugaekspres.com\/wp-content\/uploads\/2025\/10\/IMG-20251025-WA0003-696x463.jpg 696w, https:\/\/strugaekspres.com\/wp-content\/uploads\/2025\/10\/IMG-20251025-WA0003-1068x711.jpg 1068w, https:\/\/strugaekspres.com\/wp-content\/uploads\/2025\/10\/IMG-20251025-WA0003.jpg 1280w\" alt=\"\" width=\"300\" height=\"200\" \/><\/a><\/p>\n<p><a class=\"td-modal-image\" href=\"https:\/\/strugaekspres.com\/wp-content\/uploads\/2025\/10\/IMG-20251025-WA0004.jpg\"><img loading=\"lazy\" decoding=\"async\" class=\"alignnone size-medium wp-image-158446 td-animation-stack-type0-2\" src=\"https:\/\/strugaekspres.com\/wp-content\/uploads\/2025\/10\/IMG-20251025-WA0004-300x200.jpg\" sizes=\"auto, (max-width: 300px) 100vw, 300px\" srcset=\"https:\/\/strugaekspres.com\/wp-content\/uploads\/2025\/10\/IMG-20251025-WA0004-300x200.jpg 300w, https:\/\/strugaekspres.com\/wp-content\/uploads\/2025\/10\/IMG-20251025-WA0004-1024x682.jpg 1024w, https:\/\/strugaekspres.com\/wp-content\/uploads\/2025\/10\/IMG-20251025-WA0004-768x511.jpg 768w, https:\/\/strugaekspres.com\/wp-content\/uploads\/2025\/10\/IMG-20251025-WA0004-631x420.jpg 631w, https:\/\/strugaekspres.com\/wp-content\/uploads\/2025\/10\/IMG-20251025-WA0004-150x100.jpg 150w, https:\/\/strugaekspres.com\/wp-content\/uploads\/2025\/10\/IMG-20251025-WA0004-696x463.jpg 696w, https:\/\/strugaekspres.com\/wp-content\/uploads\/2025\/10\/IMG-20251025-WA0004-1068x711.jpg 1068w, https:\/\/strugaekspres.com\/wp-content\/uploads\/2025\/10\/IMG-20251025-WA0004.jpg 1280w\" alt=\"\" width=\"300\" height=\"200\" \/><\/a><\/p>\n<p><a class=\"td-modal-image\" href=\"https:\/\/strugaekspres.com\/wp-content\/uploads\/2025\/10\/IMG-20251025-WA0005.jpg\"><img loading=\"lazy\" decoding=\"async\" class=\"alignnone size-medium wp-image-158447 td-animation-stack-type0-2\" src=\"https:\/\/strugaekspres.com\/wp-content\/uploads\/2025\/10\/IMG-20251025-WA0005-300x200.jpg\" sizes=\"auto, (max-width: 300px) 100vw, 300px\" srcset=\"https:\/\/strugaekspres.com\/wp-content\/uploads\/2025\/10\/IMG-20251025-WA0005-300x200.jpg 300w, https:\/\/strugaekspres.com\/wp-content\/uploads\/2025\/10\/IMG-20251025-WA0005-1024x682.jpg 1024w, https:\/\/strugaekspres.com\/wp-content\/uploads\/2025\/10\/IMG-20251025-WA0005-768x512.jpg 768w, https:\/\/strugaekspres.com\/wp-content\/uploads\/2025\/10\/IMG-20251025-WA0005-630x420.jpg 630w, https:\/\/strugaekspres.com\/wp-content\/uploads\/2025\/10\/IMG-20251025-WA0005-150x100.jpg 150w, https:\/\/strugaekspres.com\/wp-content\/uploads\/2025\/10\/IMG-20251025-WA0005-696x464.jpg 696w, https:\/\/strugaekspres.com\/wp-content\/uploads\/2025\/10\/IMG-20251025-WA0005-1068x712.jpg 1068w, https:\/\/strugaekspres.com\/wp-content\/uploads\/2025\/10\/IMG-20251025-WA0005.jpg 1280w\" alt=\"\" width=\"300\" height=\"200\" \/><\/a><\/p>\n","protected":false},"excerpt":{"rendered":"<p>Mexhiti dhe Qyra me porosi: Dollogozhda do t\u00eb rreshtohet me fitimtar\u00ebt n\u00eb Strug\u00eb Z\u00ebvend\u00ebskryeministri i par\u00eb dhe nj\u00ebri nga lider\u00ebt e VLEN, Izet Mexhiti bashk\u00eb me kandidatin e VLEN p\u00ebr Strug\u00ebn, Mendi Qyra kan\u00eb q\u00ebndruar n\u00eb Dollogozhd\u00eb. &nbsp; &nbsp; N\u00eb takim me banor\u00ebt e k\u00ebsaj ane, Mexhiti tha se si qeveri me t\u00ebr\u00eb potencialin e [&hellip;]<\/p>\n","protected":false},"author":8,"featured_media":23044,"comment_status":"closed","ping_status":"closed","sticky":false,"template":"","format":"standard","meta":{"footnotes":""},"categories":[213,214],"tags":[],"class_list":["post-23043","post","type-post","status-publish","format-standard","has-post-thumbnail","hentry","category-lajme","category-maqedoni"],"yoast_head":"<!-- This site is optimized with the Yoast SEO plugin v25.1 - https:\/\/yoast.com\/wordpress\/plugins\/seo\/ -->\n<title>Mexhiti dhe Qyra me porosi: Dollogozhda do t\u00eb rreshtohet me fitimtar\u00ebt n\u00eb Strug\u00eb - press7.tv<\/title>\n<meta name=\"robots\" content=\"index, follow, max-snippet:-1, max-image-preview:large, max-video-preview:-1\" \/>\n<link rel=\"canonical\" href=\"https:\/\/www.press7.tv\/?p=23043\" \/>\n<meta property=\"og:locale\" content=\"en_US\" \/>\n<meta property=\"og:type\" content=\"article\" \/>\n<meta property=\"og:title\" content=\"Mexhiti dhe Qyra me porosi: Dollogozhda do t\u00eb rreshtohet me fitimtar\u00ebt n\u00eb Strug\u00eb - press7.tv\" \/>\n<meta property=\"og:description\" content=\"Mexhiti dhe Qyra me porosi: Dollogozhda do t\u00eb rreshtohet me fitimtar\u00ebt n\u00eb Strug\u00eb Z\u00ebvend\u00ebskryeministri i par\u00eb dhe nj\u00ebri nga lider\u00ebt e VLEN, Izet Mexhiti bashk\u00eb me kandidatin e VLEN p\u00ebr Strug\u00ebn, Mendi Qyra kan\u00eb q\u00ebndruar n\u00eb Dollogozhd\u00eb. &nbsp; &nbsp; N\u00eb takim me banor\u00ebt e k\u00ebsaj ane, Mexhiti tha se si qeveri me t\u00ebr\u00eb potencialin e [&hellip;]\" \/>\n<meta property=\"og:url\" content=\"https:\/\/www.press7.tv\/?p=23043\" \/>\n<meta property=\"og:site_name\" content=\"press7.tv\" \/>\n<meta property=\"article:publisher\" content=\"https:\/\/www.facebook.com\/press7.tv\" \/>\n<meta property=\"article:published_time\" content=\"2025-10-25T15:06:29+00:00\" \/>\n<meta property=\"og:image\" content=\"https:\/\/www.press7.tv\/wp-content\/uploads\/2025\/10\/IMG_0400.avif\" \/>\n\t<meta property=\"og:image:width\" content=\"1280\" \/>\n\t<meta property=\"og:image:height\" content=\"852\" \/>\n\t<meta property=\"og:image:type\" content=\"image\/jpeg\" \/>\n<meta name=\"author\" content=\"gazetar2\" \/>\n<meta name=\"twitter:card\" content=\"summary_large_image\" \/>\n<meta name=\"twitter:label1\" content=\"Written by\" \/>\n\t<meta name=\"twitter:data1\" content=\"gazetar2\" \/>\n\t<meta name=\"twitter:label2\" content=\"Est. reading time\" \/>\n\t<meta name=\"twitter:data2\" content=\"3 minutes\" \/>\n<script type=\"application\/ld+json\" class=\"yoast-schema-graph\">{\"@context\":\"https:\/\/schema.org\",\"@graph\":[{\"@type\":\"Article\",\"@id\":\"https:\/\/www.press7.tv\/?p=23043#article\",\"isPartOf\":{\"@id\":\"https:\/\/www.press7.tv\/?p=23043\"},\"author\":{\"name\":\"gazetar2\",\"@id\":\"https:\/\/www.news33.tv\/#\/schema\/person\/5a04a38a23ccdba82f9bd665cd8f9efa\"},\"headline\":\"Mexhiti dhe Qyra me porosi: Dollogozhda do t\u00eb rreshtohet me fitimtar\u00ebt n\u00eb Strug\u00eb\",\"datePublished\":\"2025-10-25T15:06:29+00:00\",\"mainEntityOfPage\":{\"@id\":\"https:\/\/www.press7.tv\/?p=23043\"},\"wordCount\":290,\"publisher\":{\"@id\":\"https:\/\/www.news33.tv\/#organization\"},\"image\":{\"@id\":\"https:\/\/www.press7.tv\/?p=23043#primaryimage\"},\"thumbnailUrl\":\"https:\/\/www.press7.tv\/wp-content\/uploads\/2025\/10\/IMG_0400.avif\",\"articleSection\":[\"Lajme\",\"Maqedoni\"],\"inLanguage\":\"en-US\"},{\"@type\":\"WebPage\",\"@id\":\"https:\/\/www.press7.tv\/?p=23043\",\"url\":\"https:\/\/www.press7.tv\/?p=23043\",\"name\":\"Mexhiti dhe Qyra me porosi: Dollogozhda do t\u00eb rreshtohet me fitimtar\u00ebt n\u00eb Strug\u00eb - press7.tv\",\"isPartOf\":{\"@id\":\"https:\/\/www.news33.tv\/#website\"},\"primaryImageOfPage\":{\"@id\":\"https:\/\/www.press7.tv\/?p=23043#primaryimage\"},\"image\":{\"@id\":\"https:\/\/www.press7.tv\/?p=23043#primaryimage\"},\"thumbnailUrl\":\"https:\/\/www.press7.tv\/wp-content\/uploads\/2025\/10\/IMG_0400.avif\",\"datePublished\":\"2025-10-25T15:06:29+00:00\",\"breadcrumb\":{\"@id\":\"https:\/\/www.press7.tv\/?p=23043#breadcrumb\"},\"inLanguage\":\"en-US\",\"potentialAction\":[{\"@type\":\"ReadAction\",\"target\":[\"https:\/\/www.press7.tv\/?p=23043\"]}]},{\"@type\":\"ImageObject\",\"inLanguage\":\"en-US\",\"@id\":\"https:\/\/www.press7.tv\/?p=23043#primaryimage\",\"url\":\"https:\/\/www.press7.tv\/wp-content\/uploads\/2025\/10\/IMG_0400.avif\",\"contentUrl\":\"https:\/\/www.press7.tv\/wp-content\/uploads\/2025\/10\/IMG_0400.avif\",\"width\":1280,\"height\":852},{\"@type\":\"BreadcrumbList\",\"@id\":\"https:\/\/www.press7.tv\/?p=23043#breadcrumb\",\"itemListElement\":[{\"@type\":\"ListItem\",\"position\":1,\"name\":\"Home\",\"item\":\"https:\/\/www.press7.tv\/\"},{\"@type\":\"ListItem\",\"position\":2,\"name\":\"Mexhiti dhe Qyra me porosi: Dollogozhda do t\u00eb rreshtohet me fitimtar\u00ebt n\u00eb Strug\u00eb\"}]},{\"@type\":\"WebSite\",\"@id\":\"https:\/\/www.news33.tv\/#website\",\"url\":\"https:\/\/www.news33.tv\/\",\"name\":\"News33.tv Media\",\"description\":\"Media\",\"publisher\":{\"@id\":\"https:\/\/www.news33.tv\/#organization\"},\"potentialAction\":[{\"@type\":\"SearchAction\",\"target\":{\"@type\":\"EntryPoint\",\"urlTemplate\":\"https:\/\/www.news33.tv\/?s={search_term_string}\"},\"query-input\":{\"@type\":\"PropertyValueSpecification\",\"valueRequired\":true,\"valueName\":\"search_term_string\"}}],\"inLanguage\":\"en-US\"},{\"@type\":\"Organization\",\"@id\":\"https:\/\/www.news33.tv\/#organization\",\"name\":\"News33.tv Media\",\"url\":\"https:\/\/www.news33.tv\/\",\"logo\":{\"@type\":\"ImageObject\",\"inLanguage\":\"en-US\",\"@id\":\"https:\/\/www.news33.tv\/#\/schema\/logo\/image\/\",\"url\":\"https:\/\/www.press7.tv\/wp-content\/uploads\/2024\/02\/logo-news33-black.png\",\"contentUrl\":\"https:\/\/www.press7.tv\/wp-content\/uploads\/2024\/02\/logo-news33-black.png\",\"width\":180,\"height\":37,\"caption\":\"News33.tv Media\"},\"image\":{\"@id\":\"https:\/\/www.news33.tv\/#\/schema\/logo\/image\/\"},\"sameAs\":[\"https:\/\/www.facebook.com\/press7.tv\"]},{\"@type\":\"Person\",\"@id\":\"https:\/\/www.news33.tv\/#\/schema\/person\/5a04a38a23ccdba82f9bd665cd8f9efa\",\"name\":\"gazetar2\",\"image\":{\"@type\":\"ImageObject\",\"inLanguage\":\"en-US\",\"@id\":\"https:\/\/www.news33.tv\/#\/schema\/person\/image\/\",\"url\":\"https:\/\/www.press7.tv\/wp-content\/litespeed\/avatar\/41975e402c3049d9ddb03adca8f7a883.jpg?ver=1777169572\",\"contentUrl\":\"https:\/\/www.press7.tv\/wp-content\/litespeed\/avatar\/41975e402c3049d9ddb03adca8f7a883.jpg?ver=1777169572\",\"caption\":\"gazetar2\"},\"url\":\"https:\/\/www.press7.tv\/?author=8\"}]}<\/script>\n<!-- \/ Yoast SEO plugin. -->","yoast_head_json":{"title":"Mexhiti dhe Qyra me porosi: Dollogozhda do t\u00eb rreshtohet me fitimtar\u00ebt n\u00eb Strug\u00eb - press7.tv","robots":{"index":"index","follow":"follow","max-snippet":"max-snippet:-1","max-image-preview":"max-image-preview:large","max-video-preview":"max-video-preview:-1"},"canonical":"https:\/\/www.press7.tv\/?p=23043","og_locale":"en_US","og_type":"article","og_title":"Mexhiti dhe Qyra me porosi: Dollogozhda do t\u00eb rreshtohet me fitimtar\u00ebt n\u00eb Strug\u00eb - press7.tv","og_description":"Mexhiti dhe Qyra me porosi: Dollogozhda do t\u00eb rreshtohet me fitimtar\u00ebt n\u00eb Strug\u00eb Z\u00ebvend\u00ebskryeministri i par\u00eb dhe nj\u00ebri nga lider\u00ebt e VLEN, Izet Mexhiti bashk\u00eb me kandidatin e VLEN p\u00ebr Strug\u00ebn, Mendi Qyra kan\u00eb q\u00ebndruar n\u00eb Dollogozhd\u00eb. &nbsp; &nbsp; N\u00eb takim me banor\u00ebt e k\u00ebsaj ane, Mexhiti tha se si qeveri me t\u00ebr\u00eb potencialin e [&hellip;]","og_url":"https:\/\/www.press7.tv\/?p=23043","og_site_name":"press7.tv","article_publisher":"https:\/\/www.facebook.com\/press7.tv","article_published_time":"2025-10-25T15:06:29+00:00","og_image":[{"width":1280,"height":852,"url":"https:\/\/www.press7.tv\/wp-content\/uploads\/2025\/10\/IMG_0400.avif","type":"image\/jpeg"}],"author":"gazetar2","twitter_card":"summary_large_image","twitter_misc":{"Written by":"gazetar2","Est. reading time":"3 minutes"},"schema":{"@context":"https:\/\/schema.org","@graph":[{"@type":"Article","@id":"https:\/\/www.press7.tv\/?p=23043#article","isPartOf":{"@id":"https:\/\/www.press7.tv\/?p=23043"},"author":{"name":"gazetar2","@id":"https:\/\/www.news33.tv\/#\/schema\/person\/5a04a38a23ccdba82f9bd665cd8f9efa"},"headline":"Mexhiti dhe Qyra me porosi: Dollogozhda do t\u00eb rreshtohet me fitimtar\u00ebt n\u00eb Strug\u00eb","datePublished":"2025-10-25T15:06:29+00:00","mainEntityOfPage":{"@id":"https:\/\/www.press7.tv\/?p=23043"},"wordCount":290,"publisher":{"@id":"https:\/\/www.news33.tv\/#organization"},"image":{"@id":"https:\/\/www.press7.tv\/?p=23043#primaryimage"},"thumbnailUrl":"https:\/\/www.press7.tv\/wp-content\/uploads\/2025\/10\/IMG_0400.avif","articleSection":["Lajme","Maqedoni"],"inLanguage":"en-US"},{"@type":"WebPage","@id":"https:\/\/www.press7.tv\/?p=23043","url":"https:\/\/www.press7.tv\/?p=23043","name":"Mexhiti dhe Qyra me porosi: Dollogozhda do t\u00eb rreshtohet me fitimtar\u00ebt n\u00eb Strug\u00eb - press7.tv","isPartOf":{"@id":"https:\/\/www.news33.tv\/#website"},"primaryImageOfPage":{"@id":"https:\/\/www.press7.tv\/?p=23043#primaryimage"},"image":{"@id":"https:\/\/www.press7.tv\/?p=23043#primaryimage"},"thumbnailUrl":"https:\/\/www.press7.tv\/wp-content\/uploads\/2025\/10\/IMG_0400.avif","datePublished":"2025-10-25T15:06:29+00:00","breadcrumb":{"@id":"https:\/\/www.press7.tv\/?p=23043#breadcrumb"},"inLanguage":"en-US","potentialAction":[{"@type":"ReadAction","target":["https:\/\/www.press7.tv\/?p=23043"]}]},{"@type":"ImageObject","inLanguage":"en-US","@id":"https:\/\/www.press7.tv\/?p=23043#primaryimage","url":"https:\/\/www.press7.tv\/wp-content\/uploads\/2025\/10\/IMG_0400.avif","contentUrl":"https:\/\/www.press7.tv\/wp-content\/uploads\/2025\/10\/IMG_0400.avif","width":1280,"height":852},{"@type":"BreadcrumbList","@id":"https:\/\/www.press7.tv\/?p=23043#breadcrumb","itemListElement":[{"@type":"ListItem","position":1,"name":"Home","item":"https:\/\/www.press7.tv\/"},{"@type":"ListItem","position":2,"name":"Mexhiti dhe Qyra me porosi: Dollogozhda do t\u00eb rreshtohet me fitimtar\u00ebt n\u00eb Strug\u00eb"}]},{"@type":"WebSite","@id":"https:\/\/www.news33.tv\/#website","url":"https:\/\/www.news33.tv\/","name":"News33.tv Media","description":"Media","publisher":{"@id":"https:\/\/www.news33.tv\/#organization"},"potentialAction":[{"@type":"SearchAction","target":{"@type":"EntryPoint","urlTemplate":"https:\/\/www.news33.tv\/?s={search_term_string}"},"query-input":{"@type":"PropertyValueSpecification","valueRequired":true,"valueName":"search_term_string"}}],"inLanguage":"en-US"},{"@type":"Organization","@id":"https:\/\/www.news33.tv\/#organization","name":"News33.tv Media","url":"https:\/\/www.news33.tv\/","logo":{"@type":"ImageObject","inLanguage":"en-US","@id":"https:\/\/www.news33.tv\/#\/schema\/logo\/image\/","url":"https:\/\/www.press7.tv\/wp-content\/uploads\/2024\/02\/logo-news33-black.png","contentUrl":"https:\/\/www.press7.tv\/wp-content\/uploads\/2024\/02\/logo-news33-black.png","width":180,"height":37,"caption":"News33.tv Media"},"image":{"@id":"https:\/\/www.news33.tv\/#\/schema\/logo\/image\/"},"sameAs":["https:\/\/www.facebook.com\/press7.tv"]},{"@type":"Person","@id":"https:\/\/www.news33.tv\/#\/schema\/person\/5a04a38a23ccdba82f9bd665cd8f9efa","name":"gazetar2","image":{"@type":"ImageObject","inLanguage":"en-US","@id":"https:\/\/www.news33.tv\/#\/schema\/person\/image\/","url":"https:\/\/www.press7.tv\/wp-content\/litespeed\/avatar\/41975e402c3049d9ddb03adca8f7a883.jpg?ver=1777169572","contentUrl":"https:\/\/www.press7.tv\/wp-content\/litespeed\/avatar\/41975e402c3049d9ddb03adca8f7a883.jpg?ver=1777169572","caption":"gazetar2"},"url":"https:\/\/www.press7.tv\/?author=8"}]}},"amp_enabled":true,"_links":{"self":[{"href":"https:\/\/www.press7.tv\/index.php?rest_route=\/wp\/v2\/posts\/23043","targetHints":{"allow":["GET"]}}],"collection":[{"href":"https:\/\/www.press7.tv\/index.php?rest_route=\/wp\/v2\/posts"}],"about":[{"href":"https:\/\/www.press7.tv\/index.php?rest_route=\/wp\/v2\/types\/post"}],"author":[{"embeddable":true,"href":"https:\/\/www.press7.tv\/index.php?rest_route=\/wp\/v2\/users\/8"}],"replies":[{"embeddable":true,"href":"https:\/\/www.press7.tv\/index.php?rest_route=%2Fwp%2Fv2%2Fcomments&post=23043"}],"version-history":[{"count":1,"href":"https:\/\/www.press7.tv\/index.php?rest_route=\/wp\/v2\/posts\/23043\/revisions"}],"predecessor-version":[{"id":23045,"href":"https:\/\/www.press7.tv\/index.php?rest_route=\/wp\/v2\/posts\/23043\/revisions\/23045"}],"wp:featuredmedia":[{"embeddable":true,"href":"https:\/\/www.press7.tv\/index.php?rest_route=\/wp\/v2\/media\/23044"}],"wp:attachment":[{"href":"https:\/\/www.press7.tv\/index.php?rest_route=%2Fwp%2Fv2%2Fmedia&parent=23043"}],"wp:term":[{"taxonomy":"category","embeddable":true,"href":"https:\/\/www.press7.tv\/index.php?rest_route=%2Fwp%2Fv2%2Fcategories&post=23043"},{"taxonomy":"post_tag","embeddable":true,"href":"https:\/\/www.press7.tv\/index.php?rest_route=%2Fwp%2Fv2%2Ftags&post=23043"}],"curies":[{"name":"wp","href":"https:\/\/api.w.org\/{rel}","templated":true}]}}