{"id":23037,"date":"2025-10-25T12:10:43","date_gmt":"2025-10-25T12:10:43","guid":{"rendered":"https:\/\/www.press7.tv\/?p=23037"},"modified":"2025-10-25T12:10:43","modified_gmt":"2025-10-25T12:10:43","slug":"nje-dite-para-seances-per-qeverine-kurti-nuk-flet","status":"publish","type":"post","link":"https:\/\/www.press7.tv\/?p=23037","title":{"rendered":"Nj\u00eb dit\u00eb para seanc\u00ebs p\u00ebr qeverin\u00eb, Kurti nuk flet"},"content":{"rendered":"\n    <div class=\"xs_social_share_widget xs_share_url before_content \t\tmain_content  wslu-style-2 wslu-share-box-shaped wslu-fill-colored wslu-share-m-5 wslu-none wslu-share-vertical wslu-theme-font-no wslu-main_content\">\n\n\t\t\n        <ul>\n\t\t\t        <\/ul>\n    <\/div> \n<p>Kryeministri n\u00eb detyr\u00eb, Albin Kurti, nuk ka pranuar t\u00eb p\u00ebrgjigjet n\u00ebse ka siguruar 61 votat e nevojshme p\u00ebr formimin e qeveris\u00eb s\u00eb re.<\/p>\n<p>.Ai ka injoruar pyetjet e gazetar\u00ebve, duke mos dh\u00ebn\u00eb asnj\u00eb koment mbi situat\u00ebn politike dhe procesin e krijimit t\u00eb shumic\u00ebs parlamentare, raportoi Ekonomia Online. <\/p>\n<p>N\u00eb Kuvendin e Kosov\u00ebs, t\u00eb diel\u00ebn, do t\u00eb mbahet seanca p\u00ebr zgjedhjen e qeveris\u00eb s\u00eb re. <\/p>\n<p>As n\u00eb L\u00ebvizjen Vet\u00ebvendosje nuk kan\u00eb treguar n\u00ebse kan\u00eb siguruar shumic\u00ebn n\u00eb Kuvend, q\u00eb do t\u00eb garantonte votim t\u00eb suksessh\u00ebm t\u00eb Qeveris\u00eb.<\/p>\n<p>N\u00ebnkryetarja e Kuvendit, Albulena Haxhiu, t\u00eb enjten mbr\u00ebma n\u00eb emisionin \u201cInteraktiv\u201d t\u00eb KTV-s\u00eb ka th\u00ebn\u00eb se p\u00ebrpjekjet p\u00ebr k\u00ebt\u00eb do t\u00eb b\u00ebhen deri n\u00eb dit\u00ebn e fundit.<\/p>\n<p>\u201cNe po b\u00ebjm\u00eb p\u00ebrpjekje maksimale q\u00eb t\u00eb sigurojm\u00eb 61 vota n\u00eb Kuvendin e Kosov\u00ebs. Jemi shum\u00eb t\u00eb interesuar q\u00eb sa m\u00eb shpejt qeveria t\u00eb votohet por jo me \u00e7do kusht\u201d, ka th\u00ebn\u00eb Haxhiu.<\/p>\n<p>Haxhiu ka konfirmuar se diskutime jan\u00eb zhvilluar individualisht edhe me deputet\u00eb t\u00eb subjekteve politike, por nuk pranoi t\u00eb b\u00ebj\u00eb t\u00eb ditur emrat.<\/p>\n<p>Ka pas p\u00ebrpjekje nga ana jon\u00eb q\u00eb t\u00eb vendosim kontakte me ta. Ka pasur takime po ashtu. Nuk mund ta them ndonj\u00eb num\u00ebr e as nj\u00eb em\u00ebr\u201d.<\/p>\n<p>L\u00ebvizjes Vet\u00ebvendosje i duhen s\u00eb paku edhe pes\u00eb vota, nga ato q\u00eb thot\u00eb se i ka t\u00eb sigurta, p\u00ebr t\u00eb arritur minimumin e nevojsh\u00ebm prej 61 sosh p\u00ebr votimin e suksessh\u00ebm t\u00eb qeveris\u00eb. Ky subjekt politik q\u00eb ka fituar zgjedhjet e 9 shkurtit, ka 48 deputet\u00eb. P\u00ebrkrahje ka prej shtat\u00eb deputet\u00ebve t\u00eb komuniteteve pakic\u00eb joserbe, si dhe t\u00eb Nenad Rashiqit nga komuniteti serb. Kurti e Vet\u00ebvendosja, t\u00eb sigurt nuk e kan\u00eb mb\u00ebshtetjen e deputetes boshnjake Duda Balje, atij egjiptian Veton Berisha e t\u00eb goranit Adem Hoxha.<\/p>\n<p>N\u00eb rast t\u00eb d\u00ebshtimit t\u00eb votimit t\u00eb Qeveris\u00eb, presidentja ka diskrecion ta caktoj\u00eb mandatarin edhe nga parti t\u00eb tjera, jasht\u00eb asaj fituese, me kushtin q\u00eb t\u2019i d\u00ebshmohet shumica n\u00eb Kuvend.<\/p>\n<p>P\u00ebrfaq\u00ebsues t\u00eb subjekteve kryesore politike, PDK-ja dhe LDK-ja kan\u00eb theksuar se nuk i kan\u00eb numrat p\u00ebr ta b\u00ebr\u00eb Qeverin\u00eb, n\u00eb rast se mandatari s\u2019i siguron votat n\u00eb her\u00ebn e par\u00eb. Sipas Kushtetut\u00ebs, n\u00ebse qeveria d\u00ebshton t\u00eb zgjidhet edhe her\u00ebn e dyt\u00eb, at\u00ebher\u00eb presidentja shpall zgjedhjet e parakohshme, t\u00eb cilat duhet t\u00eb mbahen brenda 40 dit\u00ebve.<\/p>\n","protected":false},"excerpt":{"rendered":"<p>Kryeministri n\u00eb detyr\u00eb, Albin Kurti, nuk ka pranuar t\u00eb p\u00ebrgjigjet n\u00ebse ka siguruar 61 votat e nevojshme p\u00ebr formimin e qeveris\u00eb s\u00eb re. .Ai ka injoruar pyetjet e gazetar\u00ebve, duke mos dh\u00ebn\u00eb asnj\u00eb koment mbi situat\u00ebn politike dhe procesin e krijimit t\u00eb shumic\u00ebs parlamentare, raportoi Ekonomia Online. N\u00eb Kuvendin e Kosov\u00ebs, t\u00eb diel\u00ebn, do t\u00eb [&hellip;]<\/p>\n","protected":false},"author":8,"featured_media":23038,"comment_status":"closed","ping_status":"closed","sticky":false,"template":"","format":"standard","meta":{"footnotes":""},"categories":[215,213],"tags":[],"class_list":["post-23037","post","type-post","status-publish","format-standard","has-post-thumbnail","hentry","category-kosove","category-lajme"],"yoast_head":"<!-- This site is optimized with the Yoast SEO plugin v25.1 - https:\/\/yoast.com\/wordpress\/plugins\/seo\/ -->\n<title>Nj\u00eb dit\u00eb para seanc\u00ebs p\u00ebr qeverin\u00eb, Kurti nuk flet - press7.tv<\/title>\n<meta name=\"robots\" content=\"index, follow, max-snippet:-1, max-image-preview:large, max-video-preview:-1\" \/>\n<link rel=\"canonical\" href=\"https:\/\/www.press7.tv\/?p=23037\" \/>\n<meta property=\"og:locale\" content=\"en_US\" \/>\n<meta property=\"og:type\" content=\"article\" \/>\n<meta property=\"og:title\" content=\"Nj\u00eb dit\u00eb para seanc\u00ebs p\u00ebr qeverin\u00eb, Kurti nuk flet - press7.tv\" \/>\n<meta property=\"og:description\" content=\"Kryeministri n\u00eb detyr\u00eb, Albin Kurti, nuk ka pranuar t\u00eb p\u00ebrgjigjet n\u00ebse ka siguruar 61 votat e nevojshme p\u00ebr formimin e qeveris\u00eb s\u00eb re. .Ai ka injoruar pyetjet e gazetar\u00ebve, duke mos dh\u00ebn\u00eb asnj\u00eb koment mbi situat\u00ebn politike dhe procesin e krijimit t\u00eb shumic\u00ebs parlamentare, raportoi Ekonomia Online. N\u00eb Kuvendin e Kosov\u00ebs, t\u00eb diel\u00ebn, do t\u00eb [&hellip;]\" \/>\n<meta property=\"og:url\" content=\"https:\/\/www.press7.tv\/?p=23037\" \/>\n<meta property=\"og:site_name\" content=\"press7.tv\" \/>\n<meta property=\"article:publisher\" content=\"https:\/\/www.facebook.com\/press7.tv\" \/>\n<meta property=\"article:published_time\" content=\"2025-10-25T12:10:43+00:00\" \/>\n<meta property=\"og:image\" content=\"https:\/\/www.press7.tv\/wp-content\/uploads\/2025\/10\/IMG_0384.avif\" \/>\n\t<meta property=\"og:image:width\" content=\"1360\" \/>\n\t<meta property=\"og:image:height\" content=\"870\" \/>\n\t<meta property=\"og:image:type\" content=\"image\/webp\" \/>\n<meta name=\"author\" content=\"gazetar2\" \/>\n<meta name=\"twitter:card\" content=\"summary_large_image\" \/>\n<meta name=\"twitter:label1\" content=\"Written by\" \/>\n\t<meta name=\"twitter:data1\" content=\"gazetar2\" \/>\n\t<meta name=\"twitter:label2\" content=\"Est. reading time\" \/>\n\t<meta name=\"twitter:data2\" content=\"1 minute\" \/>\n<script type=\"application\/ld+json\" class=\"yoast-schema-graph\">{\"@context\":\"https:\/\/schema.org\",\"@graph\":[{\"@type\":\"Article\",\"@id\":\"https:\/\/www.press7.tv\/?p=23037#article\",\"isPartOf\":{\"@id\":\"https:\/\/www.press7.tv\/?p=23037\"},\"author\":{\"name\":\"gazetar2\",\"@id\":\"https:\/\/www.news33.tv\/#\/schema\/person\/5a04a38a23ccdba82f9bd665cd8f9efa\"},\"headline\":\"Nj\u00eb dit\u00eb para seanc\u00ebs p\u00ebr qeverin\u00eb, Kurti nuk flet\",\"datePublished\":\"2025-10-25T12:10:43+00:00\",\"mainEntityOfPage\":{\"@id\":\"https:\/\/www.press7.tv\/?p=23037\"},\"wordCount\":426,\"publisher\":{\"@id\":\"https:\/\/www.news33.tv\/#organization\"},\"image\":{\"@id\":\"https:\/\/www.press7.tv\/?p=23037#primaryimage\"},\"thumbnailUrl\":\"https:\/\/www.press7.tv\/wp-content\/uploads\/2025\/10\/IMG_0384.avif\",\"articleSection\":[\"Kosov\u00eb\",\"Lajme\"],\"inLanguage\":\"en-US\"},{\"@type\":\"WebPage\",\"@id\":\"https:\/\/www.press7.tv\/?p=23037\",\"url\":\"https:\/\/www.press7.tv\/?p=23037\",\"name\":\"Nj\u00eb dit\u00eb para seanc\u00ebs p\u00ebr qeverin\u00eb, Kurti nuk flet - press7.tv\",\"isPartOf\":{\"@id\":\"https:\/\/www.news33.tv\/#website\"},\"primaryImageOfPage\":{\"@id\":\"https:\/\/www.press7.tv\/?p=23037#primaryimage\"},\"image\":{\"@id\":\"https:\/\/www.press7.tv\/?p=23037#primaryimage\"},\"thumbnailUrl\":\"https:\/\/www.press7.tv\/wp-content\/uploads\/2025\/10\/IMG_0384.avif\",\"datePublished\":\"2025-10-25T12:10:43+00:00\",\"breadcrumb\":{\"@id\":\"https:\/\/www.press7.tv\/?p=23037#breadcrumb\"},\"inLanguage\":\"en-US\",\"potentialAction\":[{\"@type\":\"ReadAction\",\"target\":[\"https:\/\/www.press7.tv\/?p=23037\"]}]},{\"@type\":\"ImageObject\",\"inLanguage\":\"en-US\",\"@id\":\"https:\/\/www.press7.tv\/?p=23037#primaryimage\",\"url\":\"https:\/\/www.press7.tv\/wp-content\/uploads\/2025\/10\/IMG_0384.avif\",\"contentUrl\":\"https:\/\/www.press7.tv\/wp-content\/uploads\/2025\/10\/IMG_0384.avif\",\"width\":1360,\"height\":870},{\"@type\":\"BreadcrumbList\",\"@id\":\"https:\/\/www.press7.tv\/?p=23037#breadcrumb\",\"itemListElement\":[{\"@type\":\"ListItem\",\"position\":1,\"name\":\"Home\",\"item\":\"https:\/\/www.press7.tv\/\"},{\"@type\":\"ListItem\",\"position\":2,\"name\":\"Nj\u00eb dit\u00eb para seanc\u00ebs p\u00ebr qeverin\u00eb, Kurti nuk flet\"}]},{\"@type\":\"WebSite\",\"@id\":\"https:\/\/www.news33.tv\/#website\",\"url\":\"https:\/\/www.news33.tv\/\",\"name\":\"News33.tv Media\",\"description\":\"Media\",\"publisher\":{\"@id\":\"https:\/\/www.news33.tv\/#organization\"},\"potentialAction\":[{\"@type\":\"SearchAction\",\"target\":{\"@type\":\"EntryPoint\",\"urlTemplate\":\"https:\/\/www.news33.tv\/?s={search_term_string}\"},\"query-input\":{\"@type\":\"PropertyValueSpecification\",\"valueRequired\":true,\"valueName\":\"search_term_string\"}}],\"inLanguage\":\"en-US\"},{\"@type\":\"Organization\",\"@id\":\"https:\/\/www.news33.tv\/#organization\",\"name\":\"News33.tv Media\",\"url\":\"https:\/\/www.news33.tv\/\",\"logo\":{\"@type\":\"ImageObject\",\"inLanguage\":\"en-US\",\"@id\":\"https:\/\/www.news33.tv\/#\/schema\/logo\/image\/\",\"url\":\"https:\/\/www.press7.tv\/wp-content\/uploads\/2024\/02\/logo-news33-black.png\",\"contentUrl\":\"https:\/\/www.press7.tv\/wp-content\/uploads\/2024\/02\/logo-news33-black.png\",\"width\":180,\"height\":37,\"caption\":\"News33.tv Media\"},\"image\":{\"@id\":\"https:\/\/www.news33.tv\/#\/schema\/logo\/image\/\"},\"sameAs\":[\"https:\/\/www.facebook.com\/press7.tv\"]},{\"@type\":\"Person\",\"@id\":\"https:\/\/www.news33.tv\/#\/schema\/person\/5a04a38a23ccdba82f9bd665cd8f9efa\",\"name\":\"gazetar2\",\"image\":{\"@type\":\"ImageObject\",\"inLanguage\":\"en-US\",\"@id\":\"https:\/\/www.news33.tv\/#\/schema\/person\/image\/\",\"url\":\"https:\/\/www.press7.tv\/wp-content\/litespeed\/avatar\/41975e402c3049d9ddb03adca8f7a883.jpg?ver=1777169572\",\"contentUrl\":\"https:\/\/www.press7.tv\/wp-content\/litespeed\/avatar\/41975e402c3049d9ddb03adca8f7a883.jpg?ver=1777169572\",\"caption\":\"gazetar2\"},\"url\":\"https:\/\/www.press7.tv\/?author=8\"}]}<\/script>\n<!-- \/ Yoast SEO plugin. -->","yoast_head_json":{"title":"Nj\u00eb dit\u00eb para seanc\u00ebs p\u00ebr qeverin\u00eb, Kurti nuk flet - press7.tv","robots":{"index":"index","follow":"follow","max-snippet":"max-snippet:-1","max-image-preview":"max-image-preview:large","max-video-preview":"max-video-preview:-1"},"canonical":"https:\/\/www.press7.tv\/?p=23037","og_locale":"en_US","og_type":"article","og_title":"Nj\u00eb dit\u00eb para seanc\u00ebs p\u00ebr qeverin\u00eb, Kurti nuk flet - press7.tv","og_description":"Kryeministri n\u00eb detyr\u00eb, Albin Kurti, nuk ka pranuar t\u00eb p\u00ebrgjigjet n\u00ebse ka siguruar 61 votat e nevojshme p\u00ebr formimin e qeveris\u00eb s\u00eb re. .Ai ka injoruar pyetjet e gazetar\u00ebve, duke mos dh\u00ebn\u00eb asnj\u00eb koment mbi situat\u00ebn politike dhe procesin e krijimit t\u00eb shumic\u00ebs parlamentare, raportoi Ekonomia Online. N\u00eb Kuvendin e Kosov\u00ebs, t\u00eb diel\u00ebn, do t\u00eb [&hellip;]","og_url":"https:\/\/www.press7.tv\/?p=23037","og_site_name":"press7.tv","article_publisher":"https:\/\/www.facebook.com\/press7.tv","article_published_time":"2025-10-25T12:10:43+00:00","og_image":[{"width":1360,"height":870,"url":"https:\/\/www.press7.tv\/wp-content\/uploads\/2025\/10\/IMG_0384.avif","type":"image\/webp"}],"author":"gazetar2","twitter_card":"summary_large_image","twitter_misc":{"Written by":"gazetar2","Est. reading time":"1 minute"},"schema":{"@context":"https:\/\/schema.org","@graph":[{"@type":"Article","@id":"https:\/\/www.press7.tv\/?p=23037#article","isPartOf":{"@id":"https:\/\/www.press7.tv\/?p=23037"},"author":{"name":"gazetar2","@id":"https:\/\/www.news33.tv\/#\/schema\/person\/5a04a38a23ccdba82f9bd665cd8f9efa"},"headline":"Nj\u00eb dit\u00eb para seanc\u00ebs p\u00ebr qeverin\u00eb, Kurti nuk flet","datePublished":"2025-10-25T12:10:43+00:00","mainEntityOfPage":{"@id":"https:\/\/www.press7.tv\/?p=23037"},"wordCount":426,"publisher":{"@id":"https:\/\/www.news33.tv\/#organization"},"image":{"@id":"https:\/\/www.press7.tv\/?p=23037#primaryimage"},"thumbnailUrl":"https:\/\/www.press7.tv\/wp-content\/uploads\/2025\/10\/IMG_0384.avif","articleSection":["Kosov\u00eb","Lajme"],"inLanguage":"en-US"},{"@type":"WebPage","@id":"https:\/\/www.press7.tv\/?p=23037","url":"https:\/\/www.press7.tv\/?p=23037","name":"Nj\u00eb dit\u00eb para seanc\u00ebs p\u00ebr qeverin\u00eb, Kurti nuk flet - press7.tv","isPartOf":{"@id":"https:\/\/www.news33.tv\/#website"},"primaryImageOfPage":{"@id":"https:\/\/www.press7.tv\/?p=23037#primaryimage"},"image":{"@id":"https:\/\/www.press7.tv\/?p=23037#primaryimage"},"thumbnailUrl":"https:\/\/www.press7.tv\/wp-content\/uploads\/2025\/10\/IMG_0384.avif","datePublished":"2025-10-25T12:10:43+00:00","breadcrumb":{"@id":"https:\/\/www.press7.tv\/?p=23037#breadcrumb"},"inLanguage":"en-US","potentialAction":[{"@type":"ReadAction","target":["https:\/\/www.press7.tv\/?p=23037"]}]},{"@type":"ImageObject","inLanguage":"en-US","@id":"https:\/\/www.press7.tv\/?p=23037#primaryimage","url":"https:\/\/www.press7.tv\/wp-content\/uploads\/2025\/10\/IMG_0384.avif","contentUrl":"https:\/\/www.press7.tv\/wp-content\/uploads\/2025\/10\/IMG_0384.avif","width":1360,"height":870},{"@type":"BreadcrumbList","@id":"https:\/\/www.press7.tv\/?p=23037#breadcrumb","itemListElement":[{"@type":"ListItem","position":1,"name":"Home","item":"https:\/\/www.press7.tv\/"},{"@type":"ListItem","position":2,"name":"Nj\u00eb dit\u00eb para seanc\u00ebs p\u00ebr qeverin\u00eb, Kurti nuk flet"}]},{"@type":"WebSite","@id":"https:\/\/www.news33.tv\/#website","url":"https:\/\/www.news33.tv\/","name":"News33.tv Media","description":"Media","publisher":{"@id":"https:\/\/www.news33.tv\/#organization"},"potentialAction":[{"@type":"SearchAction","target":{"@type":"EntryPoint","urlTemplate":"https:\/\/www.news33.tv\/?s={search_term_string}"},"query-input":{"@type":"PropertyValueSpecification","valueRequired":true,"valueName":"search_term_string"}}],"inLanguage":"en-US"},{"@type":"Organization","@id":"https:\/\/www.news33.tv\/#organization","name":"News33.tv Media","url":"https:\/\/www.news33.tv\/","logo":{"@type":"ImageObject","inLanguage":"en-US","@id":"https:\/\/www.news33.tv\/#\/schema\/logo\/image\/","url":"https:\/\/www.press7.tv\/wp-content\/uploads\/2024\/02\/logo-news33-black.png","contentUrl":"https:\/\/www.press7.tv\/wp-content\/uploads\/2024\/02\/logo-news33-black.png","width":180,"height":37,"caption":"News33.tv Media"},"image":{"@id":"https:\/\/www.news33.tv\/#\/schema\/logo\/image\/"},"sameAs":["https:\/\/www.facebook.com\/press7.tv"]},{"@type":"Person","@id":"https:\/\/www.news33.tv\/#\/schema\/person\/5a04a38a23ccdba82f9bd665cd8f9efa","name":"gazetar2","image":{"@type":"ImageObject","inLanguage":"en-US","@id":"https:\/\/www.news33.tv\/#\/schema\/person\/image\/","url":"https:\/\/www.press7.tv\/wp-content\/litespeed\/avatar\/41975e402c3049d9ddb03adca8f7a883.jpg?ver=1777169572","contentUrl":"https:\/\/www.press7.tv\/wp-content\/litespeed\/avatar\/41975e402c3049d9ddb03adca8f7a883.jpg?ver=1777169572","caption":"gazetar2"},"url":"https:\/\/www.press7.tv\/?author=8"}]}},"amp_enabled":true,"_links":{"self":[{"href":"https:\/\/www.press7.tv\/index.php?rest_route=\/wp\/v2\/posts\/23037","targetHints":{"allow":["GET"]}}],"collection":[{"href":"https:\/\/www.press7.tv\/index.php?rest_route=\/wp\/v2\/posts"}],"about":[{"href":"https:\/\/www.press7.tv\/index.php?rest_route=\/wp\/v2\/types\/post"}],"author":[{"embeddable":true,"href":"https:\/\/www.press7.tv\/index.php?rest_route=\/wp\/v2\/users\/8"}],"replies":[{"embeddable":true,"href":"https:\/\/www.press7.tv\/index.php?rest_route=%2Fwp%2Fv2%2Fcomments&post=23037"}],"version-history":[{"count":1,"href":"https:\/\/www.press7.tv\/index.php?rest_route=\/wp\/v2\/posts\/23037\/revisions"}],"predecessor-version":[{"id":23039,"href":"https:\/\/www.press7.tv\/index.php?rest_route=\/wp\/v2\/posts\/23037\/revisions\/23039"}],"wp:featuredmedia":[{"embeddable":true,"href":"https:\/\/www.press7.tv\/index.php?rest_route=\/wp\/v2\/media\/23038"}],"wp:attachment":[{"href":"https:\/\/www.press7.tv\/index.php?rest_route=%2Fwp%2Fv2%2Fmedia&parent=23037"}],"wp:term":[{"taxonomy":"category","embeddable":true,"href":"https:\/\/www.press7.tv\/index.php?rest_route=%2Fwp%2Fv2%2Fcategories&post=23037"},{"taxonomy":"post_tag","embeddable":true,"href":"https:\/\/www.press7.tv\/index.php?rest_route=%2Fwp%2Fv2%2Ftags&post=23037"}],"curies":[{"name":"wp","href":"https:\/\/api.w.org\/{rel}","templated":true}]}}