{"id":23034,"date":"2025-10-25T09:00:20","date_gmt":"2025-10-25T09:00:20","guid":{"rendered":"https:\/\/www.press7.tv\/?p=23034"},"modified":"2025-10-25T09:00:20","modified_gmt":"2025-10-25T09:00:20","slug":"pse-te-rinjte-kane-ndaluar-se-postuari-ne-rrjete-sociale","status":"publish","type":"post","link":"https:\/\/www.press7.tv\/?p=23034","title":{"rendered":"Pse t\u00eb rinjt\u00eb kan\u00eb ndaluar s\u00eb postuari n\u00eb rrjete sociale?"},"content":{"rendered":"\n    <div class=\"xs_social_share_widget xs_share_url before_content \t\tmain_content  wslu-style-2 wslu-share-box-shaped wslu-fill-colored wslu-share-m-5 wslu-none wslu-share-vertical wslu-theme-font-no wslu-main_content\">\n\n\t\t\n        <ul>\n\t\t\t        <\/ul>\n    <\/div> \n<p>Pas dy dekadash me postime t\u00eb p\u00ebrditshme online, duket se njer\u00ebzit po postojn\u00eb gjithnj\u00eb e m\u00eb pak.<\/p>\n<p>Nj\u00eb anket\u00eb e re tregon se gati nj\u00eb e treta e p\u00ebrdoruesve t\u00eb rrjeteve sociale postojn\u00eb m\u00eb rrall\u00eb se nj\u00eb vit m\u00eb par\u00eb, dhe kjo vihet re sidomos te t\u00eb rinjt\u00eb e brezit Gen Z (individ\u00ebt q\u00eb kan\u00eb lindur n\u00eb mes t\u00eb viteve 1997 dhe 2012).<\/p>\n<p>N\u00eb nj\u00eb ese p\u00ebr revist\u00ebn The New Yorker, shkrimtari Kyle Chayka e quajti k\u00ebt\u00eb fenomen \u201cposting zero\u201d, nj\u00eb pik\u00eb ku njer\u00ebzit e zakonsh\u00ebm ndihen se nuk ia vlen m\u00eb t\u00eb ndajn\u00eb jet\u00ebn e tyre online.<\/p>\n<p>Edhe gazetarja e BBC-s\u00eb, Katty Kay, ka th\u00ebn\u00eb se e ka v\u00ebn\u00eb re k\u00ebt\u00eb ndryshim.<\/p>\n<p>P\u00ebr \u00e7do fotografi pushimi apo t\u00eb f\u00ebmij\u00ebve t\u00eb miqve, shoh dhjet\u00ebra apo qindra postime nga marka e influencer\u00eb q\u00eb reklamojn\u00eb produkte ose trende t\u00eb reja\u201d, ka th\u00ebn\u00eb ajo.<\/p>\n<p>Ajo ka shtuar se dikur rrjetet sociale dukeshin si nj\u00eb zgjatim i jet\u00ebs reale, por, sipas saj, tani duken si \u201cp\u00ebrmbajtje\u201d, jo si shoq\u00ebri.<\/p>\n<p>Sipas Chaykas, kjo ndodh sepse vet\u00eb platformat kan\u00eb ndryshuar.<\/p>\n<p>\u201cRrjetet sociale jan\u00eb b\u00ebr\u00eb m\u00eb pak sociale. Tani jan\u00eb m\u00eb shum\u00eb p\u00ebr konsumimin e p\u00ebrmbajtjeve t\u00eb komercializuara, p\u00ebr aspirata jetese, jo p\u00ebr t\u00eb ndar\u00eb \u00e7far\u00eb po ndodh me miqt\u00eb e familjen. Kjo, sipas meje, ua heq kuptimin rrjeteve sociale\u201d, ka th\u00ebn\u00eb ai.<\/p>\n<p>Ai ka paralajm\u00ebruar se n\u00ebse njer\u00ebzit e zakonsh\u00ebm humbin d\u00ebshir\u00ebn p\u00ebr t\u00eb postuar, rrjetet sociale do t\u00eb b\u00ebhen si televizioni.<\/p>\n<p>\u201cDo t\u00eb mbeten vet\u00ebm reklamat, sht\u00ebpit\u00eb luksoze, veshjet e mod\u00ebs s\u00eb shpejt\u00eb e hotelet. Dhe kjo nuk \u00ebsht\u00eb m\u00eb ajo p\u00ebrzierje e gjall\u00eb, e natyrshme q\u00eb kishim dikur\u201d, ka th\u00ebn\u00eb ai.<\/p>\n<p>Kur Kay e pyet n\u00ebse platformat jan\u00eb t\u00eb shqet\u00ebsuara p\u00ebr k\u00ebt\u00eb r\u00ebnie, Chayka p\u00ebrgjigjet duke th\u00ebn\u00eb se p\u00ebrderisa konsumohet reklama, modeli i tyre do t\u00eb vazhdoj\u00eb t\u00eb funksionoj\u00eb.<\/p>\n<p>\u201cKlient\u00ebt e tyre kryesor\u00eb jan\u00eb reklamuesit. P\u00ebr sa koh\u00eb q\u00eb ne vazhdojm\u00eb t\u00eb shikojm\u00eb e t\u00eb klikojm\u00eb, modeli i tyre funksionon\u201d, ka th\u00ebn\u00eb ai.<\/p>\n<p>Kay ka shtuar se shum\u00eb kompani po mb\u00ebshteten te p\u00ebrmbajtja e krijuar nga inteligjenca artificiale, pasi ajo \u00ebsht\u00eb \u201ce pafundme, e lir\u00eb\u201d, por, sipas tij, e pakuptimt\u00eb.<\/p>\n<p>Nj\u00eb tjet\u00ebr prirje, ai thot\u00eb se \u00ebsht\u00eb zhvendosja e komunikimit drejt bisedave private.<\/p>\n<p>\u201cNjer\u00ebzit po ndajn\u00eb gjithnj\u00eb e m\u00eb shum\u00eb p\u00ebrmes \u2018direct messages\u2019 ose grupeve t\u00eb vogla. Po l\u00ebvizim drejt nj\u00eb m\u00ebnyre m\u00eb intime e m\u00eb private t\u00eb lidhjes online\u201d, ka th\u00ebn\u00eb ai.<\/p>\n<p>P\u00ebr gjeneratat e reja, ky \u00ebsht\u00eb ndoshta edhe nj\u00eb lloj reagimi ndaj ekspozimit t\u00eb tep\u00ebrt q\u00eb nga viti 2010 e tutje.<\/p>\n<p>\u201cKemi m\u00ebsuar an\u00ebn e err\u00ebt t\u00eb shp\u00ebrndarjes publike. N\u00eb fillim marr\u00ebveshja ishte e thjesht\u00eb: n\u00ebse poston, mund t\u00eb fitosh nj\u00eb audienc\u00eb t\u00eb madhe. Por p\u00ebr shum\u00ebk\u00ebnd kjo u shnd\u00ebrrua n\u00eb nj\u00eb cik\u00ebl t\u00eb pafund q\u00eb t\u00eb gllab\u00ebron jet\u00ebn. P\u00ebrve\u00e7 n\u00ebse do t\u00eb b\u00ebhesh influencer, p\u00ebrfitimet jan\u00eb shum\u00eb t\u00eb vogla. M\u00eb mir\u00eb t\u2019u shkruash miqve\u201d, ka th\u00ebn\u00eb Chayka.<\/p>\n<p>Ani pse Chayka beson se kemi kaluar \u201ckulmin e rrjeteve sociale\u201d, ai pranon se var\u00ebsia ndaj telefonit nuk ka ikur.<\/p>\n<p>\u201cTani bisedat jan\u00eb zhvendosur nga postimet publike te grupet private apo Snapchat. Var\u00ebsia dhe shp\u00ebrqendrimi jan\u00eb ende aty, por t\u00eb pakt\u00ebn jemi m\u00eb pak t\u00eb ekspozuar ndaj gjith\u00eb bot\u00ebs\u201d, ka th\u00ebn\u00eb ai.<\/p>\n<p>Sa p\u00ebr t\u00eb ardhmen, ai mendon se njer\u00ebzit do t\u00eb b\u00ebhen edhe m\u00eb pasiv\u00eb.<\/p>\n<p>\u201cN\u00eb pes\u00eb vitet e ardhshme, p\u00ebrdorimi i telefonit do t\u00eb ngjaj\u00eb edhe m\u00eb shum\u00eb me televizionin, shum\u00eb video, shum\u00eb p\u00ebrmbajtje profesionale, shum\u00eb algoritme. Nd\u00ebrsa aspekti shoq\u00ebror do t\u00eb kaloj\u00eb n\u00eb mesazhe ose ndoshta edhe n\u00eb jet\u00ebn reale\u201d, ka th\u00ebn\u00eb ai.<\/p>\n<p>Sipas tij, njer\u00ebzit \u00e7do dit\u00eb e m\u00eb shum\u00eb po i afrohen termit \u201cposting zero\u201d.<\/p>\n<p>\u201cS\u2019ka m\u00eb arsye p\u00ebr t\u00eb postuar selfie apo m\u00ebngjesin t\u00ebnd, n\u00ebse askush s\u2019t\u00eb kushton v\u00ebmendje dhe je i rrethuar nga p\u00ebrmbajtje t\u00eb pakuptimta. Ndoshta rrjetet sociale ishin nj\u00eb devijim, nj\u00eb ide e gabuar q\u00eb \u00e7do njeri duhet t\u00eb ndaj\u00eb jet\u00ebn e vet me publikun. Tani po zgjohemi nga ajo \u00ebnd\u00ebrr dhe po ndryshojm\u00eb zakonet tona\u201d, ka th\u00ebn\u00eb Chayka.<\/p>\n","protected":false},"excerpt":{"rendered":"<p>Pas dy dekadash me postime t\u00eb p\u00ebrditshme online, duket se njer\u00ebzit po postojn\u00eb gjithnj\u00eb e m\u00eb pak. Nj\u00eb anket\u00eb e re tregon se gati nj\u00eb e treta e p\u00ebrdoruesve t\u00eb rrjeteve sociale postojn\u00eb m\u00eb rrall\u00eb se nj\u00eb vit m\u00eb par\u00eb, dhe kjo vihet re sidomos te t\u00eb rinjt\u00eb e brezit Gen Z (individ\u00ebt q\u00eb kan\u00eb [&hellip;]<\/p>\n","protected":false},"author":8,"featured_media":23035,"comment_status":"closed","ping_status":"closed","sticky":false,"template":"","format":"standard","meta":{"footnotes":""},"categories":[266],"tags":[],"class_list":["post-23034","post","type-post","status-publish","format-standard","has-post-thumbnail","hentry","category-teknologji"],"yoast_head":"<!-- This site is optimized with the Yoast SEO plugin v25.1 - https:\/\/yoast.com\/wordpress\/plugins\/seo\/ -->\n<title>Pse t\u00eb rinjt\u00eb kan\u00eb ndaluar s\u00eb postuari n\u00eb rrjete sociale? - press7.tv<\/title>\n<meta name=\"robots\" content=\"index, follow, max-snippet:-1, max-image-preview:large, max-video-preview:-1\" \/>\n<link rel=\"canonical\" href=\"https:\/\/www.press7.tv\/?p=23034\" \/>\n<meta property=\"og:locale\" content=\"en_US\" \/>\n<meta property=\"og:type\" content=\"article\" \/>\n<meta property=\"og:title\" content=\"Pse t\u00eb rinjt\u00eb kan\u00eb ndaluar s\u00eb postuari n\u00eb rrjete sociale? - press7.tv\" \/>\n<meta property=\"og:description\" content=\"Pas dy dekadash me postime t\u00eb p\u00ebrditshme online, duket se njer\u00ebzit po postojn\u00eb gjithnj\u00eb e m\u00eb pak. Nj\u00eb anket\u00eb e re tregon se gati nj\u00eb e treta e p\u00ebrdoruesve t\u00eb rrjeteve sociale postojn\u00eb m\u00eb rrall\u00eb se nj\u00eb vit m\u00eb par\u00eb, dhe kjo vihet re sidomos te t\u00eb rinjt\u00eb e brezit Gen Z (individ\u00ebt q\u00eb kan\u00eb [&hellip;]\" \/>\n<meta property=\"og:url\" content=\"https:\/\/www.press7.tv\/?p=23034\" \/>\n<meta property=\"og:site_name\" content=\"press7.tv\" \/>\n<meta property=\"article:publisher\" content=\"https:\/\/www.facebook.com\/press7.tv\" \/>\n<meta property=\"article:published_time\" content=\"2025-10-25T09:00:20+00:00\" \/>\n<meta property=\"og:image\" content=\"https:\/\/www.press7.tv\/wp-content\/uploads\/2025\/10\/IMG_0380.avif\" \/>\n\t<meta property=\"og:image:width\" content=\"1242\" \/>\n\t<meta property=\"og:image:height\" content=\"720\" \/>\n\t<meta property=\"og:image:type\" content=\"image\/jpeg\" \/>\n<meta name=\"author\" content=\"gazetar2\" \/>\n<meta name=\"twitter:card\" content=\"summary_large_image\" \/>\n<meta name=\"twitter:label1\" content=\"Written by\" \/>\n\t<meta name=\"twitter:data1\" content=\"gazetar2\" \/>\n\t<meta name=\"twitter:label2\" content=\"Est. reading time\" \/>\n\t<meta name=\"twitter:data2\" content=\"1 minute\" \/>\n<script type=\"application\/ld+json\" class=\"yoast-schema-graph\">{\"@context\":\"https:\/\/schema.org\",\"@graph\":[{\"@type\":\"Article\",\"@id\":\"https:\/\/www.press7.tv\/?p=23034#article\",\"isPartOf\":{\"@id\":\"https:\/\/www.press7.tv\/?p=23034\"},\"author\":{\"name\":\"gazetar2\",\"@id\":\"https:\/\/www.news33.tv\/#\/schema\/person\/5a04a38a23ccdba82f9bd665cd8f9efa\"},\"headline\":\"Pse t\u00eb rinjt\u00eb kan\u00eb ndaluar s\u00eb postuari n\u00eb rrjete sociale?\",\"datePublished\":\"2025-10-25T09:00:20+00:00\",\"mainEntityOfPage\":{\"@id\":\"https:\/\/www.press7.tv\/?p=23034\"},\"wordCount\":759,\"publisher\":{\"@id\":\"https:\/\/www.news33.tv\/#organization\"},\"image\":{\"@id\":\"https:\/\/www.press7.tv\/?p=23034#primaryimage\"},\"thumbnailUrl\":\"https:\/\/www.press7.tv\/wp-content\/uploads\/2025\/10\/IMG_0380.avif\",\"articleSection\":[\"Teknologji\"],\"inLanguage\":\"en-US\"},{\"@type\":\"WebPage\",\"@id\":\"https:\/\/www.press7.tv\/?p=23034\",\"url\":\"https:\/\/www.press7.tv\/?p=23034\",\"name\":\"Pse t\u00eb rinjt\u00eb kan\u00eb ndaluar s\u00eb postuari n\u00eb rrjete sociale? - press7.tv\",\"isPartOf\":{\"@id\":\"https:\/\/www.news33.tv\/#website\"},\"primaryImageOfPage\":{\"@id\":\"https:\/\/www.press7.tv\/?p=23034#primaryimage\"},\"image\":{\"@id\":\"https:\/\/www.press7.tv\/?p=23034#primaryimage\"},\"thumbnailUrl\":\"https:\/\/www.press7.tv\/wp-content\/uploads\/2025\/10\/IMG_0380.avif\",\"datePublished\":\"2025-10-25T09:00:20+00:00\",\"breadcrumb\":{\"@id\":\"https:\/\/www.press7.tv\/?p=23034#breadcrumb\"},\"inLanguage\":\"en-US\",\"potentialAction\":[{\"@type\":\"ReadAction\",\"target\":[\"https:\/\/www.press7.tv\/?p=23034\"]}]},{\"@type\":\"ImageObject\",\"inLanguage\":\"en-US\",\"@id\":\"https:\/\/www.press7.tv\/?p=23034#primaryimage\",\"url\":\"https:\/\/www.press7.tv\/wp-content\/uploads\/2025\/10\/IMG_0380.avif\",\"contentUrl\":\"https:\/\/www.press7.tv\/wp-content\/uploads\/2025\/10\/IMG_0380.avif\",\"width\":1242,\"height\":720,\"caption\":\"Screenshot\"},{\"@type\":\"BreadcrumbList\",\"@id\":\"https:\/\/www.press7.tv\/?p=23034#breadcrumb\",\"itemListElement\":[{\"@type\":\"ListItem\",\"position\":1,\"name\":\"Home\",\"item\":\"https:\/\/www.press7.tv\/\"},{\"@type\":\"ListItem\",\"position\":2,\"name\":\"Pse t\u00eb rinjt\u00eb kan\u00eb ndaluar s\u00eb postuari n\u00eb rrjete sociale?\"}]},{\"@type\":\"WebSite\",\"@id\":\"https:\/\/www.news33.tv\/#website\",\"url\":\"https:\/\/www.news33.tv\/\",\"name\":\"News33.tv Media\",\"description\":\"Media\",\"publisher\":{\"@id\":\"https:\/\/www.news33.tv\/#organization\"},\"potentialAction\":[{\"@type\":\"SearchAction\",\"target\":{\"@type\":\"EntryPoint\",\"urlTemplate\":\"https:\/\/www.news33.tv\/?s={search_term_string}\"},\"query-input\":{\"@type\":\"PropertyValueSpecification\",\"valueRequired\":true,\"valueName\":\"search_term_string\"}}],\"inLanguage\":\"en-US\"},{\"@type\":\"Organization\",\"@id\":\"https:\/\/www.news33.tv\/#organization\",\"name\":\"News33.tv Media\",\"url\":\"https:\/\/www.news33.tv\/\",\"logo\":{\"@type\":\"ImageObject\",\"inLanguage\":\"en-US\",\"@id\":\"https:\/\/www.news33.tv\/#\/schema\/logo\/image\/\",\"url\":\"https:\/\/www.press7.tv\/wp-content\/uploads\/2024\/02\/logo-news33-black.png\",\"contentUrl\":\"https:\/\/www.press7.tv\/wp-content\/uploads\/2024\/02\/logo-news33-black.png\",\"width\":180,\"height\":37,\"caption\":\"News33.tv Media\"},\"image\":{\"@id\":\"https:\/\/www.news33.tv\/#\/schema\/logo\/image\/\"},\"sameAs\":[\"https:\/\/www.facebook.com\/press7.tv\"]},{\"@type\":\"Person\",\"@id\":\"https:\/\/www.news33.tv\/#\/schema\/person\/5a04a38a23ccdba82f9bd665cd8f9efa\",\"name\":\"gazetar2\",\"image\":{\"@type\":\"ImageObject\",\"inLanguage\":\"en-US\",\"@id\":\"https:\/\/www.news33.tv\/#\/schema\/person\/image\/\",\"url\":\"https:\/\/www.press7.tv\/wp-content\/litespeed\/avatar\/41975e402c3049d9ddb03adca8f7a883.jpg?ver=1777169572\",\"contentUrl\":\"https:\/\/www.press7.tv\/wp-content\/litespeed\/avatar\/41975e402c3049d9ddb03adca8f7a883.jpg?ver=1777169572\",\"caption\":\"gazetar2\"},\"url\":\"https:\/\/www.press7.tv\/?author=8\"}]}<\/script>\n<!-- \/ Yoast SEO plugin. -->","yoast_head_json":{"title":"Pse t\u00eb rinjt\u00eb kan\u00eb ndaluar s\u00eb postuari n\u00eb rrjete sociale? - press7.tv","robots":{"index":"index","follow":"follow","max-snippet":"max-snippet:-1","max-image-preview":"max-image-preview:large","max-video-preview":"max-video-preview:-1"},"canonical":"https:\/\/www.press7.tv\/?p=23034","og_locale":"en_US","og_type":"article","og_title":"Pse t\u00eb rinjt\u00eb kan\u00eb ndaluar s\u00eb postuari n\u00eb rrjete sociale? - press7.tv","og_description":"Pas dy dekadash me postime t\u00eb p\u00ebrditshme online, duket se njer\u00ebzit po postojn\u00eb gjithnj\u00eb e m\u00eb pak. Nj\u00eb anket\u00eb e re tregon se gati nj\u00eb e treta e p\u00ebrdoruesve t\u00eb rrjeteve sociale postojn\u00eb m\u00eb rrall\u00eb se nj\u00eb vit m\u00eb par\u00eb, dhe kjo vihet re sidomos te t\u00eb rinjt\u00eb e brezit Gen Z (individ\u00ebt q\u00eb kan\u00eb [&hellip;]","og_url":"https:\/\/www.press7.tv\/?p=23034","og_site_name":"press7.tv","article_publisher":"https:\/\/www.facebook.com\/press7.tv","article_published_time":"2025-10-25T09:00:20+00:00","og_image":[{"width":1242,"height":720,"url":"https:\/\/www.press7.tv\/wp-content\/uploads\/2025\/10\/IMG_0380.avif","type":"image\/jpeg"}],"author":"gazetar2","twitter_card":"summary_large_image","twitter_misc":{"Written by":"gazetar2","Est. reading time":"1 minute"},"schema":{"@context":"https:\/\/schema.org","@graph":[{"@type":"Article","@id":"https:\/\/www.press7.tv\/?p=23034#article","isPartOf":{"@id":"https:\/\/www.press7.tv\/?p=23034"},"author":{"name":"gazetar2","@id":"https:\/\/www.news33.tv\/#\/schema\/person\/5a04a38a23ccdba82f9bd665cd8f9efa"},"headline":"Pse t\u00eb rinjt\u00eb kan\u00eb ndaluar s\u00eb postuari n\u00eb rrjete sociale?","datePublished":"2025-10-25T09:00:20+00:00","mainEntityOfPage":{"@id":"https:\/\/www.press7.tv\/?p=23034"},"wordCount":759,"publisher":{"@id":"https:\/\/www.news33.tv\/#organization"},"image":{"@id":"https:\/\/www.press7.tv\/?p=23034#primaryimage"},"thumbnailUrl":"https:\/\/www.press7.tv\/wp-content\/uploads\/2025\/10\/IMG_0380.avif","articleSection":["Teknologji"],"inLanguage":"en-US"},{"@type":"WebPage","@id":"https:\/\/www.press7.tv\/?p=23034","url":"https:\/\/www.press7.tv\/?p=23034","name":"Pse t\u00eb rinjt\u00eb kan\u00eb ndaluar s\u00eb postuari n\u00eb rrjete sociale? - press7.tv","isPartOf":{"@id":"https:\/\/www.news33.tv\/#website"},"primaryImageOfPage":{"@id":"https:\/\/www.press7.tv\/?p=23034#primaryimage"},"image":{"@id":"https:\/\/www.press7.tv\/?p=23034#primaryimage"},"thumbnailUrl":"https:\/\/www.press7.tv\/wp-content\/uploads\/2025\/10\/IMG_0380.avif","datePublished":"2025-10-25T09:00:20+00:00","breadcrumb":{"@id":"https:\/\/www.press7.tv\/?p=23034#breadcrumb"},"inLanguage":"en-US","potentialAction":[{"@type":"ReadAction","target":["https:\/\/www.press7.tv\/?p=23034"]}]},{"@type":"ImageObject","inLanguage":"en-US","@id":"https:\/\/www.press7.tv\/?p=23034#primaryimage","url":"https:\/\/www.press7.tv\/wp-content\/uploads\/2025\/10\/IMG_0380.avif","contentUrl":"https:\/\/www.press7.tv\/wp-content\/uploads\/2025\/10\/IMG_0380.avif","width":1242,"height":720,"caption":"Screenshot"},{"@type":"BreadcrumbList","@id":"https:\/\/www.press7.tv\/?p=23034#breadcrumb","itemListElement":[{"@type":"ListItem","position":1,"name":"Home","item":"https:\/\/www.press7.tv\/"},{"@type":"ListItem","position":2,"name":"Pse t\u00eb rinjt\u00eb kan\u00eb ndaluar s\u00eb postuari n\u00eb rrjete sociale?"}]},{"@type":"WebSite","@id":"https:\/\/www.news33.tv\/#website","url":"https:\/\/www.news33.tv\/","name":"News33.tv Media","description":"Media","publisher":{"@id":"https:\/\/www.news33.tv\/#organization"},"potentialAction":[{"@type":"SearchAction","target":{"@type":"EntryPoint","urlTemplate":"https:\/\/www.news33.tv\/?s={search_term_string}"},"query-input":{"@type":"PropertyValueSpecification","valueRequired":true,"valueName":"search_term_string"}}],"inLanguage":"en-US"},{"@type":"Organization","@id":"https:\/\/www.news33.tv\/#organization","name":"News33.tv Media","url":"https:\/\/www.news33.tv\/","logo":{"@type":"ImageObject","inLanguage":"en-US","@id":"https:\/\/www.news33.tv\/#\/schema\/logo\/image\/","url":"https:\/\/www.press7.tv\/wp-content\/uploads\/2024\/02\/logo-news33-black.png","contentUrl":"https:\/\/www.press7.tv\/wp-content\/uploads\/2024\/02\/logo-news33-black.png","width":180,"height":37,"caption":"News33.tv Media"},"image":{"@id":"https:\/\/www.news33.tv\/#\/schema\/logo\/image\/"},"sameAs":["https:\/\/www.facebook.com\/press7.tv"]},{"@type":"Person","@id":"https:\/\/www.news33.tv\/#\/schema\/person\/5a04a38a23ccdba82f9bd665cd8f9efa","name":"gazetar2","image":{"@type":"ImageObject","inLanguage":"en-US","@id":"https:\/\/www.news33.tv\/#\/schema\/person\/image\/","url":"https:\/\/www.press7.tv\/wp-content\/litespeed\/avatar\/41975e402c3049d9ddb03adca8f7a883.jpg?ver=1777169572","contentUrl":"https:\/\/www.press7.tv\/wp-content\/litespeed\/avatar\/41975e402c3049d9ddb03adca8f7a883.jpg?ver=1777169572","caption":"gazetar2"},"url":"https:\/\/www.press7.tv\/?author=8"}]}},"amp_enabled":true,"_links":{"self":[{"href":"https:\/\/www.press7.tv\/index.php?rest_route=\/wp\/v2\/posts\/23034","targetHints":{"allow":["GET"]}}],"collection":[{"href":"https:\/\/www.press7.tv\/index.php?rest_route=\/wp\/v2\/posts"}],"about":[{"href":"https:\/\/www.press7.tv\/index.php?rest_route=\/wp\/v2\/types\/post"}],"author":[{"embeddable":true,"href":"https:\/\/www.press7.tv\/index.php?rest_route=\/wp\/v2\/users\/8"}],"replies":[{"embeddable":true,"href":"https:\/\/www.press7.tv\/index.php?rest_route=%2Fwp%2Fv2%2Fcomments&post=23034"}],"version-history":[{"count":1,"href":"https:\/\/www.press7.tv\/index.php?rest_route=\/wp\/v2\/posts\/23034\/revisions"}],"predecessor-version":[{"id":23036,"href":"https:\/\/www.press7.tv\/index.php?rest_route=\/wp\/v2\/posts\/23034\/revisions\/23036"}],"wp:featuredmedia":[{"embeddable":true,"href":"https:\/\/www.press7.tv\/index.php?rest_route=\/wp\/v2\/media\/23035"}],"wp:attachment":[{"href":"https:\/\/www.press7.tv\/index.php?rest_route=%2Fwp%2Fv2%2Fmedia&parent=23034"}],"wp:term":[{"taxonomy":"category","embeddable":true,"href":"https:\/\/www.press7.tv\/index.php?rest_route=%2Fwp%2Fv2%2Fcategories&post=23034"},{"taxonomy":"post_tag","embeddable":true,"href":"https:\/\/www.press7.tv\/index.php?rest_route=%2Fwp%2Fv2%2Ftags&post=23034"}],"curies":[{"name":"wp","href":"https:\/\/api.w.org\/{rel}","templated":true}]}}