{"id":23019,"date":"2025-10-24T13:17:13","date_gmt":"2025-10-24T13:17:13","guid":{"rendered":"https:\/\/www.press7.tv\/?p=23019"},"modified":"2025-10-24T13:17:13","modified_gmt":"2025-10-24T13:17:13","slug":"kqz-fushata-zgjedhore-per-balotazhin-nga-3-deri-me-9-nentor","status":"publish","type":"post","link":"https:\/\/www.press7.tv\/?p=23019","title":{"rendered":"KQZ: Fushata zgjedhore p\u00ebr balotazhin nga 3 deri m\u00eb 9 n\u00ebntor"},"content":{"rendered":"\n    <div class=\"xs_social_share_widget xs_share_url before_content \t\tmain_content  wslu-style-2 wslu-share-box-shaped wslu-fill-colored wslu-share-m-5 wslu-none wslu-share-vertical wslu-theme-font-no wslu-main_content\">\n\n\t\t\n        <ul>\n\t\t\t        <\/ul>\n    <\/div> \n<p>Komisioni Qendror i Zgjedhjeve ka vendosur q\u00eb aktivitetet zgjedhore p\u00ebr raundin e dyt\u00eb t\u00eb zgjedhjeve lokale p\u00ebr Kryetar\u00eb t\u00eb Komunave, do t\u00eb jet\u00eb nga 3 deri m\u00eb 9 n\u00ebntor 2025.<\/p>\n<p>Sipas vendimit t\u00eb KQZ-s\u00eb p\u00ebr miratimin e planit t\u00eb aktiviteteve, fushata zgjedhore p\u00ebr subjektet politike dhe kandidat\u00ebt q\u00eb garojn\u00eb n\u00eb raundin e dyt\u00eb, do t\u00eb filloj\u00eb m\u00eb 3 n\u00ebntor dhe do t\u00eb p\u00ebrfundoj\u00eb n\u00eb or\u00ebn 06:59 m\u00eb 9 n\u00ebntor.<\/p>\n<p>Po sipas vendimit t\u00eb KQZ-s\u00eb, nga 26 tetori deri m\u00eb 29 n\u00ebntor, \u00ebsht\u00eb planifikuar q\u00eb t\u00eb b\u00ebhet d\u00ebrgimi i flet\u00ebvotimeve p\u00ebr votuesit jasht\u00eb Kosov\u00ebs, t\u00eb cil\u00ebt jan\u00eb regjistruar gjat\u00eb raundit t\u00eb par\u00eb dhe q\u00eb i takojn\u00eb komunave ku do t\u00eb mbahet raundi i dyt\u00eb. Nd\u00ebrkaq, votimi p\u00ebrmes post\u00ebs do t\u00eb filloj\u00eb m\u00eb 27 tetor dhe do t\u00eb p\u00ebrfundoj\u00eb m\u00eb 8 n\u00ebntor 2025.KQZ do t\u2019i jap\u00eb mund\u00ebsi subjekteve politike q\u00eb do t\u00eb garojn\u00eb n\u00eb raundin e dyt\u00eb q\u00eb t\u00eb akreditojn\u00eb v\u00ebzhgues shtes\u00eb dhe t\u00eb konfirmojn\u00eb v\u00ebzhguesit e akredituar. Kjo mund t\u00eb b\u00ebhet nga data 28 tetor deri m\u00eb 3 n\u00ebntor.<\/p>\n<p>Edhe mediat, OJQ-t\u00eb, organizatat nd\u00ebrkomb\u00ebtare dhe p\u00ebrfaq\u00ebsuesit diplomatike, do t\u00eb duhet q\u00eb t\u00eb konfirmojn\u00eb v\u00ebzhguesit e tyre nga 31 tetori deri m\u00eb 3 n\u00ebntor 2025.<\/p>\n<p>N\u00eb k\u00ebt\u00eb mbledhje, KQZ mori vendim p\u00ebr miratimin e rekomandimeve p\u00ebr p\u00ebrfshirjen n\u00eb rezultatet p\u00ebrfundimtare t\u00eb rezultateve q\u00eb dol\u00ebn pas rinum\u00ebrimit t\u00eb 16 kutive t\u00eb votimit nga 12 vendvotime t\u00eb ndryshme. <\/p>\n<p>Vendvotimet e rinum\u00ebruara me vendim t\u00eb KQZ-s\u00eb p\u00ebr shkak t\u00eb evidentimit t\u00eb mosp\u00ebrputhjeve, jan\u00eb: De\u00e7an (0105\/03 \u2013 Kuvend Komunal); Gllogoc (0305\/02, 0327\/01, 0329\/02 \u2013 Kuvend Komunal), Gjilan (0408\/05, 0408\/06 \u2013 Kryetar Komune dhe Kuvend Komunal), Lijan (1301\/08 \u2013 Kuvend Komunal), Prishtin\u00eb (1904\/04 \u2013 Kryetar Komune dhe Kuvend Komunal), Prizren (2034\/04 \u2013 Kryetar Komune; 2034\/01 | 2034\/03 \u2013 Kuvend Komunal), Shtime (2207\/01 \u2013 Kryetar Komune) dhe Suharek\u00eb (2404\/01 \u2013 Kuvend Komunal).<\/p>\n<p>Gjithashtu, n\u00eb mbledhje \u00ebsht\u00eb b\u00ebr\u00eb e ditur se personat q\u00eb mbushin 18 vjet do t\u00eb p\u00ebrfshihen n\u00eb list\u00ebn e votuesve p\u00ebr raundin e dyt\u00eb t\u00eb zgjedhjeve. Nd\u00ebrsa ata q\u00eb mbushin 18 vjet dhe jetojn\u00eb jasht\u00eb Kosov\u00ebs do t\u00eb duhet t\u00eb vijn\u00eb n\u00eb Kosov\u00eb p\u00ebr t\u00eb votuar. Po ashtu, personat q\u00eb kan\u00eb hequr dor\u00eb nga shtet\u00ebsia e Kosov\u00ebs do t\u00eb largohen drejtp\u00ebrdrejt nga lista e rregullt e votuesve n\u00eb Kosov\u00eb.<\/p>\n","protected":false},"excerpt":{"rendered":"<p>Komisioni Qendror i Zgjedhjeve ka vendosur q\u00eb aktivitetet zgjedhore p\u00ebr raundin e dyt\u00eb t\u00eb zgjedhjeve lokale p\u00ebr Kryetar\u00eb t\u00eb Komunave, do t\u00eb jet\u00eb nga 3 deri m\u00eb 9 n\u00ebntor 2025. Sipas vendimit t\u00eb KQZ-s\u00eb p\u00ebr miratimin e planit t\u00eb aktiviteteve, fushata zgjedhore p\u00ebr subjektet politike dhe kandidat\u00ebt q\u00eb garojn\u00eb n\u00eb raundin e dyt\u00eb, do t\u00eb [&hellip;]<\/p>\n","protected":false},"author":8,"featured_media":23020,"comment_status":"closed","ping_status":"closed","sticky":false,"template":"","format":"standard","meta":{"footnotes":""},"categories":[215,213],"tags":[],"class_list":["post-23019","post","type-post","status-publish","format-standard","has-post-thumbnail","hentry","category-kosove","category-lajme"],"yoast_head":"<!-- This site is optimized with the Yoast SEO plugin v25.1 - https:\/\/yoast.com\/wordpress\/plugins\/seo\/ -->\n<title>KQZ: Fushata zgjedhore p\u00ebr balotazhin nga 3 deri m\u00eb 9 n\u00ebntor - press7.tv<\/title>\n<meta name=\"robots\" content=\"index, follow, max-snippet:-1, max-image-preview:large, max-video-preview:-1\" \/>\n<link rel=\"canonical\" href=\"https:\/\/www.press7.tv\/?p=23019\" \/>\n<meta property=\"og:locale\" content=\"en_US\" \/>\n<meta property=\"og:type\" content=\"article\" \/>\n<meta property=\"og:title\" content=\"KQZ: Fushata zgjedhore p\u00ebr balotazhin nga 3 deri m\u00eb 9 n\u00ebntor - press7.tv\" \/>\n<meta property=\"og:description\" content=\"Komisioni Qendror i Zgjedhjeve ka vendosur q\u00eb aktivitetet zgjedhore p\u00ebr raundin e dyt\u00eb t\u00eb zgjedhjeve lokale p\u00ebr Kryetar\u00eb t\u00eb Komunave, do t\u00eb jet\u00eb nga 3 deri m\u00eb 9 n\u00ebntor 2025. Sipas vendimit t\u00eb KQZ-s\u00eb p\u00ebr miratimin e planit t\u00eb aktiviteteve, fushata zgjedhore p\u00ebr subjektet politike dhe kandidat\u00ebt q\u00eb garojn\u00eb n\u00eb raundin e dyt\u00eb, do t\u00eb [&hellip;]\" \/>\n<meta property=\"og:url\" content=\"https:\/\/www.press7.tv\/?p=23019\" \/>\n<meta property=\"og:site_name\" content=\"press7.tv\" \/>\n<meta property=\"article:publisher\" content=\"https:\/\/www.facebook.com\/press7.tv\" \/>\n<meta property=\"article:published_time\" content=\"2025-10-24T13:17:13+00:00\" \/>\n<meta property=\"og:image\" content=\"https:\/\/www.press7.tv\/wp-content\/uploads\/2025\/10\/IMG_0352.avif\" \/>\n\t<meta property=\"og:image:width\" content=\"1360\" \/>\n\t<meta property=\"og:image:height\" content=\"870\" \/>\n\t<meta property=\"og:image:type\" content=\"image\/webp\" \/>\n<meta name=\"author\" content=\"gazetar2\" \/>\n<meta name=\"twitter:card\" content=\"summary_large_image\" \/>\n<meta name=\"twitter:label1\" content=\"Written by\" \/>\n\t<meta name=\"twitter:data1\" content=\"gazetar2\" \/>\n\t<meta name=\"twitter:label2\" content=\"Est. reading time\" \/>\n\t<meta name=\"twitter:data2\" content=\"1 minute\" \/>\n<script type=\"application\/ld+json\" class=\"yoast-schema-graph\">{\"@context\":\"https:\/\/schema.org\",\"@graph\":[{\"@type\":\"Article\",\"@id\":\"https:\/\/www.press7.tv\/?p=23019#article\",\"isPartOf\":{\"@id\":\"https:\/\/www.press7.tv\/?p=23019\"},\"author\":{\"name\":\"gazetar2\",\"@id\":\"https:\/\/www.news33.tv\/#\/schema\/person\/5a04a38a23ccdba82f9bd665cd8f9efa\"},\"headline\":\"KQZ: Fushata zgjedhore p\u00ebr balotazhin nga 3 deri m\u00eb 9 n\u00ebntor\",\"datePublished\":\"2025-10-24T13:17:13+00:00\",\"mainEntityOfPage\":{\"@id\":\"https:\/\/www.press7.tv\/?p=23019\"},\"wordCount\":387,\"publisher\":{\"@id\":\"https:\/\/www.news33.tv\/#organization\"},\"image\":{\"@id\":\"https:\/\/www.press7.tv\/?p=23019#primaryimage\"},\"thumbnailUrl\":\"https:\/\/www.press7.tv\/wp-content\/uploads\/2025\/10\/IMG_0352.avif\",\"articleSection\":[\"Kosov\u00eb\",\"Lajme\"],\"inLanguage\":\"en-US\"},{\"@type\":\"WebPage\",\"@id\":\"https:\/\/www.press7.tv\/?p=23019\",\"url\":\"https:\/\/www.press7.tv\/?p=23019\",\"name\":\"KQZ: Fushata zgjedhore p\u00ebr balotazhin nga 3 deri m\u00eb 9 n\u00ebntor - press7.tv\",\"isPartOf\":{\"@id\":\"https:\/\/www.news33.tv\/#website\"},\"primaryImageOfPage\":{\"@id\":\"https:\/\/www.press7.tv\/?p=23019#primaryimage\"},\"image\":{\"@id\":\"https:\/\/www.press7.tv\/?p=23019#primaryimage\"},\"thumbnailUrl\":\"https:\/\/www.press7.tv\/wp-content\/uploads\/2025\/10\/IMG_0352.avif\",\"datePublished\":\"2025-10-24T13:17:13+00:00\",\"breadcrumb\":{\"@id\":\"https:\/\/www.press7.tv\/?p=23019#breadcrumb\"},\"inLanguage\":\"en-US\",\"potentialAction\":[{\"@type\":\"ReadAction\",\"target\":[\"https:\/\/www.press7.tv\/?p=23019\"]}]},{\"@type\":\"ImageObject\",\"inLanguage\":\"en-US\",\"@id\":\"https:\/\/www.press7.tv\/?p=23019#primaryimage\",\"url\":\"https:\/\/www.press7.tv\/wp-content\/uploads\/2025\/10\/IMG_0352.avif\",\"contentUrl\":\"https:\/\/www.press7.tv\/wp-content\/uploads\/2025\/10\/IMG_0352.avif\",\"width\":1360,\"height\":870},{\"@type\":\"BreadcrumbList\",\"@id\":\"https:\/\/www.press7.tv\/?p=23019#breadcrumb\",\"itemListElement\":[{\"@type\":\"ListItem\",\"position\":1,\"name\":\"Home\",\"item\":\"https:\/\/www.press7.tv\/\"},{\"@type\":\"ListItem\",\"position\":2,\"name\":\"KQZ: Fushata zgjedhore p\u00ebr balotazhin nga 3 deri m\u00eb 9 n\u00ebntor\"}]},{\"@type\":\"WebSite\",\"@id\":\"https:\/\/www.news33.tv\/#website\",\"url\":\"https:\/\/www.news33.tv\/\",\"name\":\"News33.tv Media\",\"description\":\"Media\",\"publisher\":{\"@id\":\"https:\/\/www.news33.tv\/#organization\"},\"potentialAction\":[{\"@type\":\"SearchAction\",\"target\":{\"@type\":\"EntryPoint\",\"urlTemplate\":\"https:\/\/www.news33.tv\/?s={search_term_string}\"},\"query-input\":{\"@type\":\"PropertyValueSpecification\",\"valueRequired\":true,\"valueName\":\"search_term_string\"}}],\"inLanguage\":\"en-US\"},{\"@type\":\"Organization\",\"@id\":\"https:\/\/www.news33.tv\/#organization\",\"name\":\"News33.tv Media\",\"url\":\"https:\/\/www.news33.tv\/\",\"logo\":{\"@type\":\"ImageObject\",\"inLanguage\":\"en-US\",\"@id\":\"https:\/\/www.news33.tv\/#\/schema\/logo\/image\/\",\"url\":\"https:\/\/www.press7.tv\/wp-content\/uploads\/2024\/02\/logo-news33-black.png\",\"contentUrl\":\"https:\/\/www.press7.tv\/wp-content\/uploads\/2024\/02\/logo-news33-black.png\",\"width\":180,\"height\":37,\"caption\":\"News33.tv Media\"},\"image\":{\"@id\":\"https:\/\/www.news33.tv\/#\/schema\/logo\/image\/\"},\"sameAs\":[\"https:\/\/www.facebook.com\/press7.tv\"]},{\"@type\":\"Person\",\"@id\":\"https:\/\/www.news33.tv\/#\/schema\/person\/5a04a38a23ccdba82f9bd665cd8f9efa\",\"name\":\"gazetar2\",\"image\":{\"@type\":\"ImageObject\",\"inLanguage\":\"en-US\",\"@id\":\"https:\/\/www.news33.tv\/#\/schema\/person\/image\/\",\"url\":\"https:\/\/www.press7.tv\/wp-content\/litespeed\/avatar\/41975e402c3049d9ddb03adca8f7a883.jpg?ver=1777169572\",\"contentUrl\":\"https:\/\/www.press7.tv\/wp-content\/litespeed\/avatar\/41975e402c3049d9ddb03adca8f7a883.jpg?ver=1777169572\",\"caption\":\"gazetar2\"},\"url\":\"https:\/\/www.press7.tv\/?author=8\"}]}<\/script>\n<!-- \/ Yoast SEO plugin. -->","yoast_head_json":{"title":"KQZ: Fushata zgjedhore p\u00ebr balotazhin nga 3 deri m\u00eb 9 n\u00ebntor - press7.tv","robots":{"index":"index","follow":"follow","max-snippet":"max-snippet:-1","max-image-preview":"max-image-preview:large","max-video-preview":"max-video-preview:-1"},"canonical":"https:\/\/www.press7.tv\/?p=23019","og_locale":"en_US","og_type":"article","og_title":"KQZ: Fushata zgjedhore p\u00ebr balotazhin nga 3 deri m\u00eb 9 n\u00ebntor - press7.tv","og_description":"Komisioni Qendror i Zgjedhjeve ka vendosur q\u00eb aktivitetet zgjedhore p\u00ebr raundin e dyt\u00eb t\u00eb zgjedhjeve lokale p\u00ebr Kryetar\u00eb t\u00eb Komunave, do t\u00eb jet\u00eb nga 3 deri m\u00eb 9 n\u00ebntor 2025. Sipas vendimit t\u00eb KQZ-s\u00eb p\u00ebr miratimin e planit t\u00eb aktiviteteve, fushata zgjedhore p\u00ebr subjektet politike dhe kandidat\u00ebt q\u00eb garojn\u00eb n\u00eb raundin e dyt\u00eb, do t\u00eb [&hellip;]","og_url":"https:\/\/www.press7.tv\/?p=23019","og_site_name":"press7.tv","article_publisher":"https:\/\/www.facebook.com\/press7.tv","article_published_time":"2025-10-24T13:17:13+00:00","og_image":[{"width":1360,"height":870,"url":"https:\/\/www.press7.tv\/wp-content\/uploads\/2025\/10\/IMG_0352.avif","type":"image\/webp"}],"author":"gazetar2","twitter_card":"summary_large_image","twitter_misc":{"Written by":"gazetar2","Est. reading time":"1 minute"},"schema":{"@context":"https:\/\/schema.org","@graph":[{"@type":"Article","@id":"https:\/\/www.press7.tv\/?p=23019#article","isPartOf":{"@id":"https:\/\/www.press7.tv\/?p=23019"},"author":{"name":"gazetar2","@id":"https:\/\/www.news33.tv\/#\/schema\/person\/5a04a38a23ccdba82f9bd665cd8f9efa"},"headline":"KQZ: Fushata zgjedhore p\u00ebr balotazhin nga 3 deri m\u00eb 9 n\u00ebntor","datePublished":"2025-10-24T13:17:13+00:00","mainEntityOfPage":{"@id":"https:\/\/www.press7.tv\/?p=23019"},"wordCount":387,"publisher":{"@id":"https:\/\/www.news33.tv\/#organization"},"image":{"@id":"https:\/\/www.press7.tv\/?p=23019#primaryimage"},"thumbnailUrl":"https:\/\/www.press7.tv\/wp-content\/uploads\/2025\/10\/IMG_0352.avif","articleSection":["Kosov\u00eb","Lajme"],"inLanguage":"en-US"},{"@type":"WebPage","@id":"https:\/\/www.press7.tv\/?p=23019","url":"https:\/\/www.press7.tv\/?p=23019","name":"KQZ: Fushata zgjedhore p\u00ebr balotazhin nga 3 deri m\u00eb 9 n\u00ebntor - press7.tv","isPartOf":{"@id":"https:\/\/www.news33.tv\/#website"},"primaryImageOfPage":{"@id":"https:\/\/www.press7.tv\/?p=23019#primaryimage"},"image":{"@id":"https:\/\/www.press7.tv\/?p=23019#primaryimage"},"thumbnailUrl":"https:\/\/www.press7.tv\/wp-content\/uploads\/2025\/10\/IMG_0352.avif","datePublished":"2025-10-24T13:17:13+00:00","breadcrumb":{"@id":"https:\/\/www.press7.tv\/?p=23019#breadcrumb"},"inLanguage":"en-US","potentialAction":[{"@type":"ReadAction","target":["https:\/\/www.press7.tv\/?p=23019"]}]},{"@type":"ImageObject","inLanguage":"en-US","@id":"https:\/\/www.press7.tv\/?p=23019#primaryimage","url":"https:\/\/www.press7.tv\/wp-content\/uploads\/2025\/10\/IMG_0352.avif","contentUrl":"https:\/\/www.press7.tv\/wp-content\/uploads\/2025\/10\/IMG_0352.avif","width":1360,"height":870},{"@type":"BreadcrumbList","@id":"https:\/\/www.press7.tv\/?p=23019#breadcrumb","itemListElement":[{"@type":"ListItem","position":1,"name":"Home","item":"https:\/\/www.press7.tv\/"},{"@type":"ListItem","position":2,"name":"KQZ: Fushata zgjedhore p\u00ebr balotazhin nga 3 deri m\u00eb 9 n\u00ebntor"}]},{"@type":"WebSite","@id":"https:\/\/www.news33.tv\/#website","url":"https:\/\/www.news33.tv\/","name":"News33.tv Media","description":"Media","publisher":{"@id":"https:\/\/www.news33.tv\/#organization"},"potentialAction":[{"@type":"SearchAction","target":{"@type":"EntryPoint","urlTemplate":"https:\/\/www.news33.tv\/?s={search_term_string}"},"query-input":{"@type":"PropertyValueSpecification","valueRequired":true,"valueName":"search_term_string"}}],"inLanguage":"en-US"},{"@type":"Organization","@id":"https:\/\/www.news33.tv\/#organization","name":"News33.tv Media","url":"https:\/\/www.news33.tv\/","logo":{"@type":"ImageObject","inLanguage":"en-US","@id":"https:\/\/www.news33.tv\/#\/schema\/logo\/image\/","url":"https:\/\/www.press7.tv\/wp-content\/uploads\/2024\/02\/logo-news33-black.png","contentUrl":"https:\/\/www.press7.tv\/wp-content\/uploads\/2024\/02\/logo-news33-black.png","width":180,"height":37,"caption":"News33.tv Media"},"image":{"@id":"https:\/\/www.news33.tv\/#\/schema\/logo\/image\/"},"sameAs":["https:\/\/www.facebook.com\/press7.tv"]},{"@type":"Person","@id":"https:\/\/www.news33.tv\/#\/schema\/person\/5a04a38a23ccdba82f9bd665cd8f9efa","name":"gazetar2","image":{"@type":"ImageObject","inLanguage":"en-US","@id":"https:\/\/www.news33.tv\/#\/schema\/person\/image\/","url":"https:\/\/www.press7.tv\/wp-content\/litespeed\/avatar\/41975e402c3049d9ddb03adca8f7a883.jpg?ver=1777169572","contentUrl":"https:\/\/www.press7.tv\/wp-content\/litespeed\/avatar\/41975e402c3049d9ddb03adca8f7a883.jpg?ver=1777169572","caption":"gazetar2"},"url":"https:\/\/www.press7.tv\/?author=8"}]}},"amp_enabled":true,"_links":{"self":[{"href":"https:\/\/www.press7.tv\/index.php?rest_route=\/wp\/v2\/posts\/23019","targetHints":{"allow":["GET"]}}],"collection":[{"href":"https:\/\/www.press7.tv\/index.php?rest_route=\/wp\/v2\/posts"}],"about":[{"href":"https:\/\/www.press7.tv\/index.php?rest_route=\/wp\/v2\/types\/post"}],"author":[{"embeddable":true,"href":"https:\/\/www.press7.tv\/index.php?rest_route=\/wp\/v2\/users\/8"}],"replies":[{"embeddable":true,"href":"https:\/\/www.press7.tv\/index.php?rest_route=%2Fwp%2Fv2%2Fcomments&post=23019"}],"version-history":[{"count":1,"href":"https:\/\/www.press7.tv\/index.php?rest_route=\/wp\/v2\/posts\/23019\/revisions"}],"predecessor-version":[{"id":23021,"href":"https:\/\/www.press7.tv\/index.php?rest_route=\/wp\/v2\/posts\/23019\/revisions\/23021"}],"wp:featuredmedia":[{"embeddable":true,"href":"https:\/\/www.press7.tv\/index.php?rest_route=\/wp\/v2\/media\/23020"}],"wp:attachment":[{"href":"https:\/\/www.press7.tv\/index.php?rest_route=%2Fwp%2Fv2%2Fmedia&parent=23019"}],"wp:term":[{"taxonomy":"category","embeddable":true,"href":"https:\/\/www.press7.tv\/index.php?rest_route=%2Fwp%2Fv2%2Fcategories&post=23019"},{"taxonomy":"post_tag","embeddable":true,"href":"https:\/\/www.press7.tv\/index.php?rest_route=%2Fwp%2Fv2%2Ftags&post=23019"}],"curies":[{"name":"wp","href":"https:\/\/api.w.org\/{rel}","templated":true}]}}