{"id":23016,"date":"2025-10-24T13:12:44","date_gmt":"2025-10-24T13:12:44","guid":{"rendered":"https:\/\/www.press7.tv\/?p=23016"},"modified":"2025-10-24T13:12:44","modified_gmt":"2025-10-24T13:12:44","slug":"wesley-clark-pritet-te-deshmoje-ne-gjykimin-ndaj-ish-krereve-te-uck-se","status":"publish","type":"post","link":"https:\/\/www.press7.tv\/?p=23016","title":{"rendered":"Wesley Clark pritet t\u00eb d\u00ebshmoj\u00eb n\u00eb gjykimin ndaj ish-krer\u00ebve t\u00eb U\u00c7K-s\u00eb"},"content":{"rendered":"\n    <div class=\"xs_social_share_widget xs_share_url before_content \t\tmain_content  wslu-style-2 wslu-share-box-shaped wslu-fill-colored wslu-share-m-5 wslu-none wslu-share-vertical wslu-theme-font-no wslu-main_content\">\n\n\t\t\n        <ul>\n\t\t\t        <\/ul>\n    <\/div> \n<p>Shtetet e Bashkuara t\u00eb Amerik\u00ebs kan\u00eb dh\u00ebn\u00eb autorizimin q\u00eb Gjenerali Wesley Clark t\u00eb d\u00ebshmoj\u00eb n\u00eb gjykimin ndaj Hashim Tha\u00e7it, Kadri V eselit, Rexhep Selimit dhe Jakup Krasniqit.<\/p>\n<p>\u201cSipas Urdhrit t\u00eb Panelit t\u00eb Gjyqit t\u00eb dat\u00ebs 2 Shtator 2025, Mbrojtja p\u00ebr Z. Hashim Tha\u00e7i (\u201cMbrojtja\u201d) njofton se \u00ebsht\u00eb marr\u00eb leja nga qeveria e Shteteve t\u00eb Bashkuara (\u201cOfruesi i Rregull\u00ebs 107\u201d), duke autorizuar deklarat\u00ebn dhe d\u00ebshmin\u00eb e d\u00ebshmitarit t\u00eb fundit, 1D\u00cb-007, Gjeneral Wesley Clark\u201d, thuhet n\u00eb parashtrimin e avokatit t\u00eb Tha\u00e7it, Luka Mishetiq.<\/p>\n<p>Si\u00e7 \u00ebsht\u00eb njoftuar edhe m\u00eb par\u00eb, ky d\u00ebshmitar pritet t\u00eb d\u00ebshmoj\u00eb si d\u00ebshmitari i fundit i mbrojtjes.<\/p>\n<p>Sipas parashtrimit, Clark ka th\u00ebn\u00eb se nuk mundet ta b\u00ebj\u00eb udh\u00ebtimin p\u00ebr n\u00eb Hag\u00eb p\u00ebrpara 17 n\u00ebntorit 2025 dhe p\u00ebr k\u00ebto arsye mund t\u00eb filloj\u00eb d\u00ebshmin\u00eb me 18 n\u00ebntor ose me 19 n\u00ebntor 2025.<\/p>\n<p>Vec k\u00ebsaj, mbrojtja ka k\u00ebrkuar nga trupi gjykues q\u00eb t\u00eb caktohet edhe 21 n\u00ebntori p\u00ebr seanc\u00eb n\u00eb rast q\u00eb \u00ebsht\u00eb e nevojshme p\u00ebr finalizimin e d\u00ebshmis\u00eb s\u00eb Clark.<\/p>\n<p>Po ashtu, mbrojtja ka k\u00ebrkuar edhe ndryshimin e list\u00ebs s\u00eb provave t\u00eb dor\u00ebzuar, duke k\u00ebrkuar shtimin e deklarat\u00ebs s\u00eb Clark.<\/p>\n<p>\u201cSa i p\u00ebrket arsyes s\u00eb mir\u00eb, Mbrojtja k\u00ebrkon shtimin e k\u00ebsaj Deklarate n\u00eb List\u00ebn e Provave n\u00eb m\u00ebnyr\u00eb q\u00eb ajo t\u00eb mund t\u00eb dor\u00ebzohet sipas Rregull\u00ebs 154. Pranimi sipas Rregull\u00ebs 154 do t\u00eb kursente koh\u00eb n\u00eb sall\u00ebn e gjyqit dhe do t\u00eb siguronte q\u00eb prezantimi i provave t\u00eb 1D\u00cb-007 t\u00eb ishte i fokusuar, dhe jo i p\u00ebrs\u00ebritur ose i dyfisht\u00eb. Si\u00e7 p\u00ebrshkruhet m\u00eb posht\u00eb, 1D\u00cb-007 siguron prova jasht\u00ebzakonisht relevante dhe lirueshme, t\u00eb cilat jan\u00eb provuese p\u00ebr \u00e7\u00ebshtjet n\u00eb k\u00ebto procedura. P\u00ebr k\u00ebt\u00eb arsye, Deklarata ka relevanc\u00eb dhe r\u00ebnd\u00ebsi t\u00eb mjaftueshme p\u00ebr t\u00eb justifikuar shtimin e saj n\u00eb List\u00ebn e Provave\u201d, thuhet n\u00eb parashtrim.<\/p>\n<p>N\u00eb parashtrimin e vet\u00eb, mbrojtja thot\u00eb se do t\u00eb Clark do t\u00eb jep d\u00ebshmi rreth p\u00ebrpjekjeve t\u00eb NATO-s p\u00ebr t\u00eb zbatuar marr\u00ebveshjen e tetorit 1998 n\u00eb m\u00ebs Holbrooke dhe Millosheviq. \u201c1D\u00cb-007 \u00ebsht\u00eb nj\u00eb ish-Gjeneral i dekoruar me kat\u00ebr yje n\u00eb Ushtrin\u00eb e Shteteve t\u00eb Bashkuara, i cili sh\u00ebrbeu si Komandant Suprem i i NATO-s nga 1997 deri n\u00eb 2000. 1D\u00cb-007 jep d\u00ebshmi rreth drejtimit t\u00eb p\u00ebrpjekjeve t\u00eb NATO-s p\u00ebr t\u00eb zbatuar Marr\u00ebveshjen Holbrooke-Millosheviq nga Tetori 1998, zbatimin e Rezolut\u00ebs 1199 t\u00eb K\u00ebshillit t\u00eb Sigurimit t\u00eb OKB-s\u00eb, kryerjen e fushat\u00ebs ajrore kund\u00ebr forcave jugosllave pas refuzimit t\u00eb Millosheviqit p\u00ebr t\u00eb n\u00ebnshkruar marr\u00ebveshjet e Rambujes\u00eb, vendosjen e forcave n\u00eb Kosov\u00eb n\u00eb p\u00ebrputhje me Marr\u00ebveshjen Ushtarake Teknike dhe Rezolut\u00ebn 1244 t\u00eb KS t\u00eb OKB-s\u00eb, dhe mbik\u00ebqyrjen e demilitarizimit dhe transformimit t\u00eb U\u00c7K-s\u00eb\u201d, thuhet n\u00eb dokument.<\/p>\n<p>P\u00ebrve\u00e7 k\u00ebsaj, thuhet se Clark ka dijeni p\u00ebr dhun\u00ebn pas kthimit t\u00eb refugjat\u00ebve kosovar dhe tregon p\u00ebr shkaqet e k\u00ebsaj dhune n\u00eb ver\u00ebn e 1999-\u00ebs.<\/p>\n<p>\u201c1D\u00cb-007 p\u00ebrshkruan dijenin p\u00ebr val\u00ebn e dhun\u00ebs n\u00eb ver\u00ebn e vitit 1999 pas kthimit t\u00eb refugjat\u00ebve kosovar\u00eb dhe analizon shkaqet e k\u00ebsaj dhune dhe faktin se ai nuk besonte se udh\u00ebheqja e U\u00c7K-s\u00eb ishte e angazhuar n\u00eb nj\u00eb p\u00ebrpjekje t\u00eb koordinuar p\u00ebr t\u00eb sulmuar serb\u00ebt ose minoritetet\u201d, thuhet n\u00eb parashtrim. P\u00ebrvec k\u00ebsaj, thuhet se Clark do t\u00eb p\u00ebrshkruaj edhe nd\u00ebrveprimet me U\u00c7K-n\u00eb, delegacionin kosovar n\u00eb Rambuje e n\u00eb ve\u00e7anti edhe Thacin p\u00ebr t\u00eb cilin ka th\u00ebn\u00eb se nuk ka pasur kontroll mbi U\u00c7K-n\u00eb\u201d.<\/p>\n<p>S\u00eb fundi, 1D\u00cb-007 p\u00ebrshkruan nd\u00ebrveprimet e ndryshme q\u00eb ka pasur me U\u00c7K-n\u00eb, delegacionin shqiptar t\u00eb Kosov\u00ebs n\u00eb Rambuje dhe ve\u00e7an\u00ebrisht me Z. Tha\u00e7i. Ai jep v\u00ebzhgimet dhe p\u00ebrshtypjet e tij mbi munges\u00ebn e struktur\u00ebs dhe organizimit t\u00eb U\u00c7K-s\u00eb, dhe munges\u00ebn e \u00e7do komandimi ose kontrolli funksional. Ai gjithashtu v\u00ebzhgoi munges\u00ebn e kontrollit q\u00eb kishte Z. Tha\u00e7i mbi U\u00c7K-n\u00eb, dhe se ai ishte vet\u00ebm nj\u00eb person politik pa p\u00ebrvoj\u00eb ushtarake, si dhe p\u00ebrshkruan pse do t\u00eb ishte e padrejt\u00eb t\u00eb atribuohej keqadministrimi i t\u00eb tjer\u00ebve tek Z. Tha\u00e7i\u201d, thuhet tutje.\/ \u201cBetimi p\u00ebr Drejt\u00ebsi\u201d.<\/p>\n","protected":false},"excerpt":{"rendered":"<p>Shtetet e Bashkuara t\u00eb Amerik\u00ebs kan\u00eb dh\u00ebn\u00eb autorizimin q\u00eb Gjenerali Wesley Clark t\u00eb d\u00ebshmoj\u00eb n\u00eb gjykimin ndaj Hashim Tha\u00e7it, Kadri V eselit, Rexhep Selimit dhe Jakup Krasniqit. \u201cSipas Urdhrit t\u00eb Panelit t\u00eb Gjyqit t\u00eb dat\u00ebs 2 Shtator 2025, Mbrojtja p\u00ebr Z. Hashim Tha\u00e7i (\u201cMbrojtja\u201d) njofton se \u00ebsht\u00eb marr\u00eb leja nga qeveria e Shteteve t\u00eb Bashkuara [&hellip;]<\/p>\n","protected":false},"author":8,"featured_media":23017,"comment_status":"closed","ping_status":"closed","sticky":false,"template":"","format":"standard","meta":{"footnotes":""},"categories":[217,215,213],"tags":[],"class_list":["post-23016","post","type-post","status-publish","format-standard","has-post-thumbnail","hentry","category-bote","category-kosove","category-lajme"],"yoast_head":"<!-- This site is optimized with the Yoast SEO plugin v25.1 - https:\/\/yoast.com\/wordpress\/plugins\/seo\/ -->\n<title>Wesley Clark pritet t\u00eb d\u00ebshmoj\u00eb n\u00eb gjykimin ndaj ish-krer\u00ebve t\u00eb U\u00c7K-s\u00eb - press7.tv<\/title>\n<meta name=\"robots\" content=\"index, follow, max-snippet:-1, max-image-preview:large, max-video-preview:-1\" \/>\n<link rel=\"canonical\" href=\"https:\/\/www.press7.tv\/?p=23016\" \/>\n<meta property=\"og:locale\" content=\"en_US\" \/>\n<meta property=\"og:type\" content=\"article\" \/>\n<meta property=\"og:title\" content=\"Wesley Clark pritet t\u00eb d\u00ebshmoj\u00eb n\u00eb gjykimin ndaj ish-krer\u00ebve t\u00eb U\u00c7K-s\u00eb - press7.tv\" \/>\n<meta property=\"og:description\" content=\"Shtetet e Bashkuara t\u00eb Amerik\u00ebs kan\u00eb dh\u00ebn\u00eb autorizimin q\u00eb Gjenerali Wesley Clark t\u00eb d\u00ebshmoj\u00eb n\u00eb gjykimin ndaj Hashim Tha\u00e7it, Kadri V eselit, Rexhep Selimit dhe Jakup Krasniqit. \u201cSipas Urdhrit t\u00eb Panelit t\u00eb Gjyqit t\u00eb dat\u00ebs 2 Shtator 2025, Mbrojtja p\u00ebr Z. Hashim Tha\u00e7i (\u201cMbrojtja\u201d) njofton se \u00ebsht\u00eb marr\u00eb leja nga qeveria e Shteteve t\u00eb Bashkuara [&hellip;]\" \/>\n<meta property=\"og:url\" content=\"https:\/\/www.press7.tv\/?p=23016\" \/>\n<meta property=\"og:site_name\" content=\"press7.tv\" \/>\n<meta property=\"article:publisher\" content=\"https:\/\/www.facebook.com\/press7.tv\" \/>\n<meta property=\"article:published_time\" content=\"2025-10-24T13:12:44+00:00\" \/>\n<meta property=\"og:image\" content=\"https:\/\/www.press7.tv\/wp-content\/uploads\/2025\/10\/IMG_0355.avif\" \/>\n\t<meta property=\"og:image:width\" content=\"900\" \/>\n\t<meta property=\"og:image:height\" content=\"540\" \/>\n\t<meta property=\"og:image:type\" content=\"image\/webp\" \/>\n<meta name=\"author\" content=\"gazetar2\" \/>\n<meta name=\"twitter:card\" content=\"summary_large_image\" \/>\n<meta name=\"twitter:label1\" content=\"Written by\" \/>\n\t<meta name=\"twitter:data1\" content=\"gazetar2\" \/>\n\t<meta name=\"twitter:label2\" content=\"Est. reading time\" \/>\n\t<meta name=\"twitter:data2\" content=\"1 minute\" \/>\n<script type=\"application\/ld+json\" class=\"yoast-schema-graph\">{\"@context\":\"https:\/\/schema.org\",\"@graph\":[{\"@type\":\"Article\",\"@id\":\"https:\/\/www.press7.tv\/?p=23016#article\",\"isPartOf\":{\"@id\":\"https:\/\/www.press7.tv\/?p=23016\"},\"author\":{\"name\":\"gazetar2\",\"@id\":\"https:\/\/www.news33.tv\/#\/schema\/person\/5a04a38a23ccdba82f9bd665cd8f9efa\"},\"headline\":\"Wesley Clark pritet t\u00eb d\u00ebshmoj\u00eb n\u00eb gjykimin ndaj ish-krer\u00ebve t\u00eb U\u00c7K-s\u00eb\",\"datePublished\":\"2025-10-24T13:12:44+00:00\",\"mainEntityOfPage\":{\"@id\":\"https:\/\/www.press7.tv\/?p=23016\"},\"wordCount\":753,\"publisher\":{\"@id\":\"https:\/\/www.news33.tv\/#organization\"},\"image\":{\"@id\":\"https:\/\/www.press7.tv\/?p=23016#primaryimage\"},\"thumbnailUrl\":\"https:\/\/www.press7.tv\/wp-content\/uploads\/2025\/10\/IMG_0355.avif\",\"articleSection\":[\"Bot\u00eb\",\"Kosov\u00eb\",\"Lajme\"],\"inLanguage\":\"en-US\"},{\"@type\":\"WebPage\",\"@id\":\"https:\/\/www.press7.tv\/?p=23016\",\"url\":\"https:\/\/www.press7.tv\/?p=23016\",\"name\":\"Wesley Clark pritet t\u00eb d\u00ebshmoj\u00eb n\u00eb gjykimin ndaj ish-krer\u00ebve t\u00eb U\u00c7K-s\u00eb - press7.tv\",\"isPartOf\":{\"@id\":\"https:\/\/www.news33.tv\/#website\"},\"primaryImageOfPage\":{\"@id\":\"https:\/\/www.press7.tv\/?p=23016#primaryimage\"},\"image\":{\"@id\":\"https:\/\/www.press7.tv\/?p=23016#primaryimage\"},\"thumbnailUrl\":\"https:\/\/www.press7.tv\/wp-content\/uploads\/2025\/10\/IMG_0355.avif\",\"datePublished\":\"2025-10-24T13:12:44+00:00\",\"breadcrumb\":{\"@id\":\"https:\/\/www.press7.tv\/?p=23016#breadcrumb\"},\"inLanguage\":\"en-US\",\"potentialAction\":[{\"@type\":\"ReadAction\",\"target\":[\"https:\/\/www.press7.tv\/?p=23016\"]}]},{\"@type\":\"ImageObject\",\"inLanguage\":\"en-US\",\"@id\":\"https:\/\/www.press7.tv\/?p=23016#primaryimage\",\"url\":\"https:\/\/www.press7.tv\/wp-content\/uploads\/2025\/10\/IMG_0355.avif\",\"contentUrl\":\"https:\/\/www.press7.tv\/wp-content\/uploads\/2025\/10\/IMG_0355.avif\",\"width\":900,\"height\":540},{\"@type\":\"BreadcrumbList\",\"@id\":\"https:\/\/www.press7.tv\/?p=23016#breadcrumb\",\"itemListElement\":[{\"@type\":\"ListItem\",\"position\":1,\"name\":\"Home\",\"item\":\"https:\/\/www.press7.tv\/\"},{\"@type\":\"ListItem\",\"position\":2,\"name\":\"Wesley Clark pritet t\u00eb d\u00ebshmoj\u00eb n\u00eb gjykimin ndaj ish-krer\u00ebve t\u00eb U\u00c7K-s\u00eb\"}]},{\"@type\":\"WebSite\",\"@id\":\"https:\/\/www.news33.tv\/#website\",\"url\":\"https:\/\/www.news33.tv\/\",\"name\":\"News33.tv Media\",\"description\":\"Media\",\"publisher\":{\"@id\":\"https:\/\/www.news33.tv\/#organization\"},\"potentialAction\":[{\"@type\":\"SearchAction\",\"target\":{\"@type\":\"EntryPoint\",\"urlTemplate\":\"https:\/\/www.news33.tv\/?s={search_term_string}\"},\"query-input\":{\"@type\":\"PropertyValueSpecification\",\"valueRequired\":true,\"valueName\":\"search_term_string\"}}],\"inLanguage\":\"en-US\"},{\"@type\":\"Organization\",\"@id\":\"https:\/\/www.news33.tv\/#organization\",\"name\":\"News33.tv Media\",\"url\":\"https:\/\/www.news33.tv\/\",\"logo\":{\"@type\":\"ImageObject\",\"inLanguage\":\"en-US\",\"@id\":\"https:\/\/www.news33.tv\/#\/schema\/logo\/image\/\",\"url\":\"https:\/\/www.press7.tv\/wp-content\/uploads\/2024\/02\/logo-news33-black.png\",\"contentUrl\":\"https:\/\/www.press7.tv\/wp-content\/uploads\/2024\/02\/logo-news33-black.png\",\"width\":180,\"height\":37,\"caption\":\"News33.tv Media\"},\"image\":{\"@id\":\"https:\/\/www.news33.tv\/#\/schema\/logo\/image\/\"},\"sameAs\":[\"https:\/\/www.facebook.com\/press7.tv\"]},{\"@type\":\"Person\",\"@id\":\"https:\/\/www.news33.tv\/#\/schema\/person\/5a04a38a23ccdba82f9bd665cd8f9efa\",\"name\":\"gazetar2\",\"image\":{\"@type\":\"ImageObject\",\"inLanguage\":\"en-US\",\"@id\":\"https:\/\/www.news33.tv\/#\/schema\/person\/image\/\",\"url\":\"https:\/\/www.press7.tv\/wp-content\/litespeed\/avatar\/41975e402c3049d9ddb03adca8f7a883.jpg?ver=1777169572\",\"contentUrl\":\"https:\/\/www.press7.tv\/wp-content\/litespeed\/avatar\/41975e402c3049d9ddb03adca8f7a883.jpg?ver=1777169572\",\"caption\":\"gazetar2\"},\"url\":\"https:\/\/www.press7.tv\/?author=8\"}]}<\/script>\n<!-- \/ Yoast SEO plugin. -->","yoast_head_json":{"title":"Wesley Clark pritet t\u00eb d\u00ebshmoj\u00eb n\u00eb gjykimin ndaj ish-krer\u00ebve t\u00eb U\u00c7K-s\u00eb - press7.tv","robots":{"index":"index","follow":"follow","max-snippet":"max-snippet:-1","max-image-preview":"max-image-preview:large","max-video-preview":"max-video-preview:-1"},"canonical":"https:\/\/www.press7.tv\/?p=23016","og_locale":"en_US","og_type":"article","og_title":"Wesley Clark pritet t\u00eb d\u00ebshmoj\u00eb n\u00eb gjykimin ndaj ish-krer\u00ebve t\u00eb U\u00c7K-s\u00eb - press7.tv","og_description":"Shtetet e Bashkuara t\u00eb Amerik\u00ebs kan\u00eb dh\u00ebn\u00eb autorizimin q\u00eb Gjenerali Wesley Clark t\u00eb d\u00ebshmoj\u00eb n\u00eb gjykimin ndaj Hashim Tha\u00e7it, Kadri V eselit, Rexhep Selimit dhe Jakup Krasniqit. \u201cSipas Urdhrit t\u00eb Panelit t\u00eb Gjyqit t\u00eb dat\u00ebs 2 Shtator 2025, Mbrojtja p\u00ebr Z. Hashim Tha\u00e7i (\u201cMbrojtja\u201d) njofton se \u00ebsht\u00eb marr\u00eb leja nga qeveria e Shteteve t\u00eb Bashkuara [&hellip;]","og_url":"https:\/\/www.press7.tv\/?p=23016","og_site_name":"press7.tv","article_publisher":"https:\/\/www.facebook.com\/press7.tv","article_published_time":"2025-10-24T13:12:44+00:00","og_image":[{"width":900,"height":540,"url":"https:\/\/www.press7.tv\/wp-content\/uploads\/2025\/10\/IMG_0355.avif","type":"image\/webp"}],"author":"gazetar2","twitter_card":"summary_large_image","twitter_misc":{"Written by":"gazetar2","Est. reading time":"1 minute"},"schema":{"@context":"https:\/\/schema.org","@graph":[{"@type":"Article","@id":"https:\/\/www.press7.tv\/?p=23016#article","isPartOf":{"@id":"https:\/\/www.press7.tv\/?p=23016"},"author":{"name":"gazetar2","@id":"https:\/\/www.news33.tv\/#\/schema\/person\/5a04a38a23ccdba82f9bd665cd8f9efa"},"headline":"Wesley Clark pritet t\u00eb d\u00ebshmoj\u00eb n\u00eb gjykimin ndaj ish-krer\u00ebve t\u00eb U\u00c7K-s\u00eb","datePublished":"2025-10-24T13:12:44+00:00","mainEntityOfPage":{"@id":"https:\/\/www.press7.tv\/?p=23016"},"wordCount":753,"publisher":{"@id":"https:\/\/www.news33.tv\/#organization"},"image":{"@id":"https:\/\/www.press7.tv\/?p=23016#primaryimage"},"thumbnailUrl":"https:\/\/www.press7.tv\/wp-content\/uploads\/2025\/10\/IMG_0355.avif","articleSection":["Bot\u00eb","Kosov\u00eb","Lajme"],"inLanguage":"en-US"},{"@type":"WebPage","@id":"https:\/\/www.press7.tv\/?p=23016","url":"https:\/\/www.press7.tv\/?p=23016","name":"Wesley Clark pritet t\u00eb d\u00ebshmoj\u00eb n\u00eb gjykimin ndaj ish-krer\u00ebve t\u00eb U\u00c7K-s\u00eb - press7.tv","isPartOf":{"@id":"https:\/\/www.news33.tv\/#website"},"primaryImageOfPage":{"@id":"https:\/\/www.press7.tv\/?p=23016#primaryimage"},"image":{"@id":"https:\/\/www.press7.tv\/?p=23016#primaryimage"},"thumbnailUrl":"https:\/\/www.press7.tv\/wp-content\/uploads\/2025\/10\/IMG_0355.avif","datePublished":"2025-10-24T13:12:44+00:00","breadcrumb":{"@id":"https:\/\/www.press7.tv\/?p=23016#breadcrumb"},"inLanguage":"en-US","potentialAction":[{"@type":"ReadAction","target":["https:\/\/www.press7.tv\/?p=23016"]}]},{"@type":"ImageObject","inLanguage":"en-US","@id":"https:\/\/www.press7.tv\/?p=23016#primaryimage","url":"https:\/\/www.press7.tv\/wp-content\/uploads\/2025\/10\/IMG_0355.avif","contentUrl":"https:\/\/www.press7.tv\/wp-content\/uploads\/2025\/10\/IMG_0355.avif","width":900,"height":540},{"@type":"BreadcrumbList","@id":"https:\/\/www.press7.tv\/?p=23016#breadcrumb","itemListElement":[{"@type":"ListItem","position":1,"name":"Home","item":"https:\/\/www.press7.tv\/"},{"@type":"ListItem","position":2,"name":"Wesley Clark pritet t\u00eb d\u00ebshmoj\u00eb n\u00eb gjykimin ndaj ish-krer\u00ebve t\u00eb U\u00c7K-s\u00eb"}]},{"@type":"WebSite","@id":"https:\/\/www.news33.tv\/#website","url":"https:\/\/www.news33.tv\/","name":"News33.tv Media","description":"Media","publisher":{"@id":"https:\/\/www.news33.tv\/#organization"},"potentialAction":[{"@type":"SearchAction","target":{"@type":"EntryPoint","urlTemplate":"https:\/\/www.news33.tv\/?s={search_term_string}"},"query-input":{"@type":"PropertyValueSpecification","valueRequired":true,"valueName":"search_term_string"}}],"inLanguage":"en-US"},{"@type":"Organization","@id":"https:\/\/www.news33.tv\/#organization","name":"News33.tv Media","url":"https:\/\/www.news33.tv\/","logo":{"@type":"ImageObject","inLanguage":"en-US","@id":"https:\/\/www.news33.tv\/#\/schema\/logo\/image\/","url":"https:\/\/www.press7.tv\/wp-content\/uploads\/2024\/02\/logo-news33-black.png","contentUrl":"https:\/\/www.press7.tv\/wp-content\/uploads\/2024\/02\/logo-news33-black.png","width":180,"height":37,"caption":"News33.tv Media"},"image":{"@id":"https:\/\/www.news33.tv\/#\/schema\/logo\/image\/"},"sameAs":["https:\/\/www.facebook.com\/press7.tv"]},{"@type":"Person","@id":"https:\/\/www.news33.tv\/#\/schema\/person\/5a04a38a23ccdba82f9bd665cd8f9efa","name":"gazetar2","image":{"@type":"ImageObject","inLanguage":"en-US","@id":"https:\/\/www.news33.tv\/#\/schema\/person\/image\/","url":"https:\/\/www.press7.tv\/wp-content\/litespeed\/avatar\/41975e402c3049d9ddb03adca8f7a883.jpg?ver=1777169572","contentUrl":"https:\/\/www.press7.tv\/wp-content\/litespeed\/avatar\/41975e402c3049d9ddb03adca8f7a883.jpg?ver=1777169572","caption":"gazetar2"},"url":"https:\/\/www.press7.tv\/?author=8"}]}},"amp_enabled":true,"_links":{"self":[{"href":"https:\/\/www.press7.tv\/index.php?rest_route=\/wp\/v2\/posts\/23016","targetHints":{"allow":["GET"]}}],"collection":[{"href":"https:\/\/www.press7.tv\/index.php?rest_route=\/wp\/v2\/posts"}],"about":[{"href":"https:\/\/www.press7.tv\/index.php?rest_route=\/wp\/v2\/types\/post"}],"author":[{"embeddable":true,"href":"https:\/\/www.press7.tv\/index.php?rest_route=\/wp\/v2\/users\/8"}],"replies":[{"embeddable":true,"href":"https:\/\/www.press7.tv\/index.php?rest_route=%2Fwp%2Fv2%2Fcomments&post=23016"}],"version-history":[{"count":1,"href":"https:\/\/www.press7.tv\/index.php?rest_route=\/wp\/v2\/posts\/23016\/revisions"}],"predecessor-version":[{"id":23018,"href":"https:\/\/www.press7.tv\/index.php?rest_route=\/wp\/v2\/posts\/23016\/revisions\/23018"}],"wp:featuredmedia":[{"embeddable":true,"href":"https:\/\/www.press7.tv\/index.php?rest_route=\/wp\/v2\/media\/23017"}],"wp:attachment":[{"href":"https:\/\/www.press7.tv\/index.php?rest_route=%2Fwp%2Fv2%2Fmedia&parent=23016"}],"wp:term":[{"taxonomy":"category","embeddable":true,"href":"https:\/\/www.press7.tv\/index.php?rest_route=%2Fwp%2Fv2%2Fcategories&post=23016"},{"taxonomy":"post_tag","embeddable":true,"href":"https:\/\/www.press7.tv\/index.php?rest_route=%2Fwp%2Fv2%2Ftags&post=23016"}],"curies":[{"name":"wp","href":"https:\/\/api.w.org\/{rel}","templated":true}]}}