{"id":23013,"date":"2025-10-24T13:06:20","date_gmt":"2025-10-24T13:06:20","guid":{"rendered":"https:\/\/www.press7.tv\/?p=23013"},"modified":"2025-10-24T13:06:20","modified_gmt":"2025-10-24T13:06:20","slug":"qeveria-ne-detyre-mban-mbledhje-merr-dy-vendime","status":"publish","type":"post","link":"https:\/\/www.press7.tv\/?p=23013","title":{"rendered":"Qeveria n\u00eb detyr\u00eb mban mbledhje, merr dy vendime"},"content":{"rendered":"\n    <div class=\"xs_social_share_widget xs_share_url before_content \t\tmain_content  wslu-style-2 wslu-share-box-shaped wslu-fill-colored wslu-share-m-5 wslu-none wslu-share-vertical wslu-theme-font-no wslu-main_content\">\n\n\t\t\n        <ul>\n\t\t\t        <\/ul>\n    <\/div> \n<p>Qeveria n\u00eb detyr\u00eb e Kosov\u00ebs ka mbajtur mbledhje elektronike n\u00eb t\u00eb cil\u00ebn i ka marr\u00eb dy vendime. <\/p>\n<p>N\u00eb njoftimin e Zyr\u00ebs s\u00eb Kryeministrit thuhet se Qeveria ka marr\u00eb vendim q\u00eb t\u00eb ndaj\u00eb 10 mij\u00eb euro me q\u00ebllim t\u00eb promovimit t\u00eb vendit, p\u00ebr Organizat\u00ebn FLOSSK \u2014 Free Libre Open Source Software Kosova, p\u00ebr edicionin e 10-t\u00eb t\u00eb Konferenc\u00ebs &#8220;Software Freedom Kosova (SFK)&#8221;, e cila thuhet se do t\u00eb mbahet m\u00eb 24 &#8211; 26 tetor 2025 n\u00eb Fakultetin e Inxhinieris\u00eb Elektrike dhe Kompjuterike n\u00eb Prishtin\u00eb. <\/p>\n<p>Gjithashtu Qeveria ka aprovuar Raportin n\u00ebnt\u00ebmujor t\u00eb Buxhetit t\u00eb Republik\u00ebs s\u00eb Kosov\u00ebs p\u00ebr vitin 2025.<\/p>\n","protected":false},"excerpt":{"rendered":"<p>Qeveria n\u00eb detyr\u00eb e Kosov\u00ebs ka mbajtur mbledhje elektronike n\u00eb t\u00eb cil\u00ebn i ka marr\u00eb dy vendime. N\u00eb njoftimin e Zyr\u00ebs s\u00eb Kryeministrit thuhet se Qeveria ka marr\u00eb vendim q\u00eb t\u00eb ndaj\u00eb 10 mij\u00eb euro me q\u00ebllim t\u00eb promovimit t\u00eb vendit, p\u00ebr Organizat\u00ebn FLOSSK \u2014 Free Libre Open Source Software Kosova, p\u00ebr edicionin e 10-t\u00eb [&hellip;]<\/p>\n","protected":false},"author":8,"featured_media":23014,"comment_status":"closed","ping_status":"closed","sticky":false,"template":"","format":"standard","meta":{"footnotes":""},"categories":[215,213],"tags":[],"class_list":["post-23013","post","type-post","status-publish","format-standard","has-post-thumbnail","hentry","category-kosove","category-lajme"],"yoast_head":"<!-- This site is optimized with the Yoast SEO plugin v25.1 - https:\/\/yoast.com\/wordpress\/plugins\/seo\/ -->\n<title>Qeveria n\u00eb detyr\u00eb mban mbledhje, merr dy vendime - press7.tv<\/title>\n<meta name=\"robots\" content=\"index, follow, max-snippet:-1, max-image-preview:large, max-video-preview:-1\" \/>\n<link rel=\"canonical\" href=\"https:\/\/www.press7.tv\/?p=23013\" \/>\n<meta property=\"og:locale\" content=\"en_US\" \/>\n<meta property=\"og:type\" content=\"article\" \/>\n<meta property=\"og:title\" content=\"Qeveria n\u00eb detyr\u00eb mban mbledhje, merr dy vendime - press7.tv\" \/>\n<meta property=\"og:description\" content=\"Qeveria n\u00eb detyr\u00eb e Kosov\u00ebs ka mbajtur mbledhje elektronike n\u00eb t\u00eb cil\u00ebn i ka marr\u00eb dy vendime. N\u00eb njoftimin e Zyr\u00ebs s\u00eb Kryeministrit thuhet se Qeveria ka marr\u00eb vendim q\u00eb t\u00eb ndaj\u00eb 10 mij\u00eb euro me q\u00ebllim t\u00eb promovimit t\u00eb vendit, p\u00ebr Organizat\u00ebn FLOSSK \u2014 Free Libre Open Source Software Kosova, p\u00ebr edicionin e 10-t\u00eb [&hellip;]\" \/>\n<meta property=\"og:url\" content=\"https:\/\/www.press7.tv\/?p=23013\" \/>\n<meta property=\"og:site_name\" content=\"press7.tv\" \/>\n<meta property=\"article:publisher\" content=\"https:\/\/www.facebook.com\/press7.tv\" \/>\n<meta property=\"article:published_time\" content=\"2025-10-24T13:06:20+00:00\" \/>\n<meta property=\"og:image\" content=\"https:\/\/www.press7.tv\/wp-content\/uploads\/2025\/10\/IMG_0353.avif\" \/>\n\t<meta property=\"og:image:width\" content=\"1360\" \/>\n\t<meta property=\"og:image:height\" content=\"870\" \/>\n\t<meta property=\"og:image:type\" content=\"image\/webp\" \/>\n<meta name=\"author\" content=\"gazetar2\" \/>\n<meta name=\"twitter:card\" content=\"summary_large_image\" \/>\n<meta name=\"twitter:label1\" content=\"Written by\" \/>\n\t<meta name=\"twitter:data1\" content=\"gazetar2\" \/>\n\t<meta name=\"twitter:label2\" content=\"Est. reading time\" \/>\n\t<meta name=\"twitter:data2\" content=\"1 minute\" \/>\n<script type=\"application\/ld+json\" class=\"yoast-schema-graph\">{\"@context\":\"https:\/\/schema.org\",\"@graph\":[{\"@type\":\"Article\",\"@id\":\"https:\/\/www.press7.tv\/?p=23013#article\",\"isPartOf\":{\"@id\":\"https:\/\/www.press7.tv\/?p=23013\"},\"author\":{\"name\":\"gazetar2\",\"@id\":\"https:\/\/www.news33.tv\/#\/schema\/person\/5a04a38a23ccdba82f9bd665cd8f9efa\"},\"headline\":\"Qeveria n\u00eb detyr\u00eb mban mbledhje, merr dy vendime\",\"datePublished\":\"2025-10-24T13:06:20+00:00\",\"mainEntityOfPage\":{\"@id\":\"https:\/\/www.press7.tv\/?p=23013\"},\"wordCount\":113,\"publisher\":{\"@id\":\"https:\/\/www.news33.tv\/#organization\"},\"image\":{\"@id\":\"https:\/\/www.press7.tv\/?p=23013#primaryimage\"},\"thumbnailUrl\":\"https:\/\/www.press7.tv\/wp-content\/uploads\/2025\/10\/IMG_0353.avif\",\"articleSection\":[\"Kosov\u00eb\",\"Lajme\"],\"inLanguage\":\"en-US\"},{\"@type\":\"WebPage\",\"@id\":\"https:\/\/www.press7.tv\/?p=23013\",\"url\":\"https:\/\/www.press7.tv\/?p=23013\",\"name\":\"Qeveria n\u00eb detyr\u00eb mban mbledhje, merr dy vendime - press7.tv\",\"isPartOf\":{\"@id\":\"https:\/\/www.news33.tv\/#website\"},\"primaryImageOfPage\":{\"@id\":\"https:\/\/www.press7.tv\/?p=23013#primaryimage\"},\"image\":{\"@id\":\"https:\/\/www.press7.tv\/?p=23013#primaryimage\"},\"thumbnailUrl\":\"https:\/\/www.press7.tv\/wp-content\/uploads\/2025\/10\/IMG_0353.avif\",\"datePublished\":\"2025-10-24T13:06:20+00:00\",\"breadcrumb\":{\"@id\":\"https:\/\/www.press7.tv\/?p=23013#breadcrumb\"},\"inLanguage\":\"en-US\",\"potentialAction\":[{\"@type\":\"ReadAction\",\"target\":[\"https:\/\/www.press7.tv\/?p=23013\"]}]},{\"@type\":\"ImageObject\",\"inLanguage\":\"en-US\",\"@id\":\"https:\/\/www.press7.tv\/?p=23013#primaryimage\",\"url\":\"https:\/\/www.press7.tv\/wp-content\/uploads\/2025\/10\/IMG_0353.avif\",\"contentUrl\":\"https:\/\/www.press7.tv\/wp-content\/uploads\/2025\/10\/IMG_0353.avif\",\"width\":1360,\"height\":870},{\"@type\":\"BreadcrumbList\",\"@id\":\"https:\/\/www.press7.tv\/?p=23013#breadcrumb\",\"itemListElement\":[{\"@type\":\"ListItem\",\"position\":1,\"name\":\"Home\",\"item\":\"https:\/\/www.press7.tv\/\"},{\"@type\":\"ListItem\",\"position\":2,\"name\":\"Qeveria n\u00eb detyr\u00eb mban mbledhje, merr dy vendime\"}]},{\"@type\":\"WebSite\",\"@id\":\"https:\/\/www.news33.tv\/#website\",\"url\":\"https:\/\/www.news33.tv\/\",\"name\":\"News33.tv Media\",\"description\":\"Media\",\"publisher\":{\"@id\":\"https:\/\/www.news33.tv\/#organization\"},\"potentialAction\":[{\"@type\":\"SearchAction\",\"target\":{\"@type\":\"EntryPoint\",\"urlTemplate\":\"https:\/\/www.news33.tv\/?s={search_term_string}\"},\"query-input\":{\"@type\":\"PropertyValueSpecification\",\"valueRequired\":true,\"valueName\":\"search_term_string\"}}],\"inLanguage\":\"en-US\"},{\"@type\":\"Organization\",\"@id\":\"https:\/\/www.news33.tv\/#organization\",\"name\":\"News33.tv Media\",\"url\":\"https:\/\/www.news33.tv\/\",\"logo\":{\"@type\":\"ImageObject\",\"inLanguage\":\"en-US\",\"@id\":\"https:\/\/www.news33.tv\/#\/schema\/logo\/image\/\",\"url\":\"https:\/\/www.press7.tv\/wp-content\/uploads\/2024\/02\/logo-news33-black.png\",\"contentUrl\":\"https:\/\/www.press7.tv\/wp-content\/uploads\/2024\/02\/logo-news33-black.png\",\"width\":180,\"height\":37,\"caption\":\"News33.tv Media\"},\"image\":{\"@id\":\"https:\/\/www.news33.tv\/#\/schema\/logo\/image\/\"},\"sameAs\":[\"https:\/\/www.facebook.com\/press7.tv\"]},{\"@type\":\"Person\",\"@id\":\"https:\/\/www.news33.tv\/#\/schema\/person\/5a04a38a23ccdba82f9bd665cd8f9efa\",\"name\":\"gazetar2\",\"image\":{\"@type\":\"ImageObject\",\"inLanguage\":\"en-US\",\"@id\":\"https:\/\/www.news33.tv\/#\/schema\/person\/image\/\",\"url\":\"https:\/\/www.press7.tv\/wp-content\/litespeed\/avatar\/41975e402c3049d9ddb03adca8f7a883.jpg?ver=1777169572\",\"contentUrl\":\"https:\/\/www.press7.tv\/wp-content\/litespeed\/avatar\/41975e402c3049d9ddb03adca8f7a883.jpg?ver=1777169572\",\"caption\":\"gazetar2\"},\"url\":\"https:\/\/www.press7.tv\/?author=8\"}]}<\/script>\n<!-- \/ Yoast SEO plugin. -->","yoast_head_json":{"title":"Qeveria n\u00eb detyr\u00eb mban mbledhje, merr dy vendime - press7.tv","robots":{"index":"index","follow":"follow","max-snippet":"max-snippet:-1","max-image-preview":"max-image-preview:large","max-video-preview":"max-video-preview:-1"},"canonical":"https:\/\/www.press7.tv\/?p=23013","og_locale":"en_US","og_type":"article","og_title":"Qeveria n\u00eb detyr\u00eb mban mbledhje, merr dy vendime - press7.tv","og_description":"Qeveria n\u00eb detyr\u00eb e Kosov\u00ebs ka mbajtur mbledhje elektronike n\u00eb t\u00eb cil\u00ebn i ka marr\u00eb dy vendime. N\u00eb njoftimin e Zyr\u00ebs s\u00eb Kryeministrit thuhet se Qeveria ka marr\u00eb vendim q\u00eb t\u00eb ndaj\u00eb 10 mij\u00eb euro me q\u00ebllim t\u00eb promovimit t\u00eb vendit, p\u00ebr Organizat\u00ebn FLOSSK \u2014 Free Libre Open Source Software Kosova, p\u00ebr edicionin e 10-t\u00eb [&hellip;]","og_url":"https:\/\/www.press7.tv\/?p=23013","og_site_name":"press7.tv","article_publisher":"https:\/\/www.facebook.com\/press7.tv","article_published_time":"2025-10-24T13:06:20+00:00","og_image":[{"width":1360,"height":870,"url":"https:\/\/www.press7.tv\/wp-content\/uploads\/2025\/10\/IMG_0353.avif","type":"image\/webp"}],"author":"gazetar2","twitter_card":"summary_large_image","twitter_misc":{"Written by":"gazetar2","Est. reading time":"1 minute"},"schema":{"@context":"https:\/\/schema.org","@graph":[{"@type":"Article","@id":"https:\/\/www.press7.tv\/?p=23013#article","isPartOf":{"@id":"https:\/\/www.press7.tv\/?p=23013"},"author":{"name":"gazetar2","@id":"https:\/\/www.news33.tv\/#\/schema\/person\/5a04a38a23ccdba82f9bd665cd8f9efa"},"headline":"Qeveria n\u00eb detyr\u00eb mban mbledhje, merr dy vendime","datePublished":"2025-10-24T13:06:20+00:00","mainEntityOfPage":{"@id":"https:\/\/www.press7.tv\/?p=23013"},"wordCount":113,"publisher":{"@id":"https:\/\/www.news33.tv\/#organization"},"image":{"@id":"https:\/\/www.press7.tv\/?p=23013#primaryimage"},"thumbnailUrl":"https:\/\/www.press7.tv\/wp-content\/uploads\/2025\/10\/IMG_0353.avif","articleSection":["Kosov\u00eb","Lajme"],"inLanguage":"en-US"},{"@type":"WebPage","@id":"https:\/\/www.press7.tv\/?p=23013","url":"https:\/\/www.press7.tv\/?p=23013","name":"Qeveria n\u00eb detyr\u00eb mban mbledhje, merr dy vendime - press7.tv","isPartOf":{"@id":"https:\/\/www.news33.tv\/#website"},"primaryImageOfPage":{"@id":"https:\/\/www.press7.tv\/?p=23013#primaryimage"},"image":{"@id":"https:\/\/www.press7.tv\/?p=23013#primaryimage"},"thumbnailUrl":"https:\/\/www.press7.tv\/wp-content\/uploads\/2025\/10\/IMG_0353.avif","datePublished":"2025-10-24T13:06:20+00:00","breadcrumb":{"@id":"https:\/\/www.press7.tv\/?p=23013#breadcrumb"},"inLanguage":"en-US","potentialAction":[{"@type":"ReadAction","target":["https:\/\/www.press7.tv\/?p=23013"]}]},{"@type":"ImageObject","inLanguage":"en-US","@id":"https:\/\/www.press7.tv\/?p=23013#primaryimage","url":"https:\/\/www.press7.tv\/wp-content\/uploads\/2025\/10\/IMG_0353.avif","contentUrl":"https:\/\/www.press7.tv\/wp-content\/uploads\/2025\/10\/IMG_0353.avif","width":1360,"height":870},{"@type":"BreadcrumbList","@id":"https:\/\/www.press7.tv\/?p=23013#breadcrumb","itemListElement":[{"@type":"ListItem","position":1,"name":"Home","item":"https:\/\/www.press7.tv\/"},{"@type":"ListItem","position":2,"name":"Qeveria n\u00eb detyr\u00eb mban mbledhje, merr dy vendime"}]},{"@type":"WebSite","@id":"https:\/\/www.news33.tv\/#website","url":"https:\/\/www.news33.tv\/","name":"News33.tv Media","description":"Media","publisher":{"@id":"https:\/\/www.news33.tv\/#organization"},"potentialAction":[{"@type":"SearchAction","target":{"@type":"EntryPoint","urlTemplate":"https:\/\/www.news33.tv\/?s={search_term_string}"},"query-input":{"@type":"PropertyValueSpecification","valueRequired":true,"valueName":"search_term_string"}}],"inLanguage":"en-US"},{"@type":"Organization","@id":"https:\/\/www.news33.tv\/#organization","name":"News33.tv Media","url":"https:\/\/www.news33.tv\/","logo":{"@type":"ImageObject","inLanguage":"en-US","@id":"https:\/\/www.news33.tv\/#\/schema\/logo\/image\/","url":"https:\/\/www.press7.tv\/wp-content\/uploads\/2024\/02\/logo-news33-black.png","contentUrl":"https:\/\/www.press7.tv\/wp-content\/uploads\/2024\/02\/logo-news33-black.png","width":180,"height":37,"caption":"News33.tv Media"},"image":{"@id":"https:\/\/www.news33.tv\/#\/schema\/logo\/image\/"},"sameAs":["https:\/\/www.facebook.com\/press7.tv"]},{"@type":"Person","@id":"https:\/\/www.news33.tv\/#\/schema\/person\/5a04a38a23ccdba82f9bd665cd8f9efa","name":"gazetar2","image":{"@type":"ImageObject","inLanguage":"en-US","@id":"https:\/\/www.news33.tv\/#\/schema\/person\/image\/","url":"https:\/\/www.press7.tv\/wp-content\/litespeed\/avatar\/41975e402c3049d9ddb03adca8f7a883.jpg?ver=1777169572","contentUrl":"https:\/\/www.press7.tv\/wp-content\/litespeed\/avatar\/41975e402c3049d9ddb03adca8f7a883.jpg?ver=1777169572","caption":"gazetar2"},"url":"https:\/\/www.press7.tv\/?author=8"}]}},"amp_enabled":true,"_links":{"self":[{"href":"https:\/\/www.press7.tv\/index.php?rest_route=\/wp\/v2\/posts\/23013","targetHints":{"allow":["GET"]}}],"collection":[{"href":"https:\/\/www.press7.tv\/index.php?rest_route=\/wp\/v2\/posts"}],"about":[{"href":"https:\/\/www.press7.tv\/index.php?rest_route=\/wp\/v2\/types\/post"}],"author":[{"embeddable":true,"href":"https:\/\/www.press7.tv\/index.php?rest_route=\/wp\/v2\/users\/8"}],"replies":[{"embeddable":true,"href":"https:\/\/www.press7.tv\/index.php?rest_route=%2Fwp%2Fv2%2Fcomments&post=23013"}],"version-history":[{"count":1,"href":"https:\/\/www.press7.tv\/index.php?rest_route=\/wp\/v2\/posts\/23013\/revisions"}],"predecessor-version":[{"id":23015,"href":"https:\/\/www.press7.tv\/index.php?rest_route=\/wp\/v2\/posts\/23013\/revisions\/23015"}],"wp:featuredmedia":[{"embeddable":true,"href":"https:\/\/www.press7.tv\/index.php?rest_route=\/wp\/v2\/media\/23014"}],"wp:attachment":[{"href":"https:\/\/www.press7.tv\/index.php?rest_route=%2Fwp%2Fv2%2Fmedia&parent=23013"}],"wp:term":[{"taxonomy":"category","embeddable":true,"href":"https:\/\/www.press7.tv\/index.php?rest_route=%2Fwp%2Fv2%2Fcategories&post=23013"},{"taxonomy":"post_tag","embeddable":true,"href":"https:\/\/www.press7.tv\/index.php?rest_route=%2Fwp%2Fv2%2Ftags&post=23013"}],"curies":[{"name":"wp","href":"https:\/\/api.w.org\/{rel}","templated":true}]}}