{"id":23007,"date":"2025-10-23T17:08:02","date_gmt":"2025-10-23T17:08:02","guid":{"rendered":"https:\/\/www.press7.tv\/?p=23007"},"modified":"2025-10-23T17:08:02","modified_gmt":"2025-10-23T17:08:02","slug":"osmani-serbia-vazhdimisht-po-perpiqet-te-demtoje-sovranitetin-e-kosoves","status":"publish","type":"post","link":"https:\/\/www.press7.tv\/?p=23007","title":{"rendered":"Osmani: Serbia vazhdimisht po p\u00ebrpiqet t\u00eb d\u00ebmtoj\u00eb sovranitetin e Kosov\u00ebs"},"content":{"rendered":"\n    <div class=\"xs_social_share_widget xs_share_url before_content \t\tmain_content  wslu-style-2 wslu-share-box-shaped wslu-fill-colored wslu-share-m-5 wslu-none wslu-share-vertical wslu-theme-font-no wslu-main_content\">\n\n\t\t\n        <ul>\n\t\t\t        <\/ul>\n    <\/div> \n<p>Presidentja Vjosa Osmani ka th\u00ebn\u00eb se Serbia vazhdimisht po p\u00ebrpiqet t\u00eb d\u00ebmtoj\u00eb sovranitetin e Kosov\u00ebs p\u00ebrmes destabilizimit, dezinformimit dhe duke p\u00ebrkrahur grupe terroriste.<\/p>\n<p>Sipas saj, fuqizimi i aleanc\u00ebs me vendet demokratike \u00ebsht\u00eb p\u00ebrgjigjja m\u00eb e mir\u00eb ndaj Serbis\u00eb, e cila, si\u00e7 tha ajo, \u00ebsht\u00eb dor\u00eb e zgjatur e Rusis\u00eb n\u00eb Ballkanin Per\u00ebndimor.<\/p>\n<p>Osmani n\u00eb nj\u00eb fjalim para student\u00ebve n\u00eb Universitetin e Berlinit t\u00eb enjten, tha se e ardhmja e Kosov\u00ebs \u00ebsht\u00eb n\u00eb Bashkimin Evropian dhe NATO. Ajo theksoi se Kosova nuk k\u00ebrkon privilegje p\u00ebr an\u00ebtar\u00ebsim n\u00eb Bashkimin Evropian, por proces meritor dhe drejt\u00ebsi.<\/p>\n<p>\u201cSerbia, dora e zgjatur e Rusis\u00eb, vazhdimisht p\u00ebrpiqet t\u00eb d\u00ebmtoj\u00eb sovranitetin e Kosov\u00ebs p\u00ebrmes destabilizimit, dezinformimit dhe duke p\u00ebrkrahur grupe terroriste kriminale. Q\u00ebllimi \u00ebsht\u00eb t\u00eb kthehet prapa verdikti i historis\u00eb p\u00ebr t\u00eb zhb\u00ebr\u00eb \u00e7do gj\u00eb t\u00eb demokracive. Kosova nuk do t\u00eb frik\u00ebsohet. E dim\u00eb sesi veprojn\u00eb agresor\u00ebt, se \u00e7far\u00eb b\u00ebjn\u00eb dhe \u00e7ka do t\u00eb b\u00ebjn\u00eb n\u00ebse nuk i ndalim ne s\u00eb bashku.<\/p>\n<p>P\u00ebrfundimisht, p\u00ebrgjigjja ndaj dhun\u00ebs \u00ebsht\u00eb sundimi i s\u00eb drejt\u00ebs. P\u00ebrgjigja ndaj propagand\u00ebs \u00ebsht\u00eb e v\u00ebrteta. P\u00ebrgjigja ndaj frik\u00ebs \u00ebsht\u00eb guximi i p\u00ebrbashk\u00ebt dhe i ringjallur. M\u00eb me r\u00ebnd\u00ebsi, p\u00ebrgjigjja ndaj agresorit q\u00eb maskohet si paqeb\u00ebr\u00ebs \u00ebsht\u00eb t\u00eb kesh aleanca t\u00eb forta. Vet\u00ebm aleanca e demokracive do t\u2019i kthej\u00eb prapa ata q\u00eb synojn\u00eb t\u00eb na kthejn\u00eb neve prapa\u201d, tha ajo.<\/p>\n<p>Sipas saj, zgjerimi i BE-s\u00eb nuk duhet t\u00eb jet\u00eb proces burokratik dhe q\u00eb mund t\u00eb vonohet, pasi \u00e7do lloj ngurrimi do t\u00eb krijoj\u00eb hap\u00ebsir\u00eb p\u00ebr akter\u00ebt keqdash\u00ebs.<\/p>\n<p>\u201cZgjerimi i BE-s\u00eb nuk \u00ebsht\u00eb nj\u00eb proces burokratik q\u00eb mund t\u00eb vonohet. \u00cbsht\u00eb imperativ strategjik q\u00eb duhet p\u00ebrqafuar. \u00c7do lloj ngurrimi krijon hap\u00ebsir\u00eb p\u00ebr aktor\u00eb keqdash\u00ebs q\u00eb duan ta mbushin at\u00eb. \u00c7do vones\u00eb trim\u00ebron ata q\u00eb nuk e kan\u00eb t\u00eb nj\u00ebjt\u00ebn vler\u00eb q\u00eb e kemi ne. Kosova nuk k\u00ebrkon privilegje. Kosova k\u00ebrkon drejt\u00ebsi p\u00ebr proces meritor dhe as shkurtesa. Nj\u00eb rrug\u00eb, shteg i qart\u00eb, kredibil, por respekt p\u00ebr pun\u00ebn q\u00eb kemi b\u00ebr\u00eb dhe reformat q\u00eb vazhdojm\u00eb t\u2019i nd\u00ebrmarrim&#8230; Kemi par\u00eb shum\u00eb her\u00eb se nj\u00eb shtet an\u00ebtar bllokon vullnetin e t\u00eb gjith\u00eb t\u00eb tjer\u00ebve. Mendoj se zgjerimi duhet t\u00eb shihet nga nj\u00eb k\u00ebndv\u00ebshtrim m\u00eb i gjer\u00eb. Po e shikoni Ballkanin Per\u00ebndimor si rajon, ka ardhur momenti ta shihni si potencial dhe jo si barr\u00eb. N\u00ebse i b\u00ebjm\u00eb detyrat e sht\u00ebpis\u00eb dhe t\u00eb gjitha reformat, duhet t\u00eb ket\u00eb nj\u00eb shteg p\u00ebr t\u00eb na hapur der\u00ebn dhe futur brenda\u201d, theksoi Osmani.<\/p>\n<p>Ajo shtoi se demokracia n\u00eb Kosov\u00eb vazhdimisht po p\u00ebrforcohet, derisa p\u00ebrmendi organizimin e zgjedhjeve t\u00eb lira dhe garuese, madje sipas saj, m\u00eb t\u00eb mirat n\u00eb rajon, raportoi KosovaPress.<\/p>\n<p>\u201cKosova \u00ebsht\u00eb demokraci q\u00eb vazhdimisht \u00ebsht\u00eb p\u00ebrforcuar. Institucionet tona mbajn\u00eb zgjedhje t\u00eb lira dhe garuese, madje m\u00eb t\u00eb lirat dhe m\u00eb garueset n\u00eb t\u00eb gjith\u00eb rajonin. T\u00eb rinjt\u00eb tan\u00eb dhe diaspora e shk\u00eblqyeshme udh\u00ebheqin nj\u00eb ekonomi digjitale q\u00eb lidh Kosov\u00ebn me Berlinin dhe Mynihun dhe shum\u00eb m\u00eb gjer\u00eb. Politika jon\u00eb e jashtme \u00ebsht\u00eb e ngulitur n\u00eb t\u00eb ardhmen evropiane\u201d, theksoi ajo.<\/p>\n","protected":false},"excerpt":{"rendered":"<p>Presidentja Vjosa Osmani ka th\u00ebn\u00eb se Serbia vazhdimisht po p\u00ebrpiqet t\u00eb d\u00ebmtoj\u00eb sovranitetin e Kosov\u00ebs p\u00ebrmes destabilizimit, dezinformimit dhe duke p\u00ebrkrahur grupe terroriste. Sipas saj, fuqizimi i aleanc\u00ebs me vendet demokratike \u00ebsht\u00eb p\u00ebrgjigjja m\u00eb e mir\u00eb ndaj Serbis\u00eb, e cila, si\u00e7 tha ajo, \u00ebsht\u00eb dor\u00eb e zgjatur e Rusis\u00eb n\u00eb Ballkanin Per\u00ebndimor. Osmani n\u00eb nj\u00eb [&hellip;]<\/p>\n","protected":false},"author":8,"featured_media":23008,"comment_status":"closed","ping_status":"closed","sticky":false,"template":"","format":"standard","meta":{"footnotes":""},"categories":[215,213],"tags":[],"class_list":["post-23007","post","type-post","status-publish","format-standard","has-post-thumbnail","hentry","category-kosove","category-lajme"],"yoast_head":"<!-- This site is optimized with the Yoast SEO plugin v25.1 - https:\/\/yoast.com\/wordpress\/plugins\/seo\/ -->\n<title>Osmani: Serbia vazhdimisht po p\u00ebrpiqet t\u00eb d\u00ebmtoj\u00eb sovranitetin e Kosov\u00ebs - press7.tv<\/title>\n<meta name=\"robots\" content=\"index, follow, max-snippet:-1, max-image-preview:large, max-video-preview:-1\" \/>\n<link rel=\"canonical\" href=\"https:\/\/www.press7.tv\/?p=23007\" \/>\n<meta property=\"og:locale\" content=\"en_US\" \/>\n<meta property=\"og:type\" content=\"article\" \/>\n<meta property=\"og:title\" content=\"Osmani: Serbia vazhdimisht po p\u00ebrpiqet t\u00eb d\u00ebmtoj\u00eb sovranitetin e Kosov\u00ebs - press7.tv\" \/>\n<meta property=\"og:description\" content=\"Presidentja Vjosa Osmani ka th\u00ebn\u00eb se Serbia vazhdimisht po p\u00ebrpiqet t\u00eb d\u00ebmtoj\u00eb sovranitetin e Kosov\u00ebs p\u00ebrmes destabilizimit, dezinformimit dhe duke p\u00ebrkrahur grupe terroriste. Sipas saj, fuqizimi i aleanc\u00ebs me vendet demokratike \u00ebsht\u00eb p\u00ebrgjigjja m\u00eb e mir\u00eb ndaj Serbis\u00eb, e cila, si\u00e7 tha ajo, \u00ebsht\u00eb dor\u00eb e zgjatur e Rusis\u00eb n\u00eb Ballkanin Per\u00ebndimor. Osmani n\u00eb nj\u00eb [&hellip;]\" \/>\n<meta property=\"og:url\" content=\"https:\/\/www.press7.tv\/?p=23007\" \/>\n<meta property=\"og:site_name\" content=\"press7.tv\" \/>\n<meta property=\"article:publisher\" content=\"https:\/\/www.facebook.com\/press7.tv\" \/>\n<meta property=\"article:published_time\" content=\"2025-10-23T17:08:02+00:00\" \/>\n<meta property=\"og:image\" content=\"https:\/\/www.press7.tv\/wp-content\/uploads\/2025\/10\/IMG_0342.avif\" \/>\n\t<meta property=\"og:image:width\" content=\"1360\" \/>\n\t<meta property=\"og:image:height\" content=\"870\" \/>\n\t<meta property=\"og:image:type\" content=\"image\/webp\" \/>\n<meta name=\"author\" content=\"gazetar2\" \/>\n<meta name=\"twitter:card\" content=\"summary_large_image\" \/>\n<meta name=\"twitter:label1\" content=\"Written by\" \/>\n\t<meta name=\"twitter:data1\" content=\"gazetar2\" \/>\n\t<meta name=\"twitter:label2\" content=\"Est. reading time\" \/>\n\t<meta name=\"twitter:data2\" content=\"1 minute\" \/>\n<script type=\"application\/ld+json\" class=\"yoast-schema-graph\">{\"@context\":\"https:\/\/schema.org\",\"@graph\":[{\"@type\":\"Article\",\"@id\":\"https:\/\/www.press7.tv\/?p=23007#article\",\"isPartOf\":{\"@id\":\"https:\/\/www.press7.tv\/?p=23007\"},\"author\":{\"name\":\"gazetar2\",\"@id\":\"https:\/\/www.news33.tv\/#\/schema\/person\/5a04a38a23ccdba82f9bd665cd8f9efa\"},\"headline\":\"Osmani: Serbia vazhdimisht po p\u00ebrpiqet t\u00eb d\u00ebmtoj\u00eb sovranitetin e Kosov\u00ebs\",\"datePublished\":\"2025-10-23T17:08:02+00:00\",\"mainEntityOfPage\":{\"@id\":\"https:\/\/www.press7.tv\/?p=23007\"},\"wordCount\":574,\"publisher\":{\"@id\":\"https:\/\/www.news33.tv\/#organization\"},\"image\":{\"@id\":\"https:\/\/www.press7.tv\/?p=23007#primaryimage\"},\"thumbnailUrl\":\"https:\/\/www.press7.tv\/wp-content\/uploads\/2025\/10\/IMG_0342.avif\",\"articleSection\":[\"Kosov\u00eb\",\"Lajme\"],\"inLanguage\":\"en-US\"},{\"@type\":\"WebPage\",\"@id\":\"https:\/\/www.press7.tv\/?p=23007\",\"url\":\"https:\/\/www.press7.tv\/?p=23007\",\"name\":\"Osmani: Serbia vazhdimisht po p\u00ebrpiqet t\u00eb d\u00ebmtoj\u00eb sovranitetin e Kosov\u00ebs - press7.tv\",\"isPartOf\":{\"@id\":\"https:\/\/www.news33.tv\/#website\"},\"primaryImageOfPage\":{\"@id\":\"https:\/\/www.press7.tv\/?p=23007#primaryimage\"},\"image\":{\"@id\":\"https:\/\/www.press7.tv\/?p=23007#primaryimage\"},\"thumbnailUrl\":\"https:\/\/www.press7.tv\/wp-content\/uploads\/2025\/10\/IMG_0342.avif\",\"datePublished\":\"2025-10-23T17:08:02+00:00\",\"breadcrumb\":{\"@id\":\"https:\/\/www.press7.tv\/?p=23007#breadcrumb\"},\"inLanguage\":\"en-US\",\"potentialAction\":[{\"@type\":\"ReadAction\",\"target\":[\"https:\/\/www.press7.tv\/?p=23007\"]}]},{\"@type\":\"ImageObject\",\"inLanguage\":\"en-US\",\"@id\":\"https:\/\/www.press7.tv\/?p=23007#primaryimage\",\"url\":\"https:\/\/www.press7.tv\/wp-content\/uploads\/2025\/10\/IMG_0342.avif\",\"contentUrl\":\"https:\/\/www.press7.tv\/wp-content\/uploads\/2025\/10\/IMG_0342.avif\",\"width\":1360,\"height\":870},{\"@type\":\"BreadcrumbList\",\"@id\":\"https:\/\/www.press7.tv\/?p=23007#breadcrumb\",\"itemListElement\":[{\"@type\":\"ListItem\",\"position\":1,\"name\":\"Home\",\"item\":\"https:\/\/www.press7.tv\/\"},{\"@type\":\"ListItem\",\"position\":2,\"name\":\"Osmani: Serbia vazhdimisht po p\u00ebrpiqet t\u00eb d\u00ebmtoj\u00eb sovranitetin e Kosov\u00ebs\"}]},{\"@type\":\"WebSite\",\"@id\":\"https:\/\/www.news33.tv\/#website\",\"url\":\"https:\/\/www.news33.tv\/\",\"name\":\"News33.tv Media\",\"description\":\"Media\",\"publisher\":{\"@id\":\"https:\/\/www.news33.tv\/#organization\"},\"potentialAction\":[{\"@type\":\"SearchAction\",\"target\":{\"@type\":\"EntryPoint\",\"urlTemplate\":\"https:\/\/www.news33.tv\/?s={search_term_string}\"},\"query-input\":{\"@type\":\"PropertyValueSpecification\",\"valueRequired\":true,\"valueName\":\"search_term_string\"}}],\"inLanguage\":\"en-US\"},{\"@type\":\"Organization\",\"@id\":\"https:\/\/www.news33.tv\/#organization\",\"name\":\"News33.tv Media\",\"url\":\"https:\/\/www.news33.tv\/\",\"logo\":{\"@type\":\"ImageObject\",\"inLanguage\":\"en-US\",\"@id\":\"https:\/\/www.news33.tv\/#\/schema\/logo\/image\/\",\"url\":\"https:\/\/www.press7.tv\/wp-content\/uploads\/2024\/02\/logo-news33-black.png\",\"contentUrl\":\"https:\/\/www.press7.tv\/wp-content\/uploads\/2024\/02\/logo-news33-black.png\",\"width\":180,\"height\":37,\"caption\":\"News33.tv Media\"},\"image\":{\"@id\":\"https:\/\/www.news33.tv\/#\/schema\/logo\/image\/\"},\"sameAs\":[\"https:\/\/www.facebook.com\/press7.tv\"]},{\"@type\":\"Person\",\"@id\":\"https:\/\/www.news33.tv\/#\/schema\/person\/5a04a38a23ccdba82f9bd665cd8f9efa\",\"name\":\"gazetar2\",\"image\":{\"@type\":\"ImageObject\",\"inLanguage\":\"en-US\",\"@id\":\"https:\/\/www.news33.tv\/#\/schema\/person\/image\/\",\"url\":\"https:\/\/www.press7.tv\/wp-content\/litespeed\/avatar\/41975e402c3049d9ddb03adca8f7a883.jpg?ver=1777169572\",\"contentUrl\":\"https:\/\/www.press7.tv\/wp-content\/litespeed\/avatar\/41975e402c3049d9ddb03adca8f7a883.jpg?ver=1777169572\",\"caption\":\"gazetar2\"},\"url\":\"https:\/\/www.press7.tv\/?author=8\"}]}<\/script>\n<!-- \/ Yoast SEO plugin. -->","yoast_head_json":{"title":"Osmani: Serbia vazhdimisht po p\u00ebrpiqet t\u00eb d\u00ebmtoj\u00eb sovranitetin e Kosov\u00ebs - press7.tv","robots":{"index":"index","follow":"follow","max-snippet":"max-snippet:-1","max-image-preview":"max-image-preview:large","max-video-preview":"max-video-preview:-1"},"canonical":"https:\/\/www.press7.tv\/?p=23007","og_locale":"en_US","og_type":"article","og_title":"Osmani: Serbia vazhdimisht po p\u00ebrpiqet t\u00eb d\u00ebmtoj\u00eb sovranitetin e Kosov\u00ebs - press7.tv","og_description":"Presidentja Vjosa Osmani ka th\u00ebn\u00eb se Serbia vazhdimisht po p\u00ebrpiqet t\u00eb d\u00ebmtoj\u00eb sovranitetin e Kosov\u00ebs p\u00ebrmes destabilizimit, dezinformimit dhe duke p\u00ebrkrahur grupe terroriste. Sipas saj, fuqizimi i aleanc\u00ebs me vendet demokratike \u00ebsht\u00eb p\u00ebrgjigjja m\u00eb e mir\u00eb ndaj Serbis\u00eb, e cila, si\u00e7 tha ajo, \u00ebsht\u00eb dor\u00eb e zgjatur e Rusis\u00eb n\u00eb Ballkanin Per\u00ebndimor. Osmani n\u00eb nj\u00eb [&hellip;]","og_url":"https:\/\/www.press7.tv\/?p=23007","og_site_name":"press7.tv","article_publisher":"https:\/\/www.facebook.com\/press7.tv","article_published_time":"2025-10-23T17:08:02+00:00","og_image":[{"width":1360,"height":870,"url":"https:\/\/www.press7.tv\/wp-content\/uploads\/2025\/10\/IMG_0342.avif","type":"image\/webp"}],"author":"gazetar2","twitter_card":"summary_large_image","twitter_misc":{"Written by":"gazetar2","Est. reading time":"1 minute"},"schema":{"@context":"https:\/\/schema.org","@graph":[{"@type":"Article","@id":"https:\/\/www.press7.tv\/?p=23007#article","isPartOf":{"@id":"https:\/\/www.press7.tv\/?p=23007"},"author":{"name":"gazetar2","@id":"https:\/\/www.news33.tv\/#\/schema\/person\/5a04a38a23ccdba82f9bd665cd8f9efa"},"headline":"Osmani: Serbia vazhdimisht po p\u00ebrpiqet t\u00eb d\u00ebmtoj\u00eb sovranitetin e Kosov\u00ebs","datePublished":"2025-10-23T17:08:02+00:00","mainEntityOfPage":{"@id":"https:\/\/www.press7.tv\/?p=23007"},"wordCount":574,"publisher":{"@id":"https:\/\/www.news33.tv\/#organization"},"image":{"@id":"https:\/\/www.press7.tv\/?p=23007#primaryimage"},"thumbnailUrl":"https:\/\/www.press7.tv\/wp-content\/uploads\/2025\/10\/IMG_0342.avif","articleSection":["Kosov\u00eb","Lajme"],"inLanguage":"en-US"},{"@type":"WebPage","@id":"https:\/\/www.press7.tv\/?p=23007","url":"https:\/\/www.press7.tv\/?p=23007","name":"Osmani: Serbia vazhdimisht po p\u00ebrpiqet t\u00eb d\u00ebmtoj\u00eb sovranitetin e Kosov\u00ebs - press7.tv","isPartOf":{"@id":"https:\/\/www.news33.tv\/#website"},"primaryImageOfPage":{"@id":"https:\/\/www.press7.tv\/?p=23007#primaryimage"},"image":{"@id":"https:\/\/www.press7.tv\/?p=23007#primaryimage"},"thumbnailUrl":"https:\/\/www.press7.tv\/wp-content\/uploads\/2025\/10\/IMG_0342.avif","datePublished":"2025-10-23T17:08:02+00:00","breadcrumb":{"@id":"https:\/\/www.press7.tv\/?p=23007#breadcrumb"},"inLanguage":"en-US","potentialAction":[{"@type":"ReadAction","target":["https:\/\/www.press7.tv\/?p=23007"]}]},{"@type":"ImageObject","inLanguage":"en-US","@id":"https:\/\/www.press7.tv\/?p=23007#primaryimage","url":"https:\/\/www.press7.tv\/wp-content\/uploads\/2025\/10\/IMG_0342.avif","contentUrl":"https:\/\/www.press7.tv\/wp-content\/uploads\/2025\/10\/IMG_0342.avif","width":1360,"height":870},{"@type":"BreadcrumbList","@id":"https:\/\/www.press7.tv\/?p=23007#breadcrumb","itemListElement":[{"@type":"ListItem","position":1,"name":"Home","item":"https:\/\/www.press7.tv\/"},{"@type":"ListItem","position":2,"name":"Osmani: Serbia vazhdimisht po p\u00ebrpiqet t\u00eb d\u00ebmtoj\u00eb sovranitetin e Kosov\u00ebs"}]},{"@type":"WebSite","@id":"https:\/\/www.news33.tv\/#website","url":"https:\/\/www.news33.tv\/","name":"News33.tv Media","description":"Media","publisher":{"@id":"https:\/\/www.news33.tv\/#organization"},"potentialAction":[{"@type":"SearchAction","target":{"@type":"EntryPoint","urlTemplate":"https:\/\/www.news33.tv\/?s={search_term_string}"},"query-input":{"@type":"PropertyValueSpecification","valueRequired":true,"valueName":"search_term_string"}}],"inLanguage":"en-US"},{"@type":"Organization","@id":"https:\/\/www.news33.tv\/#organization","name":"News33.tv Media","url":"https:\/\/www.news33.tv\/","logo":{"@type":"ImageObject","inLanguage":"en-US","@id":"https:\/\/www.news33.tv\/#\/schema\/logo\/image\/","url":"https:\/\/www.press7.tv\/wp-content\/uploads\/2024\/02\/logo-news33-black.png","contentUrl":"https:\/\/www.press7.tv\/wp-content\/uploads\/2024\/02\/logo-news33-black.png","width":180,"height":37,"caption":"News33.tv Media"},"image":{"@id":"https:\/\/www.news33.tv\/#\/schema\/logo\/image\/"},"sameAs":["https:\/\/www.facebook.com\/press7.tv"]},{"@type":"Person","@id":"https:\/\/www.news33.tv\/#\/schema\/person\/5a04a38a23ccdba82f9bd665cd8f9efa","name":"gazetar2","image":{"@type":"ImageObject","inLanguage":"en-US","@id":"https:\/\/www.news33.tv\/#\/schema\/person\/image\/","url":"https:\/\/www.press7.tv\/wp-content\/litespeed\/avatar\/41975e402c3049d9ddb03adca8f7a883.jpg?ver=1777169572","contentUrl":"https:\/\/www.press7.tv\/wp-content\/litespeed\/avatar\/41975e402c3049d9ddb03adca8f7a883.jpg?ver=1777169572","caption":"gazetar2"},"url":"https:\/\/www.press7.tv\/?author=8"}]}},"amp_enabled":true,"_links":{"self":[{"href":"https:\/\/www.press7.tv\/index.php?rest_route=\/wp\/v2\/posts\/23007","targetHints":{"allow":["GET"]}}],"collection":[{"href":"https:\/\/www.press7.tv\/index.php?rest_route=\/wp\/v2\/posts"}],"about":[{"href":"https:\/\/www.press7.tv\/index.php?rest_route=\/wp\/v2\/types\/post"}],"author":[{"embeddable":true,"href":"https:\/\/www.press7.tv\/index.php?rest_route=\/wp\/v2\/users\/8"}],"replies":[{"embeddable":true,"href":"https:\/\/www.press7.tv\/index.php?rest_route=%2Fwp%2Fv2%2Fcomments&post=23007"}],"version-history":[{"count":1,"href":"https:\/\/www.press7.tv\/index.php?rest_route=\/wp\/v2\/posts\/23007\/revisions"}],"predecessor-version":[{"id":23009,"href":"https:\/\/www.press7.tv\/index.php?rest_route=\/wp\/v2\/posts\/23007\/revisions\/23009"}],"wp:featuredmedia":[{"embeddable":true,"href":"https:\/\/www.press7.tv\/index.php?rest_route=\/wp\/v2\/media\/23008"}],"wp:attachment":[{"href":"https:\/\/www.press7.tv\/index.php?rest_route=%2Fwp%2Fv2%2Fmedia&parent=23007"}],"wp:term":[{"taxonomy":"category","embeddable":true,"href":"https:\/\/www.press7.tv\/index.php?rest_route=%2Fwp%2Fv2%2Fcategories&post=23007"},{"taxonomy":"post_tag","embeddable":true,"href":"https:\/\/www.press7.tv\/index.php?rest_route=%2Fwp%2Fv2%2Ftags&post=23007"}],"curies":[{"name":"wp","href":"https:\/\/api.w.org\/{rel}","templated":true}]}}