{"id":23004,"date":"2025-10-23T12:52:51","date_gmt":"2025-10-23T12:52:51","guid":{"rendered":"https:\/\/www.press7.tv\/?p=23004"},"modified":"2025-10-23T12:52:51","modified_gmt":"2025-10-23T12:52:51","slug":"hulumtimi-i-valicon-40-e-kosovareve-thone-se-e-kane-jeten-me-te-keqe-se-me-pare","status":"publish","type":"post","link":"https:\/\/www.press7.tv\/?p=23004","title":{"rendered":"Hulumtimi i \u201cValicon\u201d: 40% e kosovar\u00ebve thon\u00eb se e kan\u00eb jet\u00ebn m\u00eb t\u00eb keqe se m\u00eb par\u00eb"},"content":{"rendered":"\n    <div class=\"xs_social_share_widget xs_share_url before_content \t\tmain_content  wslu-style-2 wslu-share-box-shaped wslu-fill-colored wslu-share-m-5 wslu-none wslu-share-vertical wslu-theme-font-no wslu-main_content\">\n\n\t\t\n        <ul>\n\t\t\t        <\/ul>\n    <\/div> \n<p>Nj\u00eb hulumtim i fundit i \u201cValicon\u201d me titull \u201cNew Normal Study\u201d, i kryer gjat\u00eb periudh\u00ebs 18-21 gusht 2025 n\u00eb shtete t\u00eb rajonit t\u00eb Adriatikut, p\u00ebrfshir\u00eb edhe Kosov\u00ebn, nxjerr n\u00eb pah se inflacioni dhe pasiguria politike jan\u00eb dy shqet\u00ebsimet kryesore p\u00ebr qytetar\u00ebt kosovar\u00eb. N\u00eb anket\u00eb, gjithashtu \u00ebsht\u00eb b\u00ebr\u00eb e ditur se 40% e kosovar\u00ebve kan\u00eb th\u00ebn\u00eb se jeta e tyre \u00ebsht\u00eb m\u00eb e keqe sot sesa m\u00eb her\u00ebt.<\/p>\n<p>Sipas rezultateve, 70% e kosovar\u00ebve jan\u00eb t\u00eb shqet\u00ebsuar p\u00ebr rritjen e kostos s\u00eb jetes\u00ebs, duke e b\u00ebr\u00eb inflacionin nj\u00eb nga \u00e7\u00ebshtjet m\u00eb t\u00eb ngutshme ekonomike n\u00eb vend. Nj\u00eb shqet\u00ebsim i madh \u00ebsht\u00eb edhe stabiliteti politik, me 54% t\u00eb pjes\u00ebmarr\u00ebsve n\u00eb Kosov\u00eb q\u00eb e konsiderojn\u00eb k\u00ebt\u00eb nj\u00eb problem serioz, duke ndjekur trendet rajonale ku shqet\u00ebsimet politike jan\u00eb gjithashtu t\u00eb larta n\u00eb vende si Serbia dhe Bosnja e Hercegovina.<\/p>\n<p>N\u00eb an\u00ebn tjet\u00ebr, shqet\u00ebsimi p\u00ebr vler\u00ebn e pron\u00ebs \u00ebsht\u00eb relativisht m\u00eb i ul\u00ebt n\u00eb Kosov\u00eb, me vet\u00ebm 26% t\u00eb t\u00eb anketuarve q\u00eb e konsiderojn\u00eb k\u00ebt\u00eb \u00e7\u00ebshtje shqet\u00ebsuese.<\/p>\n<p>Sjelljet e kujdesshme t\u00eb konsumator\u00ebve n\u00eb koh\u00eb sfidash ekonomike<\/p>\n<p>Shqet\u00ebsimet financiare kan\u00eb sjell\u00eb ndryshime t\u00eb dukshme n\u00eb m\u00ebnyr\u00ebn e konsumit, sipas hulumtimit. Konsumator\u00ebt n\u00eb Kosov\u00eb po i p\u00ebrkushtohen m\u00eb shum\u00eb blerjeve n\u00eb dyqane me \u00e7mime m\u00eb t\u00eb lira, ku 68% preferojn\u00eb t\u00eb b\u00ebjn\u00eb blerje n\u00eb k\u00ebto vende, duke u p\u00ebrpjekur t\u00eb menaxhojn\u00eb m\u00eb mir\u00eb buxhetin e tyre familjar.<\/p>\n<p>Gjithashtu, blerjet gjat\u00eb promocioneve jan\u00eb nj\u00eb tjet\u00ebr strategji e p\u00ebrdorur nga 65% e konsumator\u00ebve n\u00eb Kosov\u00eb, p\u00ebr t\u00eb kursyer n\u00eb shpenzime. Nj\u00eb p\u00ebrqindje e lart\u00eb e qytetar\u00ebve po anulojn\u00eb shpenzimet p\u00ebr produkte e sh\u00ebrbime q\u00eb nuk i konsiderojn\u00eb t\u00eb domosdoshme, duke reflektuar nj\u00eb mentalitet m\u00eb kursimtar dhe t\u00eb matur. N\u00eb blerjet n\u00eb dyqanet e lira, prin kroat\u00ebt me 70%.<\/p>\n<p>R\u00ebnie e nivelit t\u00eb kursimeve dhe cil\u00ebsis\u00eb s\u00eb jet\u00ebs<\/p>\n<p>Hulumtimi evidenton gjithashtu ulje t\u00eb ndjeshme t\u00eb kursimit t\u00eb parave n\u00eb Kosov\u00eb, ku vet\u00ebm 20% e qytetar\u00ebve arrijn\u00eb t\u00eb ruajn\u00eb t\u00eb nj\u00ebjtat nivele kursimesh si m\u00eb par\u00eb. Ky trend pasqyrohet edhe n\u00eb vendet e tjera t\u00eb rajonit.<\/p>\n<p>Sa i p\u00ebrket cil\u00ebsis\u00eb s\u00eb jet\u00ebs, shumica e kosovar\u00ebve besojn\u00eb se ajo ka r\u00ebn\u00eb q\u00eb nga viti 2020, me 40% q\u00eb e vler\u00ebsojn\u00eb jet\u00ebn e tyre sot si m\u00eb t\u00eb keqe se m\u00eb par\u00eb. Megjithat\u00eb, nj\u00eb pjes\u00eb prej 34% shprehin optimiz\u00ebm dhe mendojn\u00eb se cil\u00ebsia e jet\u00ebs \u00ebsht\u00eb p\u00ebrmir\u00ebsuar n\u00eb k\u00ebt\u00eb periudh\u00eb.<\/p>\n<p>Hulumtimi i \u201cValicon\u201d tregon se n\u00eb nj\u00eb koh\u00eb kur inflacioni dhe pasiguria politike vazhdojn\u00eb t\u00eb ndikojn\u00eb ndjesh\u00ebm jet\u00ebn e qytetar\u00ebve kosovar\u00eb, m\u00ebnyrat e tyre t\u00eb konsumit jan\u00eb b\u00ebr\u00eb m\u00eb t\u00eb kujdesshme dhe strategjike. Kjo reflekton nj\u00eb realitet ekonomik dhe politik q\u00eb po p\u00ebrballet me sfida t\u00eb m\u00ebdha, duke ndikuar jo vet\u00ebm n\u00eb financat familjare, por edhe n\u00eb perceptimin e p\u00ebrgjithsh\u00ebm p\u00ebr cil\u00ebsin\u00eb e jet\u00ebs n\u00eb vend.<\/p>\n<p>\u201cValicon\u201d \u00ebsht\u00eb nj\u00eb kompani k\u00ebrkimesh dhe analizash t\u00eb tregut q\u00eb ofron sh\u00ebrbime t\u00eb ndryshme t\u00eb studimeve t\u00eb opinionit, analiz\u00ebs s\u00eb tregut, hulumtimeve sociale dhe ekonomike. \u201cValicon\u201d operon kryesisht n\u00eb rajonin e Ballkanit.<\/p>\n","protected":false},"excerpt":{"rendered":"<p>Nj\u00eb hulumtim i fundit i \u201cValicon\u201d me titull \u201cNew Normal Study\u201d, i kryer gjat\u00eb periudh\u00ebs 18-21 gusht 2025 n\u00eb shtete t\u00eb rajonit t\u00eb Adriatikut, p\u00ebrfshir\u00eb edhe Kosov\u00ebn, nxjerr n\u00eb pah se inflacioni dhe pasiguria politike jan\u00eb dy shqet\u00ebsimet kryesore p\u00ebr qytetar\u00ebt kosovar\u00eb. N\u00eb anket\u00eb, gjithashtu \u00ebsht\u00eb b\u00ebr\u00eb e ditur se 40% e kosovar\u00ebve kan\u00eb th\u00ebn\u00eb [&hellip;]<\/p>\n","protected":false},"author":8,"featured_media":23005,"comment_status":"closed","ping_status":"closed","sticky":false,"template":"","format":"standard","meta":{"footnotes":""},"categories":[215,213],"tags":[],"class_list":["post-23004","post","type-post","status-publish","format-standard","has-post-thumbnail","hentry","category-kosove","category-lajme"],"yoast_head":"<!-- This site is optimized with the Yoast SEO plugin v25.1 - https:\/\/yoast.com\/wordpress\/plugins\/seo\/ -->\n<title>Hulumtimi i \u201cValicon\u201d: 40% e kosovar\u00ebve thon\u00eb se e kan\u00eb jet\u00ebn m\u00eb t\u00eb keqe se m\u00eb par\u00eb - press7.tv<\/title>\n<meta name=\"robots\" content=\"index, follow, max-snippet:-1, max-image-preview:large, max-video-preview:-1\" \/>\n<link rel=\"canonical\" href=\"https:\/\/www.press7.tv\/?p=23004\" \/>\n<meta property=\"og:locale\" content=\"en_US\" \/>\n<meta property=\"og:type\" content=\"article\" \/>\n<meta property=\"og:title\" content=\"Hulumtimi i \u201cValicon\u201d: 40% e kosovar\u00ebve thon\u00eb se e kan\u00eb jet\u00ebn m\u00eb t\u00eb keqe se m\u00eb par\u00eb - press7.tv\" \/>\n<meta property=\"og:description\" content=\"Nj\u00eb hulumtim i fundit i \u201cValicon\u201d me titull \u201cNew Normal Study\u201d, i kryer gjat\u00eb periudh\u00ebs 18-21 gusht 2025 n\u00eb shtete t\u00eb rajonit t\u00eb Adriatikut, p\u00ebrfshir\u00eb edhe Kosov\u00ebn, nxjerr n\u00eb pah se inflacioni dhe pasiguria politike jan\u00eb dy shqet\u00ebsimet kryesore p\u00ebr qytetar\u00ebt kosovar\u00eb. N\u00eb anket\u00eb, gjithashtu \u00ebsht\u00eb b\u00ebr\u00eb e ditur se 40% e kosovar\u00ebve kan\u00eb th\u00ebn\u00eb [&hellip;]\" \/>\n<meta property=\"og:url\" content=\"https:\/\/www.press7.tv\/?p=23004\" \/>\n<meta property=\"og:site_name\" content=\"press7.tv\" \/>\n<meta property=\"article:publisher\" content=\"https:\/\/www.facebook.com\/press7.tv\" \/>\n<meta property=\"article:published_time\" content=\"2025-10-23T12:52:51+00:00\" \/>\n<meta property=\"og:image\" content=\"https:\/\/www.press7.tv\/wp-content\/uploads\/2025\/10\/IMG_0340.avif\" \/>\n\t<meta property=\"og:image:width\" content=\"1360\" \/>\n\t<meta property=\"og:image:height\" content=\"870\" \/>\n\t<meta property=\"og:image:type\" content=\"image\/webp\" \/>\n<meta name=\"author\" content=\"gazetar2\" \/>\n<meta name=\"twitter:card\" content=\"summary_large_image\" \/>\n<meta name=\"twitter:label1\" content=\"Written by\" \/>\n\t<meta name=\"twitter:data1\" content=\"gazetar2\" \/>\n\t<meta name=\"twitter:label2\" content=\"Est. reading time\" \/>\n\t<meta name=\"twitter:data2\" content=\"1 minute\" \/>\n<script type=\"application\/ld+json\" class=\"yoast-schema-graph\">{\"@context\":\"https:\/\/schema.org\",\"@graph\":[{\"@type\":\"Article\",\"@id\":\"https:\/\/www.press7.tv\/?p=23004#article\",\"isPartOf\":{\"@id\":\"https:\/\/www.press7.tv\/?p=23004\"},\"author\":{\"name\":\"gazetar2\",\"@id\":\"https:\/\/www.news33.tv\/#\/schema\/person\/5a04a38a23ccdba82f9bd665cd8f9efa\"},\"headline\":\"Hulumtimi i \u201cValicon\u201d: 40% e kosovar\u00ebve thon\u00eb se e kan\u00eb jet\u00ebn m\u00eb t\u00eb keqe se m\u00eb par\u00eb\",\"datePublished\":\"2025-10-23T12:52:51+00:00\",\"mainEntityOfPage\":{\"@id\":\"https:\/\/www.press7.tv\/?p=23004\"},\"wordCount\":563,\"publisher\":{\"@id\":\"https:\/\/www.news33.tv\/#organization\"},\"image\":{\"@id\":\"https:\/\/www.press7.tv\/?p=23004#primaryimage\"},\"thumbnailUrl\":\"https:\/\/www.press7.tv\/wp-content\/uploads\/2025\/10\/IMG_0340.avif\",\"articleSection\":[\"Kosov\u00eb\",\"Lajme\"],\"inLanguage\":\"en-US\"},{\"@type\":\"WebPage\",\"@id\":\"https:\/\/www.press7.tv\/?p=23004\",\"url\":\"https:\/\/www.press7.tv\/?p=23004\",\"name\":\"Hulumtimi i \u201cValicon\u201d: 40% e kosovar\u00ebve thon\u00eb se e kan\u00eb jet\u00ebn m\u00eb t\u00eb keqe se m\u00eb par\u00eb - press7.tv\",\"isPartOf\":{\"@id\":\"https:\/\/www.news33.tv\/#website\"},\"primaryImageOfPage\":{\"@id\":\"https:\/\/www.press7.tv\/?p=23004#primaryimage\"},\"image\":{\"@id\":\"https:\/\/www.press7.tv\/?p=23004#primaryimage\"},\"thumbnailUrl\":\"https:\/\/www.press7.tv\/wp-content\/uploads\/2025\/10\/IMG_0340.avif\",\"datePublished\":\"2025-10-23T12:52:51+00:00\",\"breadcrumb\":{\"@id\":\"https:\/\/www.press7.tv\/?p=23004#breadcrumb\"},\"inLanguage\":\"en-US\",\"potentialAction\":[{\"@type\":\"ReadAction\",\"target\":[\"https:\/\/www.press7.tv\/?p=23004\"]}]},{\"@type\":\"ImageObject\",\"inLanguage\":\"en-US\",\"@id\":\"https:\/\/www.press7.tv\/?p=23004#primaryimage\",\"url\":\"https:\/\/www.press7.tv\/wp-content\/uploads\/2025\/10\/IMG_0340.avif\",\"contentUrl\":\"https:\/\/www.press7.tv\/wp-content\/uploads\/2025\/10\/IMG_0340.avif\",\"width\":1360,\"height\":870},{\"@type\":\"BreadcrumbList\",\"@id\":\"https:\/\/www.press7.tv\/?p=23004#breadcrumb\",\"itemListElement\":[{\"@type\":\"ListItem\",\"position\":1,\"name\":\"Home\",\"item\":\"https:\/\/www.press7.tv\/\"},{\"@type\":\"ListItem\",\"position\":2,\"name\":\"Hulumtimi i \u201cValicon\u201d: 40% e kosovar\u00ebve thon\u00eb se e kan\u00eb jet\u00ebn m\u00eb t\u00eb keqe se m\u00eb par\u00eb\"}]},{\"@type\":\"WebSite\",\"@id\":\"https:\/\/www.news33.tv\/#website\",\"url\":\"https:\/\/www.news33.tv\/\",\"name\":\"News33.tv Media\",\"description\":\"Media\",\"publisher\":{\"@id\":\"https:\/\/www.news33.tv\/#organization\"},\"potentialAction\":[{\"@type\":\"SearchAction\",\"target\":{\"@type\":\"EntryPoint\",\"urlTemplate\":\"https:\/\/www.news33.tv\/?s={search_term_string}\"},\"query-input\":{\"@type\":\"PropertyValueSpecification\",\"valueRequired\":true,\"valueName\":\"search_term_string\"}}],\"inLanguage\":\"en-US\"},{\"@type\":\"Organization\",\"@id\":\"https:\/\/www.news33.tv\/#organization\",\"name\":\"News33.tv Media\",\"url\":\"https:\/\/www.news33.tv\/\",\"logo\":{\"@type\":\"ImageObject\",\"inLanguage\":\"en-US\",\"@id\":\"https:\/\/www.news33.tv\/#\/schema\/logo\/image\/\",\"url\":\"https:\/\/www.press7.tv\/wp-content\/uploads\/2024\/02\/logo-news33-black.png\",\"contentUrl\":\"https:\/\/www.press7.tv\/wp-content\/uploads\/2024\/02\/logo-news33-black.png\",\"width\":180,\"height\":37,\"caption\":\"News33.tv Media\"},\"image\":{\"@id\":\"https:\/\/www.news33.tv\/#\/schema\/logo\/image\/\"},\"sameAs\":[\"https:\/\/www.facebook.com\/press7.tv\"]},{\"@type\":\"Person\",\"@id\":\"https:\/\/www.news33.tv\/#\/schema\/person\/5a04a38a23ccdba82f9bd665cd8f9efa\",\"name\":\"gazetar2\",\"image\":{\"@type\":\"ImageObject\",\"inLanguage\":\"en-US\",\"@id\":\"https:\/\/www.news33.tv\/#\/schema\/person\/image\/\",\"url\":\"https:\/\/www.press7.tv\/wp-content\/litespeed\/avatar\/41975e402c3049d9ddb03adca8f7a883.jpg?ver=1777169572\",\"contentUrl\":\"https:\/\/www.press7.tv\/wp-content\/litespeed\/avatar\/41975e402c3049d9ddb03adca8f7a883.jpg?ver=1777169572\",\"caption\":\"gazetar2\"},\"url\":\"https:\/\/www.press7.tv\/?author=8\"}]}<\/script>\n<!-- \/ Yoast SEO plugin. -->","yoast_head_json":{"title":"Hulumtimi i \u201cValicon\u201d: 40% e kosovar\u00ebve thon\u00eb se e kan\u00eb jet\u00ebn m\u00eb t\u00eb keqe se m\u00eb par\u00eb - press7.tv","robots":{"index":"index","follow":"follow","max-snippet":"max-snippet:-1","max-image-preview":"max-image-preview:large","max-video-preview":"max-video-preview:-1"},"canonical":"https:\/\/www.press7.tv\/?p=23004","og_locale":"en_US","og_type":"article","og_title":"Hulumtimi i \u201cValicon\u201d: 40% e kosovar\u00ebve thon\u00eb se e kan\u00eb jet\u00ebn m\u00eb t\u00eb keqe se m\u00eb par\u00eb - press7.tv","og_description":"Nj\u00eb hulumtim i fundit i \u201cValicon\u201d me titull \u201cNew Normal Study\u201d, i kryer gjat\u00eb periudh\u00ebs 18-21 gusht 2025 n\u00eb shtete t\u00eb rajonit t\u00eb Adriatikut, p\u00ebrfshir\u00eb edhe Kosov\u00ebn, nxjerr n\u00eb pah se inflacioni dhe pasiguria politike jan\u00eb dy shqet\u00ebsimet kryesore p\u00ebr qytetar\u00ebt kosovar\u00eb. N\u00eb anket\u00eb, gjithashtu \u00ebsht\u00eb b\u00ebr\u00eb e ditur se 40% e kosovar\u00ebve kan\u00eb th\u00ebn\u00eb [&hellip;]","og_url":"https:\/\/www.press7.tv\/?p=23004","og_site_name":"press7.tv","article_publisher":"https:\/\/www.facebook.com\/press7.tv","article_published_time":"2025-10-23T12:52:51+00:00","og_image":[{"width":1360,"height":870,"url":"https:\/\/www.press7.tv\/wp-content\/uploads\/2025\/10\/IMG_0340.avif","type":"image\/webp"}],"author":"gazetar2","twitter_card":"summary_large_image","twitter_misc":{"Written by":"gazetar2","Est. reading time":"1 minute"},"schema":{"@context":"https:\/\/schema.org","@graph":[{"@type":"Article","@id":"https:\/\/www.press7.tv\/?p=23004#article","isPartOf":{"@id":"https:\/\/www.press7.tv\/?p=23004"},"author":{"name":"gazetar2","@id":"https:\/\/www.news33.tv\/#\/schema\/person\/5a04a38a23ccdba82f9bd665cd8f9efa"},"headline":"Hulumtimi i \u201cValicon\u201d: 40% e kosovar\u00ebve thon\u00eb se e kan\u00eb jet\u00ebn m\u00eb t\u00eb keqe se m\u00eb par\u00eb","datePublished":"2025-10-23T12:52:51+00:00","mainEntityOfPage":{"@id":"https:\/\/www.press7.tv\/?p=23004"},"wordCount":563,"publisher":{"@id":"https:\/\/www.news33.tv\/#organization"},"image":{"@id":"https:\/\/www.press7.tv\/?p=23004#primaryimage"},"thumbnailUrl":"https:\/\/www.press7.tv\/wp-content\/uploads\/2025\/10\/IMG_0340.avif","articleSection":["Kosov\u00eb","Lajme"],"inLanguage":"en-US"},{"@type":"WebPage","@id":"https:\/\/www.press7.tv\/?p=23004","url":"https:\/\/www.press7.tv\/?p=23004","name":"Hulumtimi i \u201cValicon\u201d: 40% e kosovar\u00ebve thon\u00eb se e kan\u00eb jet\u00ebn m\u00eb t\u00eb keqe se m\u00eb par\u00eb - press7.tv","isPartOf":{"@id":"https:\/\/www.news33.tv\/#website"},"primaryImageOfPage":{"@id":"https:\/\/www.press7.tv\/?p=23004#primaryimage"},"image":{"@id":"https:\/\/www.press7.tv\/?p=23004#primaryimage"},"thumbnailUrl":"https:\/\/www.press7.tv\/wp-content\/uploads\/2025\/10\/IMG_0340.avif","datePublished":"2025-10-23T12:52:51+00:00","breadcrumb":{"@id":"https:\/\/www.press7.tv\/?p=23004#breadcrumb"},"inLanguage":"en-US","potentialAction":[{"@type":"ReadAction","target":["https:\/\/www.press7.tv\/?p=23004"]}]},{"@type":"ImageObject","inLanguage":"en-US","@id":"https:\/\/www.press7.tv\/?p=23004#primaryimage","url":"https:\/\/www.press7.tv\/wp-content\/uploads\/2025\/10\/IMG_0340.avif","contentUrl":"https:\/\/www.press7.tv\/wp-content\/uploads\/2025\/10\/IMG_0340.avif","width":1360,"height":870},{"@type":"BreadcrumbList","@id":"https:\/\/www.press7.tv\/?p=23004#breadcrumb","itemListElement":[{"@type":"ListItem","position":1,"name":"Home","item":"https:\/\/www.press7.tv\/"},{"@type":"ListItem","position":2,"name":"Hulumtimi i \u201cValicon\u201d: 40% e kosovar\u00ebve thon\u00eb se e kan\u00eb jet\u00ebn m\u00eb t\u00eb keqe se m\u00eb par\u00eb"}]},{"@type":"WebSite","@id":"https:\/\/www.news33.tv\/#website","url":"https:\/\/www.news33.tv\/","name":"News33.tv Media","description":"Media","publisher":{"@id":"https:\/\/www.news33.tv\/#organization"},"potentialAction":[{"@type":"SearchAction","target":{"@type":"EntryPoint","urlTemplate":"https:\/\/www.news33.tv\/?s={search_term_string}"},"query-input":{"@type":"PropertyValueSpecification","valueRequired":true,"valueName":"search_term_string"}}],"inLanguage":"en-US"},{"@type":"Organization","@id":"https:\/\/www.news33.tv\/#organization","name":"News33.tv Media","url":"https:\/\/www.news33.tv\/","logo":{"@type":"ImageObject","inLanguage":"en-US","@id":"https:\/\/www.news33.tv\/#\/schema\/logo\/image\/","url":"https:\/\/www.press7.tv\/wp-content\/uploads\/2024\/02\/logo-news33-black.png","contentUrl":"https:\/\/www.press7.tv\/wp-content\/uploads\/2024\/02\/logo-news33-black.png","width":180,"height":37,"caption":"News33.tv Media"},"image":{"@id":"https:\/\/www.news33.tv\/#\/schema\/logo\/image\/"},"sameAs":["https:\/\/www.facebook.com\/press7.tv"]},{"@type":"Person","@id":"https:\/\/www.news33.tv\/#\/schema\/person\/5a04a38a23ccdba82f9bd665cd8f9efa","name":"gazetar2","image":{"@type":"ImageObject","inLanguage":"en-US","@id":"https:\/\/www.news33.tv\/#\/schema\/person\/image\/","url":"https:\/\/www.press7.tv\/wp-content\/litespeed\/avatar\/41975e402c3049d9ddb03adca8f7a883.jpg?ver=1777169572","contentUrl":"https:\/\/www.press7.tv\/wp-content\/litespeed\/avatar\/41975e402c3049d9ddb03adca8f7a883.jpg?ver=1777169572","caption":"gazetar2"},"url":"https:\/\/www.press7.tv\/?author=8"}]}},"amp_enabled":true,"_links":{"self":[{"href":"https:\/\/www.press7.tv\/index.php?rest_route=\/wp\/v2\/posts\/23004","targetHints":{"allow":["GET"]}}],"collection":[{"href":"https:\/\/www.press7.tv\/index.php?rest_route=\/wp\/v2\/posts"}],"about":[{"href":"https:\/\/www.press7.tv\/index.php?rest_route=\/wp\/v2\/types\/post"}],"author":[{"embeddable":true,"href":"https:\/\/www.press7.tv\/index.php?rest_route=\/wp\/v2\/users\/8"}],"replies":[{"embeddable":true,"href":"https:\/\/www.press7.tv\/index.php?rest_route=%2Fwp%2Fv2%2Fcomments&post=23004"}],"version-history":[{"count":1,"href":"https:\/\/www.press7.tv\/index.php?rest_route=\/wp\/v2\/posts\/23004\/revisions"}],"predecessor-version":[{"id":23006,"href":"https:\/\/www.press7.tv\/index.php?rest_route=\/wp\/v2\/posts\/23004\/revisions\/23006"}],"wp:featuredmedia":[{"embeddable":true,"href":"https:\/\/www.press7.tv\/index.php?rest_route=\/wp\/v2\/media\/23005"}],"wp:attachment":[{"href":"https:\/\/www.press7.tv\/index.php?rest_route=%2Fwp%2Fv2%2Fmedia&parent=23004"}],"wp:term":[{"taxonomy":"category","embeddable":true,"href":"https:\/\/www.press7.tv\/index.php?rest_route=%2Fwp%2Fv2%2Fcategories&post=23004"},{"taxonomy":"post_tag","embeddable":true,"href":"https:\/\/www.press7.tv\/index.php?rest_route=%2Fwp%2Fv2%2Ftags&post=23004"}],"curies":[{"name":"wp","href":"https:\/\/api.w.org\/{rel}","templated":true}]}}