{"id":22981,"date":"2025-10-22T15:53:59","date_gmt":"2025-10-22T15:53:59","guid":{"rendered":"https:\/\/www.press7.tv\/?p=22981"},"modified":"2025-10-22T15:53:59","modified_gmt":"2025-10-22T15:53:59","slug":"afat-deri-te-dielen-per-kurtin-ja-tre-skenaret-qe-paralajmerohen-per-kosoven","status":"publish","type":"post","link":"https:\/\/www.press7.tv\/?p=22981","title":{"rendered":"Afat deri t\u00eb diel\u00ebn p\u00ebr Kurtin\/ Ja tre skenar\u00ebt q\u00eb paralajm\u00ebrohen p\u00ebr Kosov\u00ebn"},"content":{"rendered":"\n    <div class=\"xs_social_share_widget xs_share_url before_content \t\tmain_content  wslu-style-2 wslu-share-box-shaped wslu-fill-colored wslu-share-m-5 wslu-none wslu-share-vertical wslu-theme-font-no wslu-main_content\">\n\n\t\t\n        <ul>\n\t\t\t        <\/ul>\n    <\/div> \n<p>M\u00eb 11 tetor, kreu i L\u00ebvizjes Vet\u00ebvendosje, Albin Kurti, u mandatua nga presidentja Vjosa Osmani p\u00ebr formimin e qeveris\u00eb. Prej at\u00ebher\u00eb ka nisur t\u00eb rrjedh\u00eb afati 15-ditor q\u00eb ai t\u2019ia paraqes\u00eb Kuvendit p\u00ebrb\u00ebrjen e re t\u00eb qeveris\u00eb, ku tani kan\u00eb mbetur edhe pes\u00eb dit\u00eb koh\u00eb p\u00ebr formimin e qeveris\u00eb s\u00eb re.<\/p>\n<p>Kurtit i duhen s\u00eb paku 61 vota n\u00eb Kuvend p\u00ebr ta siguruar shumic\u00ebn e nevojshme p\u00ebr formimin e qeveris\u00eb. L\u00ebvizja Vet\u00ebvendosje i ka 48 deputet\u00eb, dhe Kurti ka p\u00ebrkrahje edhe prej 7 deputet\u00ebve t\u00eb komuniteteve joserbe, si dhe t\u00eb Nenad Rashiqit.<\/p>\n<p>Tani Kurtit i duhet t\u2019i siguroj\u00eb edhe s\u00eb paku 5 deputet\u00eb t\u00eb tjer\u00eb.<\/p>\n<p>Vet\u00eb Kurti ka treguar ofert\u00ebn q\u00eb ai i kishte b\u00ebr\u00eb Nism\u00ebs Socialdemokrate p\u00ebr koalicion.<\/p>\n<p>\u201cPo t\u00eb ishte b\u00ebr\u00eb Albulena Haxhiu kryetare e Kuvendit, Fatmir Limaj ka mujt me u bo n\u00ebnkryetar i Kuvendit, sepse duhet q\u00eb kryetari dhe n\u00ebnkryetari me qen\u00eb t\u00eb gjinive t\u00eb ndryshme. Paramendoje k\u00ebt\u00eb situat\u00eb, ku Albulena Haxhiu b\u00ebhej n\u00ebnkryetare e Kuvendit, Fatmir Limaj b\u00ebhej n\u00ebnkryetar i Kuvendit se i ka pes\u00ebfish vota m\u00eb pak se Albulena, e kish marr\u00eb nj\u00eb ministri dhe dy z\u00ebvend\u00ebsministra. Kat\u00ebr pozita t\u00eb larta me tre deputet\u00eb. Kjo \u00ebsht\u00eb racionale, maksimumi ku mund t\u00eb shkojm\u00eb. Ama, ma jep k\u00ebt\u00eb mua sepse ta kam gjet\u00eb dit\u00ebn, faleminderit\u201d, tha Kurti.<\/p>\n<p>E analisti politik Zejnullah Jakupi, n\u00eb nj\u00eb prononcim p\u00ebr \u201cBota sot\u201d, ka vler\u00ebsuar ofert\u00ebn q\u00eb kryeministri n\u00eb detyr\u00eb Albin Kurti i ka b\u00ebr\u00eb Nism\u00ebs Socialdemokrate dhe n\u00eb ve\u00e7anti kryetarit t\u00eb saj, Fatmir Limaj.<\/p>\n<p>Ai e cil\u00ebson k\u00ebt\u00eb si nj\u00eb l\u00ebvizje inteligjente strategjike, me disa elemente pozitive.<\/p>\n<p>Sipas Jakupit, Kurti dhe partia e tij, L\u00ebvizja Vet\u00ebvendosje, kan\u00eb b\u00ebr\u00eb hapin p\u00ebr t\u00eb ofruar bashk\u00ebpunim konkret me Nism\u00ebn, \u00e7ka tregon gatishm\u00ebri p\u00ebr zgjidhje dhe p\u00ebr tejkalimin e bllokad\u00ebs institucionale.<\/p>\n<p>\u201cOferta duket t\u00eb jet\u00eb e orientuar jo vet\u00ebm p\u00ebr qeverisje \u2013 q\u00eb \u00ebsht\u00eb e r\u00ebnd\u00ebsishme \u2013 por edhe p\u00ebr konstituimin e Kuvendit t\u00eb Kosov\u00ebs, pra p\u00ebr funksionalizimin e institucioneve. Duke qen\u00eb se Nisma ka vet\u00ebm pak deputet\u00eb, ofrimi p\u00ebr bashk\u00ebpunim me ta \u00ebsht\u00eb nj\u00eb l\u00ebvizje pragmatike p\u00ebr Vet\u00ebvendosjen \u2013 p\u00ebr t\u00eb arritur shumic\u00ebn ose p\u00ebr t\u00eb shmangur kriz\u00ebn institucionale,\u201d shprehet Jakupi.<\/p>\n<p>Megjithat\u00eb, Jakupi thekson se kjo l\u00ebvizje ka edhe sfida t\u00eb qarta.<\/p>\n<p>\u201cNisma ka b\u00ebr\u00eb k\u00ebrkesa t\u00eb qarta \u2013 si pozicioni i kryeparlamentarit, apo nj\u00eb paket\u00eb ligjore me ndryshime si ulja e pragut zgjedhor nga 5 % n\u00eb 2 % \u2013 q\u00eb nuk jan\u00eb t\u00eb thjeshta p\u00ebr t\u2019u realizuar menj\u00ebher\u00eb,\u201d vler\u00ebson ai.<\/p>\n<p>Ai shton se \u00ebsht\u00eb e paqart\u00eb n\u00ebse brenda Vet\u00ebvendosjes ekziston dakord\u00ebsi p\u00ebr t\u00eb gjitha k\u00ebrkesat e Nism\u00ebs, sidomos kur p\u00ebrfaq\u00ebsues t\u00eb k\u00ebsaj partie kan\u00eb th\u00ebn\u00eb publikisht se \u201cnuk ka pasur vullnet real\u201d nga ana tjet\u00ebr.<\/p>\n<p>Sipas analistit, afatet jan\u00eb t\u00eb shkurtra dhe presioni \u00ebsht\u00eb i lart\u00eb.<\/p>\n<p>\u201cN\u00ebse marr\u00ebveshja nuk arrihet deri n\u00eb nj\u00eb dat\u00eb t\u00eb caktuar, mund t\u00eb kemi kriz\u00eb t\u00eb p\u00ebrshkall\u00ebzuar.\u201d<\/p>\n<p>Duke marr\u00eb parasysh q\u00eb jemi af\u00ebr fundjav\u00ebs \u2013 dhe deklarat\u00ebn e Kurtit se \u201ck\u00ebt\u00eb fundjav\u00eb do t\u00eb kemi lajmin p\u00ebr marr\u00ebveshjen ose munges\u00ebn e saj\u201d \u2013 Jakupi parasheh tre skenar\u00eb t\u00eb mundsh\u00ebm.<\/p>\n<p>\u201cSkenari m\u00eb pozitiv: Marr\u00ebveshje kompromisi midis Vet\u00ebvendosjes dhe Nism\u00ebs. N\u00ebse Nisma pranon ofert\u00ebn dhe Vet\u00ebvendosje b\u00ebn disa l\u00ebshime \u2013 si nj\u00eb pozicion p\u00ebr Limajn ose ndryshime ligjore gradualisht \u2013 at\u00ebher\u00eb vendi shkon drejt krijimit t\u00eb qeveris\u00eb,\u201d shpjegon ai.<\/p>\n<p>Sipas tij, kjo do t\u00eb sillte stabilitet institucional dhe mund\u00ebsi p\u00ebr qeverisje, duke u dh\u00ebn\u00eb politikan\u00ebve nj\u00eb \u201crrug\u00eb dalje\u201d nga bllokada.<\/p>\n<p>Skenari i nd\u00ebrmjet\u00ebm: Arritet nj\u00eb marr\u00ebveshje par\u00ebsore, por disa pika mbeten t\u00eb hapura.<\/p>\n<p>\u201cAfatet mund t\u00eb shtyhen, negociatat t\u00eb vazhdojn\u00eb, nd\u00ebrsa publikisht do t\u00eb thuhet se \u2018jemi n\u00eb drejtim t\u00eb mir\u00eb\u2019,\u201d thot\u00eb Jakupi.<\/p>\n<p>Ky skenar, sipas tij, i lejon t\u00eb dy pal\u00ebt t\u00eb ruajn\u00eb nd\u00ebrmjet\u00ebsimin dhe t\u00eb shmangin rr\u00ebzimin direkt, por s\u00ebrish nuk sjell menj\u00ebher\u00eb funksionimin e plot\u00eb t\u00eb institucioneve.<\/p>\n<p>Skenari m\u00eb problematik: Marr\u00ebveshja d\u00ebshton ose Nisma refuzon ofert\u00ebn.<\/p>\n<p>\u201cN\u00eb at\u00eb rast, rrezikohet q\u00eb bllokada t\u00eb intensifikohet, t\u00eb ket\u00eb l\u00ebvizje drejt zgjedhjeve t\u00eb parakohshme ose institucione q\u00eb s\u00ebrish mbeten pa shumic\u00eb,\u201d paralajm\u00ebron Jakupi.<\/p>\n<p>Kjo, sipas tij, mund t\u00eb krijoj\u00eb pasiguri dhe t\u00eb rris\u00eb pak\u00ebnaq\u00ebsin\u00eb e qytetar\u00ebve, nd\u00ebrsa p\u00ebr Vet\u00ebvendosjen do t\u00eb ishte rrezik humbje e besimit ose prer\u00ebsis\u00eb politike.<\/p>\n<p>N\u00eb p\u00ebrfundim, Jakupi thekson se oferta e Kurtit ndaj Nism\u00ebs \u00ebsht\u00eb pozitive nga pik\u00ebpamja praktike, pasi synon t\u2019i jap\u00eb fund bllokad\u00ebs institucionale.<\/p>\n<p>\u201cPor suksesi i saj varet fort nga gatishm\u00ebria reale e t\u00eb dy pal\u00ebve p\u00ebr kompromis. Derisa t\u00eb diel\u00ebn e presim nj\u00eb vendim ose minimumi nj\u00eb sinjal t\u00eb fuqish\u00ebm n\u00ebse do t\u00eb ket\u00eb marr\u00ebveshje apo jo. Un\u00eb mendoj se ka m\u00eb shum\u00eb gjasa p\u00ebr skenarin e mes\u00ebm ose pozitiv \u2013 sesa p\u00ebr skenarin problematik \u2013 p\u00ebr momentin,\u201d p\u00ebrfundon analisti Zejnullah Jakupi p\u00ebr \u201cBota sot\u201d.<\/p>\n","protected":false},"excerpt":{"rendered":"<p>M\u00eb 11 tetor, kreu i L\u00ebvizjes Vet\u00ebvendosje, Albin Kurti, u mandatua nga presidentja Vjosa Osmani p\u00ebr formimin e qeveris\u00eb. Prej at\u00ebher\u00eb ka nisur t\u00eb rrjedh\u00eb afati 15-ditor q\u00eb ai t\u2019ia paraqes\u00eb Kuvendit p\u00ebrb\u00ebrjen e re t\u00eb qeveris\u00eb, ku tani kan\u00eb mbetur edhe pes\u00eb dit\u00eb koh\u00eb p\u00ebr formimin e qeveris\u00eb s\u00eb re. Kurtit i duhen s\u00eb [&hellip;]<\/p>\n","protected":false},"author":8,"featured_media":22982,"comment_status":"closed","ping_status":"closed","sticky":false,"template":"","format":"standard","meta":{"footnotes":""},"categories":[215,213],"tags":[],"class_list":["post-22981","post","type-post","status-publish","format-standard","has-post-thumbnail","hentry","category-kosove","category-lajme"],"yoast_head":"<!-- This site is optimized with the Yoast SEO plugin v25.1 - https:\/\/yoast.com\/wordpress\/plugins\/seo\/ -->\n<title>Afat deri t\u00eb diel\u00ebn p\u00ebr Kurtin\/ Ja tre skenar\u00ebt q\u00eb paralajm\u00ebrohen p\u00ebr Kosov\u00ebn - press7.tv<\/title>\n<meta name=\"robots\" content=\"index, follow, max-snippet:-1, max-image-preview:large, max-video-preview:-1\" \/>\n<link rel=\"canonical\" href=\"https:\/\/www.press7.tv\/?p=22981\" \/>\n<meta property=\"og:locale\" content=\"en_US\" \/>\n<meta property=\"og:type\" content=\"article\" \/>\n<meta property=\"og:title\" content=\"Afat deri t\u00eb diel\u00ebn p\u00ebr Kurtin\/ Ja tre skenar\u00ebt q\u00eb paralajm\u00ebrohen p\u00ebr Kosov\u00ebn - press7.tv\" \/>\n<meta property=\"og:description\" content=\"M\u00eb 11 tetor, kreu i L\u00ebvizjes Vet\u00ebvendosje, Albin Kurti, u mandatua nga presidentja Vjosa Osmani p\u00ebr formimin e qeveris\u00eb. Prej at\u00ebher\u00eb ka nisur t\u00eb rrjedh\u00eb afati 15-ditor q\u00eb ai t\u2019ia paraqes\u00eb Kuvendit p\u00ebrb\u00ebrjen e re t\u00eb qeveris\u00eb, ku tani kan\u00eb mbetur edhe pes\u00eb dit\u00eb koh\u00eb p\u00ebr formimin e qeveris\u00eb s\u00eb re. Kurtit i duhen s\u00eb [&hellip;]\" \/>\n<meta property=\"og:url\" content=\"https:\/\/www.press7.tv\/?p=22981\" \/>\n<meta property=\"og:site_name\" content=\"press7.tv\" \/>\n<meta property=\"article:publisher\" content=\"https:\/\/www.facebook.com\/press7.tv\" \/>\n<meta property=\"article:published_time\" content=\"2025-10-22T15:53:59+00:00\" \/>\n<meta property=\"og:image\" content=\"https:\/\/www.press7.tv\/wp-content\/uploads\/2025\/10\/IMG_0318.avif\" \/>\n\t<meta property=\"og:image:width\" content=\"780\" \/>\n\t<meta property=\"og:image:height\" content=\"404\" \/>\n\t<meta property=\"og:image:type\" content=\"image\/jpeg\" \/>\n<meta name=\"author\" content=\"gazetar2\" \/>\n<meta name=\"twitter:card\" content=\"summary_large_image\" \/>\n<meta name=\"twitter:label1\" content=\"Written by\" \/>\n\t<meta name=\"twitter:data1\" content=\"gazetar2\" \/>\n\t<meta name=\"twitter:label2\" content=\"Est. reading time\" \/>\n\t<meta name=\"twitter:data2\" content=\"1 minute\" \/>\n<script type=\"application\/ld+json\" class=\"yoast-schema-graph\">{\"@context\":\"https:\/\/schema.org\",\"@graph\":[{\"@type\":\"Article\",\"@id\":\"https:\/\/www.press7.tv\/?p=22981#article\",\"isPartOf\":{\"@id\":\"https:\/\/www.press7.tv\/?p=22981\"},\"author\":{\"name\":\"gazetar2\",\"@id\":\"https:\/\/www.news33.tv\/#\/schema\/person\/5a04a38a23ccdba82f9bd665cd8f9efa\"},\"headline\":\"Afat deri t\u00eb diel\u00ebn p\u00ebr Kurtin\/ Ja tre skenar\u00ebt q\u00eb paralajm\u00ebrohen p\u00ebr Kosov\u00ebn\",\"datePublished\":\"2025-10-22T15:53:59+00:00\",\"mainEntityOfPage\":{\"@id\":\"https:\/\/www.press7.tv\/?p=22981\"},\"wordCount\":911,\"publisher\":{\"@id\":\"https:\/\/www.news33.tv\/#organization\"},\"image\":{\"@id\":\"https:\/\/www.press7.tv\/?p=22981#primaryimage\"},\"thumbnailUrl\":\"https:\/\/www.press7.tv\/wp-content\/uploads\/2025\/10\/IMG_0318.avif\",\"articleSection\":[\"Kosov\u00eb\",\"Lajme\"],\"inLanguage\":\"en-US\"},{\"@type\":\"WebPage\",\"@id\":\"https:\/\/www.press7.tv\/?p=22981\",\"url\":\"https:\/\/www.press7.tv\/?p=22981\",\"name\":\"Afat deri t\u00eb diel\u00ebn p\u00ebr Kurtin\/ Ja tre skenar\u00ebt q\u00eb paralajm\u00ebrohen p\u00ebr Kosov\u00ebn - press7.tv\",\"isPartOf\":{\"@id\":\"https:\/\/www.news33.tv\/#website\"},\"primaryImageOfPage\":{\"@id\":\"https:\/\/www.press7.tv\/?p=22981#primaryimage\"},\"image\":{\"@id\":\"https:\/\/www.press7.tv\/?p=22981#primaryimage\"},\"thumbnailUrl\":\"https:\/\/www.press7.tv\/wp-content\/uploads\/2025\/10\/IMG_0318.avif\",\"datePublished\":\"2025-10-22T15:53:59+00:00\",\"breadcrumb\":{\"@id\":\"https:\/\/www.press7.tv\/?p=22981#breadcrumb\"},\"inLanguage\":\"en-US\",\"potentialAction\":[{\"@type\":\"ReadAction\",\"target\":[\"https:\/\/www.press7.tv\/?p=22981\"]}]},{\"@type\":\"ImageObject\",\"inLanguage\":\"en-US\",\"@id\":\"https:\/\/www.press7.tv\/?p=22981#primaryimage\",\"url\":\"https:\/\/www.press7.tv\/wp-content\/uploads\/2025\/10\/IMG_0318.avif\",\"contentUrl\":\"https:\/\/www.press7.tv\/wp-content\/uploads\/2025\/10\/IMG_0318.avif\",\"width\":780,\"height\":404},{\"@type\":\"BreadcrumbList\",\"@id\":\"https:\/\/www.press7.tv\/?p=22981#breadcrumb\",\"itemListElement\":[{\"@type\":\"ListItem\",\"position\":1,\"name\":\"Home\",\"item\":\"https:\/\/www.press7.tv\/\"},{\"@type\":\"ListItem\",\"position\":2,\"name\":\"Afat deri t\u00eb diel\u00ebn p\u00ebr Kurtin\/ Ja tre skenar\u00ebt q\u00eb paralajm\u00ebrohen p\u00ebr Kosov\u00ebn\"}]},{\"@type\":\"WebSite\",\"@id\":\"https:\/\/www.news33.tv\/#website\",\"url\":\"https:\/\/www.news33.tv\/\",\"name\":\"News33.tv Media\",\"description\":\"Media\",\"publisher\":{\"@id\":\"https:\/\/www.news33.tv\/#organization\"},\"potentialAction\":[{\"@type\":\"SearchAction\",\"target\":{\"@type\":\"EntryPoint\",\"urlTemplate\":\"https:\/\/www.news33.tv\/?s={search_term_string}\"},\"query-input\":{\"@type\":\"PropertyValueSpecification\",\"valueRequired\":true,\"valueName\":\"search_term_string\"}}],\"inLanguage\":\"en-US\"},{\"@type\":\"Organization\",\"@id\":\"https:\/\/www.news33.tv\/#organization\",\"name\":\"News33.tv Media\",\"url\":\"https:\/\/www.news33.tv\/\",\"logo\":{\"@type\":\"ImageObject\",\"inLanguage\":\"en-US\",\"@id\":\"https:\/\/www.news33.tv\/#\/schema\/logo\/image\/\",\"url\":\"https:\/\/www.press7.tv\/wp-content\/uploads\/2024\/02\/logo-news33-black.png\",\"contentUrl\":\"https:\/\/www.press7.tv\/wp-content\/uploads\/2024\/02\/logo-news33-black.png\",\"width\":180,\"height\":37,\"caption\":\"News33.tv Media\"},\"image\":{\"@id\":\"https:\/\/www.news33.tv\/#\/schema\/logo\/image\/\"},\"sameAs\":[\"https:\/\/www.facebook.com\/press7.tv\"]},{\"@type\":\"Person\",\"@id\":\"https:\/\/www.news33.tv\/#\/schema\/person\/5a04a38a23ccdba82f9bd665cd8f9efa\",\"name\":\"gazetar2\",\"image\":{\"@type\":\"ImageObject\",\"inLanguage\":\"en-US\",\"@id\":\"https:\/\/www.news33.tv\/#\/schema\/person\/image\/\",\"url\":\"https:\/\/www.press7.tv\/wp-content\/litespeed\/avatar\/41975e402c3049d9ddb03adca8f7a883.jpg?ver=1777169572\",\"contentUrl\":\"https:\/\/www.press7.tv\/wp-content\/litespeed\/avatar\/41975e402c3049d9ddb03adca8f7a883.jpg?ver=1777169572\",\"caption\":\"gazetar2\"},\"url\":\"https:\/\/www.press7.tv\/?author=8\"}]}<\/script>\n<!-- \/ Yoast SEO plugin. -->","yoast_head_json":{"title":"Afat deri t\u00eb diel\u00ebn p\u00ebr Kurtin\/ Ja tre skenar\u00ebt q\u00eb paralajm\u00ebrohen p\u00ebr Kosov\u00ebn - press7.tv","robots":{"index":"index","follow":"follow","max-snippet":"max-snippet:-1","max-image-preview":"max-image-preview:large","max-video-preview":"max-video-preview:-1"},"canonical":"https:\/\/www.press7.tv\/?p=22981","og_locale":"en_US","og_type":"article","og_title":"Afat deri t\u00eb diel\u00ebn p\u00ebr Kurtin\/ Ja tre skenar\u00ebt q\u00eb paralajm\u00ebrohen p\u00ebr Kosov\u00ebn - press7.tv","og_description":"M\u00eb 11 tetor, kreu i L\u00ebvizjes Vet\u00ebvendosje, Albin Kurti, u mandatua nga presidentja Vjosa Osmani p\u00ebr formimin e qeveris\u00eb. Prej at\u00ebher\u00eb ka nisur t\u00eb rrjedh\u00eb afati 15-ditor q\u00eb ai t\u2019ia paraqes\u00eb Kuvendit p\u00ebrb\u00ebrjen e re t\u00eb qeveris\u00eb, ku tani kan\u00eb mbetur edhe pes\u00eb dit\u00eb koh\u00eb p\u00ebr formimin e qeveris\u00eb s\u00eb re. Kurtit i duhen s\u00eb [&hellip;]","og_url":"https:\/\/www.press7.tv\/?p=22981","og_site_name":"press7.tv","article_publisher":"https:\/\/www.facebook.com\/press7.tv","article_published_time":"2025-10-22T15:53:59+00:00","og_image":[{"width":780,"height":404,"url":"https:\/\/www.press7.tv\/wp-content\/uploads\/2025\/10\/IMG_0318.avif","type":"image\/jpeg"}],"author":"gazetar2","twitter_card":"summary_large_image","twitter_misc":{"Written by":"gazetar2","Est. reading time":"1 minute"},"schema":{"@context":"https:\/\/schema.org","@graph":[{"@type":"Article","@id":"https:\/\/www.press7.tv\/?p=22981#article","isPartOf":{"@id":"https:\/\/www.press7.tv\/?p=22981"},"author":{"name":"gazetar2","@id":"https:\/\/www.news33.tv\/#\/schema\/person\/5a04a38a23ccdba82f9bd665cd8f9efa"},"headline":"Afat deri t\u00eb diel\u00ebn p\u00ebr Kurtin\/ Ja tre skenar\u00ebt q\u00eb paralajm\u00ebrohen p\u00ebr Kosov\u00ebn","datePublished":"2025-10-22T15:53:59+00:00","mainEntityOfPage":{"@id":"https:\/\/www.press7.tv\/?p=22981"},"wordCount":911,"publisher":{"@id":"https:\/\/www.news33.tv\/#organization"},"image":{"@id":"https:\/\/www.press7.tv\/?p=22981#primaryimage"},"thumbnailUrl":"https:\/\/www.press7.tv\/wp-content\/uploads\/2025\/10\/IMG_0318.avif","articleSection":["Kosov\u00eb","Lajme"],"inLanguage":"en-US"},{"@type":"WebPage","@id":"https:\/\/www.press7.tv\/?p=22981","url":"https:\/\/www.press7.tv\/?p=22981","name":"Afat deri t\u00eb diel\u00ebn p\u00ebr Kurtin\/ Ja tre skenar\u00ebt q\u00eb paralajm\u00ebrohen p\u00ebr Kosov\u00ebn - press7.tv","isPartOf":{"@id":"https:\/\/www.news33.tv\/#website"},"primaryImageOfPage":{"@id":"https:\/\/www.press7.tv\/?p=22981#primaryimage"},"image":{"@id":"https:\/\/www.press7.tv\/?p=22981#primaryimage"},"thumbnailUrl":"https:\/\/www.press7.tv\/wp-content\/uploads\/2025\/10\/IMG_0318.avif","datePublished":"2025-10-22T15:53:59+00:00","breadcrumb":{"@id":"https:\/\/www.press7.tv\/?p=22981#breadcrumb"},"inLanguage":"en-US","potentialAction":[{"@type":"ReadAction","target":["https:\/\/www.press7.tv\/?p=22981"]}]},{"@type":"ImageObject","inLanguage":"en-US","@id":"https:\/\/www.press7.tv\/?p=22981#primaryimage","url":"https:\/\/www.press7.tv\/wp-content\/uploads\/2025\/10\/IMG_0318.avif","contentUrl":"https:\/\/www.press7.tv\/wp-content\/uploads\/2025\/10\/IMG_0318.avif","width":780,"height":404},{"@type":"BreadcrumbList","@id":"https:\/\/www.press7.tv\/?p=22981#breadcrumb","itemListElement":[{"@type":"ListItem","position":1,"name":"Home","item":"https:\/\/www.press7.tv\/"},{"@type":"ListItem","position":2,"name":"Afat deri t\u00eb diel\u00ebn p\u00ebr Kurtin\/ Ja tre skenar\u00ebt q\u00eb paralajm\u00ebrohen p\u00ebr Kosov\u00ebn"}]},{"@type":"WebSite","@id":"https:\/\/www.news33.tv\/#website","url":"https:\/\/www.news33.tv\/","name":"News33.tv Media","description":"Media","publisher":{"@id":"https:\/\/www.news33.tv\/#organization"},"potentialAction":[{"@type":"SearchAction","target":{"@type":"EntryPoint","urlTemplate":"https:\/\/www.news33.tv\/?s={search_term_string}"},"query-input":{"@type":"PropertyValueSpecification","valueRequired":true,"valueName":"search_term_string"}}],"inLanguage":"en-US"},{"@type":"Organization","@id":"https:\/\/www.news33.tv\/#organization","name":"News33.tv Media","url":"https:\/\/www.news33.tv\/","logo":{"@type":"ImageObject","inLanguage":"en-US","@id":"https:\/\/www.news33.tv\/#\/schema\/logo\/image\/","url":"https:\/\/www.press7.tv\/wp-content\/uploads\/2024\/02\/logo-news33-black.png","contentUrl":"https:\/\/www.press7.tv\/wp-content\/uploads\/2024\/02\/logo-news33-black.png","width":180,"height":37,"caption":"News33.tv Media"},"image":{"@id":"https:\/\/www.news33.tv\/#\/schema\/logo\/image\/"},"sameAs":["https:\/\/www.facebook.com\/press7.tv"]},{"@type":"Person","@id":"https:\/\/www.news33.tv\/#\/schema\/person\/5a04a38a23ccdba82f9bd665cd8f9efa","name":"gazetar2","image":{"@type":"ImageObject","inLanguage":"en-US","@id":"https:\/\/www.news33.tv\/#\/schema\/person\/image\/","url":"https:\/\/www.press7.tv\/wp-content\/litespeed\/avatar\/41975e402c3049d9ddb03adca8f7a883.jpg?ver=1777169572","contentUrl":"https:\/\/www.press7.tv\/wp-content\/litespeed\/avatar\/41975e402c3049d9ddb03adca8f7a883.jpg?ver=1777169572","caption":"gazetar2"},"url":"https:\/\/www.press7.tv\/?author=8"}]}},"amp_enabled":true,"_links":{"self":[{"href":"https:\/\/www.press7.tv\/index.php?rest_route=\/wp\/v2\/posts\/22981","targetHints":{"allow":["GET"]}}],"collection":[{"href":"https:\/\/www.press7.tv\/index.php?rest_route=\/wp\/v2\/posts"}],"about":[{"href":"https:\/\/www.press7.tv\/index.php?rest_route=\/wp\/v2\/types\/post"}],"author":[{"embeddable":true,"href":"https:\/\/www.press7.tv\/index.php?rest_route=\/wp\/v2\/users\/8"}],"replies":[{"embeddable":true,"href":"https:\/\/www.press7.tv\/index.php?rest_route=%2Fwp%2Fv2%2Fcomments&post=22981"}],"version-history":[{"count":1,"href":"https:\/\/www.press7.tv\/index.php?rest_route=\/wp\/v2\/posts\/22981\/revisions"}],"predecessor-version":[{"id":22983,"href":"https:\/\/www.press7.tv\/index.php?rest_route=\/wp\/v2\/posts\/22981\/revisions\/22983"}],"wp:featuredmedia":[{"embeddable":true,"href":"https:\/\/www.press7.tv\/index.php?rest_route=\/wp\/v2\/media\/22982"}],"wp:attachment":[{"href":"https:\/\/www.press7.tv\/index.php?rest_route=%2Fwp%2Fv2%2Fmedia&parent=22981"}],"wp:term":[{"taxonomy":"category","embeddable":true,"href":"https:\/\/www.press7.tv\/index.php?rest_route=%2Fwp%2Fv2%2Fcategories&post=22981"},{"taxonomy":"post_tag","embeddable":true,"href":"https:\/\/www.press7.tv\/index.php?rest_route=%2Fwp%2Fv2%2Ftags&post=22981"}],"curies":[{"name":"wp","href":"https:\/\/api.w.org\/{rel}","templated":true}]}}