{"id":22967,"date":"2025-10-22T12:57:04","date_gmt":"2025-10-22T12:57:04","guid":{"rendered":"https:\/\/www.press7.tv\/?p=22967"},"modified":"2025-10-22T12:57:04","modified_gmt":"2025-10-22T12:57:04","slug":"ne-prag-te-samitit-te-procesit-te-berlinit-britanise-i-rekomandohet-te-marre-lidership-ne-ballkan","status":"publish","type":"post","link":"https:\/\/www.press7.tv\/?p=22967","title":{"rendered":"N\u00eb prag t\u00eb Samitit t\u00eb Procesit t\u00eb Berlinit, Britanis\u00eb i rekomandohet t\u00eb marr\u00eb lidership n\u00eb Ballkan"},"content":{"rendered":"\n    <div class=\"xs_social_share_widget xs_share_url before_content \t\tmain_content  wslu-style-2 wslu-share-box-shaped wslu-fill-colored wslu-share-m-5 wslu-none wslu-share-vertical wslu-theme-font-no wslu-main_content\">\n\n\t\t\n        <ul>\n\t\t\t        <\/ul>\n    <\/div> \n<p>Dyfishimi i p\u00ebrpjekjeve diplomatike p\u00ebr njohjen e Kosov\u00ebs nga shtetet e Bashkimit Evropian, \u00ebsht\u00eb nj\u00eb prej tri rekomandimeve t\u00eb nxjerra p\u00ebr Britanin\u00eb e Madhe nga nj\u00eb raport i think-tankut \u201cNew Diplomacy Project\u201d me disa autor\u00eb, me n\u00eb krye ish-sekretarin e p\u00ebrgjithsh\u00ebm t\u00eb NATO-s, George Robertson, p\u00ebr \u201cRivendosjen e lidershipit britanik n\u00eb Ballkanin Per\u00ebndimor\u201d.<\/p>\n<p>N\u00eb prag t\u00eb organizimit t\u00eb samitit t\u00eb Procesit t\u00eb Berlinit n\u00eb Lond\u00ebr, raporti nxjerr rekomandime se si duhet t\u00eb veprojn\u00eb Mbret\u00ebria e Bashkuar, Bashkimi Evropian dhe NATO-ja p\u00ebr ta stabilizuar rajonin.<\/p>\n<p>Sipas raportit, t\u00eb realizuar nga nj\u00eb grup autor\u00ebsh, me n\u00eb krye ish-sekretarin e NATO-s, George Robertson, rekomandim i par\u00eb \u00ebsht\u00eb q\u00eb Britania e Madhe t\u00eb marr\u00eb nj\u00eb rol udh\u00ebheq\u00ebs p\u00ebr Ballkanin Per\u00ebndimor. Raporti thekson se Britania duhet t\u00eb udh\u00ebheq\u00eb krijimin e Forc\u00ebs s\u00eb P\u00ebrbashk\u00ebt p\u00ebr Ballkanin, t\u00eb propozuar s\u00eb fundmi, e q\u00eb do t\u00eb kishte si vende kryesore t\u00eb vendosjes Kosov\u00ebn dhe Bosnj\u00eb-Hercegovin\u00ebn. N\u00eb rastin e Kosov\u00ebs, kjo forc\u00eb, sipas raportit duhet t\u00eb sh\u00ebrbej\u00eb si p\u00ebrkrah\u00ebse e KFOR-it. Me udh\u00ebheqjen britanike n\u00eb Ballkan duhet t\u00eb ket\u00eb edhe rritje t\u00eb investimeve, sipas raportit.<\/p>\n<p>Pik\u00eb e dyt\u00eb \u00ebsht\u00eb vler\u00ebsuar avokimi i domosdosh\u00ebm i Britanis\u00eb p\u00ebr zgjerimin e NATO-s. Aty \u00ebsht\u00eb theksuar se Britania duhet t\u00eb avokoj\u00eb p\u00ebr zgjerim t\u00eb NATO-s n\u00eb Ballkan, duke p\u00ebrfshir\u00eb Kosov\u00ebn e Bosnj\u00eb-Hercegovin\u00ebn. N\u00eb k\u00ebt\u00eb rast si penges\u00eb p\u00ebr Kosov\u00ebn jan\u00eb shtetet mosnjoh\u00ebse. E raporti thekson nevoj\u00ebn q\u00eb Britania t\u00eb rris\u00eb p\u00ebrpjekjet diplomatike dhe t\u00eb punoj\u00eb si pjes\u00eb e QUINT-it (krahas Gjermanis\u00eb, Franc\u00ebs, Italis\u00eb dhe SHBA-s\u00eb) p\u00ebr njohjen e Kosov\u00ebs, duke marr\u00eb p\u00ebr baz\u00eb se Spanja, Sllovakia dhe Rumania e njohin shtetin e Palestin\u00ebs. Po ashtu n\u00eb k\u00ebt\u00eb aspekt \u00ebsht\u00eb p\u00ebrmendur edhe nj\u00eb marr\u00ebveshje bilaterale e siguris\u00eb mes Kosov\u00ebs dhe Bosnj\u00eb-Hercegovin\u00ebs, si sinjal p\u00ebr t\u00eb b\u00ebr\u00eb presion p\u00ebr pranimin e dy shteteve n\u00eb NATO.<\/p>\n<p>Britania duhet t\u00eb veproj\u00eb si nd\u00ebrmjet\u00ebse e ndershme n\u00eb rajon\u201d, \u00ebsht\u00eb pika e tret\u00eb e k\u00ebshillave n\u00eb raport. N\u00eb k\u00ebt\u00eb pjes\u00eb thuhet se Britania duhet t\u00eb nd\u00ebrhyj\u00eb dhe t\u00eb ndikoj\u00eb n\u00eb zgjidhjen e \u201cdialogut n\u00eb prag t\u00eb vdekjes\u201d, Kosov\u00eb-Serbi. Aty \u00ebsht\u00eb theksuar se Britania duhet t\u00eb b\u00ebj\u00eb presion agresiv p\u00ebr pranimin e Kosov\u00ebs n\u00eb K\u00ebshill t\u00eb Evrop\u00ebs dhe t\u00eb dyfishoj\u00eb p\u00ebrpjekjet diplomatike p\u00ebr njohjen nga pes\u00eb shtetet e BE-s\u00eb q\u00eb refuzojn\u00eb njohjen e Kosov\u00ebs.<\/p>\n<p>Sfidat kryesore p\u00ebr Ballkanin jan\u00eb vler\u00ebsuar ndikimi rus. Aty \u00ebsht\u00eb th\u00ebn\u00eb se sa i p\u00ebrket Kosov\u00ebs, Serbia dhe Rusia kan\u00eb bashk\u00ebpunuar p\u00ebr t\u00eb nxitur kriz\u00ebn m\u00eb t\u00eb madhe t\u00eb siguris\u00eb n\u00eb Evrop\u00eb jasht\u00eb luft\u00ebs n\u00eb Ukrain\u00eb. N\u00eb k\u00ebt\u00eb rast \u00ebsht\u00eb p\u00ebrmendur sulmi terrorist n\u00eb Banjsk\u00eb nga ekstremist\u00eb t\u00eb lidhur me qeverin\u00eb e Aleksandar Vu\u00e7iqit. Raporti thekson se q\u00eb nga ajo koh\u00eb, Qeveria e Kosov\u00ebs ka investuar n\u00eb armatim si p\u00ebrgjigje p\u00ebr k\u00ebrc\u00ebnimet. Pavar\u00ebsisht k\u00ebsaj, raporti thekson se ka dallim t\u00eb madh n\u00eb kapacitetet ushtarake t\u00eb Kosov\u00ebn me Serbin\u00eb. \u201cTeksa trupat e udh\u00ebhequra nga NATO, KFOR-i, ofrojn\u00eb shtres\u00eb shtes\u00eb parandalimi, ekziston paqart\u00ebsi strategjike sa i p\u00ebrket m\u00ebnyr\u00ebs se si misioni do t\u00eb reagonte ndaj nj\u00eb pushtimi t\u00eb mundsh\u00ebm territorial t\u00eb Mitrovic\u00ebs s\u00eb Veriut nga Serbia, e mb\u00ebshtetur nga Rusia. Kjo ndodh sepse vet\u00eb Kosova nuk \u00ebsht\u00eb shtet an\u00ebtar i NATO-s dhe, rrjedhimisht, nuk mbrohet nga neni V i Aleanc\u00ebs. P\u00ebr m\u00eb tep\u00ebr, forca paqeruajt\u00ebse e KFOR-it nuk ofron mekaniz\u00ebm parandalues ndaj aktiviteteve n\u00ebn pragun ushtarak, si\u00e7 \u00ebsht\u00eb nd\u00ebrhyrja zgjedhore nga Serbia p\u00ebrmes mb\u00ebshtetjes aktive q\u00eb i jep partis\u00eb serbe n\u00eb Kosov\u00eb t\u00eb p\u00ebrkrahur nga Beogradi, Lista Serbe\u201d, thuhet n\u00eb raport.<\/p>\n<p>Si sfida n\u00eb Ballkan jan\u00eb p\u00ebrmendur edhe ndikimi i Kin\u00ebs, migrimi ilegal dhe krimi i organizuar dhe humbja e besimit n\u00eb Evrop\u00eb.<\/p>\n<p>Gjasht\u00eb lider\u00ebt e Ballkanit Per\u00ebndimor do t\u00eb takohen t\u00eb m\u00ebrkur\u00ebn n\u00eb kuad\u00ebr t\u00eb Samitit t\u00eb Procesit t\u00eb Berlinit, q\u00eb k\u00ebt\u00eb vit mbahet n\u00eb Lond\u00ebr.<\/p>\n<p>N\u00eb samitin e 12-t\u00eb me radh\u00eb q\u00eb nga 2014-a pritet q\u00eb t\u00eb diskutohet p\u00ebr paqen dhe stabilitetin n\u00eb rajon, p\u00ebr luft\u00ebn kund\u00ebr krimit t\u00eb organizuar, bashk\u00ebpunimin ekonomik e nd\u00ebrtimin e marr\u00ebdh\u00ebnieve t\u00eb mira fqinj\u00ebsore.<\/p>\n","protected":false},"excerpt":{"rendered":"<p>Dyfishimi i p\u00ebrpjekjeve diplomatike p\u00ebr njohjen e Kosov\u00ebs nga shtetet e Bashkimit Evropian, \u00ebsht\u00eb nj\u00eb prej tri rekomandimeve t\u00eb nxjerra p\u00ebr Britanin\u00eb e Madhe nga nj\u00eb raport i think-tankut \u201cNew Diplomacy Project\u201d me disa autor\u00eb, me n\u00eb krye ish-sekretarin e p\u00ebrgjithsh\u00ebm t\u00eb NATO-s, George Robertson, p\u00ebr \u201cRivendosjen e lidershipit britanik n\u00eb Ballkanin Per\u00ebndimor\u201d. N\u00eb prag [&hellip;]<\/p>\n","protected":false},"author":8,"featured_media":22968,"comment_status":"closed","ping_status":"closed","sticky":false,"template":"","format":"standard","meta":{"footnotes":""},"categories":[217,215,213],"tags":[],"class_list":["post-22967","post","type-post","status-publish","format-standard","has-post-thumbnail","hentry","category-bote","category-kosove","category-lajme"],"yoast_head":"<!-- This site is optimized with the Yoast SEO plugin v25.1 - https:\/\/yoast.com\/wordpress\/plugins\/seo\/ -->\n<title>N\u00eb prag t\u00eb Samitit t\u00eb Procesit t\u00eb Berlinit, Britanis\u00eb i rekomandohet t\u00eb marr\u00eb lidership n\u00eb Ballkan - press7.tv<\/title>\n<meta name=\"robots\" content=\"index, follow, max-snippet:-1, max-image-preview:large, max-video-preview:-1\" \/>\n<link rel=\"canonical\" href=\"https:\/\/www.press7.tv\/?p=22967\" \/>\n<meta property=\"og:locale\" content=\"en_US\" \/>\n<meta property=\"og:type\" content=\"article\" \/>\n<meta property=\"og:title\" content=\"N\u00eb prag t\u00eb Samitit t\u00eb Procesit t\u00eb Berlinit, Britanis\u00eb i rekomandohet t\u00eb marr\u00eb lidership n\u00eb Ballkan - press7.tv\" \/>\n<meta property=\"og:description\" content=\"Dyfishimi i p\u00ebrpjekjeve diplomatike p\u00ebr njohjen e Kosov\u00ebs nga shtetet e Bashkimit Evropian, \u00ebsht\u00eb nj\u00eb prej tri rekomandimeve t\u00eb nxjerra p\u00ebr Britanin\u00eb e Madhe nga nj\u00eb raport i think-tankut \u201cNew Diplomacy Project\u201d me disa autor\u00eb, me n\u00eb krye ish-sekretarin e p\u00ebrgjithsh\u00ebm t\u00eb NATO-s, George Robertson, p\u00ebr \u201cRivendosjen e lidershipit britanik n\u00eb Ballkanin Per\u00ebndimor\u201d. N\u00eb prag [&hellip;]\" \/>\n<meta property=\"og:url\" content=\"https:\/\/www.press7.tv\/?p=22967\" \/>\n<meta property=\"og:site_name\" content=\"press7.tv\" \/>\n<meta property=\"article:publisher\" content=\"https:\/\/www.facebook.com\/press7.tv\" \/>\n<meta property=\"article:published_time\" content=\"2025-10-22T12:57:04+00:00\" \/>\n<meta property=\"og:image\" content=\"https:\/\/www.press7.tv\/wp-content\/uploads\/2025\/10\/IMG_0306.avif\" \/>\n\t<meta property=\"og:image:width\" content=\"1360\" \/>\n\t<meta property=\"og:image:height\" content=\"870\" \/>\n\t<meta property=\"og:image:type\" content=\"image\/webp\" \/>\n<meta name=\"author\" content=\"gazetar2\" \/>\n<meta name=\"twitter:card\" content=\"summary_large_image\" \/>\n<meta name=\"twitter:label1\" content=\"Written by\" \/>\n\t<meta name=\"twitter:data1\" content=\"gazetar2\" \/>\n\t<meta name=\"twitter:label2\" content=\"Est. reading time\" \/>\n\t<meta name=\"twitter:data2\" content=\"1 minute\" \/>\n<script type=\"application\/ld+json\" class=\"yoast-schema-graph\">{\"@context\":\"https:\/\/schema.org\",\"@graph\":[{\"@type\":\"Article\",\"@id\":\"https:\/\/www.press7.tv\/?p=22967#article\",\"isPartOf\":{\"@id\":\"https:\/\/www.press7.tv\/?p=22967\"},\"author\":{\"name\":\"gazetar2\",\"@id\":\"https:\/\/www.news33.tv\/#\/schema\/person\/5a04a38a23ccdba82f9bd665cd8f9efa\"},\"headline\":\"N\u00eb prag t\u00eb Samitit t\u00eb Procesit t\u00eb Berlinit, Britanis\u00eb i rekomandohet t\u00eb marr\u00eb lidership n\u00eb Ballkan\",\"datePublished\":\"2025-10-22T12:57:04+00:00\",\"mainEntityOfPage\":{\"@id\":\"https:\/\/www.press7.tv\/?p=22967\"},\"wordCount\":777,\"publisher\":{\"@id\":\"https:\/\/www.news33.tv\/#organization\"},\"image\":{\"@id\":\"https:\/\/www.press7.tv\/?p=22967#primaryimage\"},\"thumbnailUrl\":\"https:\/\/www.press7.tv\/wp-content\/uploads\/2025\/10\/IMG_0306.avif\",\"articleSection\":[\"Bot\u00eb\",\"Kosov\u00eb\",\"Lajme\"],\"inLanguage\":\"en-US\"},{\"@type\":\"WebPage\",\"@id\":\"https:\/\/www.press7.tv\/?p=22967\",\"url\":\"https:\/\/www.press7.tv\/?p=22967\",\"name\":\"N\u00eb prag t\u00eb Samitit t\u00eb Procesit t\u00eb Berlinit, Britanis\u00eb i rekomandohet t\u00eb marr\u00eb lidership n\u00eb Ballkan - press7.tv\",\"isPartOf\":{\"@id\":\"https:\/\/www.news33.tv\/#website\"},\"primaryImageOfPage\":{\"@id\":\"https:\/\/www.press7.tv\/?p=22967#primaryimage\"},\"image\":{\"@id\":\"https:\/\/www.press7.tv\/?p=22967#primaryimage\"},\"thumbnailUrl\":\"https:\/\/www.press7.tv\/wp-content\/uploads\/2025\/10\/IMG_0306.avif\",\"datePublished\":\"2025-10-22T12:57:04+00:00\",\"breadcrumb\":{\"@id\":\"https:\/\/www.press7.tv\/?p=22967#breadcrumb\"},\"inLanguage\":\"en-US\",\"potentialAction\":[{\"@type\":\"ReadAction\",\"target\":[\"https:\/\/www.press7.tv\/?p=22967\"]}]},{\"@type\":\"ImageObject\",\"inLanguage\":\"en-US\",\"@id\":\"https:\/\/www.press7.tv\/?p=22967#primaryimage\",\"url\":\"https:\/\/www.press7.tv\/wp-content\/uploads\/2025\/10\/IMG_0306.avif\",\"contentUrl\":\"https:\/\/www.press7.tv\/wp-content\/uploads\/2025\/10\/IMG_0306.avif\",\"width\":1360,\"height\":870},{\"@type\":\"BreadcrumbList\",\"@id\":\"https:\/\/www.press7.tv\/?p=22967#breadcrumb\",\"itemListElement\":[{\"@type\":\"ListItem\",\"position\":1,\"name\":\"Home\",\"item\":\"https:\/\/www.press7.tv\/\"},{\"@type\":\"ListItem\",\"position\":2,\"name\":\"N\u00eb prag t\u00eb Samitit t\u00eb Procesit t\u00eb Berlinit, Britanis\u00eb i rekomandohet t\u00eb marr\u00eb lidership n\u00eb Ballkan\"}]},{\"@type\":\"WebSite\",\"@id\":\"https:\/\/www.news33.tv\/#website\",\"url\":\"https:\/\/www.news33.tv\/\",\"name\":\"News33.tv Media\",\"description\":\"Media\",\"publisher\":{\"@id\":\"https:\/\/www.news33.tv\/#organization\"},\"potentialAction\":[{\"@type\":\"SearchAction\",\"target\":{\"@type\":\"EntryPoint\",\"urlTemplate\":\"https:\/\/www.news33.tv\/?s={search_term_string}\"},\"query-input\":{\"@type\":\"PropertyValueSpecification\",\"valueRequired\":true,\"valueName\":\"search_term_string\"}}],\"inLanguage\":\"en-US\"},{\"@type\":\"Organization\",\"@id\":\"https:\/\/www.news33.tv\/#organization\",\"name\":\"News33.tv Media\",\"url\":\"https:\/\/www.news33.tv\/\",\"logo\":{\"@type\":\"ImageObject\",\"inLanguage\":\"en-US\",\"@id\":\"https:\/\/www.news33.tv\/#\/schema\/logo\/image\/\",\"url\":\"https:\/\/www.press7.tv\/wp-content\/uploads\/2024\/02\/logo-news33-black.png\",\"contentUrl\":\"https:\/\/www.press7.tv\/wp-content\/uploads\/2024\/02\/logo-news33-black.png\",\"width\":180,\"height\":37,\"caption\":\"News33.tv Media\"},\"image\":{\"@id\":\"https:\/\/www.news33.tv\/#\/schema\/logo\/image\/\"},\"sameAs\":[\"https:\/\/www.facebook.com\/press7.tv\"]},{\"@type\":\"Person\",\"@id\":\"https:\/\/www.news33.tv\/#\/schema\/person\/5a04a38a23ccdba82f9bd665cd8f9efa\",\"name\":\"gazetar2\",\"image\":{\"@type\":\"ImageObject\",\"inLanguage\":\"en-US\",\"@id\":\"https:\/\/www.news33.tv\/#\/schema\/person\/image\/\",\"url\":\"https:\/\/www.press7.tv\/wp-content\/litespeed\/avatar\/41975e402c3049d9ddb03adca8f7a883.jpg?ver=1777169572\",\"contentUrl\":\"https:\/\/www.press7.tv\/wp-content\/litespeed\/avatar\/41975e402c3049d9ddb03adca8f7a883.jpg?ver=1777169572\",\"caption\":\"gazetar2\"},\"url\":\"https:\/\/www.press7.tv\/?author=8\"}]}<\/script>\n<!-- \/ Yoast SEO plugin. -->","yoast_head_json":{"title":"N\u00eb prag t\u00eb Samitit t\u00eb Procesit t\u00eb Berlinit, Britanis\u00eb i rekomandohet t\u00eb marr\u00eb lidership n\u00eb Ballkan - press7.tv","robots":{"index":"index","follow":"follow","max-snippet":"max-snippet:-1","max-image-preview":"max-image-preview:large","max-video-preview":"max-video-preview:-1"},"canonical":"https:\/\/www.press7.tv\/?p=22967","og_locale":"en_US","og_type":"article","og_title":"N\u00eb prag t\u00eb Samitit t\u00eb Procesit t\u00eb Berlinit, Britanis\u00eb i rekomandohet t\u00eb marr\u00eb lidership n\u00eb Ballkan - press7.tv","og_description":"Dyfishimi i p\u00ebrpjekjeve diplomatike p\u00ebr njohjen e Kosov\u00ebs nga shtetet e Bashkimit Evropian, \u00ebsht\u00eb nj\u00eb prej tri rekomandimeve t\u00eb nxjerra p\u00ebr Britanin\u00eb e Madhe nga nj\u00eb raport i think-tankut \u201cNew Diplomacy Project\u201d me disa autor\u00eb, me n\u00eb krye ish-sekretarin e p\u00ebrgjithsh\u00ebm t\u00eb NATO-s, George Robertson, p\u00ebr \u201cRivendosjen e lidershipit britanik n\u00eb Ballkanin Per\u00ebndimor\u201d. N\u00eb prag [&hellip;]","og_url":"https:\/\/www.press7.tv\/?p=22967","og_site_name":"press7.tv","article_publisher":"https:\/\/www.facebook.com\/press7.tv","article_published_time":"2025-10-22T12:57:04+00:00","og_image":[{"width":1360,"height":870,"url":"https:\/\/www.press7.tv\/wp-content\/uploads\/2025\/10\/IMG_0306.avif","type":"image\/webp"}],"author":"gazetar2","twitter_card":"summary_large_image","twitter_misc":{"Written by":"gazetar2","Est. reading time":"1 minute"},"schema":{"@context":"https:\/\/schema.org","@graph":[{"@type":"Article","@id":"https:\/\/www.press7.tv\/?p=22967#article","isPartOf":{"@id":"https:\/\/www.press7.tv\/?p=22967"},"author":{"name":"gazetar2","@id":"https:\/\/www.news33.tv\/#\/schema\/person\/5a04a38a23ccdba82f9bd665cd8f9efa"},"headline":"N\u00eb prag t\u00eb Samitit t\u00eb Procesit t\u00eb Berlinit, Britanis\u00eb i rekomandohet t\u00eb marr\u00eb lidership n\u00eb Ballkan","datePublished":"2025-10-22T12:57:04+00:00","mainEntityOfPage":{"@id":"https:\/\/www.press7.tv\/?p=22967"},"wordCount":777,"publisher":{"@id":"https:\/\/www.news33.tv\/#organization"},"image":{"@id":"https:\/\/www.press7.tv\/?p=22967#primaryimage"},"thumbnailUrl":"https:\/\/www.press7.tv\/wp-content\/uploads\/2025\/10\/IMG_0306.avif","articleSection":["Bot\u00eb","Kosov\u00eb","Lajme"],"inLanguage":"en-US"},{"@type":"WebPage","@id":"https:\/\/www.press7.tv\/?p=22967","url":"https:\/\/www.press7.tv\/?p=22967","name":"N\u00eb prag t\u00eb Samitit t\u00eb Procesit t\u00eb Berlinit, Britanis\u00eb i rekomandohet t\u00eb marr\u00eb lidership n\u00eb Ballkan - press7.tv","isPartOf":{"@id":"https:\/\/www.news33.tv\/#website"},"primaryImageOfPage":{"@id":"https:\/\/www.press7.tv\/?p=22967#primaryimage"},"image":{"@id":"https:\/\/www.press7.tv\/?p=22967#primaryimage"},"thumbnailUrl":"https:\/\/www.press7.tv\/wp-content\/uploads\/2025\/10\/IMG_0306.avif","datePublished":"2025-10-22T12:57:04+00:00","breadcrumb":{"@id":"https:\/\/www.press7.tv\/?p=22967#breadcrumb"},"inLanguage":"en-US","potentialAction":[{"@type":"ReadAction","target":["https:\/\/www.press7.tv\/?p=22967"]}]},{"@type":"ImageObject","inLanguage":"en-US","@id":"https:\/\/www.press7.tv\/?p=22967#primaryimage","url":"https:\/\/www.press7.tv\/wp-content\/uploads\/2025\/10\/IMG_0306.avif","contentUrl":"https:\/\/www.press7.tv\/wp-content\/uploads\/2025\/10\/IMG_0306.avif","width":1360,"height":870},{"@type":"BreadcrumbList","@id":"https:\/\/www.press7.tv\/?p=22967#breadcrumb","itemListElement":[{"@type":"ListItem","position":1,"name":"Home","item":"https:\/\/www.press7.tv\/"},{"@type":"ListItem","position":2,"name":"N\u00eb prag t\u00eb Samitit t\u00eb Procesit t\u00eb Berlinit, Britanis\u00eb i rekomandohet t\u00eb marr\u00eb lidership n\u00eb Ballkan"}]},{"@type":"WebSite","@id":"https:\/\/www.news33.tv\/#website","url":"https:\/\/www.news33.tv\/","name":"News33.tv Media","description":"Media","publisher":{"@id":"https:\/\/www.news33.tv\/#organization"},"potentialAction":[{"@type":"SearchAction","target":{"@type":"EntryPoint","urlTemplate":"https:\/\/www.news33.tv\/?s={search_term_string}"},"query-input":{"@type":"PropertyValueSpecification","valueRequired":true,"valueName":"search_term_string"}}],"inLanguage":"en-US"},{"@type":"Organization","@id":"https:\/\/www.news33.tv\/#organization","name":"News33.tv Media","url":"https:\/\/www.news33.tv\/","logo":{"@type":"ImageObject","inLanguage":"en-US","@id":"https:\/\/www.news33.tv\/#\/schema\/logo\/image\/","url":"https:\/\/www.press7.tv\/wp-content\/uploads\/2024\/02\/logo-news33-black.png","contentUrl":"https:\/\/www.press7.tv\/wp-content\/uploads\/2024\/02\/logo-news33-black.png","width":180,"height":37,"caption":"News33.tv Media"},"image":{"@id":"https:\/\/www.news33.tv\/#\/schema\/logo\/image\/"},"sameAs":["https:\/\/www.facebook.com\/press7.tv"]},{"@type":"Person","@id":"https:\/\/www.news33.tv\/#\/schema\/person\/5a04a38a23ccdba82f9bd665cd8f9efa","name":"gazetar2","image":{"@type":"ImageObject","inLanguage":"en-US","@id":"https:\/\/www.news33.tv\/#\/schema\/person\/image\/","url":"https:\/\/www.press7.tv\/wp-content\/litespeed\/avatar\/41975e402c3049d9ddb03adca8f7a883.jpg?ver=1777169572","contentUrl":"https:\/\/www.press7.tv\/wp-content\/litespeed\/avatar\/41975e402c3049d9ddb03adca8f7a883.jpg?ver=1777169572","caption":"gazetar2"},"url":"https:\/\/www.press7.tv\/?author=8"}]}},"amp_enabled":true,"_links":{"self":[{"href":"https:\/\/www.press7.tv\/index.php?rest_route=\/wp\/v2\/posts\/22967","targetHints":{"allow":["GET"]}}],"collection":[{"href":"https:\/\/www.press7.tv\/index.php?rest_route=\/wp\/v2\/posts"}],"about":[{"href":"https:\/\/www.press7.tv\/index.php?rest_route=\/wp\/v2\/types\/post"}],"author":[{"embeddable":true,"href":"https:\/\/www.press7.tv\/index.php?rest_route=\/wp\/v2\/users\/8"}],"replies":[{"embeddable":true,"href":"https:\/\/www.press7.tv\/index.php?rest_route=%2Fwp%2Fv2%2Fcomments&post=22967"}],"version-history":[{"count":1,"href":"https:\/\/www.press7.tv\/index.php?rest_route=\/wp\/v2\/posts\/22967\/revisions"}],"predecessor-version":[{"id":22969,"href":"https:\/\/www.press7.tv\/index.php?rest_route=\/wp\/v2\/posts\/22967\/revisions\/22969"}],"wp:featuredmedia":[{"embeddable":true,"href":"https:\/\/www.press7.tv\/index.php?rest_route=\/wp\/v2\/media\/22968"}],"wp:attachment":[{"href":"https:\/\/www.press7.tv\/index.php?rest_route=%2Fwp%2Fv2%2Fmedia&parent=22967"}],"wp:term":[{"taxonomy":"category","embeddable":true,"href":"https:\/\/www.press7.tv\/index.php?rest_route=%2Fwp%2Fv2%2Fcategories&post=22967"},{"taxonomy":"post_tag","embeddable":true,"href":"https:\/\/www.press7.tv\/index.php?rest_route=%2Fwp%2Fv2%2Ftags&post=22967"}],"curies":[{"name":"wp","href":"https:\/\/api.w.org\/{rel}","templated":true}]}}