{"id":22879,"date":"2025-10-19T16:44:58","date_gmt":"2025-10-19T16:44:58","guid":{"rendered":"https:\/\/www.press7.tv\/?p=22879"},"modified":"2025-10-19T16:44:58","modified_gmt":"2025-10-19T16:44:58","slug":"izraeli-do-te-mbaje-te-mbyllur-piken-kufitare-me-egjiptin","status":"publish","type":"post","link":"https:\/\/www.press7.tv\/?p=22879","title":{"rendered":"Izraeli do t\u00eb mbaj\u00eb t\u00eb mbyllur pik\u00ebn kufitare me Egjiptin"},"content":{"rendered":"\n    <div class=\"xs_social_share_widget xs_share_url before_content \t\tmain_content  wslu-style-2 wslu-share-box-shaped wslu-fill-colored wslu-share-m-5 wslu-none wslu-share-vertical wslu-theme-font-no wslu-main_content\">\n\n\t\t\n        <ul>\n\t\t\t        <\/ul>\n    <\/div> \n<p>Kalimi kufitar Rafah midis Gaz\u00ebs dhe Egjiptit do t\u00eb mbetet i mbyllur deri n\u00eb njoftim t\u00eb m\u00ebtejsh\u00ebm, ka th\u00ebn\u00eb t\u00eb shtun\u00ebn kryeministri izraelit Benjamin Netanyahu, duke shtuar se rihapja e tij do t\u00eb varet nga dor\u00ebzimi i trupave t\u00eb pengjeve t\u00eb vdekura nga Hamasi.<\/p>\n<p>T\u00eb dyja pal\u00ebt po vazhdojn\u00eb t\u00eb faj\u00ebsojn\u00eb nj\u00ebra-tjetr\u00ebn p\u00ebr shkeljet e arm\u00ebpushimit.<\/p>\n<p>Deklarata e Netanyahut erdhi menj\u00ebher\u00eb pasi ambasada palestineze n\u00eb Egjipt njoftoi se kalimi kufitar Rafah, porta kryesore p\u00ebr banor\u00ebt e Gaz\u00ebs p\u00ebr t&#8217;u larguar dhe p\u00ebr t\u00eb hyr\u00eb n\u00eb enklav\u00eb, do t\u00eb rihapej t\u00eb h\u00ebn\u00ebn p\u00ebr hyrje n\u00eb Gaz\u00eb.<\/p>\n<p>Qeveria e Netanyahut dhe Hamasi kan\u00eb faj\u00ebsuar nj\u00ebra-tjetr\u00ebn p\u00ebr shkeljet e arm\u00ebpushimit t\u00eb nd\u00ebrmjet\u00ebsuar nga SHBA-ja p\u00ebr dit\u00eb t\u00eb t\u00ebra. T\u00eb shtun\u00ebn von\u00eb n\u00eb Uashington, Departamenti i Shtetit ka th\u00ebn\u00eb se kishte marr\u00eb &#8220;raporte t\u00eb besueshme q\u00eb tregojn\u00eb nj\u00eb shkelje t\u00eb af\u00ebrt t\u00eb arm\u00ebpushimit nga Hamasi kund\u00ebr popullit t\u00eb Gaz\u00ebs&#8221;.<\/p>\n<p>Departamenti i Shtetit ka th\u00ebn\u00eb se sulmi i planifikuar kund\u00ebr civil\u00ebve palestinez\u00eb do t\u00eb ishte nj\u00eb &#8220;shkelje e drejtp\u00ebrdrejt\u00eb dhe e r\u00ebnd\u00eb e marr\u00ebveshjes s\u00eb arm\u00ebpushimit&#8221;.<\/p>\n<p>&#8220;N\u00ebse Hamasi vazhdon me k\u00ebt\u00eb sulm, do t\u00eb merren masa p\u00ebr t\u00eb mbrojtur popullin e Gaz\u00ebs dhe p\u00ebr t\u00eb ruajtur integritetin e arm\u00ebpushimit&#8221;, ka th\u00ebn\u00eb departamenti n\u00eb nj\u00eb deklarat\u00eb, pa dh\u00ebn\u00eb detaje t\u00eb m\u00ebtejshme.<\/p>\n<p>Hamasi mohoi t\u00eb diel\u00ebn akuzat p\u00ebr nj\u00eb &#8220;sulm t\u00eb af\u00ebrt&#8221; ose nj\u00eb &#8220;shkelje&#8221; t\u00eb arm\u00ebpushimit.<\/p>\n<p>Ai ka akuzuar autoritetet izraelite p\u00ebr formimin, armatosjen dhe financimin e &#8220;bandave kriminale&#8221; q\u00eb kryenin vrasje, rr\u00ebmbime dhe ndihmonin pla\u00e7kitjet.<\/p>\n<p>Grupi militant palestinez ka th\u00ebn\u00eb se forcat policore n\u00eb Gaz\u00eb po kryenin detyr\u00ebn e tyre duke ndjekur k\u00ebto banda p\u00ebr t&#8217;i mbajtur p\u00ebrgjegj\u00ebse.<\/p>\n<p>Trumpi ka paralajm\u00ebruar se do t\u2019i lejonte forcat izraelite t\u00eb rifillojn\u00eb luftimet n\u00eb Gaz\u00eb n\u00ebse Hamasi nuk arrin t\u00eb zbatoj\u00eb fundin e marr\u00ebveshjes s\u00eb arm\u00ebpushimit q\u00eb ai nd\u00ebrmjet\u00ebsoi.<\/p>\n","protected":false},"excerpt":{"rendered":"<p>Kalimi kufitar Rafah midis Gaz\u00ebs dhe Egjiptit do t\u00eb mbetet i mbyllur deri n\u00eb njoftim t\u00eb m\u00ebtejsh\u00ebm, ka th\u00ebn\u00eb t\u00eb shtun\u00ebn kryeministri izraelit Benjamin Netanyahu, duke shtuar se rihapja e tij do t\u00eb varet nga dor\u00ebzimi i trupave t\u00eb pengjeve t\u00eb vdekura nga Hamasi. T\u00eb dyja pal\u00ebt po vazhdojn\u00eb t\u00eb faj\u00ebsojn\u00eb nj\u00ebra-tjetr\u00ebn p\u00ebr shkeljet e [&hellip;]<\/p>\n","protected":false},"author":8,"featured_media":22880,"comment_status":"closed","ping_status":"closed","sticky":false,"template":"","format":"standard","meta":{"footnotes":""},"categories":[217,213],"tags":[],"class_list":["post-22879","post","type-post","status-publish","format-standard","has-post-thumbnail","hentry","category-bote","category-lajme"],"yoast_head":"<!-- This site is optimized with the Yoast SEO plugin v25.1 - https:\/\/yoast.com\/wordpress\/plugins\/seo\/ -->\n<title>Izraeli do t\u00eb mbaj\u00eb t\u00eb mbyllur pik\u00ebn kufitare me Egjiptin - press7.tv<\/title>\n<meta name=\"robots\" content=\"index, follow, max-snippet:-1, max-image-preview:large, max-video-preview:-1\" \/>\n<link rel=\"canonical\" href=\"https:\/\/www.press7.tv\/?p=22879\" \/>\n<meta property=\"og:locale\" content=\"en_US\" \/>\n<meta property=\"og:type\" content=\"article\" \/>\n<meta property=\"og:title\" content=\"Izraeli do t\u00eb mbaj\u00eb t\u00eb mbyllur pik\u00ebn kufitare me Egjiptin - press7.tv\" \/>\n<meta property=\"og:description\" content=\"Kalimi kufitar Rafah midis Gaz\u00ebs dhe Egjiptit do t\u00eb mbetet i mbyllur deri n\u00eb njoftim t\u00eb m\u00ebtejsh\u00ebm, ka th\u00ebn\u00eb t\u00eb shtun\u00ebn kryeministri izraelit Benjamin Netanyahu, duke shtuar se rihapja e tij do t\u00eb varet nga dor\u00ebzimi i trupave t\u00eb pengjeve t\u00eb vdekura nga Hamasi. T\u00eb dyja pal\u00ebt po vazhdojn\u00eb t\u00eb faj\u00ebsojn\u00eb nj\u00ebra-tjetr\u00ebn p\u00ebr shkeljet e [&hellip;]\" \/>\n<meta property=\"og:url\" content=\"https:\/\/www.press7.tv\/?p=22879\" \/>\n<meta property=\"og:site_name\" content=\"press7.tv\" \/>\n<meta property=\"article:publisher\" content=\"https:\/\/www.facebook.com\/press7.tv\" \/>\n<meta property=\"article:published_time\" content=\"2025-10-19T16:44:58+00:00\" \/>\n<meta property=\"og:image\" content=\"https:\/\/www.press7.tv\/wp-content\/uploads\/2025\/10\/IMG_0188.avif\" \/>\n\t<meta property=\"og:image:width\" content=\"1360\" \/>\n\t<meta property=\"og:image:height\" content=\"870\" \/>\n\t<meta property=\"og:image:type\" content=\"image\/webp\" \/>\n<meta name=\"author\" content=\"gazetar2\" \/>\n<meta name=\"twitter:card\" content=\"summary_large_image\" \/>\n<meta name=\"twitter:label1\" content=\"Written by\" \/>\n\t<meta name=\"twitter:data1\" content=\"gazetar2\" \/>\n\t<meta name=\"twitter:label2\" content=\"Est. reading time\" \/>\n\t<meta name=\"twitter:data2\" content=\"1 minute\" \/>\n<script type=\"application\/ld+json\" class=\"yoast-schema-graph\">{\"@context\":\"https:\/\/schema.org\",\"@graph\":[{\"@type\":\"Article\",\"@id\":\"https:\/\/www.press7.tv\/?p=22879#article\",\"isPartOf\":{\"@id\":\"https:\/\/www.press7.tv\/?p=22879\"},\"author\":{\"name\":\"gazetar2\",\"@id\":\"https:\/\/www.news33.tv\/#\/schema\/person\/5a04a38a23ccdba82f9bd665cd8f9efa\"},\"headline\":\"Izraeli do t\u00eb mbaj\u00eb t\u00eb mbyllur pik\u00ebn kufitare me Egjiptin\",\"datePublished\":\"2025-10-19T16:44:58+00:00\",\"mainEntityOfPage\":{\"@id\":\"https:\/\/www.press7.tv\/?p=22879\"},\"wordCount\":376,\"publisher\":{\"@id\":\"https:\/\/www.news33.tv\/#organization\"},\"image\":{\"@id\":\"https:\/\/www.press7.tv\/?p=22879#primaryimage\"},\"thumbnailUrl\":\"https:\/\/www.press7.tv\/wp-content\/uploads\/2025\/10\/IMG_0188.avif\",\"articleSection\":[\"Bot\u00eb\",\"Lajme\"],\"inLanguage\":\"en-US\"},{\"@type\":\"WebPage\",\"@id\":\"https:\/\/www.press7.tv\/?p=22879\",\"url\":\"https:\/\/www.press7.tv\/?p=22879\",\"name\":\"Izraeli do t\u00eb mbaj\u00eb t\u00eb mbyllur pik\u00ebn kufitare me Egjiptin - press7.tv\",\"isPartOf\":{\"@id\":\"https:\/\/www.news33.tv\/#website\"},\"primaryImageOfPage\":{\"@id\":\"https:\/\/www.press7.tv\/?p=22879#primaryimage\"},\"image\":{\"@id\":\"https:\/\/www.press7.tv\/?p=22879#primaryimage\"},\"thumbnailUrl\":\"https:\/\/www.press7.tv\/wp-content\/uploads\/2025\/10\/IMG_0188.avif\",\"datePublished\":\"2025-10-19T16:44:58+00:00\",\"breadcrumb\":{\"@id\":\"https:\/\/www.press7.tv\/?p=22879#breadcrumb\"},\"inLanguage\":\"en-US\",\"potentialAction\":[{\"@type\":\"ReadAction\",\"target\":[\"https:\/\/www.press7.tv\/?p=22879\"]}]},{\"@type\":\"ImageObject\",\"inLanguage\":\"en-US\",\"@id\":\"https:\/\/www.press7.tv\/?p=22879#primaryimage\",\"url\":\"https:\/\/www.press7.tv\/wp-content\/uploads\/2025\/10\/IMG_0188.avif\",\"contentUrl\":\"https:\/\/www.press7.tv\/wp-content\/uploads\/2025\/10\/IMG_0188.avif\",\"width\":1360,\"height\":870},{\"@type\":\"BreadcrumbList\",\"@id\":\"https:\/\/www.press7.tv\/?p=22879#breadcrumb\",\"itemListElement\":[{\"@type\":\"ListItem\",\"position\":1,\"name\":\"Home\",\"item\":\"https:\/\/www.press7.tv\/\"},{\"@type\":\"ListItem\",\"position\":2,\"name\":\"Izraeli do t\u00eb mbaj\u00eb t\u00eb mbyllur pik\u00ebn kufitare me Egjiptin\"}]},{\"@type\":\"WebSite\",\"@id\":\"https:\/\/www.news33.tv\/#website\",\"url\":\"https:\/\/www.news33.tv\/\",\"name\":\"News33.tv Media\",\"description\":\"Media\",\"publisher\":{\"@id\":\"https:\/\/www.news33.tv\/#organization\"},\"potentialAction\":[{\"@type\":\"SearchAction\",\"target\":{\"@type\":\"EntryPoint\",\"urlTemplate\":\"https:\/\/www.news33.tv\/?s={search_term_string}\"},\"query-input\":{\"@type\":\"PropertyValueSpecification\",\"valueRequired\":true,\"valueName\":\"search_term_string\"}}],\"inLanguage\":\"en-US\"},{\"@type\":\"Organization\",\"@id\":\"https:\/\/www.news33.tv\/#organization\",\"name\":\"News33.tv Media\",\"url\":\"https:\/\/www.news33.tv\/\",\"logo\":{\"@type\":\"ImageObject\",\"inLanguage\":\"en-US\",\"@id\":\"https:\/\/www.news33.tv\/#\/schema\/logo\/image\/\",\"url\":\"https:\/\/www.press7.tv\/wp-content\/uploads\/2024\/02\/logo-news33-black.png\",\"contentUrl\":\"https:\/\/www.press7.tv\/wp-content\/uploads\/2024\/02\/logo-news33-black.png\",\"width\":180,\"height\":37,\"caption\":\"News33.tv Media\"},\"image\":{\"@id\":\"https:\/\/www.news33.tv\/#\/schema\/logo\/image\/\"},\"sameAs\":[\"https:\/\/www.facebook.com\/press7.tv\"]},{\"@type\":\"Person\",\"@id\":\"https:\/\/www.news33.tv\/#\/schema\/person\/5a04a38a23ccdba82f9bd665cd8f9efa\",\"name\":\"gazetar2\",\"image\":{\"@type\":\"ImageObject\",\"inLanguage\":\"en-US\",\"@id\":\"https:\/\/www.news33.tv\/#\/schema\/person\/image\/\",\"url\":\"https:\/\/www.press7.tv\/wp-content\/litespeed\/avatar\/41975e402c3049d9ddb03adca8f7a883.jpg?ver=1776564768\",\"contentUrl\":\"https:\/\/www.press7.tv\/wp-content\/litespeed\/avatar\/41975e402c3049d9ddb03adca8f7a883.jpg?ver=1776564768\",\"caption\":\"gazetar2\"},\"url\":\"https:\/\/www.press7.tv\/?author=8\"}]}<\/script>\n<!-- \/ Yoast SEO plugin. -->","yoast_head_json":{"title":"Izraeli do t\u00eb mbaj\u00eb t\u00eb mbyllur pik\u00ebn kufitare me Egjiptin - press7.tv","robots":{"index":"index","follow":"follow","max-snippet":"max-snippet:-1","max-image-preview":"max-image-preview:large","max-video-preview":"max-video-preview:-1"},"canonical":"https:\/\/www.press7.tv\/?p=22879","og_locale":"en_US","og_type":"article","og_title":"Izraeli do t\u00eb mbaj\u00eb t\u00eb mbyllur pik\u00ebn kufitare me Egjiptin - press7.tv","og_description":"Kalimi kufitar Rafah midis Gaz\u00ebs dhe Egjiptit do t\u00eb mbetet i mbyllur deri n\u00eb njoftim t\u00eb m\u00ebtejsh\u00ebm, ka th\u00ebn\u00eb t\u00eb shtun\u00ebn kryeministri izraelit Benjamin Netanyahu, duke shtuar se rihapja e tij do t\u00eb varet nga dor\u00ebzimi i trupave t\u00eb pengjeve t\u00eb vdekura nga Hamasi. T\u00eb dyja pal\u00ebt po vazhdojn\u00eb t\u00eb faj\u00ebsojn\u00eb nj\u00ebra-tjetr\u00ebn p\u00ebr shkeljet e [&hellip;]","og_url":"https:\/\/www.press7.tv\/?p=22879","og_site_name":"press7.tv","article_publisher":"https:\/\/www.facebook.com\/press7.tv","article_published_time":"2025-10-19T16:44:58+00:00","og_image":[{"width":1360,"height":870,"url":"https:\/\/www.press7.tv\/wp-content\/uploads\/2025\/10\/IMG_0188.avif","type":"image\/webp"}],"author":"gazetar2","twitter_card":"summary_large_image","twitter_misc":{"Written by":"gazetar2","Est. reading time":"1 minute"},"schema":{"@context":"https:\/\/schema.org","@graph":[{"@type":"Article","@id":"https:\/\/www.press7.tv\/?p=22879#article","isPartOf":{"@id":"https:\/\/www.press7.tv\/?p=22879"},"author":{"name":"gazetar2","@id":"https:\/\/www.news33.tv\/#\/schema\/person\/5a04a38a23ccdba82f9bd665cd8f9efa"},"headline":"Izraeli do t\u00eb mbaj\u00eb t\u00eb mbyllur pik\u00ebn kufitare me Egjiptin","datePublished":"2025-10-19T16:44:58+00:00","mainEntityOfPage":{"@id":"https:\/\/www.press7.tv\/?p=22879"},"wordCount":376,"publisher":{"@id":"https:\/\/www.news33.tv\/#organization"},"image":{"@id":"https:\/\/www.press7.tv\/?p=22879#primaryimage"},"thumbnailUrl":"https:\/\/www.press7.tv\/wp-content\/uploads\/2025\/10\/IMG_0188.avif","articleSection":["Bot\u00eb","Lajme"],"inLanguage":"en-US"},{"@type":"WebPage","@id":"https:\/\/www.press7.tv\/?p=22879","url":"https:\/\/www.press7.tv\/?p=22879","name":"Izraeli do t\u00eb mbaj\u00eb t\u00eb mbyllur pik\u00ebn kufitare me Egjiptin - press7.tv","isPartOf":{"@id":"https:\/\/www.news33.tv\/#website"},"primaryImageOfPage":{"@id":"https:\/\/www.press7.tv\/?p=22879#primaryimage"},"image":{"@id":"https:\/\/www.press7.tv\/?p=22879#primaryimage"},"thumbnailUrl":"https:\/\/www.press7.tv\/wp-content\/uploads\/2025\/10\/IMG_0188.avif","datePublished":"2025-10-19T16:44:58+00:00","breadcrumb":{"@id":"https:\/\/www.press7.tv\/?p=22879#breadcrumb"},"inLanguage":"en-US","potentialAction":[{"@type":"ReadAction","target":["https:\/\/www.press7.tv\/?p=22879"]}]},{"@type":"ImageObject","inLanguage":"en-US","@id":"https:\/\/www.press7.tv\/?p=22879#primaryimage","url":"https:\/\/www.press7.tv\/wp-content\/uploads\/2025\/10\/IMG_0188.avif","contentUrl":"https:\/\/www.press7.tv\/wp-content\/uploads\/2025\/10\/IMG_0188.avif","width":1360,"height":870},{"@type":"BreadcrumbList","@id":"https:\/\/www.press7.tv\/?p=22879#breadcrumb","itemListElement":[{"@type":"ListItem","position":1,"name":"Home","item":"https:\/\/www.press7.tv\/"},{"@type":"ListItem","position":2,"name":"Izraeli do t\u00eb mbaj\u00eb t\u00eb mbyllur pik\u00ebn kufitare me Egjiptin"}]},{"@type":"WebSite","@id":"https:\/\/www.news33.tv\/#website","url":"https:\/\/www.news33.tv\/","name":"News33.tv Media","description":"Media","publisher":{"@id":"https:\/\/www.news33.tv\/#organization"},"potentialAction":[{"@type":"SearchAction","target":{"@type":"EntryPoint","urlTemplate":"https:\/\/www.news33.tv\/?s={search_term_string}"},"query-input":{"@type":"PropertyValueSpecification","valueRequired":true,"valueName":"search_term_string"}}],"inLanguage":"en-US"},{"@type":"Organization","@id":"https:\/\/www.news33.tv\/#organization","name":"News33.tv Media","url":"https:\/\/www.news33.tv\/","logo":{"@type":"ImageObject","inLanguage":"en-US","@id":"https:\/\/www.news33.tv\/#\/schema\/logo\/image\/","url":"https:\/\/www.press7.tv\/wp-content\/uploads\/2024\/02\/logo-news33-black.png","contentUrl":"https:\/\/www.press7.tv\/wp-content\/uploads\/2024\/02\/logo-news33-black.png","width":180,"height":37,"caption":"News33.tv Media"},"image":{"@id":"https:\/\/www.news33.tv\/#\/schema\/logo\/image\/"},"sameAs":["https:\/\/www.facebook.com\/press7.tv"]},{"@type":"Person","@id":"https:\/\/www.news33.tv\/#\/schema\/person\/5a04a38a23ccdba82f9bd665cd8f9efa","name":"gazetar2","image":{"@type":"ImageObject","inLanguage":"en-US","@id":"https:\/\/www.news33.tv\/#\/schema\/person\/image\/","url":"https:\/\/www.press7.tv\/wp-content\/litespeed\/avatar\/41975e402c3049d9ddb03adca8f7a883.jpg?ver=1776564768","contentUrl":"https:\/\/www.press7.tv\/wp-content\/litespeed\/avatar\/41975e402c3049d9ddb03adca8f7a883.jpg?ver=1776564768","caption":"gazetar2"},"url":"https:\/\/www.press7.tv\/?author=8"}]}},"amp_enabled":true,"_links":{"self":[{"href":"https:\/\/www.press7.tv\/index.php?rest_route=\/wp\/v2\/posts\/22879","targetHints":{"allow":["GET"]}}],"collection":[{"href":"https:\/\/www.press7.tv\/index.php?rest_route=\/wp\/v2\/posts"}],"about":[{"href":"https:\/\/www.press7.tv\/index.php?rest_route=\/wp\/v2\/types\/post"}],"author":[{"embeddable":true,"href":"https:\/\/www.press7.tv\/index.php?rest_route=\/wp\/v2\/users\/8"}],"replies":[{"embeddable":true,"href":"https:\/\/www.press7.tv\/index.php?rest_route=%2Fwp%2Fv2%2Fcomments&post=22879"}],"version-history":[{"count":1,"href":"https:\/\/www.press7.tv\/index.php?rest_route=\/wp\/v2\/posts\/22879\/revisions"}],"predecessor-version":[{"id":22881,"href":"https:\/\/www.press7.tv\/index.php?rest_route=\/wp\/v2\/posts\/22879\/revisions\/22881"}],"wp:featuredmedia":[{"embeddable":true,"href":"https:\/\/www.press7.tv\/index.php?rest_route=\/wp\/v2\/media\/22880"}],"wp:attachment":[{"href":"https:\/\/www.press7.tv\/index.php?rest_route=%2Fwp%2Fv2%2Fmedia&parent=22879"}],"wp:term":[{"taxonomy":"category","embeddable":true,"href":"https:\/\/www.press7.tv\/index.php?rest_route=%2Fwp%2Fv2%2Fcategories&post=22879"},{"taxonomy":"post_tag","embeddable":true,"href":"https:\/\/www.press7.tv\/index.php?rest_route=%2Fwp%2Fv2%2Ftags&post=22879"}],"curies":[{"name":"wp","href":"https:\/\/api.w.org\/{rel}","templated":true}]}}