{"id":22784,"date":"2025-10-16T21:26:43","date_gmt":"2025-10-16T21:26:43","guid":{"rendered":"https:\/\/www.press7.tv\/?p=22784"},"modified":"2025-10-16T21:28:05","modified_gmt":"2025-10-16T21:28:05","slug":"vlen-e-ndez-atmosferen-ne-cair-tubim-madheshtor-me-izet-mexhitin","status":"publish","type":"post","link":"https:\/\/www.press7.tv\/?p=22784","title":{"rendered":"VLEN e ndez atmosfer\u00ebn n\u00eb \u00c7air \u2013 Tubim madh\u00ebshtor me Izet Mexhitin!"},"content":{"rendered":"\n    <div class=\"xs_social_share_widget xs_share_url before_content \t\tmain_content  wslu-style-2 wslu-share-box-shaped wslu-fill-colored wslu-share-m-5 wslu-none wslu-share-vertical wslu-theme-font-no wslu-main_content\">\n\n\t\t\n        <ul>\n\t\t\t        <\/ul>\n    <\/div> \n<p>\u00c7airi sot po flet me nj\u00eb z\u00eb \u2013 VLEN! Tubimi elektoral i koalicionit VLEN \u2013 Nj\u00eb Z\u00eb! po mbahet n\u00eb k\u00ebto momente n\u00eb zem\u00ebr t\u00eb Komun\u00ebs s\u00eb \u00c7airit, ku numer i madh qytetaresh jan\u00eb mbledhur p\u00ebr t\u00eb shprehur mb\u00ebshtetjen e tyre p\u00ebr kandidatin p\u00ebr kryetar komune, Izet Mexhiti.<\/p>\n<p>N\u00ebn brohoritjet dhe duartrokitjet e pand\u00ebrprera, atmosfera \u00ebsht\u00eb elektrizuese.<\/p>\n<p>Kjo mbr\u00ebmje \u00ebsht\u00eb d\u00ebshmi se \u00c7airi nuk \u00ebsht\u00eb vet\u00ebm nj\u00eb komun\u00eb \u2013 \u00ebsht\u00eb nj\u00eb z\u00eb i fuqish\u00ebm q\u00eb k\u00ebrkon drejt\u00ebsi, zhvillim dhe p\u00ebrfaq\u00ebsim dinjitoz.<\/p>\n","protected":false},"excerpt":{"rendered":"<p>\u00c7airi sot po flet me nj\u00eb z\u00eb \u2013 VLEN! Tubimi elektoral i koalicionit VLEN \u2013 Nj\u00eb Z\u00eb! po mbahet n\u00eb k\u00ebto momente n\u00eb zem\u00ebr t\u00eb Komun\u00ebs s\u00eb \u00c7airit, ku numer i madh qytetaresh jan\u00eb mbledhur p\u00ebr t\u00eb shprehur mb\u00ebshtetjen e tyre p\u00ebr kandidatin p\u00ebr kryetar komune, Izet Mexhiti. N\u00ebn brohoritjet dhe duartrokitjet e pand\u00ebrprera, atmosfera [&hellip;]<\/p>\n","protected":false},"author":8,"featured_media":22792,"comment_status":"closed","ping_status":"closed","sticky":false,"template":"","format":"standard","meta":{"footnotes":""},"categories":[213,214],"tags":[],"class_list":["post-22784","post","type-post","status-publish","format-standard","has-post-thumbnail","hentry","category-lajme","category-maqedoni"],"yoast_head":"<!-- This site is optimized with the Yoast SEO plugin v25.1 - https:\/\/yoast.com\/wordpress\/plugins\/seo\/ -->\n<title>VLEN e ndez atmosfer\u00ebn n\u00eb \u00c7air \u2013 Tubim madh\u00ebshtor me Izet Mexhitin! - press7.tv<\/title>\n<meta name=\"robots\" content=\"index, follow, max-snippet:-1, max-image-preview:large, max-video-preview:-1\" \/>\n<link rel=\"canonical\" href=\"https:\/\/www.press7.tv\/?p=22784\" \/>\n<meta property=\"og:locale\" content=\"en_US\" \/>\n<meta property=\"og:type\" content=\"article\" \/>\n<meta property=\"og:title\" content=\"VLEN e ndez atmosfer\u00ebn n\u00eb \u00c7air \u2013 Tubim madh\u00ebshtor me Izet Mexhitin! - press7.tv\" \/>\n<meta property=\"og:description\" content=\"\u00c7airi sot po flet me nj\u00eb z\u00eb \u2013 VLEN! Tubimi elektoral i koalicionit VLEN \u2013 Nj\u00eb Z\u00eb! po mbahet n\u00eb k\u00ebto momente n\u00eb zem\u00ebr t\u00eb Komun\u00ebs s\u00eb \u00c7airit, ku numer i madh qytetaresh jan\u00eb mbledhur p\u00ebr t\u00eb shprehur mb\u00ebshtetjen e tyre p\u00ebr kandidatin p\u00ebr kryetar komune, Izet Mexhiti. N\u00ebn brohoritjet dhe duartrokitjet e pand\u00ebrprera, atmosfera [&hellip;]\" \/>\n<meta property=\"og:url\" content=\"https:\/\/www.press7.tv\/?p=22784\" \/>\n<meta property=\"og:site_name\" content=\"press7.tv\" \/>\n<meta property=\"article:publisher\" content=\"https:\/\/www.facebook.com\/press7.tv\" \/>\n<meta property=\"article:published_time\" content=\"2025-10-16T21:26:43+00:00\" \/>\n<meta property=\"article:modified_time\" content=\"2025-10-16T21:28:05+00:00\" \/>\n<meta property=\"og:image\" content=\"https:\/\/www.press7.tv\/wp-content\/uploads\/2025\/10\/IMG_0095-1.avif\" \/>\n\t<meta property=\"og:image:width\" content=\"479\" \/>\n\t<meta property=\"og:image:height\" content=\"595\" \/>\n\t<meta property=\"og:image:type\" content=\"image\/png\" \/>\n<meta name=\"author\" content=\"gazetar2\" \/>\n<meta name=\"twitter:card\" content=\"summary_large_image\" \/>\n<meta name=\"twitter:label1\" content=\"Written by\" \/>\n\t<meta name=\"twitter:data1\" content=\"gazetar2\" \/>\n\t<meta name=\"twitter:label2\" content=\"Est. reading time\" \/>\n\t<meta name=\"twitter:data2\" content=\"1 minute\" \/>\n<script type=\"application\/ld+json\" class=\"yoast-schema-graph\">{\"@context\":\"https:\/\/schema.org\",\"@graph\":[{\"@type\":\"Article\",\"@id\":\"https:\/\/www.press7.tv\/?p=22784#article\",\"isPartOf\":{\"@id\":\"https:\/\/www.press7.tv\/?p=22784\"},\"author\":{\"name\":\"gazetar2\",\"@id\":\"https:\/\/www.news33.tv\/#\/schema\/person\/5a04a38a23ccdba82f9bd665cd8f9efa\"},\"headline\":\"VLEN e ndez atmosfer\u00ebn n\u00eb \u00c7air \u2013 Tubim madh\u00ebshtor me Izet Mexhitin!\",\"datePublished\":\"2025-10-16T21:26:43+00:00\",\"dateModified\":\"2025-10-16T21:28:05+00:00\",\"mainEntityOfPage\":{\"@id\":\"https:\/\/www.press7.tv\/?p=22784\"},\"wordCount\":108,\"publisher\":{\"@id\":\"https:\/\/www.news33.tv\/#organization\"},\"image\":{\"@id\":\"https:\/\/www.press7.tv\/?p=22784#primaryimage\"},\"thumbnailUrl\":\"https:\/\/www.press7.tv\/wp-content\/uploads\/2025\/10\/IMG_0095-1.avif\",\"articleSection\":[\"Lajme\",\"Maqedoni\"],\"inLanguage\":\"en-US\"},{\"@type\":\"WebPage\",\"@id\":\"https:\/\/www.press7.tv\/?p=22784\",\"url\":\"https:\/\/www.press7.tv\/?p=22784\",\"name\":\"VLEN e ndez atmosfer\u00ebn n\u00eb \u00c7air \u2013 Tubim madh\u00ebshtor me Izet Mexhitin! - press7.tv\",\"isPartOf\":{\"@id\":\"https:\/\/www.news33.tv\/#website\"},\"primaryImageOfPage\":{\"@id\":\"https:\/\/www.press7.tv\/?p=22784#primaryimage\"},\"image\":{\"@id\":\"https:\/\/www.press7.tv\/?p=22784#primaryimage\"},\"thumbnailUrl\":\"https:\/\/www.press7.tv\/wp-content\/uploads\/2025\/10\/IMG_0095-1.avif\",\"datePublished\":\"2025-10-16T21:26:43+00:00\",\"dateModified\":\"2025-10-16T21:28:05+00:00\",\"breadcrumb\":{\"@id\":\"https:\/\/www.press7.tv\/?p=22784#breadcrumb\"},\"inLanguage\":\"en-US\",\"potentialAction\":[{\"@type\":\"ReadAction\",\"target\":[\"https:\/\/www.press7.tv\/?p=22784\"]}]},{\"@type\":\"ImageObject\",\"inLanguage\":\"en-US\",\"@id\":\"https:\/\/www.press7.tv\/?p=22784#primaryimage\",\"url\":\"https:\/\/www.press7.tv\/wp-content\/uploads\/2025\/10\/IMG_0095-1.avif\",\"contentUrl\":\"https:\/\/www.press7.tv\/wp-content\/uploads\/2025\/10\/IMG_0095-1.avif\",\"width\":479,\"height\":595},{\"@type\":\"BreadcrumbList\",\"@id\":\"https:\/\/www.press7.tv\/?p=22784#breadcrumb\",\"itemListElement\":[{\"@type\":\"ListItem\",\"position\":1,\"name\":\"Home\",\"item\":\"https:\/\/www.press7.tv\/\"},{\"@type\":\"ListItem\",\"position\":2,\"name\":\"VLEN e ndez atmosfer\u00ebn n\u00eb \u00c7air \u2013 Tubim madh\u00ebshtor me Izet Mexhitin!\"}]},{\"@type\":\"WebSite\",\"@id\":\"https:\/\/www.news33.tv\/#website\",\"url\":\"https:\/\/www.news33.tv\/\",\"name\":\"News33.tv Media\",\"description\":\"Media\",\"publisher\":{\"@id\":\"https:\/\/www.news33.tv\/#organization\"},\"potentialAction\":[{\"@type\":\"SearchAction\",\"target\":{\"@type\":\"EntryPoint\",\"urlTemplate\":\"https:\/\/www.news33.tv\/?s={search_term_string}\"},\"query-input\":{\"@type\":\"PropertyValueSpecification\",\"valueRequired\":true,\"valueName\":\"search_term_string\"}}],\"inLanguage\":\"en-US\"},{\"@type\":\"Organization\",\"@id\":\"https:\/\/www.news33.tv\/#organization\",\"name\":\"News33.tv Media\",\"url\":\"https:\/\/www.news33.tv\/\",\"logo\":{\"@type\":\"ImageObject\",\"inLanguage\":\"en-US\",\"@id\":\"https:\/\/www.news33.tv\/#\/schema\/logo\/image\/\",\"url\":\"https:\/\/www.press7.tv\/wp-content\/uploads\/2024\/02\/logo-news33-black.png\",\"contentUrl\":\"https:\/\/www.press7.tv\/wp-content\/uploads\/2024\/02\/logo-news33-black.png\",\"width\":180,\"height\":37,\"caption\":\"News33.tv Media\"},\"image\":{\"@id\":\"https:\/\/www.news33.tv\/#\/schema\/logo\/image\/\"},\"sameAs\":[\"https:\/\/www.facebook.com\/press7.tv\"]},{\"@type\":\"Person\",\"@id\":\"https:\/\/www.news33.tv\/#\/schema\/person\/5a04a38a23ccdba82f9bd665cd8f9efa\",\"name\":\"gazetar2\",\"image\":{\"@type\":\"ImageObject\",\"inLanguage\":\"en-US\",\"@id\":\"https:\/\/www.news33.tv\/#\/schema\/person\/image\/\",\"url\":\"https:\/\/www.press7.tv\/wp-content\/litespeed\/avatar\/41975e402c3049d9ddb03adca8f7a883.jpg?ver=1777169572\",\"contentUrl\":\"https:\/\/www.press7.tv\/wp-content\/litespeed\/avatar\/41975e402c3049d9ddb03adca8f7a883.jpg?ver=1777169572\",\"caption\":\"gazetar2\"},\"url\":\"https:\/\/www.press7.tv\/?author=8\"}]}<\/script>\n<!-- \/ Yoast SEO plugin. -->","yoast_head_json":{"title":"VLEN e ndez atmosfer\u00ebn n\u00eb \u00c7air \u2013 Tubim madh\u00ebshtor me Izet Mexhitin! - press7.tv","robots":{"index":"index","follow":"follow","max-snippet":"max-snippet:-1","max-image-preview":"max-image-preview:large","max-video-preview":"max-video-preview:-1"},"canonical":"https:\/\/www.press7.tv\/?p=22784","og_locale":"en_US","og_type":"article","og_title":"VLEN e ndez atmosfer\u00ebn n\u00eb \u00c7air \u2013 Tubim madh\u00ebshtor me Izet Mexhitin! - press7.tv","og_description":"\u00c7airi sot po flet me nj\u00eb z\u00eb \u2013 VLEN! Tubimi elektoral i koalicionit VLEN \u2013 Nj\u00eb Z\u00eb! po mbahet n\u00eb k\u00ebto momente n\u00eb zem\u00ebr t\u00eb Komun\u00ebs s\u00eb \u00c7airit, ku numer i madh qytetaresh jan\u00eb mbledhur p\u00ebr t\u00eb shprehur mb\u00ebshtetjen e tyre p\u00ebr kandidatin p\u00ebr kryetar komune, Izet Mexhiti. N\u00ebn brohoritjet dhe duartrokitjet e pand\u00ebrprera, atmosfera [&hellip;]","og_url":"https:\/\/www.press7.tv\/?p=22784","og_site_name":"press7.tv","article_publisher":"https:\/\/www.facebook.com\/press7.tv","article_published_time":"2025-10-16T21:26:43+00:00","article_modified_time":"2025-10-16T21:28:05+00:00","og_image":[{"width":479,"height":595,"url":"https:\/\/www.press7.tv\/wp-content\/uploads\/2025\/10\/IMG_0095-1.avif","type":"image\/png"}],"author":"gazetar2","twitter_card":"summary_large_image","twitter_misc":{"Written by":"gazetar2","Est. reading time":"1 minute"},"schema":{"@context":"https:\/\/schema.org","@graph":[{"@type":"Article","@id":"https:\/\/www.press7.tv\/?p=22784#article","isPartOf":{"@id":"https:\/\/www.press7.tv\/?p=22784"},"author":{"name":"gazetar2","@id":"https:\/\/www.news33.tv\/#\/schema\/person\/5a04a38a23ccdba82f9bd665cd8f9efa"},"headline":"VLEN e ndez atmosfer\u00ebn n\u00eb \u00c7air \u2013 Tubim madh\u00ebshtor me Izet Mexhitin!","datePublished":"2025-10-16T21:26:43+00:00","dateModified":"2025-10-16T21:28:05+00:00","mainEntityOfPage":{"@id":"https:\/\/www.press7.tv\/?p=22784"},"wordCount":108,"publisher":{"@id":"https:\/\/www.news33.tv\/#organization"},"image":{"@id":"https:\/\/www.press7.tv\/?p=22784#primaryimage"},"thumbnailUrl":"https:\/\/www.press7.tv\/wp-content\/uploads\/2025\/10\/IMG_0095-1.avif","articleSection":["Lajme","Maqedoni"],"inLanguage":"en-US"},{"@type":"WebPage","@id":"https:\/\/www.press7.tv\/?p=22784","url":"https:\/\/www.press7.tv\/?p=22784","name":"VLEN e ndez atmosfer\u00ebn n\u00eb \u00c7air \u2013 Tubim madh\u00ebshtor me Izet Mexhitin! - press7.tv","isPartOf":{"@id":"https:\/\/www.news33.tv\/#website"},"primaryImageOfPage":{"@id":"https:\/\/www.press7.tv\/?p=22784#primaryimage"},"image":{"@id":"https:\/\/www.press7.tv\/?p=22784#primaryimage"},"thumbnailUrl":"https:\/\/www.press7.tv\/wp-content\/uploads\/2025\/10\/IMG_0095-1.avif","datePublished":"2025-10-16T21:26:43+00:00","dateModified":"2025-10-16T21:28:05+00:00","breadcrumb":{"@id":"https:\/\/www.press7.tv\/?p=22784#breadcrumb"},"inLanguage":"en-US","potentialAction":[{"@type":"ReadAction","target":["https:\/\/www.press7.tv\/?p=22784"]}]},{"@type":"ImageObject","inLanguage":"en-US","@id":"https:\/\/www.press7.tv\/?p=22784#primaryimage","url":"https:\/\/www.press7.tv\/wp-content\/uploads\/2025\/10\/IMG_0095-1.avif","contentUrl":"https:\/\/www.press7.tv\/wp-content\/uploads\/2025\/10\/IMG_0095-1.avif","width":479,"height":595},{"@type":"BreadcrumbList","@id":"https:\/\/www.press7.tv\/?p=22784#breadcrumb","itemListElement":[{"@type":"ListItem","position":1,"name":"Home","item":"https:\/\/www.press7.tv\/"},{"@type":"ListItem","position":2,"name":"VLEN e ndez atmosfer\u00ebn n\u00eb \u00c7air \u2013 Tubim madh\u00ebshtor me Izet Mexhitin!"}]},{"@type":"WebSite","@id":"https:\/\/www.news33.tv\/#website","url":"https:\/\/www.news33.tv\/","name":"News33.tv Media","description":"Media","publisher":{"@id":"https:\/\/www.news33.tv\/#organization"},"potentialAction":[{"@type":"SearchAction","target":{"@type":"EntryPoint","urlTemplate":"https:\/\/www.news33.tv\/?s={search_term_string}"},"query-input":{"@type":"PropertyValueSpecification","valueRequired":true,"valueName":"search_term_string"}}],"inLanguage":"en-US"},{"@type":"Organization","@id":"https:\/\/www.news33.tv\/#organization","name":"News33.tv Media","url":"https:\/\/www.news33.tv\/","logo":{"@type":"ImageObject","inLanguage":"en-US","@id":"https:\/\/www.news33.tv\/#\/schema\/logo\/image\/","url":"https:\/\/www.press7.tv\/wp-content\/uploads\/2024\/02\/logo-news33-black.png","contentUrl":"https:\/\/www.press7.tv\/wp-content\/uploads\/2024\/02\/logo-news33-black.png","width":180,"height":37,"caption":"News33.tv Media"},"image":{"@id":"https:\/\/www.news33.tv\/#\/schema\/logo\/image\/"},"sameAs":["https:\/\/www.facebook.com\/press7.tv"]},{"@type":"Person","@id":"https:\/\/www.news33.tv\/#\/schema\/person\/5a04a38a23ccdba82f9bd665cd8f9efa","name":"gazetar2","image":{"@type":"ImageObject","inLanguage":"en-US","@id":"https:\/\/www.news33.tv\/#\/schema\/person\/image\/","url":"https:\/\/www.press7.tv\/wp-content\/litespeed\/avatar\/41975e402c3049d9ddb03adca8f7a883.jpg?ver=1777169572","contentUrl":"https:\/\/www.press7.tv\/wp-content\/litespeed\/avatar\/41975e402c3049d9ddb03adca8f7a883.jpg?ver=1777169572","caption":"gazetar2"},"url":"https:\/\/www.press7.tv\/?author=8"}]}},"amp_enabled":true,"_links":{"self":[{"href":"https:\/\/www.press7.tv\/index.php?rest_route=\/wp\/v2\/posts\/22784","targetHints":{"allow":["GET"]}}],"collection":[{"href":"https:\/\/www.press7.tv\/index.php?rest_route=\/wp\/v2\/posts"}],"about":[{"href":"https:\/\/www.press7.tv\/index.php?rest_route=\/wp\/v2\/types\/post"}],"author":[{"embeddable":true,"href":"https:\/\/www.press7.tv\/index.php?rest_route=\/wp\/v2\/users\/8"}],"replies":[{"embeddable":true,"href":"https:\/\/www.press7.tv\/index.php?rest_route=%2Fwp%2Fv2%2Fcomments&post=22784"}],"version-history":[{"count":1,"href":"https:\/\/www.press7.tv\/index.php?rest_route=\/wp\/v2\/posts\/22784\/revisions"}],"predecessor-version":[{"id":22791,"href":"https:\/\/www.press7.tv\/index.php?rest_route=\/wp\/v2\/posts\/22784\/revisions\/22791"}],"wp:featuredmedia":[{"embeddable":true,"href":"https:\/\/www.press7.tv\/index.php?rest_route=\/wp\/v2\/media\/22792"}],"wp:attachment":[{"href":"https:\/\/www.press7.tv\/index.php?rest_route=%2Fwp%2Fv2%2Fmedia&parent=22784"}],"wp:term":[{"taxonomy":"category","embeddable":true,"href":"https:\/\/www.press7.tv\/index.php?rest_route=%2Fwp%2Fv2%2Fcategories&post=22784"},{"taxonomy":"post_tag","embeddable":true,"href":"https:\/\/www.press7.tv\/index.php?rest_route=%2Fwp%2Fv2%2Ftags&post=22784"}],"curies":[{"name":"wp","href":"https:\/\/api.w.org\/{rel}","templated":true}]}}