{"id":22781,"date":"2025-10-16T18:46:20","date_gmt":"2025-10-16T18:46:20","guid":{"rendered":"https:\/\/www.press7.tv\/?p=22781"},"modified":"2025-10-16T18:46:20","modified_gmt":"2025-10-16T18:46:20","slug":"grupi-i-krizave-kosova-po-ia-teston-kufijte-e-durimit-be-se","status":"publish","type":"post","link":"https:\/\/www.press7.tv\/?p=22781","title":{"rendered":"Grupi i Krizave: Kosova po ia teston kufijt\u00eb e durimit BE-s\u00eb"},"content":{"rendered":"\n    <div class=\"xs_social_share_widget xs_share_url before_content \t\tmain_content  wslu-style-2 wslu-share-box-shaped wslu-fill-colored wslu-share-m-5 wslu-none wslu-share-vertical wslu-theme-font-no wslu-main_content\">\n\n\t\t\n        <ul>\n\t\t\t        <\/ul>\n    <\/div> \n<p>Grupi Nd\u00ebrkomb\u00ebtar i Krizave, organizat\u00eb joqeveritare me mision p\u00ebr parandalimin dhe zgjidhjen e konflikteve n\u00eb raportin e fundit t\u00eb publikuar t\u00eb enjten, ka hedhur nj\u00eb v\u00ebshtrim mbi Kosov\u00ebn, p\u00ebr t\u00eb cil\u00ebn ka th\u00ebn\u00eb se po i teston kufijt\u00eb e durimit t\u00eb Bashkimit Evropian.<\/p>\n<p>N\u00eb raportin p\u00ebr Kosov\u00ebn \u00ebsht\u00eb theksuar se viteve t\u00eb fundit jan\u00eb problematizuar raportet me Bashkimin Evropian dhe Shtetet e Bashkuara t\u00eb Amerik\u00ebs, teksa jan\u00eb p\u00ebrmendur sanksionet evropiane nga viti 2023 dhe suspendimi i dialogut t\u00eb planifikuar strategjik nga SHBA-ja. P\u00ebr t\u00eb dyja, sipas raportit, fajtore jan\u00eb \u201cl\u00ebvizjet e Kurti p\u00ebr t\u00eb centralizuar pushtetin dhe trajtimin e ashp\u00ebr nga qeveria e tij p\u00ebr komunitetin etnik serb q\u00eb jeton n\u00eb veri, t\u00eb cil\u00ebt kan\u00eb shpresuar gjat\u00eb p\u00ebr autonomin\u00eb e premtuar n\u00eb marr\u00ebveshjet e shkuara, dhe p\u00ebr shkak t\u00eb d\u00ebshtimit t\u00eb tyre, edhe p\u00ebr bashkim me Serbin\u00eb\u201d.<\/p>\n<p>N\u00eb shkrim \u00ebsht\u00eb th\u00ebn\u00eb se p\u00ebr kryeministrin n\u00eb detyr\u00eb, Albin Kurti, dhe partin\u00eb e tij, L\u00ebvizja Vet\u00ebvendosje, edhe \u201cshtypja e serb\u00ebve\u201d sh\u00ebrben si baz\u00eb p\u00ebr planet p\u00ebr ta \u201crind\u00ebrtuar shtetin e Kosov\u00ebs\u201d. Aty \u00ebsht\u00eb shtuar se q\u00eb nga ardhja n\u00eb pushtet m\u00eb 2021, Kurti ka b\u00ebr\u00eb disa l\u00ebvizje p\u00ebr ta v\u00ebn\u00eb n\u00ebn kontroll veriun. \u201cKontrolli i fort\u00eb\u201d mbi k\u00ebt\u00eb zon\u00eb, sipas Grupit Nd\u00ebrkomb\u00ebtar t\u00eb Krizave si qasje mund t\u00eb jet\u00eb paralajm\u00ebruese p\u00ebr izolim t\u00eb zgjatur nd\u00ebrkomb\u00ebtar p\u00ebr Kosov\u00ebn. E sipas GNK-s\u00eb, BE-ja \u00ebsht\u00eb p\u00ebrpjekur ta shmang\u00eb k\u00ebt\u00eb q\u00ebkur e ka nisur dialogun Kosov\u00eb-Serbi.<\/p>\n<p>P\u00ebr t\u00eb ndihmuar n\u00eb zbutjen e rreziqeve, sipas k\u00ebtij raporti, BE-ja duhet t\u00eb fokusohet n\u00eb \u00e7\u00ebshtje m\u00eb konkrete n\u00eb dialog \u2013 p\u00ebrfshir\u00eb zbatimin e marr\u00ebveshjeve t\u00eb m\u00ebhershme me theks n\u00eb menaxhim kufijsh dhe njohjen e diplomave si dhe q\u00eb t\u00eb gjenden mund\u00ebsi q\u00eb Serbis\u00eb t\u2019i jepet mund\u00ebsia t\u00eb ofroj\u00eb sh\u00ebrbime arsimore e sh\u00ebndet\u00ebsore p\u00ebr serb\u00ebt q\u00eb jetojn\u00eb n\u00eb territorin e Kosov\u00ebs dhe q\u00eb Kosova t\u00eb ket\u00eb t\u00eb nj\u00ebjt\u00ebn mund\u00ebsi p\u00ebr shqiptar\u00ebt q\u00eb jetojn\u00eb n\u00eb Serbi.<\/p>\n<p>Pik\u00eb tjet\u00ebr q\u00eb duhet t\u00eb ndjek\u00eb Kosova, sipas organizat\u00ebs me seli n\u00eb Bruksel, \u00ebsht\u00eb q\u00eb t\u00eb shfryt\u00ebzoj\u00eb joshjet e BE-s\u00eb, sidomos n\u00eb perspektiv\u00ebn e an\u00ebtar\u00ebsimit e q\u00eb t\u00eb b\u00ebj\u00eb presion ndaj Kosov\u00ebs p\u00ebr t\u00eb mbrojtur pakic\u00ebn serbe e t\u00eb siguroj\u00eb autonomin\u00eb lokale, p\u00ebrfshir\u00eb krijimin e Asociacionit t\u00eb komunave me shumic\u00eb serbe.<\/p>\n<p>Rekomandim i tret\u00eb \u00ebsht\u00eb q\u00eb ndihmat financiare dhe mb\u00ebshtetja diplomatike p\u00ebr Kosov\u00ebn t\u00eb varen nga hapat konkret\u00eb p\u00ebr forcim t\u00eb institucioneve dhe nd\u00ebrtim t\u00eb kapaciteteve shtet\u00ebrore. Aty \u00ebsht\u00eb th\u00ebn\u00eb se duhet t\u00eb ket\u00eb autonomi n\u00eb institucionet si gjyq\u00ebsori, transmetuesi publik e agjencit\u00eb e pavarura.<\/p>\n<p>Raporti \u00ebsht\u00eb marr\u00eb edhe me rrug\u00ebn e Kurtit drejt pushtetit, duke th\u00ebn\u00eb se ai dhe partia e tij kan\u00eb dyshuar n\u00eb korniz\u00ebn kushtetuese e institucionale t\u00eb Kosov\u00ebs p\u00ebr koh\u00eb t\u00eb gjat\u00eb. Aty \u00ebsht\u00eb th\u00ebn\u00eb po ashtu se q\u00eb nga ardhja n\u00eb pushtet m\u00eb 2021, \u201c\u00ebsht\u00eb p\u00ebrpjekur ta centralizoj\u00eb vendimmarrjen, t\u00eb fuqizoj\u00eb an\u00ebtar\u00ebt e besuesh\u00ebm t\u00eb partis\u00eb dhe t\u00eb anashkaloj\u00eb institucionet q\u00eb i konsideron si t\u00eb d\u00ebshtuara e t\u00eb mbushura me n\u00ebpun\u00ebs besnik\u00eb ndaj udh\u00ebheq\u00ebsve t\u00eb m\u00ebhersh\u00ebm\u201d.<\/p>\n<p>Qeveria Kurti n\u00eb raport \u00ebsht\u00eb kritikuar edhe p\u00ebr \u201cbllokim fondesh\u201d p\u00ebr komunat. E pik\u00ebrisht kjo \u201cbllokad\u00eb\u201d, sipas Grupit t\u00eb Krizave mund t\u00eb d\u00ebmtoj\u00eb Kurtin n\u00eb zgjedhjet e ardhshme q\u00eb mund t\u00eb mbahen qysh m\u00eb 2026.<\/p>\n<p>P\u00ebr BE-n\u00eb, ky grup ka th\u00ebn\u00eb po ashtu se q\u00ebllim duhet t\u00eb jet\u00eb t\u00eb mbaj\u00eb gjall\u00eb marr\u00ebveshjet e 2023-s. Problematike \u00ebsht\u00eb par\u00eb qasja e Kurtit p\u00ebr reciprocitet t\u00eb plot\u00eb.<\/p>\n<p>N\u00eb fund \u00ebsht\u00eb th\u00ebn\u00eb se \u201c\u00ebsht\u00eb zor t\u00eb shihet e ardhme pozitive p\u00ebr shtetin e ri pa p\u00ebrkrahjen nga BE-ja \u2013 p\u00ebrkrahje q\u00eb me gjas\u00eb nuk do t\u00eb vij\u00eb deri kur Qeveria e Kosov\u00ebs t\u00eb punoj\u00eb p\u00ebr t\u00eb rind\u00ebrtuar besimin me Serbin\u00eb, t\u2019i p\u00ebrmir\u00ebsoj\u00eb raportet me komunitetin serb dhe t\u2019i p\u00ebrmbahet parimeve t\u00eb qeverisjes s\u00eb mir\u00eb q\u00eb BE-ja t\u2019i mb\u00ebshtes\u00eb\u201d.<\/p>\n","protected":false},"excerpt":{"rendered":"<p>Grupi Nd\u00ebrkomb\u00ebtar i Krizave, organizat\u00eb joqeveritare me mision p\u00ebr parandalimin dhe zgjidhjen e konflikteve n\u00eb raportin e fundit t\u00eb publikuar t\u00eb enjten, ka hedhur nj\u00eb v\u00ebshtrim mbi Kosov\u00ebn, p\u00ebr t\u00eb cil\u00ebn ka th\u00ebn\u00eb se po i teston kufijt\u00eb e durimit t\u00eb Bashkimit Evropian. N\u00eb raportin p\u00ebr Kosov\u00ebn \u00ebsht\u00eb theksuar se viteve t\u00eb fundit jan\u00eb problematizuar [&hellip;]<\/p>\n","protected":false},"author":8,"featured_media":22782,"comment_status":"closed","ping_status":"closed","sticky":false,"template":"","format":"standard","meta":{"footnotes":""},"categories":[215,213],"tags":[],"class_list":["post-22781","post","type-post","status-publish","format-standard","has-post-thumbnail","hentry","category-kosove","category-lajme"],"yoast_head":"<!-- This site is optimized with the Yoast SEO plugin v25.1 - https:\/\/yoast.com\/wordpress\/plugins\/seo\/ -->\n<title>Grupi i Krizave: Kosova po ia teston kufijt\u00eb e durimit BE-s\u00eb - press7.tv<\/title>\n<meta name=\"robots\" content=\"index, follow, max-snippet:-1, max-image-preview:large, max-video-preview:-1\" \/>\n<link rel=\"canonical\" href=\"https:\/\/www.press7.tv\/?p=22781\" \/>\n<meta property=\"og:locale\" content=\"en_US\" \/>\n<meta property=\"og:type\" content=\"article\" \/>\n<meta property=\"og:title\" content=\"Grupi i Krizave: Kosova po ia teston kufijt\u00eb e durimit BE-s\u00eb - press7.tv\" \/>\n<meta property=\"og:description\" content=\"Grupi Nd\u00ebrkomb\u00ebtar i Krizave, organizat\u00eb joqeveritare me mision p\u00ebr parandalimin dhe zgjidhjen e konflikteve n\u00eb raportin e fundit t\u00eb publikuar t\u00eb enjten, ka hedhur nj\u00eb v\u00ebshtrim mbi Kosov\u00ebn, p\u00ebr t\u00eb cil\u00ebn ka th\u00ebn\u00eb se po i teston kufijt\u00eb e durimit t\u00eb Bashkimit Evropian. N\u00eb raportin p\u00ebr Kosov\u00ebn \u00ebsht\u00eb theksuar se viteve t\u00eb fundit jan\u00eb problematizuar [&hellip;]\" \/>\n<meta property=\"og:url\" content=\"https:\/\/www.press7.tv\/?p=22781\" \/>\n<meta property=\"og:site_name\" content=\"press7.tv\" \/>\n<meta property=\"article:publisher\" content=\"https:\/\/www.facebook.com\/press7.tv\" \/>\n<meta property=\"article:published_time\" content=\"2025-10-16T18:46:20+00:00\" \/>\n<meta property=\"og:image\" content=\"https:\/\/www.press7.tv\/wp-content\/uploads\/2025\/10\/IMG_0092.avif\" \/>\n\t<meta property=\"og:image:width\" content=\"853\" \/>\n\t<meta property=\"og:image:height\" content=\"559\" \/>\n\t<meta property=\"og:image:type\" content=\"image\/webp\" \/>\n<meta name=\"author\" content=\"gazetar2\" \/>\n<meta name=\"twitter:card\" content=\"summary_large_image\" \/>\n<meta name=\"twitter:label1\" content=\"Written by\" \/>\n\t<meta name=\"twitter:data1\" content=\"gazetar2\" \/>\n\t<meta name=\"twitter:label2\" content=\"Est. reading time\" \/>\n\t<meta name=\"twitter:data2\" content=\"1 minute\" \/>\n<script type=\"application\/ld+json\" class=\"yoast-schema-graph\">{\"@context\":\"https:\/\/schema.org\",\"@graph\":[{\"@type\":\"Article\",\"@id\":\"https:\/\/www.press7.tv\/?p=22781#article\",\"isPartOf\":{\"@id\":\"https:\/\/www.press7.tv\/?p=22781\"},\"author\":{\"name\":\"gazetar2\",\"@id\":\"https:\/\/www.news33.tv\/#\/schema\/person\/5a04a38a23ccdba82f9bd665cd8f9efa\"},\"headline\":\"Grupi i Krizave: Kosova po ia teston kufijt\u00eb e durimit BE-s\u00eb\",\"datePublished\":\"2025-10-16T18:46:20+00:00\",\"mainEntityOfPage\":{\"@id\":\"https:\/\/www.press7.tv\/?p=22781\"},\"wordCount\":734,\"publisher\":{\"@id\":\"https:\/\/www.news33.tv\/#organization\"},\"image\":{\"@id\":\"https:\/\/www.press7.tv\/?p=22781#primaryimage\"},\"thumbnailUrl\":\"https:\/\/www.press7.tv\/wp-content\/uploads\/2025\/10\/IMG_0092.avif\",\"articleSection\":[\"Kosov\u00eb\",\"Lajme\"],\"inLanguage\":\"en-US\"},{\"@type\":\"WebPage\",\"@id\":\"https:\/\/www.press7.tv\/?p=22781\",\"url\":\"https:\/\/www.press7.tv\/?p=22781\",\"name\":\"Grupi i Krizave: Kosova po ia teston kufijt\u00eb e durimit BE-s\u00eb - press7.tv\",\"isPartOf\":{\"@id\":\"https:\/\/www.news33.tv\/#website\"},\"primaryImageOfPage\":{\"@id\":\"https:\/\/www.press7.tv\/?p=22781#primaryimage\"},\"image\":{\"@id\":\"https:\/\/www.press7.tv\/?p=22781#primaryimage\"},\"thumbnailUrl\":\"https:\/\/www.press7.tv\/wp-content\/uploads\/2025\/10\/IMG_0092.avif\",\"datePublished\":\"2025-10-16T18:46:20+00:00\",\"breadcrumb\":{\"@id\":\"https:\/\/www.press7.tv\/?p=22781#breadcrumb\"},\"inLanguage\":\"en-US\",\"potentialAction\":[{\"@type\":\"ReadAction\",\"target\":[\"https:\/\/www.press7.tv\/?p=22781\"]}]},{\"@type\":\"ImageObject\",\"inLanguage\":\"en-US\",\"@id\":\"https:\/\/www.press7.tv\/?p=22781#primaryimage\",\"url\":\"https:\/\/www.press7.tv\/wp-content\/uploads\/2025\/10\/IMG_0092.avif\",\"contentUrl\":\"https:\/\/www.press7.tv\/wp-content\/uploads\/2025\/10\/IMG_0092.avif\",\"width\":853,\"height\":559},{\"@type\":\"BreadcrumbList\",\"@id\":\"https:\/\/www.press7.tv\/?p=22781#breadcrumb\",\"itemListElement\":[{\"@type\":\"ListItem\",\"position\":1,\"name\":\"Home\",\"item\":\"https:\/\/www.press7.tv\/\"},{\"@type\":\"ListItem\",\"position\":2,\"name\":\"Grupi i Krizave: Kosova po ia teston kufijt\u00eb e durimit BE-s\u00eb\"}]},{\"@type\":\"WebSite\",\"@id\":\"https:\/\/www.news33.tv\/#website\",\"url\":\"https:\/\/www.news33.tv\/\",\"name\":\"News33.tv Media\",\"description\":\"Media\",\"publisher\":{\"@id\":\"https:\/\/www.news33.tv\/#organization\"},\"potentialAction\":[{\"@type\":\"SearchAction\",\"target\":{\"@type\":\"EntryPoint\",\"urlTemplate\":\"https:\/\/www.news33.tv\/?s={search_term_string}\"},\"query-input\":{\"@type\":\"PropertyValueSpecification\",\"valueRequired\":true,\"valueName\":\"search_term_string\"}}],\"inLanguage\":\"en-US\"},{\"@type\":\"Organization\",\"@id\":\"https:\/\/www.news33.tv\/#organization\",\"name\":\"News33.tv Media\",\"url\":\"https:\/\/www.news33.tv\/\",\"logo\":{\"@type\":\"ImageObject\",\"inLanguage\":\"en-US\",\"@id\":\"https:\/\/www.news33.tv\/#\/schema\/logo\/image\/\",\"url\":\"https:\/\/www.press7.tv\/wp-content\/uploads\/2024\/02\/logo-news33-black.png\",\"contentUrl\":\"https:\/\/www.press7.tv\/wp-content\/uploads\/2024\/02\/logo-news33-black.png\",\"width\":180,\"height\":37,\"caption\":\"News33.tv Media\"},\"image\":{\"@id\":\"https:\/\/www.news33.tv\/#\/schema\/logo\/image\/\"},\"sameAs\":[\"https:\/\/www.facebook.com\/press7.tv\"]},{\"@type\":\"Person\",\"@id\":\"https:\/\/www.news33.tv\/#\/schema\/person\/5a04a38a23ccdba82f9bd665cd8f9efa\",\"name\":\"gazetar2\",\"image\":{\"@type\":\"ImageObject\",\"inLanguage\":\"en-US\",\"@id\":\"https:\/\/www.news33.tv\/#\/schema\/person\/image\/\",\"url\":\"https:\/\/www.press7.tv\/wp-content\/litespeed\/avatar\/41975e402c3049d9ddb03adca8f7a883.jpg?ver=1777169572\",\"contentUrl\":\"https:\/\/www.press7.tv\/wp-content\/litespeed\/avatar\/41975e402c3049d9ddb03adca8f7a883.jpg?ver=1777169572\",\"caption\":\"gazetar2\"},\"url\":\"https:\/\/www.press7.tv\/?author=8\"}]}<\/script>\n<!-- \/ Yoast SEO plugin. -->","yoast_head_json":{"title":"Grupi i Krizave: Kosova po ia teston kufijt\u00eb e durimit BE-s\u00eb - press7.tv","robots":{"index":"index","follow":"follow","max-snippet":"max-snippet:-1","max-image-preview":"max-image-preview:large","max-video-preview":"max-video-preview:-1"},"canonical":"https:\/\/www.press7.tv\/?p=22781","og_locale":"en_US","og_type":"article","og_title":"Grupi i Krizave: Kosova po ia teston kufijt\u00eb e durimit BE-s\u00eb - press7.tv","og_description":"Grupi Nd\u00ebrkomb\u00ebtar i Krizave, organizat\u00eb joqeveritare me mision p\u00ebr parandalimin dhe zgjidhjen e konflikteve n\u00eb raportin e fundit t\u00eb publikuar t\u00eb enjten, ka hedhur nj\u00eb v\u00ebshtrim mbi Kosov\u00ebn, p\u00ebr t\u00eb cil\u00ebn ka th\u00ebn\u00eb se po i teston kufijt\u00eb e durimit t\u00eb Bashkimit Evropian. N\u00eb raportin p\u00ebr Kosov\u00ebn \u00ebsht\u00eb theksuar se viteve t\u00eb fundit jan\u00eb problematizuar [&hellip;]","og_url":"https:\/\/www.press7.tv\/?p=22781","og_site_name":"press7.tv","article_publisher":"https:\/\/www.facebook.com\/press7.tv","article_published_time":"2025-10-16T18:46:20+00:00","og_image":[{"width":853,"height":559,"url":"https:\/\/www.press7.tv\/wp-content\/uploads\/2025\/10\/IMG_0092.avif","type":"image\/webp"}],"author":"gazetar2","twitter_card":"summary_large_image","twitter_misc":{"Written by":"gazetar2","Est. reading time":"1 minute"},"schema":{"@context":"https:\/\/schema.org","@graph":[{"@type":"Article","@id":"https:\/\/www.press7.tv\/?p=22781#article","isPartOf":{"@id":"https:\/\/www.press7.tv\/?p=22781"},"author":{"name":"gazetar2","@id":"https:\/\/www.news33.tv\/#\/schema\/person\/5a04a38a23ccdba82f9bd665cd8f9efa"},"headline":"Grupi i Krizave: Kosova po ia teston kufijt\u00eb e durimit BE-s\u00eb","datePublished":"2025-10-16T18:46:20+00:00","mainEntityOfPage":{"@id":"https:\/\/www.press7.tv\/?p=22781"},"wordCount":734,"publisher":{"@id":"https:\/\/www.news33.tv\/#organization"},"image":{"@id":"https:\/\/www.press7.tv\/?p=22781#primaryimage"},"thumbnailUrl":"https:\/\/www.press7.tv\/wp-content\/uploads\/2025\/10\/IMG_0092.avif","articleSection":["Kosov\u00eb","Lajme"],"inLanguage":"en-US"},{"@type":"WebPage","@id":"https:\/\/www.press7.tv\/?p=22781","url":"https:\/\/www.press7.tv\/?p=22781","name":"Grupi i Krizave: Kosova po ia teston kufijt\u00eb e durimit BE-s\u00eb - press7.tv","isPartOf":{"@id":"https:\/\/www.news33.tv\/#website"},"primaryImageOfPage":{"@id":"https:\/\/www.press7.tv\/?p=22781#primaryimage"},"image":{"@id":"https:\/\/www.press7.tv\/?p=22781#primaryimage"},"thumbnailUrl":"https:\/\/www.press7.tv\/wp-content\/uploads\/2025\/10\/IMG_0092.avif","datePublished":"2025-10-16T18:46:20+00:00","breadcrumb":{"@id":"https:\/\/www.press7.tv\/?p=22781#breadcrumb"},"inLanguage":"en-US","potentialAction":[{"@type":"ReadAction","target":["https:\/\/www.press7.tv\/?p=22781"]}]},{"@type":"ImageObject","inLanguage":"en-US","@id":"https:\/\/www.press7.tv\/?p=22781#primaryimage","url":"https:\/\/www.press7.tv\/wp-content\/uploads\/2025\/10\/IMG_0092.avif","contentUrl":"https:\/\/www.press7.tv\/wp-content\/uploads\/2025\/10\/IMG_0092.avif","width":853,"height":559},{"@type":"BreadcrumbList","@id":"https:\/\/www.press7.tv\/?p=22781#breadcrumb","itemListElement":[{"@type":"ListItem","position":1,"name":"Home","item":"https:\/\/www.press7.tv\/"},{"@type":"ListItem","position":2,"name":"Grupi i Krizave: Kosova po ia teston kufijt\u00eb e durimit BE-s\u00eb"}]},{"@type":"WebSite","@id":"https:\/\/www.news33.tv\/#website","url":"https:\/\/www.news33.tv\/","name":"News33.tv Media","description":"Media","publisher":{"@id":"https:\/\/www.news33.tv\/#organization"},"potentialAction":[{"@type":"SearchAction","target":{"@type":"EntryPoint","urlTemplate":"https:\/\/www.news33.tv\/?s={search_term_string}"},"query-input":{"@type":"PropertyValueSpecification","valueRequired":true,"valueName":"search_term_string"}}],"inLanguage":"en-US"},{"@type":"Organization","@id":"https:\/\/www.news33.tv\/#organization","name":"News33.tv Media","url":"https:\/\/www.news33.tv\/","logo":{"@type":"ImageObject","inLanguage":"en-US","@id":"https:\/\/www.news33.tv\/#\/schema\/logo\/image\/","url":"https:\/\/www.press7.tv\/wp-content\/uploads\/2024\/02\/logo-news33-black.png","contentUrl":"https:\/\/www.press7.tv\/wp-content\/uploads\/2024\/02\/logo-news33-black.png","width":180,"height":37,"caption":"News33.tv Media"},"image":{"@id":"https:\/\/www.news33.tv\/#\/schema\/logo\/image\/"},"sameAs":["https:\/\/www.facebook.com\/press7.tv"]},{"@type":"Person","@id":"https:\/\/www.news33.tv\/#\/schema\/person\/5a04a38a23ccdba82f9bd665cd8f9efa","name":"gazetar2","image":{"@type":"ImageObject","inLanguage":"en-US","@id":"https:\/\/www.news33.tv\/#\/schema\/person\/image\/","url":"https:\/\/www.press7.tv\/wp-content\/litespeed\/avatar\/41975e402c3049d9ddb03adca8f7a883.jpg?ver=1777169572","contentUrl":"https:\/\/www.press7.tv\/wp-content\/litespeed\/avatar\/41975e402c3049d9ddb03adca8f7a883.jpg?ver=1777169572","caption":"gazetar2"},"url":"https:\/\/www.press7.tv\/?author=8"}]}},"amp_enabled":true,"_links":{"self":[{"href":"https:\/\/www.press7.tv\/index.php?rest_route=\/wp\/v2\/posts\/22781","targetHints":{"allow":["GET"]}}],"collection":[{"href":"https:\/\/www.press7.tv\/index.php?rest_route=\/wp\/v2\/posts"}],"about":[{"href":"https:\/\/www.press7.tv\/index.php?rest_route=\/wp\/v2\/types\/post"}],"author":[{"embeddable":true,"href":"https:\/\/www.press7.tv\/index.php?rest_route=\/wp\/v2\/users\/8"}],"replies":[{"embeddable":true,"href":"https:\/\/www.press7.tv\/index.php?rest_route=%2Fwp%2Fv2%2Fcomments&post=22781"}],"version-history":[{"count":1,"href":"https:\/\/www.press7.tv\/index.php?rest_route=\/wp\/v2\/posts\/22781\/revisions"}],"predecessor-version":[{"id":22783,"href":"https:\/\/www.press7.tv\/index.php?rest_route=\/wp\/v2\/posts\/22781\/revisions\/22783"}],"wp:featuredmedia":[{"embeddable":true,"href":"https:\/\/www.press7.tv\/index.php?rest_route=\/wp\/v2\/media\/22782"}],"wp:attachment":[{"href":"https:\/\/www.press7.tv\/index.php?rest_route=%2Fwp%2Fv2%2Fmedia&parent=22781"}],"wp:term":[{"taxonomy":"category","embeddable":true,"href":"https:\/\/www.press7.tv\/index.php?rest_route=%2Fwp%2Fv2%2Fcategories&post=22781"},{"taxonomy":"post_tag","embeddable":true,"href":"https:\/\/www.press7.tv\/index.php?rest_route=%2Fwp%2Fv2%2Ftags&post=22781"}],"curies":[{"name":"wp","href":"https:\/\/api.w.org\/{rel}","templated":true}]}}