{"id":22778,"date":"2025-10-16T12:22:16","date_gmt":"2025-10-16T12:22:16","guid":{"rendered":"https:\/\/www.press7.tv\/?p=22778"},"modified":"2025-10-16T12:22:16","modified_gmt":"2025-10-16T12:22:16","slug":"bdi-ahmeti-anulon-aktivitetet-elektorale-per-diten-e-premte-do-bashkohet-ne-protesten-gjithekombetare-ne-tirane","status":"publish","type":"post","link":"https:\/\/www.press7.tv\/?p=22778","title":{"rendered":"BDI: Ahmeti anulon aktivitetet elektorale p\u00ebr dit\u00ebn e premte ,do bashkohet n\u00eb protest\u00ebn gjith\u00ebkomb\u00ebtare n\u00eb Tiran\u00eb"},"content":{"rendered":"\n    <div class=\"xs_social_share_widget xs_share_url before_content \t\tmain_content  wslu-style-2 wslu-share-box-shaped wslu-fill-colored wslu-share-m-5 wslu-none wslu-share-vertical wslu-theme-font-no wslu-main_content\">\n\n\t\t\n        <ul>\n\t\t\t        <\/ul>\n    <\/div> \n<p>Si Shtab Qendror, kemi vendosur t\u00eb anulojm\u00eb t\u00eb gjitha aktivitetet elektorale t\u00eb z. Ali Ahmeti p\u00ebr dit\u00ebn e premte, duke konfirmuar pjes\u00ebmarrjen e tij n\u00eb protest\u00ebn gjith\u00ebkomb\u00ebtare n\u00eb Tiran\u00eb \u2013 n\u00eb mb\u00ebshtetje t\u00eb \u00e7lirimtar\u00ebve, bashk\u00ebthemeluesve t\u00eb tij t\u00eb U\u00c7K-s\u00eb s\u00eb lavdishme.<br \/>\nKy \u00ebsht\u00eb nj\u00eb akt solidariteti komb\u00ebtar, por edhe nj\u00eb kujtes\u00eb p\u00ebr ata q\u00eb harrojn\u00eb se liria dhe t\u00eb drejtat nuk dhurohen \u2013 ato fitohen me sakrific\u00eb.<br \/>\nN\u00eb k\u00ebto jav\u00eb, Aleanca Komb\u00ebtare p\u00ebr Integrim q\u00ebndroi me dinjitet, me qet\u00ebsi dhe me ofert\u00eb konkrete p\u00ebr qytetar\u00ebt.<br \/>\nNe nuk u mor\u00ebm me shpifje, me fushata t\u00eb zeza apo me manipulime.<br \/>\nFol\u00ebm me gjuh\u00ebn e fakteve, t\u00eb vizionit dhe t\u00eb p\u00ebrgjegj\u00ebsis\u00eb.<br \/>\nFushat\u00ebn ton\u00eb e nd\u00ebrtuam mbi besimin, jo mbi frik\u00ebn.<br \/>\nFatkeq\u00ebsisht, kund\u00ebrshtar\u00ebt tan\u00eb zgjodh\u00ebn rrug\u00ebn tjet\u00ebr \u2013 rrug\u00ebn e shpifjeve, t\u00eb fabrikimeve dhe t\u00eb skenar\u00ebve t\u00eb err\u00ebt.<br \/>\nN\u00eb vend t\u00eb ideve, ofruan shpifje e g\u00ebnjeshtra; n\u00eb vend t\u00eb projekteve, shpik\u00ebn skandale; n\u00eb vend t\u00eb gar\u00ebs p\u00ebr zhvillim, nxit\u00ebn p\u00ebr\u00e7arje.<br \/>\nQ\u00eb n\u00eb fillim, vet\u00eb Kryeministri deklaroi se \u201cesenca e k\u00ebtyre zgjedhjeve \u00ebsht\u00eb zhdukja e BDI-s\u00eb nga skena politike\u201d, dhe m\u00eb pas foli p\u00ebr \u201cpensionimin politik t\u00eb Ali Ahmetit\u201d.<br \/>\nKjo nuk \u00ebsht\u00eb thjesht gjuh\u00eb politike \u2013 kjo \u00ebsht\u00eb nostalgji p\u00ebr nj\u00eb koh\u00eb kur shqiptar\u00ebt duhej t\u00eb ishin n\u00ebn urdhra e jo bashk\u00ebvendimmarr\u00ebs.<br \/>\nPor ajo koh\u00eb ka mbaruar.<br \/>\nShqiptar\u00ebt nuk do t\u00eb kthehen m\u00eb kurr\u00eb n\u00eb vasal\u00eb t\u00eb vullnetit t\u00eb t\u00eb tjer\u00ebve.<br \/>\nNe k\u00ebrkuam transparenc\u00eb, p\u00ebrgjegj\u00ebsi dhe veting t\u00eb plot\u00eb \u2013 edhe p\u00ebr proceset q\u00eb disa i konsiderojn\u00eb tabu: nga privatizimi e deri te sh\u00ebrbimet sekrete q\u00eb kan\u00eb operuar kund\u00ebr shqiptar\u00ebve.<br \/>\nDhe ata q\u00eb flasin p\u00ebr korrupsion, hesht\u00ebn \u2013 sepse e din\u00eb se \u201cpallati i bardh\u00eb\u201d prej nga flasin \u00ebsht\u00eb simboli m\u00eb i madh i korrupsionit n\u00eb k\u00ebt\u00eb vend, i d\u00ebshmuar me aktgjykime gjyq\u00ebsore.<br \/>\nN\u00eb K\u00ebr\u00e7ov\u00eb e n\u00eb Butel po provojn\u00eb s\u00ebrish ta kthejn\u00eb gar\u00ebn n\u00eb p\u00ebrplasje etnike, sepse s\u2019kan\u00eb ofert\u00eb, s\u2019kan\u00eb projekte dhe s\u2019kan\u00eb vizion.<br \/>\nPor k\u00ebt\u00eb skenar e njohim mir\u00eb.<br \/>\nKur nuk munden t\u00eb fitojn\u00eb me ide, shpikin, montojn\u00eb dhe shp\u00ebrndajn\u00eb dezinformata \u2013 me shpres\u00ebn se qytetari do ta humbas\u00eb besimin.<br \/>\nPor qytetari shqiptar nuk mashtrohet m\u00eb.<br \/>\nAi e di kush ka q\u00ebndruar me t\u00eb n\u00eb dit\u00ebt e v\u00ebshtira dhe kush kujtohet vet\u00ebm n\u00eb prag t\u00eb zgjedhjeve.<br \/>\nSot, n\u00eb k\u00ebt\u00eb fushat\u00eb, po lind nj\u00eb bes\u00eblidhje e re \u2013 nj\u00eb bes\u00eblidhje e shpres\u00ebs, e dinjitetit dhe e rikthimit t\u00eb besimit te forca e popullit.<br \/>\nQytetar\u00eb nga t\u00eb gjitha shtresat, madje edhe ish-p\u00ebrkrah\u00ebs t\u00eb VLEN-it, po na bashkohen dhe thon\u00eb hapur:<br \/>\n\u201cShpresuam n\u00eb ndryshim, por p\u00ebrfunduam n\u00eb zhg\u00ebnjim e n\u00ebnshtrim.\u201d<br \/>\nT\u00eb nderuar qytetar\u00eb,<br \/>\n19 tetori nuk \u00ebsht\u00eb vet\u00ebm dat\u00eb zgjedhjesh \u2013 \u00ebsht\u00eb referendum!<br \/>\nReferendum p\u00ebr rikthimin e dinjitetit, p\u00ebr barazin\u00eb e plot\u00eb, p\u00ebr progresin dhe drejt\u00ebsin\u00eb.<br \/>\nM\u00eb 19 tetor, shqiptar\u00ebt do t\u00eb flasin qart\u00eb \u2013 do t\u00eb zgjedhin vet\u00eb p\u00ebrfaq\u00ebsuesit e tyre politik\u00eb, jo t\u00eb em\u00ebruarit nga Mickoski apo nga boshti i tij politik.<br \/>\nKy \u00ebsht\u00eb momenti yn\u00eb i bashkimit, momenti yn\u00eb p\u00ebr ta vulosur me vot\u00eb dinjitetin, barazin\u00eb dhe drejtimin evropian t\u00eb vendit.<br \/>\n19 tetori \u00ebsht\u00eb referendumi i shqiptar\u00ebve p\u00ebr t\u00eb ardhmen!<br \/>\nFushata mbyllet, por rruga jon\u00eb sapo ka filluar.<br \/>\nRruga e Aleanc\u00ebs Komb\u00ebtare p\u00ebr Integrim \u00ebsht\u00eb rruga e drejt\u00ebsis\u00eb, e dinjitetit dhe e bashkimit \u2013 rruga q\u00eb s\u2019e ndal askush, sepse \u00ebsht\u00eb rruga e popullit.<br \/>\n\u201cKa koh\u00eb kur heshtja \u00ebsht\u00eb frik\u00eb, dhe koh\u00eb kur fjala b\u00ebhet liri.<br \/>\nSot \u00ebsht\u00eb koha p\u00ebr fjal\u00ebn tuaj \u2013 vot\u00ebn tuaj.\u201d<\/p>\n","protected":false},"excerpt":{"rendered":"<p>Si Shtab Qendror, kemi vendosur t\u00eb anulojm\u00eb t\u00eb gjitha aktivitetet elektorale t\u00eb z. Ali Ahmeti p\u00ebr dit\u00ebn e premte, duke konfirmuar pjes\u00ebmarrjen e tij n\u00eb protest\u00ebn gjith\u00ebkomb\u00ebtare n\u00eb Tiran\u00eb \u2013 n\u00eb mb\u00ebshtetje t\u00eb \u00e7lirimtar\u00ebve, bashk\u00ebthemeluesve t\u00eb tij t\u00eb U\u00c7K-s\u00eb s\u00eb lavdishme. Ky \u00ebsht\u00eb nj\u00eb akt solidariteti komb\u00ebtar, por edhe nj\u00eb kujtes\u00eb p\u00ebr ata q\u00eb harrojn\u00eb [&hellip;]<\/p>\n","protected":false},"author":8,"featured_media":22779,"comment_status":"closed","ping_status":"closed","sticky":false,"template":"","format":"standard","meta":{"footnotes":""},"categories":[213,214],"tags":[],"class_list":["post-22778","post","type-post","status-publish","format-standard","has-post-thumbnail","hentry","category-lajme","category-maqedoni"],"yoast_head":"<!-- This site is optimized with the Yoast SEO plugin v25.1 - https:\/\/yoast.com\/wordpress\/plugins\/seo\/ -->\n<title>BDI: Ahmeti anulon aktivitetet elektorale p\u00ebr dit\u00ebn e premte ,do bashkohet n\u00eb protest\u00ebn gjith\u00ebkomb\u00ebtare n\u00eb Tiran\u00eb - press7.tv<\/title>\n<meta name=\"robots\" content=\"index, follow, max-snippet:-1, max-image-preview:large, max-video-preview:-1\" \/>\n<link rel=\"canonical\" href=\"https:\/\/www.press7.tv\/?p=22778\" \/>\n<meta property=\"og:locale\" content=\"en_US\" \/>\n<meta property=\"og:type\" content=\"article\" \/>\n<meta property=\"og:title\" content=\"BDI: Ahmeti anulon aktivitetet elektorale p\u00ebr dit\u00ebn e premte ,do bashkohet n\u00eb protest\u00ebn gjith\u00ebkomb\u00ebtare n\u00eb Tiran\u00eb - press7.tv\" \/>\n<meta property=\"og:description\" content=\"Si Shtab Qendror, kemi vendosur t\u00eb anulojm\u00eb t\u00eb gjitha aktivitetet elektorale t\u00eb z. Ali Ahmeti p\u00ebr dit\u00ebn e premte, duke konfirmuar pjes\u00ebmarrjen e tij n\u00eb protest\u00ebn gjith\u00ebkomb\u00ebtare n\u00eb Tiran\u00eb \u2013 n\u00eb mb\u00ebshtetje t\u00eb \u00e7lirimtar\u00ebve, bashk\u00ebthemeluesve t\u00eb tij t\u00eb U\u00c7K-s\u00eb s\u00eb lavdishme. Ky \u00ebsht\u00eb nj\u00eb akt solidariteti komb\u00ebtar, por edhe nj\u00eb kujtes\u00eb p\u00ebr ata q\u00eb harrojn\u00eb [&hellip;]\" \/>\n<meta property=\"og:url\" content=\"https:\/\/www.press7.tv\/?p=22778\" \/>\n<meta property=\"og:site_name\" content=\"press7.tv\" \/>\n<meta property=\"article:publisher\" content=\"https:\/\/www.facebook.com\/press7.tv\" \/>\n<meta property=\"article:published_time\" content=\"2025-10-16T12:22:16+00:00\" \/>\n<meta property=\"og:image\" content=\"https:\/\/www.press7.tv\/wp-content\/uploads\/2025\/10\/IMG_0086.avif\" \/>\n\t<meta property=\"og:image:width\" content=\"640\" \/>\n\t<meta property=\"og:image:height\" content=\"426\" \/>\n\t<meta property=\"og:image:type\" content=\"image\/jpeg\" \/>\n<meta name=\"author\" content=\"gazetar2\" \/>\n<meta name=\"twitter:card\" content=\"summary_large_image\" \/>\n<meta name=\"twitter:label1\" content=\"Written by\" \/>\n\t<meta name=\"twitter:data1\" content=\"gazetar2\" \/>\n\t<meta name=\"twitter:label2\" content=\"Est. reading time\" \/>\n\t<meta name=\"twitter:data2\" content=\"1 minute\" \/>\n<script type=\"application\/ld+json\" class=\"yoast-schema-graph\">{\"@context\":\"https:\/\/schema.org\",\"@graph\":[{\"@type\":\"Article\",\"@id\":\"https:\/\/www.press7.tv\/?p=22778#article\",\"isPartOf\":{\"@id\":\"https:\/\/www.press7.tv\/?p=22778\"},\"author\":{\"name\":\"gazetar2\",\"@id\":\"https:\/\/www.news33.tv\/#\/schema\/person\/5a04a38a23ccdba82f9bd665cd8f9efa\"},\"headline\":\"BDI: Ahmeti anulon aktivitetet elektorale p\u00ebr dit\u00ebn e premte ,do bashkohet n\u00eb protest\u00ebn gjith\u00ebkomb\u00ebtare n\u00eb Tiran\u00eb\",\"datePublished\":\"2025-10-16T12:22:16+00:00\",\"mainEntityOfPage\":{\"@id\":\"https:\/\/www.press7.tv\/?p=22778\"},\"wordCount\":667,\"publisher\":{\"@id\":\"https:\/\/www.news33.tv\/#organization\"},\"image\":{\"@id\":\"https:\/\/www.press7.tv\/?p=22778#primaryimage\"},\"thumbnailUrl\":\"https:\/\/www.press7.tv\/wp-content\/uploads\/2025\/10\/IMG_0086.avif\",\"articleSection\":[\"Lajme\",\"Maqedoni\"],\"inLanguage\":\"en-US\"},{\"@type\":\"WebPage\",\"@id\":\"https:\/\/www.press7.tv\/?p=22778\",\"url\":\"https:\/\/www.press7.tv\/?p=22778\",\"name\":\"BDI: Ahmeti anulon aktivitetet elektorale p\u00ebr dit\u00ebn e premte ,do bashkohet n\u00eb protest\u00ebn gjith\u00ebkomb\u00ebtare n\u00eb Tiran\u00eb - press7.tv\",\"isPartOf\":{\"@id\":\"https:\/\/www.news33.tv\/#website\"},\"primaryImageOfPage\":{\"@id\":\"https:\/\/www.press7.tv\/?p=22778#primaryimage\"},\"image\":{\"@id\":\"https:\/\/www.press7.tv\/?p=22778#primaryimage\"},\"thumbnailUrl\":\"https:\/\/www.press7.tv\/wp-content\/uploads\/2025\/10\/IMG_0086.avif\",\"datePublished\":\"2025-10-16T12:22:16+00:00\",\"breadcrumb\":{\"@id\":\"https:\/\/www.press7.tv\/?p=22778#breadcrumb\"},\"inLanguage\":\"en-US\",\"potentialAction\":[{\"@type\":\"ReadAction\",\"target\":[\"https:\/\/www.press7.tv\/?p=22778\"]}]},{\"@type\":\"ImageObject\",\"inLanguage\":\"en-US\",\"@id\":\"https:\/\/www.press7.tv\/?p=22778#primaryimage\",\"url\":\"https:\/\/www.press7.tv\/wp-content\/uploads\/2025\/10\/IMG_0086.avif\",\"contentUrl\":\"https:\/\/www.press7.tv\/wp-content\/uploads\/2025\/10\/IMG_0086.avif\",\"width\":640,\"height\":426},{\"@type\":\"BreadcrumbList\",\"@id\":\"https:\/\/www.press7.tv\/?p=22778#breadcrumb\",\"itemListElement\":[{\"@type\":\"ListItem\",\"position\":1,\"name\":\"Home\",\"item\":\"https:\/\/www.press7.tv\/\"},{\"@type\":\"ListItem\",\"position\":2,\"name\":\"BDI: Ahmeti anulon aktivitetet elektorale p\u00ebr dit\u00ebn e premte ,do bashkohet n\u00eb protest\u00ebn gjith\u00ebkomb\u00ebtare n\u00eb Tiran\u00eb\"}]},{\"@type\":\"WebSite\",\"@id\":\"https:\/\/www.news33.tv\/#website\",\"url\":\"https:\/\/www.news33.tv\/\",\"name\":\"News33.tv Media\",\"description\":\"Media\",\"publisher\":{\"@id\":\"https:\/\/www.news33.tv\/#organization\"},\"potentialAction\":[{\"@type\":\"SearchAction\",\"target\":{\"@type\":\"EntryPoint\",\"urlTemplate\":\"https:\/\/www.news33.tv\/?s={search_term_string}\"},\"query-input\":{\"@type\":\"PropertyValueSpecification\",\"valueRequired\":true,\"valueName\":\"search_term_string\"}}],\"inLanguage\":\"en-US\"},{\"@type\":\"Organization\",\"@id\":\"https:\/\/www.news33.tv\/#organization\",\"name\":\"News33.tv Media\",\"url\":\"https:\/\/www.news33.tv\/\",\"logo\":{\"@type\":\"ImageObject\",\"inLanguage\":\"en-US\",\"@id\":\"https:\/\/www.news33.tv\/#\/schema\/logo\/image\/\",\"url\":\"https:\/\/www.press7.tv\/wp-content\/uploads\/2024\/02\/logo-news33-black.png\",\"contentUrl\":\"https:\/\/www.press7.tv\/wp-content\/uploads\/2024\/02\/logo-news33-black.png\",\"width\":180,\"height\":37,\"caption\":\"News33.tv Media\"},\"image\":{\"@id\":\"https:\/\/www.news33.tv\/#\/schema\/logo\/image\/\"},\"sameAs\":[\"https:\/\/www.facebook.com\/press7.tv\"]},{\"@type\":\"Person\",\"@id\":\"https:\/\/www.news33.tv\/#\/schema\/person\/5a04a38a23ccdba82f9bd665cd8f9efa\",\"name\":\"gazetar2\",\"image\":{\"@type\":\"ImageObject\",\"inLanguage\":\"en-US\",\"@id\":\"https:\/\/www.news33.tv\/#\/schema\/person\/image\/\",\"url\":\"https:\/\/www.press7.tv\/wp-content\/litespeed\/avatar\/41975e402c3049d9ddb03adca8f7a883.jpg?ver=1777169572\",\"contentUrl\":\"https:\/\/www.press7.tv\/wp-content\/litespeed\/avatar\/41975e402c3049d9ddb03adca8f7a883.jpg?ver=1777169572\",\"caption\":\"gazetar2\"},\"url\":\"https:\/\/www.press7.tv\/?author=8\"}]}<\/script>\n<!-- \/ Yoast SEO plugin. -->","yoast_head_json":{"title":"BDI: Ahmeti anulon aktivitetet elektorale p\u00ebr dit\u00ebn e premte ,do bashkohet n\u00eb protest\u00ebn gjith\u00ebkomb\u00ebtare n\u00eb Tiran\u00eb - press7.tv","robots":{"index":"index","follow":"follow","max-snippet":"max-snippet:-1","max-image-preview":"max-image-preview:large","max-video-preview":"max-video-preview:-1"},"canonical":"https:\/\/www.press7.tv\/?p=22778","og_locale":"en_US","og_type":"article","og_title":"BDI: Ahmeti anulon aktivitetet elektorale p\u00ebr dit\u00ebn e premte ,do bashkohet n\u00eb protest\u00ebn gjith\u00ebkomb\u00ebtare n\u00eb Tiran\u00eb - press7.tv","og_description":"Si Shtab Qendror, kemi vendosur t\u00eb anulojm\u00eb t\u00eb gjitha aktivitetet elektorale t\u00eb z. Ali Ahmeti p\u00ebr dit\u00ebn e premte, duke konfirmuar pjes\u00ebmarrjen e tij n\u00eb protest\u00ebn gjith\u00ebkomb\u00ebtare n\u00eb Tiran\u00eb \u2013 n\u00eb mb\u00ebshtetje t\u00eb \u00e7lirimtar\u00ebve, bashk\u00ebthemeluesve t\u00eb tij t\u00eb U\u00c7K-s\u00eb s\u00eb lavdishme. Ky \u00ebsht\u00eb nj\u00eb akt solidariteti komb\u00ebtar, por edhe nj\u00eb kujtes\u00eb p\u00ebr ata q\u00eb harrojn\u00eb [&hellip;]","og_url":"https:\/\/www.press7.tv\/?p=22778","og_site_name":"press7.tv","article_publisher":"https:\/\/www.facebook.com\/press7.tv","article_published_time":"2025-10-16T12:22:16+00:00","og_image":[{"width":640,"height":426,"url":"https:\/\/www.press7.tv\/wp-content\/uploads\/2025\/10\/IMG_0086.avif","type":"image\/jpeg"}],"author":"gazetar2","twitter_card":"summary_large_image","twitter_misc":{"Written by":"gazetar2","Est. reading time":"1 minute"},"schema":{"@context":"https:\/\/schema.org","@graph":[{"@type":"Article","@id":"https:\/\/www.press7.tv\/?p=22778#article","isPartOf":{"@id":"https:\/\/www.press7.tv\/?p=22778"},"author":{"name":"gazetar2","@id":"https:\/\/www.news33.tv\/#\/schema\/person\/5a04a38a23ccdba82f9bd665cd8f9efa"},"headline":"BDI: Ahmeti anulon aktivitetet elektorale p\u00ebr dit\u00ebn e premte ,do bashkohet n\u00eb protest\u00ebn gjith\u00ebkomb\u00ebtare n\u00eb Tiran\u00eb","datePublished":"2025-10-16T12:22:16+00:00","mainEntityOfPage":{"@id":"https:\/\/www.press7.tv\/?p=22778"},"wordCount":667,"publisher":{"@id":"https:\/\/www.news33.tv\/#organization"},"image":{"@id":"https:\/\/www.press7.tv\/?p=22778#primaryimage"},"thumbnailUrl":"https:\/\/www.press7.tv\/wp-content\/uploads\/2025\/10\/IMG_0086.avif","articleSection":["Lajme","Maqedoni"],"inLanguage":"en-US"},{"@type":"WebPage","@id":"https:\/\/www.press7.tv\/?p=22778","url":"https:\/\/www.press7.tv\/?p=22778","name":"BDI: Ahmeti anulon aktivitetet elektorale p\u00ebr dit\u00ebn e premte ,do bashkohet n\u00eb protest\u00ebn gjith\u00ebkomb\u00ebtare n\u00eb Tiran\u00eb - press7.tv","isPartOf":{"@id":"https:\/\/www.news33.tv\/#website"},"primaryImageOfPage":{"@id":"https:\/\/www.press7.tv\/?p=22778#primaryimage"},"image":{"@id":"https:\/\/www.press7.tv\/?p=22778#primaryimage"},"thumbnailUrl":"https:\/\/www.press7.tv\/wp-content\/uploads\/2025\/10\/IMG_0086.avif","datePublished":"2025-10-16T12:22:16+00:00","breadcrumb":{"@id":"https:\/\/www.press7.tv\/?p=22778#breadcrumb"},"inLanguage":"en-US","potentialAction":[{"@type":"ReadAction","target":["https:\/\/www.press7.tv\/?p=22778"]}]},{"@type":"ImageObject","inLanguage":"en-US","@id":"https:\/\/www.press7.tv\/?p=22778#primaryimage","url":"https:\/\/www.press7.tv\/wp-content\/uploads\/2025\/10\/IMG_0086.avif","contentUrl":"https:\/\/www.press7.tv\/wp-content\/uploads\/2025\/10\/IMG_0086.avif","width":640,"height":426},{"@type":"BreadcrumbList","@id":"https:\/\/www.press7.tv\/?p=22778#breadcrumb","itemListElement":[{"@type":"ListItem","position":1,"name":"Home","item":"https:\/\/www.press7.tv\/"},{"@type":"ListItem","position":2,"name":"BDI: Ahmeti anulon aktivitetet elektorale p\u00ebr dit\u00ebn e premte ,do bashkohet n\u00eb protest\u00ebn gjith\u00ebkomb\u00ebtare n\u00eb Tiran\u00eb"}]},{"@type":"WebSite","@id":"https:\/\/www.news33.tv\/#website","url":"https:\/\/www.news33.tv\/","name":"News33.tv Media","description":"Media","publisher":{"@id":"https:\/\/www.news33.tv\/#organization"},"potentialAction":[{"@type":"SearchAction","target":{"@type":"EntryPoint","urlTemplate":"https:\/\/www.news33.tv\/?s={search_term_string}"},"query-input":{"@type":"PropertyValueSpecification","valueRequired":true,"valueName":"search_term_string"}}],"inLanguage":"en-US"},{"@type":"Organization","@id":"https:\/\/www.news33.tv\/#organization","name":"News33.tv Media","url":"https:\/\/www.news33.tv\/","logo":{"@type":"ImageObject","inLanguage":"en-US","@id":"https:\/\/www.news33.tv\/#\/schema\/logo\/image\/","url":"https:\/\/www.press7.tv\/wp-content\/uploads\/2024\/02\/logo-news33-black.png","contentUrl":"https:\/\/www.press7.tv\/wp-content\/uploads\/2024\/02\/logo-news33-black.png","width":180,"height":37,"caption":"News33.tv Media"},"image":{"@id":"https:\/\/www.news33.tv\/#\/schema\/logo\/image\/"},"sameAs":["https:\/\/www.facebook.com\/press7.tv"]},{"@type":"Person","@id":"https:\/\/www.news33.tv\/#\/schema\/person\/5a04a38a23ccdba82f9bd665cd8f9efa","name":"gazetar2","image":{"@type":"ImageObject","inLanguage":"en-US","@id":"https:\/\/www.news33.tv\/#\/schema\/person\/image\/","url":"https:\/\/www.press7.tv\/wp-content\/litespeed\/avatar\/41975e402c3049d9ddb03adca8f7a883.jpg?ver=1777169572","contentUrl":"https:\/\/www.press7.tv\/wp-content\/litespeed\/avatar\/41975e402c3049d9ddb03adca8f7a883.jpg?ver=1777169572","caption":"gazetar2"},"url":"https:\/\/www.press7.tv\/?author=8"}]}},"amp_enabled":true,"_links":{"self":[{"href":"https:\/\/www.press7.tv\/index.php?rest_route=\/wp\/v2\/posts\/22778","targetHints":{"allow":["GET"]}}],"collection":[{"href":"https:\/\/www.press7.tv\/index.php?rest_route=\/wp\/v2\/posts"}],"about":[{"href":"https:\/\/www.press7.tv\/index.php?rest_route=\/wp\/v2\/types\/post"}],"author":[{"embeddable":true,"href":"https:\/\/www.press7.tv\/index.php?rest_route=\/wp\/v2\/users\/8"}],"replies":[{"embeddable":true,"href":"https:\/\/www.press7.tv\/index.php?rest_route=%2Fwp%2Fv2%2Fcomments&post=22778"}],"version-history":[{"count":1,"href":"https:\/\/www.press7.tv\/index.php?rest_route=\/wp\/v2\/posts\/22778\/revisions"}],"predecessor-version":[{"id":22780,"href":"https:\/\/www.press7.tv\/index.php?rest_route=\/wp\/v2\/posts\/22778\/revisions\/22780"}],"wp:featuredmedia":[{"embeddable":true,"href":"https:\/\/www.press7.tv\/index.php?rest_route=\/wp\/v2\/media\/22779"}],"wp:attachment":[{"href":"https:\/\/www.press7.tv\/index.php?rest_route=%2Fwp%2Fv2%2Fmedia&parent=22778"}],"wp:term":[{"taxonomy":"category","embeddable":true,"href":"https:\/\/www.press7.tv\/index.php?rest_route=%2Fwp%2Fv2%2Fcategories&post=22778"},{"taxonomy":"post_tag","embeddable":true,"href":"https:\/\/www.press7.tv\/index.php?rest_route=%2Fwp%2Fv2%2Ftags&post=22778"}],"curies":[{"name":"wp","href":"https:\/\/api.w.org\/{rel}","templated":true}]}}