{"id":22770,"date":"2025-10-16T12:06:49","date_gmt":"2025-10-16T12:06:49","guid":{"rendered":"https:\/\/www.press7.tv\/?p=22770"},"modified":"2025-10-16T12:06:49","modified_gmt":"2025-10-16T12:06:49","slug":"rama-i-pergjigjet-vv-se-para-10-vjetesh-se-njihte-as-himnin-e-kosoves-jo-me-pafajesine-e-thacit","status":"publish","type":"post","link":"https:\/\/www.press7.tv\/?p=22770","title":{"rendered":"Rama i p\u00ebrgjigjet VV-s\u00eb: Para 10 vjet\u00ebsh s\u2019e njihte as himnin e Kosov\u00ebs, jo m\u00eb pafaj\u00ebsin\u00eb e Tha\u00e7it"},"content":{"rendered":"\n    <div class=\"xs_social_share_widget xs_share_url before_content \t\tmain_content  wslu-style-2 wslu-share-box-shaped wslu-fill-colored wslu-share-m-5 wslu-none wslu-share-vertical wslu-theme-font-no wslu-main_content\">\n\n\t\t\n        <ul>\n\t\t\t        <\/ul>\n    <\/div> \n<p>Kryeministri i Shqip\u00ebris\u00eb, Edi Rama, i ka reaguar L\u00ebvizjes Vet\u00ebvendosje pasi kjo e fundit nj\u00eb dit\u00eb m\u00eb par\u00eb tha se Rama duhet t\u00eb tregoj\u00eb pendes\u00eb sepse kishte ndikuar n\u00eb bindjen e pal\u00ebve p\u00ebr votimin e themelimit t\u00eb Gjykat\u00ebs Speciale.<\/p>\n<p>Rama ka th\u00ebn\u00eb se LVV-ja po i ngat\u00ebrron marr\u00ebdh\u00ebniet institucionale t\u00eb Kosov\u00ebs me Shqip\u00ebrin\u00eb \u201cn\u00eb \u00e7orb\u00ebn e balotazheve komunale\u201d. Ai i ka kujtuar se Specialja qe ngritur p\u00ebr trafikimin me organe, dhe jo \u201cp\u00ebr t\u00eb marr\u00eb peng presidentin\u201d e Kosov\u00ebs. <\/p>\n<p>Ai ka shtuar tutje se i ka denoncuar akuzat ndaj Hashim Tha\u00e7it dhe t\u00eb tjer\u00ebve sa her\u00eb ka qen\u00eb rasti a nevoja. <\/p>\n<p>\u201cPor un\u00eb s\u2019jam n\u00eb asnj\u00eb lloj gare me L\u00ebvizjen dhe m\u00eb vjen keq q\u00eb L\u00ebvizja i ngat\u00ebrron marr\u00ebdh\u00ebniet institucionale t\u00eb Kosov\u00ebs me Shqip\u00ebrin\u00eb n\u00eb \u00e7orb\u00ebn e balotazheve komunale, nd\u00ebrsa p\u00ebr q\u00ebndrimet e para 10 vjet\u00ebve &#8211; kur ajo nuk njihte as himnin e Kosov\u00ebs e jo m\u00eb pafaj\u00ebsin\u00eb e Hashim Tha\u00e7it, t\u00eb cilin do ta donte p\u00ebrjet\u00ebsisht n\u00eb Hag\u00eb &#8211; i kujtoj L\u00ebvizjes se Gjykata Speciale u ngrit p\u00ebr trafikun e organeve, jo p\u00ebr t\u00eb marr\u00eb peng Presidentin e Republik\u00ebs s\u00eb Kosov\u00ebs\u201d, ka shkruar kryeministri n\u00eb X.<\/p>\n<p>Rama ka l\u00ebn\u00eb t\u00eb n\u00ebnkuptohet se nuk do t\u2019i bashkohet protest\u00ebs p\u00ebr shkak se sipas tij mund t\u00eb politizohet. <\/p>\n<p>\u201cDhe e fundit, un\u00eb as nuk jam organizator e as nuk jam fol\u00ebs i protest\u00ebs gjith\u00ebkomb\u00ebtare \u201cDrejt\u00ebsi p\u00ebr \u00c7lirimtar\u00ebt\u201d, t\u00eb cil\u00ebn e mb\u00ebshtes megjith\u00eb zem\u00ebr e do t\u2019i bashkohesha si pjes\u00ebmarr\u00ebs i thjesht\u00eb, n\u00ebse nuk do t\u00eb isha i vet\u00ebdijsh\u00ebm se \u00e7do politizim me dashje ose jo i asaj nisme, do t\u00eb d\u00ebmtonte q\u00ebllimin dhe popullaritetin e saj\u201d, ka th\u00ebn\u00eb ai. <\/p>\n<p><img data-dominant-color=\"d89e88\" data-has-transparency=\"false\" style=\"--dominant-color: #d89e88;\" decoding=\"async\" src=\"https:\/\/www.press7.tv\/wp-content\/uploads\/2025\/10\/IMG_0082-166x300.avif\" alt=\"\" width=\"166\" height=\"300\" class=\"alignnone size-medium wp-image-22773 not-transparent\" srcset=\"https:\/\/www.press7.tv\/wp-content\/uploads\/2025\/10\/IMG_0082-166x300.avif 166w, https:\/\/www.press7.tv\/wp-content\/uploads\/2025\/10\/IMG_0082.avif 469w\" sizes=\"(max-width: 166px) 100vw, 166px\" \/><\/p>\n","protected":false},"excerpt":{"rendered":"<p>Kryeministri i Shqip\u00ebris\u00eb, Edi Rama, i ka reaguar L\u00ebvizjes Vet\u00ebvendosje pasi kjo e fundit nj\u00eb dit\u00eb m\u00eb par\u00eb tha se Rama duhet t\u00eb tregoj\u00eb pendes\u00eb sepse kishte ndikuar n\u00eb bindjen e pal\u00ebve p\u00ebr votimin e themelimit t\u00eb Gjykat\u00ebs Speciale. Rama ka th\u00ebn\u00eb se LVV-ja po i ngat\u00ebrron marr\u00ebdh\u00ebniet institucionale t\u00eb Kosov\u00ebs me Shqip\u00ebrin\u00eb \u201cn\u00eb \u00e7orb\u00ebn [&hellip;]<\/p>\n","protected":false},"author":8,"featured_media":22772,"comment_status":"closed","ping_status":"closed","sticky":false,"template":"","format":"standard","meta":{"footnotes":""},"categories":[215,213,216],"tags":[],"class_list":["post-22770","post","type-post","status-publish","format-standard","has-post-thumbnail","hentry","category-kosove","category-lajme","category-shqiperi"],"yoast_head":"<!-- This site is optimized with the Yoast SEO plugin v25.1 - https:\/\/yoast.com\/wordpress\/plugins\/seo\/ -->\n<title>Rama i p\u00ebrgjigjet VV-s\u00eb: Para 10 vjet\u00ebsh s\u2019e njihte as himnin e Kosov\u00ebs, jo m\u00eb pafaj\u00ebsin\u00eb e Tha\u00e7it - press7.tv<\/title>\n<meta name=\"robots\" content=\"index, follow, max-snippet:-1, max-image-preview:large, max-video-preview:-1\" \/>\n<link rel=\"canonical\" href=\"https:\/\/www.press7.tv\/?p=22770\" \/>\n<meta property=\"og:locale\" content=\"en_US\" \/>\n<meta property=\"og:type\" content=\"article\" \/>\n<meta property=\"og:title\" content=\"Rama i p\u00ebrgjigjet VV-s\u00eb: Para 10 vjet\u00ebsh s\u2019e njihte as himnin e Kosov\u00ebs, jo m\u00eb pafaj\u00ebsin\u00eb e Tha\u00e7it - press7.tv\" \/>\n<meta property=\"og:description\" content=\"Kryeministri i Shqip\u00ebris\u00eb, Edi Rama, i ka reaguar L\u00ebvizjes Vet\u00ebvendosje pasi kjo e fundit nj\u00eb dit\u00eb m\u00eb par\u00eb tha se Rama duhet t\u00eb tregoj\u00eb pendes\u00eb sepse kishte ndikuar n\u00eb bindjen e pal\u00ebve p\u00ebr votimin e themelimit t\u00eb Gjykat\u00ebs Speciale. Rama ka th\u00ebn\u00eb se LVV-ja po i ngat\u00ebrron marr\u00ebdh\u00ebniet institucionale t\u00eb Kosov\u00ebs me Shqip\u00ebrin\u00eb \u201cn\u00eb \u00e7orb\u00ebn [&hellip;]\" \/>\n<meta property=\"og:url\" content=\"https:\/\/www.press7.tv\/?p=22770\" \/>\n<meta property=\"og:site_name\" content=\"press7.tv\" \/>\n<meta property=\"article:publisher\" content=\"https:\/\/www.facebook.com\/press7.tv\" \/>\n<meta property=\"article:published_time\" content=\"2025-10-16T12:06:49+00:00\" \/>\n<meta property=\"og:image\" content=\"https:\/\/www.press7.tv\/wp-content\/uploads\/2025\/10\/IMG_0081-1.avif\" \/>\n\t<meta property=\"og:image:width\" content=\"860\" \/>\n\t<meta property=\"og:image:height\" content=\"550\" \/>\n\t<meta property=\"og:image:type\" content=\"image\/webp\" \/>\n<meta name=\"author\" content=\"gazetar2\" \/>\n<meta name=\"twitter:card\" content=\"summary_large_image\" \/>\n<meta name=\"twitter:label1\" content=\"Written by\" \/>\n\t<meta name=\"twitter:data1\" content=\"gazetar2\" \/>\n\t<meta name=\"twitter:label2\" content=\"Est. reading time\" \/>\n\t<meta name=\"twitter:data2\" content=\"1 minute\" \/>\n<script type=\"application\/ld+json\" class=\"yoast-schema-graph\">{\"@context\":\"https:\/\/schema.org\",\"@graph\":[{\"@type\":\"Article\",\"@id\":\"https:\/\/www.press7.tv\/?p=22770#article\",\"isPartOf\":{\"@id\":\"https:\/\/www.press7.tv\/?p=22770\"},\"author\":{\"name\":\"gazetar2\",\"@id\":\"https:\/\/www.news33.tv\/#\/schema\/person\/5a04a38a23ccdba82f9bd665cd8f9efa\"},\"headline\":\"Rama i p\u00ebrgjigjet VV-s\u00eb: Para 10 vjet\u00ebsh s\u2019e njihte as himnin e Kosov\u00ebs, jo m\u00eb pafaj\u00ebsin\u00eb e Tha\u00e7it\",\"datePublished\":\"2025-10-16T12:06:49+00:00\",\"mainEntityOfPage\":{\"@id\":\"https:\/\/www.press7.tv\/?p=22770\"},\"wordCount\":355,\"publisher\":{\"@id\":\"https:\/\/www.news33.tv\/#organization\"},\"image\":{\"@id\":\"https:\/\/www.press7.tv\/?p=22770#primaryimage\"},\"thumbnailUrl\":\"https:\/\/www.press7.tv\/wp-content\/uploads\/2025\/10\/IMG_0081-1.avif\",\"articleSection\":[\"Kosov\u00eb\",\"Lajme\",\"Shqip\u00ebri\"],\"inLanguage\":\"en-US\"},{\"@type\":\"WebPage\",\"@id\":\"https:\/\/www.press7.tv\/?p=22770\",\"url\":\"https:\/\/www.press7.tv\/?p=22770\",\"name\":\"Rama i p\u00ebrgjigjet VV-s\u00eb: Para 10 vjet\u00ebsh s\u2019e njihte as himnin e Kosov\u00ebs, jo m\u00eb pafaj\u00ebsin\u00eb e Tha\u00e7it - press7.tv\",\"isPartOf\":{\"@id\":\"https:\/\/www.news33.tv\/#website\"},\"primaryImageOfPage\":{\"@id\":\"https:\/\/www.press7.tv\/?p=22770#primaryimage\"},\"image\":{\"@id\":\"https:\/\/www.press7.tv\/?p=22770#primaryimage\"},\"thumbnailUrl\":\"https:\/\/www.press7.tv\/wp-content\/uploads\/2025\/10\/IMG_0081-1.avif\",\"datePublished\":\"2025-10-16T12:06:49+00:00\",\"breadcrumb\":{\"@id\":\"https:\/\/www.press7.tv\/?p=22770#breadcrumb\"},\"inLanguage\":\"en-US\",\"potentialAction\":[{\"@type\":\"ReadAction\",\"target\":[\"https:\/\/www.press7.tv\/?p=22770\"]}]},{\"@type\":\"ImageObject\",\"inLanguage\":\"en-US\",\"@id\":\"https:\/\/www.press7.tv\/?p=22770#primaryimage\",\"url\":\"https:\/\/www.press7.tv\/wp-content\/uploads\/2025\/10\/IMG_0081-1.avif\",\"contentUrl\":\"https:\/\/www.press7.tv\/wp-content\/uploads\/2025\/10\/IMG_0081-1.avif\",\"width\":860,\"height\":550},{\"@type\":\"BreadcrumbList\",\"@id\":\"https:\/\/www.press7.tv\/?p=22770#breadcrumb\",\"itemListElement\":[{\"@type\":\"ListItem\",\"position\":1,\"name\":\"Home\",\"item\":\"https:\/\/www.press7.tv\/\"},{\"@type\":\"ListItem\",\"position\":2,\"name\":\"Rama i p\u00ebrgjigjet VV-s\u00eb: Para 10 vjet\u00ebsh s\u2019e njihte as himnin e Kosov\u00ebs, jo m\u00eb pafaj\u00ebsin\u00eb e Tha\u00e7it\"}]},{\"@type\":\"WebSite\",\"@id\":\"https:\/\/www.news33.tv\/#website\",\"url\":\"https:\/\/www.news33.tv\/\",\"name\":\"News33.tv Media\",\"description\":\"Media\",\"publisher\":{\"@id\":\"https:\/\/www.news33.tv\/#organization\"},\"potentialAction\":[{\"@type\":\"SearchAction\",\"target\":{\"@type\":\"EntryPoint\",\"urlTemplate\":\"https:\/\/www.news33.tv\/?s={search_term_string}\"},\"query-input\":{\"@type\":\"PropertyValueSpecification\",\"valueRequired\":true,\"valueName\":\"search_term_string\"}}],\"inLanguage\":\"en-US\"},{\"@type\":\"Organization\",\"@id\":\"https:\/\/www.news33.tv\/#organization\",\"name\":\"News33.tv Media\",\"url\":\"https:\/\/www.news33.tv\/\",\"logo\":{\"@type\":\"ImageObject\",\"inLanguage\":\"en-US\",\"@id\":\"https:\/\/www.news33.tv\/#\/schema\/logo\/image\/\",\"url\":\"https:\/\/www.press7.tv\/wp-content\/uploads\/2024\/02\/logo-news33-black.png\",\"contentUrl\":\"https:\/\/www.press7.tv\/wp-content\/uploads\/2024\/02\/logo-news33-black.png\",\"width\":180,\"height\":37,\"caption\":\"News33.tv Media\"},\"image\":{\"@id\":\"https:\/\/www.news33.tv\/#\/schema\/logo\/image\/\"},\"sameAs\":[\"https:\/\/www.facebook.com\/press7.tv\"]},{\"@type\":\"Person\",\"@id\":\"https:\/\/www.news33.tv\/#\/schema\/person\/5a04a38a23ccdba82f9bd665cd8f9efa\",\"name\":\"gazetar2\",\"image\":{\"@type\":\"ImageObject\",\"inLanguage\":\"en-US\",\"@id\":\"https:\/\/www.news33.tv\/#\/schema\/person\/image\/\",\"url\":\"https:\/\/www.press7.tv\/wp-content\/litespeed\/avatar\/41975e402c3049d9ddb03adca8f7a883.jpg?ver=1777169572\",\"contentUrl\":\"https:\/\/www.press7.tv\/wp-content\/litespeed\/avatar\/41975e402c3049d9ddb03adca8f7a883.jpg?ver=1777169572\",\"caption\":\"gazetar2\"},\"url\":\"https:\/\/www.press7.tv\/?author=8\"}]}<\/script>\n<!-- \/ Yoast SEO plugin. -->","yoast_head_json":{"title":"Rama i p\u00ebrgjigjet VV-s\u00eb: Para 10 vjet\u00ebsh s\u2019e njihte as himnin e Kosov\u00ebs, jo m\u00eb pafaj\u00ebsin\u00eb e Tha\u00e7it - press7.tv","robots":{"index":"index","follow":"follow","max-snippet":"max-snippet:-1","max-image-preview":"max-image-preview:large","max-video-preview":"max-video-preview:-1"},"canonical":"https:\/\/www.press7.tv\/?p=22770","og_locale":"en_US","og_type":"article","og_title":"Rama i p\u00ebrgjigjet VV-s\u00eb: Para 10 vjet\u00ebsh s\u2019e njihte as himnin e Kosov\u00ebs, jo m\u00eb pafaj\u00ebsin\u00eb e Tha\u00e7it - press7.tv","og_description":"Kryeministri i Shqip\u00ebris\u00eb, Edi Rama, i ka reaguar L\u00ebvizjes Vet\u00ebvendosje pasi kjo e fundit nj\u00eb dit\u00eb m\u00eb par\u00eb tha se Rama duhet t\u00eb tregoj\u00eb pendes\u00eb sepse kishte ndikuar n\u00eb bindjen e pal\u00ebve p\u00ebr votimin e themelimit t\u00eb Gjykat\u00ebs Speciale. Rama ka th\u00ebn\u00eb se LVV-ja po i ngat\u00ebrron marr\u00ebdh\u00ebniet institucionale t\u00eb Kosov\u00ebs me Shqip\u00ebrin\u00eb \u201cn\u00eb \u00e7orb\u00ebn [&hellip;]","og_url":"https:\/\/www.press7.tv\/?p=22770","og_site_name":"press7.tv","article_publisher":"https:\/\/www.facebook.com\/press7.tv","article_published_time":"2025-10-16T12:06:49+00:00","og_image":[{"width":860,"height":550,"url":"https:\/\/www.press7.tv\/wp-content\/uploads\/2025\/10\/IMG_0081-1.avif","type":"image\/webp"}],"author":"gazetar2","twitter_card":"summary_large_image","twitter_misc":{"Written by":"gazetar2","Est. reading time":"1 minute"},"schema":{"@context":"https:\/\/schema.org","@graph":[{"@type":"Article","@id":"https:\/\/www.press7.tv\/?p=22770#article","isPartOf":{"@id":"https:\/\/www.press7.tv\/?p=22770"},"author":{"name":"gazetar2","@id":"https:\/\/www.news33.tv\/#\/schema\/person\/5a04a38a23ccdba82f9bd665cd8f9efa"},"headline":"Rama i p\u00ebrgjigjet VV-s\u00eb: Para 10 vjet\u00ebsh s\u2019e njihte as himnin e Kosov\u00ebs, jo m\u00eb pafaj\u00ebsin\u00eb e Tha\u00e7it","datePublished":"2025-10-16T12:06:49+00:00","mainEntityOfPage":{"@id":"https:\/\/www.press7.tv\/?p=22770"},"wordCount":355,"publisher":{"@id":"https:\/\/www.news33.tv\/#organization"},"image":{"@id":"https:\/\/www.press7.tv\/?p=22770#primaryimage"},"thumbnailUrl":"https:\/\/www.press7.tv\/wp-content\/uploads\/2025\/10\/IMG_0081-1.avif","articleSection":["Kosov\u00eb","Lajme","Shqip\u00ebri"],"inLanguage":"en-US"},{"@type":"WebPage","@id":"https:\/\/www.press7.tv\/?p=22770","url":"https:\/\/www.press7.tv\/?p=22770","name":"Rama i p\u00ebrgjigjet VV-s\u00eb: Para 10 vjet\u00ebsh s\u2019e njihte as himnin e Kosov\u00ebs, jo m\u00eb pafaj\u00ebsin\u00eb e Tha\u00e7it - press7.tv","isPartOf":{"@id":"https:\/\/www.news33.tv\/#website"},"primaryImageOfPage":{"@id":"https:\/\/www.press7.tv\/?p=22770#primaryimage"},"image":{"@id":"https:\/\/www.press7.tv\/?p=22770#primaryimage"},"thumbnailUrl":"https:\/\/www.press7.tv\/wp-content\/uploads\/2025\/10\/IMG_0081-1.avif","datePublished":"2025-10-16T12:06:49+00:00","breadcrumb":{"@id":"https:\/\/www.press7.tv\/?p=22770#breadcrumb"},"inLanguage":"en-US","potentialAction":[{"@type":"ReadAction","target":["https:\/\/www.press7.tv\/?p=22770"]}]},{"@type":"ImageObject","inLanguage":"en-US","@id":"https:\/\/www.press7.tv\/?p=22770#primaryimage","url":"https:\/\/www.press7.tv\/wp-content\/uploads\/2025\/10\/IMG_0081-1.avif","contentUrl":"https:\/\/www.press7.tv\/wp-content\/uploads\/2025\/10\/IMG_0081-1.avif","width":860,"height":550},{"@type":"BreadcrumbList","@id":"https:\/\/www.press7.tv\/?p=22770#breadcrumb","itemListElement":[{"@type":"ListItem","position":1,"name":"Home","item":"https:\/\/www.press7.tv\/"},{"@type":"ListItem","position":2,"name":"Rama i p\u00ebrgjigjet VV-s\u00eb: Para 10 vjet\u00ebsh s\u2019e njihte as himnin e Kosov\u00ebs, jo m\u00eb pafaj\u00ebsin\u00eb e Tha\u00e7it"}]},{"@type":"WebSite","@id":"https:\/\/www.news33.tv\/#website","url":"https:\/\/www.news33.tv\/","name":"News33.tv Media","description":"Media","publisher":{"@id":"https:\/\/www.news33.tv\/#organization"},"potentialAction":[{"@type":"SearchAction","target":{"@type":"EntryPoint","urlTemplate":"https:\/\/www.news33.tv\/?s={search_term_string}"},"query-input":{"@type":"PropertyValueSpecification","valueRequired":true,"valueName":"search_term_string"}}],"inLanguage":"en-US"},{"@type":"Organization","@id":"https:\/\/www.news33.tv\/#organization","name":"News33.tv Media","url":"https:\/\/www.news33.tv\/","logo":{"@type":"ImageObject","inLanguage":"en-US","@id":"https:\/\/www.news33.tv\/#\/schema\/logo\/image\/","url":"https:\/\/www.press7.tv\/wp-content\/uploads\/2024\/02\/logo-news33-black.png","contentUrl":"https:\/\/www.press7.tv\/wp-content\/uploads\/2024\/02\/logo-news33-black.png","width":180,"height":37,"caption":"News33.tv Media"},"image":{"@id":"https:\/\/www.news33.tv\/#\/schema\/logo\/image\/"},"sameAs":["https:\/\/www.facebook.com\/press7.tv"]},{"@type":"Person","@id":"https:\/\/www.news33.tv\/#\/schema\/person\/5a04a38a23ccdba82f9bd665cd8f9efa","name":"gazetar2","image":{"@type":"ImageObject","inLanguage":"en-US","@id":"https:\/\/www.news33.tv\/#\/schema\/person\/image\/","url":"https:\/\/www.press7.tv\/wp-content\/litespeed\/avatar\/41975e402c3049d9ddb03adca8f7a883.jpg?ver=1777169572","contentUrl":"https:\/\/www.press7.tv\/wp-content\/litespeed\/avatar\/41975e402c3049d9ddb03adca8f7a883.jpg?ver=1777169572","caption":"gazetar2"},"url":"https:\/\/www.press7.tv\/?author=8"}]}},"amp_enabled":true,"_links":{"self":[{"href":"https:\/\/www.press7.tv\/index.php?rest_route=\/wp\/v2\/posts\/22770","targetHints":{"allow":["GET"]}}],"collection":[{"href":"https:\/\/www.press7.tv\/index.php?rest_route=\/wp\/v2\/posts"}],"about":[{"href":"https:\/\/www.press7.tv\/index.php?rest_route=\/wp\/v2\/types\/post"}],"author":[{"embeddable":true,"href":"https:\/\/www.press7.tv\/index.php?rest_route=\/wp\/v2\/users\/8"}],"replies":[{"embeddable":true,"href":"https:\/\/www.press7.tv\/index.php?rest_route=%2Fwp%2Fv2%2Fcomments&post=22770"}],"version-history":[{"count":1,"href":"https:\/\/www.press7.tv\/index.php?rest_route=\/wp\/v2\/posts\/22770\/revisions"}],"predecessor-version":[{"id":22774,"href":"https:\/\/www.press7.tv\/index.php?rest_route=\/wp\/v2\/posts\/22770\/revisions\/22774"}],"wp:featuredmedia":[{"embeddable":true,"href":"https:\/\/www.press7.tv\/index.php?rest_route=\/wp\/v2\/media\/22772"}],"wp:attachment":[{"href":"https:\/\/www.press7.tv\/index.php?rest_route=%2Fwp%2Fv2%2Fmedia&parent=22770"}],"wp:term":[{"taxonomy":"category","embeddable":true,"href":"https:\/\/www.press7.tv\/index.php?rest_route=%2Fwp%2Fv2%2Fcategories&post=22770"},{"taxonomy":"post_tag","embeddable":true,"href":"https:\/\/www.press7.tv\/index.php?rest_route=%2Fwp%2Fv2%2Ftags&post=22770"}],"curies":[{"name":"wp","href":"https:\/\/api.w.org\/{rel}","templated":true}]}}