{"id":22767,"date":"2025-10-16T11:38:40","date_gmt":"2025-10-16T11:38:40","guid":{"rendered":"https:\/\/www.press7.tv\/?p=22767"},"modified":"2025-10-16T11:38:40","modified_gmt":"2025-10-16T11:38:40","slug":"kryetari-i-pdk-se-memli-krasniqi-fton-per-pjesemarrje-masive-ne-protesten-e-neserme-ne-tirane","status":"publish","type":"post","link":"https:\/\/www.press7.tv\/?p=22767","title":{"rendered":"Kryetari i PDK-s\u00eb, Memli Krasniqi fton p\u00ebr pjes\u00ebmarrje masive n\u00eb protest\u00ebn e nes\u00ebrme n\u00eb Tiran\u00eb"},"content":{"rendered":"\n    <div class=\"xs_social_share_widget xs_share_url before_content \t\tmain_content  wslu-style-2 wslu-share-box-shaped wslu-fill-colored wslu-share-m-5 wslu-none wslu-share-vertical wslu-theme-font-no wslu-main_content\">\n\n\t\t\n        <ul>\n\t\t\t        <\/ul>\n    <\/div> \n<p>Kryetari i Partis\u00eb Demokratike t\u00eb Kosov\u00ebs, Memli Krasniqi ka ftuar t\u00eb gjith\u00eb popullin shqiptar q\u00eb t\u00eb marr\u00eb pjes\u00eb n\u00eb protest\u00ebn e organizuar nga OVL e U\u00c7K-s\u00eb p\u00ebr \u00e7lirimtar\u00ebt n\u00eb Hag\u00eb, e cila do t\u00eb mbahet nes\u00ebr n\u00eb Tiran\u00eb, me fillim nga ora 17:00.<\/p>\n<p>Krasniqi ka th\u00ebn\u00eb se kjo protest\u00eb \u00ebsht\u00eb thirrja e t\u00eb gjith\u00eb shqiptar\u00ebve, kudo q\u00eb jetojn\u00eb, p\u00ebr t\u00eb mbrojtur historin\u00eb, dinjitetin dhe luft\u00ebn ton\u00eb p\u00ebr liri. \u201cFtoj bashk\u00ebqytetar\u00ebt dhe shqiptar\u00ebt kudo q\u00eb jan\u00eb, q\u00eb t\u00eb marrin pjes\u00eb n\u00eb protest\u00ebn n\u00eb mb\u00ebshtetje t\u00eb \u00e7lirimtar\u00ebve q\u00eb mbahet nes\u00ebr ne Tiran\u00eb. Faleminderit t\u00eb gjith\u00ebve\u201d, \u00ebsht\u00eb shprehur Krasniqi.<\/p>\n<p>Kryetari i PDK-s\u00eb, Memli Krasniqi fton p\u00ebr pjes\u00ebmarrje masive n\u00eb protest\u00ebn e nes\u00ebrme n\u00eb Tiran\u00eb Kryetari i Partis\u00eb Demokratike t\u00eb Kosov\u00ebs, Memli Krasniqi ka ftuar t\u00eb gjith\u00eb popullin shqiptar q\u00eb t\u00eb marr\u00eb pjes\u00eb n\u00eb protest\u00ebn e organizuar nga OVL e U\u00c7K-s\u00eb p\u00ebr \u00e7lirimtar\u00ebt n\u00eb Hag\u00eb, e cila do t\u00eb mbahet nes\u00ebr n\u00eb Tiran\u00eb, me fillim nga ora 17:00.<\/p>\n<p>Krasniqi ka th\u00ebn\u00eb se kjo protest\u00eb \u00ebsht\u00eb thirrja e t\u00eb gjith\u00eb shqiptar\u00ebve, kudo q\u00eb jetojn\u00eb, p\u00ebr t\u00eb mbrojtur historin\u00eb, dinjitetin dhe luft\u00ebn ton\u00eb p\u00ebr liri. \u201cFtoj bashk\u00ebqytetar\u00ebt dhe shqiptar\u00ebt kudo q\u00eb jan\u00eb, q\u00eb t\u00eb marrin pjes\u00eb n\u00eb protest\u00ebn n\u00eb mb\u00ebshtetje t\u00eb \u00e7lirimtar\u00ebve q\u00eb mbahet nes\u00ebr ne Tiran\u00eb. Faleminderit t\u00eb gjith\u00ebve\u201d, \u00ebsht\u00eb shprehur Krasniqi.<\/p>\n","protected":false},"excerpt":{"rendered":"<p>Kryetari i Partis\u00eb Demokratike t\u00eb Kosov\u00ebs, Memli Krasniqi ka ftuar t\u00eb gjith\u00eb popullin shqiptar q\u00eb t\u00eb marr\u00eb pjes\u00eb n\u00eb protest\u00ebn e organizuar nga OVL e U\u00c7K-s\u00eb p\u00ebr \u00e7lirimtar\u00ebt n\u00eb Hag\u00eb, e cila do t\u00eb mbahet nes\u00ebr n\u00eb Tiran\u00eb, me fillim nga ora 17:00. Krasniqi ka th\u00ebn\u00eb se kjo protest\u00eb \u00ebsht\u00eb thirrja e t\u00eb gjith\u00eb shqiptar\u00ebve, [&hellip;]<\/p>\n","protected":false},"author":8,"featured_media":22768,"comment_status":"closed","ping_status":"closed","sticky":false,"template":"","format":"standard","meta":{"footnotes":""},"categories":[215,213],"tags":[],"class_list":["post-22767","post","type-post","status-publish","format-standard","has-post-thumbnail","hentry","category-kosove","category-lajme"],"yoast_head":"<!-- This site is optimized with the Yoast SEO plugin v25.1 - https:\/\/yoast.com\/wordpress\/plugins\/seo\/ -->\n<title>Kryetari i PDK-s\u00eb, Memli Krasniqi fton p\u00ebr pjes\u00ebmarrje masive n\u00eb protest\u00ebn e nes\u00ebrme n\u00eb Tiran\u00eb - press7.tv<\/title>\n<meta name=\"robots\" content=\"index, follow, max-snippet:-1, max-image-preview:large, max-video-preview:-1\" \/>\n<link rel=\"canonical\" href=\"https:\/\/www.press7.tv\/?p=22767\" \/>\n<meta property=\"og:locale\" content=\"en_US\" \/>\n<meta property=\"og:type\" content=\"article\" \/>\n<meta property=\"og:title\" content=\"Kryetari i PDK-s\u00eb, Memli Krasniqi fton p\u00ebr pjes\u00ebmarrje masive n\u00eb protest\u00ebn e nes\u00ebrme n\u00eb Tiran\u00eb - press7.tv\" \/>\n<meta property=\"og:description\" content=\"Kryetari i Partis\u00eb Demokratike t\u00eb Kosov\u00ebs, Memli Krasniqi ka ftuar t\u00eb gjith\u00eb popullin shqiptar q\u00eb t\u00eb marr\u00eb pjes\u00eb n\u00eb protest\u00ebn e organizuar nga OVL e U\u00c7K-s\u00eb p\u00ebr \u00e7lirimtar\u00ebt n\u00eb Hag\u00eb, e cila do t\u00eb mbahet nes\u00ebr n\u00eb Tiran\u00eb, me fillim nga ora 17:00. Krasniqi ka th\u00ebn\u00eb se kjo protest\u00eb \u00ebsht\u00eb thirrja e t\u00eb gjith\u00eb shqiptar\u00ebve, [&hellip;]\" \/>\n<meta property=\"og:url\" content=\"https:\/\/www.press7.tv\/?p=22767\" \/>\n<meta property=\"og:site_name\" content=\"press7.tv\" \/>\n<meta property=\"article:publisher\" content=\"https:\/\/www.facebook.com\/press7.tv\" \/>\n<meta property=\"article:published_time\" content=\"2025-10-16T11:38:40+00:00\" \/>\n<meta property=\"og:image\" content=\"https:\/\/www.press7.tv\/wp-content\/uploads\/2025\/10\/IMG_0079.avif\" \/>\n\t<meta property=\"og:image:width\" content=\"900\" \/>\n\t<meta property=\"og:image:height\" content=\"600\" \/>\n\t<meta property=\"og:image:type\" content=\"image\/jpeg\" \/>\n<meta name=\"author\" content=\"gazetar2\" \/>\n<meta name=\"twitter:card\" content=\"summary_large_image\" \/>\n<meta name=\"twitter:label1\" content=\"Written by\" \/>\n\t<meta name=\"twitter:data1\" content=\"gazetar2\" \/>\n\t<meta name=\"twitter:label2\" content=\"Est. reading time\" \/>\n\t<meta name=\"twitter:data2\" content=\"1 minute\" \/>\n<script type=\"application\/ld+json\" class=\"yoast-schema-graph\">{\"@context\":\"https:\/\/schema.org\",\"@graph\":[{\"@type\":\"Article\",\"@id\":\"https:\/\/www.press7.tv\/?p=22767#article\",\"isPartOf\":{\"@id\":\"https:\/\/www.press7.tv\/?p=22767\"},\"author\":{\"name\":\"gazetar2\",\"@id\":\"https:\/\/www.news33.tv\/#\/schema\/person\/5a04a38a23ccdba82f9bd665cd8f9efa\"},\"headline\":\"Kryetari i PDK-s\u00eb, Memli Krasniqi fton p\u00ebr pjes\u00ebmarrje masive n\u00eb protest\u00ebn e nes\u00ebrme n\u00eb Tiran\u00eb\",\"datePublished\":\"2025-10-16T11:38:40+00:00\",\"mainEntityOfPage\":{\"@id\":\"https:\/\/www.press7.tv\/?p=22767\"},\"wordCount\":266,\"publisher\":{\"@id\":\"https:\/\/www.news33.tv\/#organization\"},\"image\":{\"@id\":\"https:\/\/www.press7.tv\/?p=22767#primaryimage\"},\"thumbnailUrl\":\"https:\/\/www.press7.tv\/wp-content\/uploads\/2025\/10\/IMG_0079.avif\",\"articleSection\":[\"Kosov\u00eb\",\"Lajme\"],\"inLanguage\":\"en-US\"},{\"@type\":\"WebPage\",\"@id\":\"https:\/\/www.press7.tv\/?p=22767\",\"url\":\"https:\/\/www.press7.tv\/?p=22767\",\"name\":\"Kryetari i PDK-s\u00eb, Memli Krasniqi fton p\u00ebr pjes\u00ebmarrje masive n\u00eb protest\u00ebn e nes\u00ebrme n\u00eb Tiran\u00eb - press7.tv\",\"isPartOf\":{\"@id\":\"https:\/\/www.news33.tv\/#website\"},\"primaryImageOfPage\":{\"@id\":\"https:\/\/www.press7.tv\/?p=22767#primaryimage\"},\"image\":{\"@id\":\"https:\/\/www.press7.tv\/?p=22767#primaryimage\"},\"thumbnailUrl\":\"https:\/\/www.press7.tv\/wp-content\/uploads\/2025\/10\/IMG_0079.avif\",\"datePublished\":\"2025-10-16T11:38:40+00:00\",\"breadcrumb\":{\"@id\":\"https:\/\/www.press7.tv\/?p=22767#breadcrumb\"},\"inLanguage\":\"en-US\",\"potentialAction\":[{\"@type\":\"ReadAction\",\"target\":[\"https:\/\/www.press7.tv\/?p=22767\"]}]},{\"@type\":\"ImageObject\",\"inLanguage\":\"en-US\",\"@id\":\"https:\/\/www.press7.tv\/?p=22767#primaryimage\",\"url\":\"https:\/\/www.press7.tv\/wp-content\/uploads\/2025\/10\/IMG_0079.avif\",\"contentUrl\":\"https:\/\/www.press7.tv\/wp-content\/uploads\/2025\/10\/IMG_0079.avif\",\"width\":900,\"height\":600},{\"@type\":\"BreadcrumbList\",\"@id\":\"https:\/\/www.press7.tv\/?p=22767#breadcrumb\",\"itemListElement\":[{\"@type\":\"ListItem\",\"position\":1,\"name\":\"Home\",\"item\":\"https:\/\/www.press7.tv\/\"},{\"@type\":\"ListItem\",\"position\":2,\"name\":\"Kryetari i PDK-s\u00eb, Memli Krasniqi fton p\u00ebr pjes\u00ebmarrje masive n\u00eb protest\u00ebn e nes\u00ebrme n\u00eb Tiran\u00eb\"}]},{\"@type\":\"WebSite\",\"@id\":\"https:\/\/www.news33.tv\/#website\",\"url\":\"https:\/\/www.news33.tv\/\",\"name\":\"News33.tv Media\",\"description\":\"Media\",\"publisher\":{\"@id\":\"https:\/\/www.news33.tv\/#organization\"},\"potentialAction\":[{\"@type\":\"SearchAction\",\"target\":{\"@type\":\"EntryPoint\",\"urlTemplate\":\"https:\/\/www.news33.tv\/?s={search_term_string}\"},\"query-input\":{\"@type\":\"PropertyValueSpecification\",\"valueRequired\":true,\"valueName\":\"search_term_string\"}}],\"inLanguage\":\"en-US\"},{\"@type\":\"Organization\",\"@id\":\"https:\/\/www.news33.tv\/#organization\",\"name\":\"News33.tv Media\",\"url\":\"https:\/\/www.news33.tv\/\",\"logo\":{\"@type\":\"ImageObject\",\"inLanguage\":\"en-US\",\"@id\":\"https:\/\/www.news33.tv\/#\/schema\/logo\/image\/\",\"url\":\"https:\/\/www.press7.tv\/wp-content\/uploads\/2024\/02\/logo-news33-black.png\",\"contentUrl\":\"https:\/\/www.press7.tv\/wp-content\/uploads\/2024\/02\/logo-news33-black.png\",\"width\":180,\"height\":37,\"caption\":\"News33.tv Media\"},\"image\":{\"@id\":\"https:\/\/www.news33.tv\/#\/schema\/logo\/image\/\"},\"sameAs\":[\"https:\/\/www.facebook.com\/press7.tv\"]},{\"@type\":\"Person\",\"@id\":\"https:\/\/www.news33.tv\/#\/schema\/person\/5a04a38a23ccdba82f9bd665cd8f9efa\",\"name\":\"gazetar2\",\"image\":{\"@type\":\"ImageObject\",\"inLanguage\":\"en-US\",\"@id\":\"https:\/\/www.news33.tv\/#\/schema\/person\/image\/\",\"url\":\"https:\/\/www.press7.tv\/wp-content\/litespeed\/avatar\/41975e402c3049d9ddb03adca8f7a883.jpg?ver=1777169572\",\"contentUrl\":\"https:\/\/www.press7.tv\/wp-content\/litespeed\/avatar\/41975e402c3049d9ddb03adca8f7a883.jpg?ver=1777169572\",\"caption\":\"gazetar2\"},\"url\":\"https:\/\/www.press7.tv\/?author=8\"}]}<\/script>\n<!-- \/ Yoast SEO plugin. -->","yoast_head_json":{"title":"Kryetari i PDK-s\u00eb, Memli Krasniqi fton p\u00ebr pjes\u00ebmarrje masive n\u00eb protest\u00ebn e nes\u00ebrme n\u00eb Tiran\u00eb - press7.tv","robots":{"index":"index","follow":"follow","max-snippet":"max-snippet:-1","max-image-preview":"max-image-preview:large","max-video-preview":"max-video-preview:-1"},"canonical":"https:\/\/www.press7.tv\/?p=22767","og_locale":"en_US","og_type":"article","og_title":"Kryetari i PDK-s\u00eb, Memli Krasniqi fton p\u00ebr pjes\u00ebmarrje masive n\u00eb protest\u00ebn e nes\u00ebrme n\u00eb Tiran\u00eb - press7.tv","og_description":"Kryetari i Partis\u00eb Demokratike t\u00eb Kosov\u00ebs, Memli Krasniqi ka ftuar t\u00eb gjith\u00eb popullin shqiptar q\u00eb t\u00eb marr\u00eb pjes\u00eb n\u00eb protest\u00ebn e organizuar nga OVL e U\u00c7K-s\u00eb p\u00ebr \u00e7lirimtar\u00ebt n\u00eb Hag\u00eb, e cila do t\u00eb mbahet nes\u00ebr n\u00eb Tiran\u00eb, me fillim nga ora 17:00. Krasniqi ka th\u00ebn\u00eb se kjo protest\u00eb \u00ebsht\u00eb thirrja e t\u00eb gjith\u00eb shqiptar\u00ebve, [&hellip;]","og_url":"https:\/\/www.press7.tv\/?p=22767","og_site_name":"press7.tv","article_publisher":"https:\/\/www.facebook.com\/press7.tv","article_published_time":"2025-10-16T11:38:40+00:00","og_image":[{"width":900,"height":600,"url":"https:\/\/www.press7.tv\/wp-content\/uploads\/2025\/10\/IMG_0079.avif","type":"image\/jpeg"}],"author":"gazetar2","twitter_card":"summary_large_image","twitter_misc":{"Written by":"gazetar2","Est. reading time":"1 minute"},"schema":{"@context":"https:\/\/schema.org","@graph":[{"@type":"Article","@id":"https:\/\/www.press7.tv\/?p=22767#article","isPartOf":{"@id":"https:\/\/www.press7.tv\/?p=22767"},"author":{"name":"gazetar2","@id":"https:\/\/www.news33.tv\/#\/schema\/person\/5a04a38a23ccdba82f9bd665cd8f9efa"},"headline":"Kryetari i PDK-s\u00eb, Memli Krasniqi fton p\u00ebr pjes\u00ebmarrje masive n\u00eb protest\u00ebn e nes\u00ebrme n\u00eb Tiran\u00eb","datePublished":"2025-10-16T11:38:40+00:00","mainEntityOfPage":{"@id":"https:\/\/www.press7.tv\/?p=22767"},"wordCount":266,"publisher":{"@id":"https:\/\/www.news33.tv\/#organization"},"image":{"@id":"https:\/\/www.press7.tv\/?p=22767#primaryimage"},"thumbnailUrl":"https:\/\/www.press7.tv\/wp-content\/uploads\/2025\/10\/IMG_0079.avif","articleSection":["Kosov\u00eb","Lajme"],"inLanguage":"en-US"},{"@type":"WebPage","@id":"https:\/\/www.press7.tv\/?p=22767","url":"https:\/\/www.press7.tv\/?p=22767","name":"Kryetari i PDK-s\u00eb, Memli Krasniqi fton p\u00ebr pjes\u00ebmarrje masive n\u00eb protest\u00ebn e nes\u00ebrme n\u00eb Tiran\u00eb - press7.tv","isPartOf":{"@id":"https:\/\/www.news33.tv\/#website"},"primaryImageOfPage":{"@id":"https:\/\/www.press7.tv\/?p=22767#primaryimage"},"image":{"@id":"https:\/\/www.press7.tv\/?p=22767#primaryimage"},"thumbnailUrl":"https:\/\/www.press7.tv\/wp-content\/uploads\/2025\/10\/IMG_0079.avif","datePublished":"2025-10-16T11:38:40+00:00","breadcrumb":{"@id":"https:\/\/www.press7.tv\/?p=22767#breadcrumb"},"inLanguage":"en-US","potentialAction":[{"@type":"ReadAction","target":["https:\/\/www.press7.tv\/?p=22767"]}]},{"@type":"ImageObject","inLanguage":"en-US","@id":"https:\/\/www.press7.tv\/?p=22767#primaryimage","url":"https:\/\/www.press7.tv\/wp-content\/uploads\/2025\/10\/IMG_0079.avif","contentUrl":"https:\/\/www.press7.tv\/wp-content\/uploads\/2025\/10\/IMG_0079.avif","width":900,"height":600},{"@type":"BreadcrumbList","@id":"https:\/\/www.press7.tv\/?p=22767#breadcrumb","itemListElement":[{"@type":"ListItem","position":1,"name":"Home","item":"https:\/\/www.press7.tv\/"},{"@type":"ListItem","position":2,"name":"Kryetari i PDK-s\u00eb, Memli Krasniqi fton p\u00ebr pjes\u00ebmarrje masive n\u00eb protest\u00ebn e nes\u00ebrme n\u00eb Tiran\u00eb"}]},{"@type":"WebSite","@id":"https:\/\/www.news33.tv\/#website","url":"https:\/\/www.news33.tv\/","name":"News33.tv Media","description":"Media","publisher":{"@id":"https:\/\/www.news33.tv\/#organization"},"potentialAction":[{"@type":"SearchAction","target":{"@type":"EntryPoint","urlTemplate":"https:\/\/www.news33.tv\/?s={search_term_string}"},"query-input":{"@type":"PropertyValueSpecification","valueRequired":true,"valueName":"search_term_string"}}],"inLanguage":"en-US"},{"@type":"Organization","@id":"https:\/\/www.news33.tv\/#organization","name":"News33.tv Media","url":"https:\/\/www.news33.tv\/","logo":{"@type":"ImageObject","inLanguage":"en-US","@id":"https:\/\/www.news33.tv\/#\/schema\/logo\/image\/","url":"https:\/\/www.press7.tv\/wp-content\/uploads\/2024\/02\/logo-news33-black.png","contentUrl":"https:\/\/www.press7.tv\/wp-content\/uploads\/2024\/02\/logo-news33-black.png","width":180,"height":37,"caption":"News33.tv Media"},"image":{"@id":"https:\/\/www.news33.tv\/#\/schema\/logo\/image\/"},"sameAs":["https:\/\/www.facebook.com\/press7.tv"]},{"@type":"Person","@id":"https:\/\/www.news33.tv\/#\/schema\/person\/5a04a38a23ccdba82f9bd665cd8f9efa","name":"gazetar2","image":{"@type":"ImageObject","inLanguage":"en-US","@id":"https:\/\/www.news33.tv\/#\/schema\/person\/image\/","url":"https:\/\/www.press7.tv\/wp-content\/litespeed\/avatar\/41975e402c3049d9ddb03adca8f7a883.jpg?ver=1777169572","contentUrl":"https:\/\/www.press7.tv\/wp-content\/litespeed\/avatar\/41975e402c3049d9ddb03adca8f7a883.jpg?ver=1777169572","caption":"gazetar2"},"url":"https:\/\/www.press7.tv\/?author=8"}]}},"amp_enabled":true,"_links":{"self":[{"href":"https:\/\/www.press7.tv\/index.php?rest_route=\/wp\/v2\/posts\/22767","targetHints":{"allow":["GET"]}}],"collection":[{"href":"https:\/\/www.press7.tv\/index.php?rest_route=\/wp\/v2\/posts"}],"about":[{"href":"https:\/\/www.press7.tv\/index.php?rest_route=\/wp\/v2\/types\/post"}],"author":[{"embeddable":true,"href":"https:\/\/www.press7.tv\/index.php?rest_route=\/wp\/v2\/users\/8"}],"replies":[{"embeddable":true,"href":"https:\/\/www.press7.tv\/index.php?rest_route=%2Fwp%2Fv2%2Fcomments&post=22767"}],"version-history":[{"count":1,"href":"https:\/\/www.press7.tv\/index.php?rest_route=\/wp\/v2\/posts\/22767\/revisions"}],"predecessor-version":[{"id":22769,"href":"https:\/\/www.press7.tv\/index.php?rest_route=\/wp\/v2\/posts\/22767\/revisions\/22769"}],"wp:featuredmedia":[{"embeddable":true,"href":"https:\/\/www.press7.tv\/index.php?rest_route=\/wp\/v2\/media\/22768"}],"wp:attachment":[{"href":"https:\/\/www.press7.tv\/index.php?rest_route=%2Fwp%2Fv2%2Fmedia&parent=22767"}],"wp:term":[{"taxonomy":"category","embeddable":true,"href":"https:\/\/www.press7.tv\/index.php?rest_route=%2Fwp%2Fv2%2Fcategories&post=22767"},{"taxonomy":"post_tag","embeddable":true,"href":"https:\/\/www.press7.tv\/index.php?rest_route=%2Fwp%2Fv2%2Ftags&post=22767"}],"curies":[{"name":"wp","href":"https:\/\/api.w.org\/{rel}","templated":true}]}}