{"id":22760,"date":"2025-10-15T20:50:46","date_gmt":"2025-10-15T20:50:46","guid":{"rendered":"https:\/\/www.press7.tv\/?p=22760"},"modified":"2025-10-15T20:50:46","modified_gmt":"2025-10-15T20:50:46","slug":"svecla-kosova-e-perkushtuar-per-te-qene-partner-i-besueshem-ne-siguri","status":"publish","type":"post","link":"https:\/\/www.press7.tv\/?p=22760","title":{"rendered":"Sve\u00e7la: Kosova e p\u00ebrkushtuar p\u00ebr t\u00eb qen\u00eb partner i besuesh\u00ebm n\u00eb siguri"},"content":{"rendered":"\n    <div class=\"xs_social_share_widget xs_share_url before_content \t\tmain_content  wslu-style-2 wslu-share-box-shaped wslu-fill-colored wslu-share-m-5 wslu-none wslu-share-vertical wslu-theme-font-no wslu-main_content\">\n\n\t\t\n        <ul>\n\t\t\t        <\/ul>\n    <\/div> \n<p>Ministri n\u00eb detyr\u00eb i Pun\u00ebve t\u00eb Brendshme, Xhelal Sve\u00e7la, gjat\u00eb vizit\u00ebs zyrtare n\u00eb Lond\u00ebr, \u00ebsht\u00eb takuar me Drejtorin e P\u00ebrgjithsh\u00ebm t\u00eb Agjencis\u00eb Komb\u00ebtare t\u00eb Krimit t\u00eb Mbret\u00ebris\u00eb s\u00eb Bashkuar (NCA), Graeme Biggar, me t\u00eb cilin diskutoi p\u00ebr bashk\u00ebpunimin e nd\u00ebrsjell\u00eb n\u00eb luftimin e krimit t\u00eb organizuar, trafikimit t\u00eb qenieve njer\u00ebzore, financimit t\u00eb terrorizmit dhe k\u00ebrc\u00ebnimeve t\u00eb tjera q\u00eb cenojn\u00eb sigurin\u00eb ton\u00eb t\u00eb p\u00ebrbashk\u00ebt.<\/p>\n<p>\u201cU dakorduam p\u00ebr intensifikimin e bashk\u00ebpunimit nd\u00ebrinstitucional, shk\u00ebmbimin e informacioneve dhe nd\u00ebrtimin e kapaciteteve profesionale n\u00eb fush\u00ebn e siguris\u00eb.<\/p>\n<p>Republika e Kosov\u00ebs mbetet e p\u00ebrkushtuar p\u00ebr t\u00eb qen\u00eb partner i besuesh\u00ebm n\u00eb aren\u00ebn nd\u00ebrkomb\u00ebtare t\u00eb siguris\u00eb dhe p\u00ebr t\u00eb nd\u00ebrtuar institucione t\u00eb forta, t\u00eb q\u00ebndrueshme dhe profesionale n\u00eb bashk\u00ebpunim me aleat\u00ebt tan\u00eb\u201d, shkroi Sve\u00e7la n\u00eb \u2018Facebook\u2019.<\/p>\n<p><a href=\"https:\/\/www.facebook.com\/permalink.php?story_fbid=1353143043488635&#038;id=100063788556625&#038;ref=embed_post\">https:\/\/www.facebook.com\/permalink.php?story_fbid=1353143043488635&#038;id=100063788556625&#038;ref=embed_post<\/a><\/p>\n","protected":false},"excerpt":{"rendered":"<p>Ministri n\u00eb detyr\u00eb i Pun\u00ebve t\u00eb Brendshme, Xhelal Sve\u00e7la, gjat\u00eb vizit\u00ebs zyrtare n\u00eb Lond\u00ebr, \u00ebsht\u00eb takuar me Drejtorin e P\u00ebrgjithsh\u00ebm t\u00eb Agjencis\u00eb Komb\u00ebtare t\u00eb Krimit t\u00eb Mbret\u00ebris\u00eb s\u00eb Bashkuar (NCA), Graeme Biggar, me t\u00eb cilin diskutoi p\u00ebr bashk\u00ebpunimin e nd\u00ebrsjell\u00eb n\u00eb luftimin e krimit t\u00eb organizuar, trafikimit t\u00eb qenieve njer\u00ebzore, financimit t\u00eb terrorizmit dhe k\u00ebrc\u00ebnimeve [&hellip;]<\/p>\n","protected":false},"author":8,"featured_media":22761,"comment_status":"closed","ping_status":"closed","sticky":false,"template":"","format":"standard","meta":{"footnotes":""},"categories":[215,213],"tags":[],"class_list":["post-22760","post","type-post","status-publish","format-standard","has-post-thumbnail","hentry","category-kosove","category-lajme"],"yoast_head":"<!-- This site is optimized with the Yoast SEO plugin v25.1 - https:\/\/yoast.com\/wordpress\/plugins\/seo\/ -->\n<title>Sve\u00e7la: Kosova e p\u00ebrkushtuar p\u00ebr t\u00eb qen\u00eb partner i besuesh\u00ebm n\u00eb siguri - press7.tv<\/title>\n<meta name=\"robots\" content=\"index, follow, max-snippet:-1, max-image-preview:large, max-video-preview:-1\" \/>\n<link rel=\"canonical\" href=\"https:\/\/www.press7.tv\/?p=22760\" \/>\n<meta property=\"og:locale\" content=\"en_US\" \/>\n<meta property=\"og:type\" content=\"article\" \/>\n<meta property=\"og:title\" content=\"Sve\u00e7la: Kosova e p\u00ebrkushtuar p\u00ebr t\u00eb qen\u00eb partner i besuesh\u00ebm n\u00eb siguri - press7.tv\" \/>\n<meta property=\"og:description\" content=\"Ministri n\u00eb detyr\u00eb i Pun\u00ebve t\u00eb Brendshme, Xhelal Sve\u00e7la, gjat\u00eb vizit\u00ebs zyrtare n\u00eb Lond\u00ebr, \u00ebsht\u00eb takuar me Drejtorin e P\u00ebrgjithsh\u00ebm t\u00eb Agjencis\u00eb Komb\u00ebtare t\u00eb Krimit t\u00eb Mbret\u00ebris\u00eb s\u00eb Bashkuar (NCA), Graeme Biggar, me t\u00eb cilin diskutoi p\u00ebr bashk\u00ebpunimin e nd\u00ebrsjell\u00eb n\u00eb luftimin e krimit t\u00eb organizuar, trafikimit t\u00eb qenieve njer\u00ebzore, financimit t\u00eb terrorizmit dhe k\u00ebrc\u00ebnimeve [&hellip;]\" \/>\n<meta property=\"og:url\" content=\"https:\/\/www.press7.tv\/?p=22760\" \/>\n<meta property=\"og:site_name\" content=\"press7.tv\" \/>\n<meta property=\"article:publisher\" content=\"https:\/\/www.facebook.com\/press7.tv\" \/>\n<meta property=\"article:published_time\" content=\"2025-10-15T20:50:46+00:00\" \/>\n<meta property=\"og:image\" content=\"https:\/\/www.press7.tv\/wp-content\/uploads\/2025\/10\/IMG_0070.avif\" \/>\n\t<meta property=\"og:image:width\" content=\"1536\" \/>\n\t<meta property=\"og:image:height\" content=\"1007\" \/>\n\t<meta property=\"og:image:type\" content=\"image\/jpeg\" \/>\n<meta name=\"author\" content=\"gazetar2\" \/>\n<meta name=\"twitter:card\" content=\"summary_large_image\" \/>\n<meta name=\"twitter:label1\" content=\"Written by\" \/>\n\t<meta name=\"twitter:data1\" content=\"gazetar2\" \/>\n\t<meta name=\"twitter:label2\" content=\"Est. reading time\" \/>\n\t<meta name=\"twitter:data2\" content=\"1 minute\" \/>\n<script type=\"application\/ld+json\" class=\"yoast-schema-graph\">{\"@context\":\"https:\/\/schema.org\",\"@graph\":[{\"@type\":\"Article\",\"@id\":\"https:\/\/www.press7.tv\/?p=22760#article\",\"isPartOf\":{\"@id\":\"https:\/\/www.press7.tv\/?p=22760\"},\"author\":{\"name\":\"gazetar2\",\"@id\":\"https:\/\/www.news33.tv\/#\/schema\/person\/5a04a38a23ccdba82f9bd665cd8f9efa\"},\"headline\":\"Sve\u00e7la: Kosova e p\u00ebrkushtuar p\u00ebr t\u00eb qen\u00eb partner i besuesh\u00ebm n\u00eb siguri\",\"datePublished\":\"2025-10-15T20:50:46+00:00\",\"mainEntityOfPage\":{\"@id\":\"https:\/\/www.press7.tv\/?p=22760\"},\"wordCount\":182,\"publisher\":{\"@id\":\"https:\/\/www.news33.tv\/#organization\"},\"image\":{\"@id\":\"https:\/\/www.press7.tv\/?p=22760#primaryimage\"},\"thumbnailUrl\":\"https:\/\/www.press7.tv\/wp-content\/uploads\/2025\/10\/IMG_0070.avif\",\"articleSection\":[\"Kosov\u00eb\",\"Lajme\"],\"inLanguage\":\"en-US\"},{\"@type\":\"WebPage\",\"@id\":\"https:\/\/www.press7.tv\/?p=22760\",\"url\":\"https:\/\/www.press7.tv\/?p=22760\",\"name\":\"Sve\u00e7la: Kosova e p\u00ebrkushtuar p\u00ebr t\u00eb qen\u00eb partner i besuesh\u00ebm n\u00eb siguri - press7.tv\",\"isPartOf\":{\"@id\":\"https:\/\/www.news33.tv\/#website\"},\"primaryImageOfPage\":{\"@id\":\"https:\/\/www.press7.tv\/?p=22760#primaryimage\"},\"image\":{\"@id\":\"https:\/\/www.press7.tv\/?p=22760#primaryimage\"},\"thumbnailUrl\":\"https:\/\/www.press7.tv\/wp-content\/uploads\/2025\/10\/IMG_0070.avif\",\"datePublished\":\"2025-10-15T20:50:46+00:00\",\"breadcrumb\":{\"@id\":\"https:\/\/www.press7.tv\/?p=22760#breadcrumb\"},\"inLanguage\":\"en-US\",\"potentialAction\":[{\"@type\":\"ReadAction\",\"target\":[\"https:\/\/www.press7.tv\/?p=22760\"]}]},{\"@type\":\"ImageObject\",\"inLanguage\":\"en-US\",\"@id\":\"https:\/\/www.press7.tv\/?p=22760#primaryimage\",\"url\":\"https:\/\/www.press7.tv\/wp-content\/uploads\/2025\/10\/IMG_0070.avif\",\"contentUrl\":\"https:\/\/www.press7.tv\/wp-content\/uploads\/2025\/10\/IMG_0070.avif\",\"width\":1536,\"height\":1007,\"caption\":\"Image \u00a9Licensed to Parsons Media. 14\/10\/2025. London, United Kingdom. Western Balkans Summit: London 2025 \u2013 Day Two. Pictured: Delegates attend day two of the Western Balkans Summit - London 2025. Picture by James Whatling \/ Home Office \/ Parsons Media\"},{\"@type\":\"BreadcrumbList\",\"@id\":\"https:\/\/www.press7.tv\/?p=22760#breadcrumb\",\"itemListElement\":[{\"@type\":\"ListItem\",\"position\":1,\"name\":\"Home\",\"item\":\"https:\/\/www.press7.tv\/\"},{\"@type\":\"ListItem\",\"position\":2,\"name\":\"Sve\u00e7la: Kosova e p\u00ebrkushtuar p\u00ebr t\u00eb qen\u00eb partner i besuesh\u00ebm n\u00eb siguri\"}]},{\"@type\":\"WebSite\",\"@id\":\"https:\/\/www.news33.tv\/#website\",\"url\":\"https:\/\/www.news33.tv\/\",\"name\":\"News33.tv Media\",\"description\":\"Media\",\"publisher\":{\"@id\":\"https:\/\/www.news33.tv\/#organization\"},\"potentialAction\":[{\"@type\":\"SearchAction\",\"target\":{\"@type\":\"EntryPoint\",\"urlTemplate\":\"https:\/\/www.news33.tv\/?s={search_term_string}\"},\"query-input\":{\"@type\":\"PropertyValueSpecification\",\"valueRequired\":true,\"valueName\":\"search_term_string\"}}],\"inLanguage\":\"en-US\"},{\"@type\":\"Organization\",\"@id\":\"https:\/\/www.news33.tv\/#organization\",\"name\":\"News33.tv Media\",\"url\":\"https:\/\/www.news33.tv\/\",\"logo\":{\"@type\":\"ImageObject\",\"inLanguage\":\"en-US\",\"@id\":\"https:\/\/www.news33.tv\/#\/schema\/logo\/image\/\",\"url\":\"https:\/\/www.press7.tv\/wp-content\/uploads\/2024\/02\/logo-news33-black.png\",\"contentUrl\":\"https:\/\/www.press7.tv\/wp-content\/uploads\/2024\/02\/logo-news33-black.png\",\"width\":180,\"height\":37,\"caption\":\"News33.tv Media\"},\"image\":{\"@id\":\"https:\/\/www.news33.tv\/#\/schema\/logo\/image\/\"},\"sameAs\":[\"https:\/\/www.facebook.com\/press7.tv\"]},{\"@type\":\"Person\",\"@id\":\"https:\/\/www.news33.tv\/#\/schema\/person\/5a04a38a23ccdba82f9bd665cd8f9efa\",\"name\":\"gazetar2\",\"image\":{\"@type\":\"ImageObject\",\"inLanguage\":\"en-US\",\"@id\":\"https:\/\/www.news33.tv\/#\/schema\/person\/image\/\",\"url\":\"https:\/\/www.press7.tv\/wp-content\/litespeed\/avatar\/41975e402c3049d9ddb03adca8f7a883.jpg?ver=1777169572\",\"contentUrl\":\"https:\/\/www.press7.tv\/wp-content\/litespeed\/avatar\/41975e402c3049d9ddb03adca8f7a883.jpg?ver=1777169572\",\"caption\":\"gazetar2\"},\"url\":\"https:\/\/www.press7.tv\/?author=8\"}]}<\/script>\n<!-- \/ Yoast SEO plugin. -->","yoast_head_json":{"title":"Sve\u00e7la: Kosova e p\u00ebrkushtuar p\u00ebr t\u00eb qen\u00eb partner i besuesh\u00ebm n\u00eb siguri - press7.tv","robots":{"index":"index","follow":"follow","max-snippet":"max-snippet:-1","max-image-preview":"max-image-preview:large","max-video-preview":"max-video-preview:-1"},"canonical":"https:\/\/www.press7.tv\/?p=22760","og_locale":"en_US","og_type":"article","og_title":"Sve\u00e7la: Kosova e p\u00ebrkushtuar p\u00ebr t\u00eb qen\u00eb partner i besuesh\u00ebm n\u00eb siguri - press7.tv","og_description":"Ministri n\u00eb detyr\u00eb i Pun\u00ebve t\u00eb Brendshme, Xhelal Sve\u00e7la, gjat\u00eb vizit\u00ebs zyrtare n\u00eb Lond\u00ebr, \u00ebsht\u00eb takuar me Drejtorin e P\u00ebrgjithsh\u00ebm t\u00eb Agjencis\u00eb Komb\u00ebtare t\u00eb Krimit t\u00eb Mbret\u00ebris\u00eb s\u00eb Bashkuar (NCA), Graeme Biggar, me t\u00eb cilin diskutoi p\u00ebr bashk\u00ebpunimin e nd\u00ebrsjell\u00eb n\u00eb luftimin e krimit t\u00eb organizuar, trafikimit t\u00eb qenieve njer\u00ebzore, financimit t\u00eb terrorizmit dhe k\u00ebrc\u00ebnimeve [&hellip;]","og_url":"https:\/\/www.press7.tv\/?p=22760","og_site_name":"press7.tv","article_publisher":"https:\/\/www.facebook.com\/press7.tv","article_published_time":"2025-10-15T20:50:46+00:00","og_image":[{"width":1536,"height":1007,"url":"https:\/\/www.press7.tv\/wp-content\/uploads\/2025\/10\/IMG_0070.avif","type":"image\/jpeg"}],"author":"gazetar2","twitter_card":"summary_large_image","twitter_misc":{"Written by":"gazetar2","Est. reading time":"1 minute"},"schema":{"@context":"https:\/\/schema.org","@graph":[{"@type":"Article","@id":"https:\/\/www.press7.tv\/?p=22760#article","isPartOf":{"@id":"https:\/\/www.press7.tv\/?p=22760"},"author":{"name":"gazetar2","@id":"https:\/\/www.news33.tv\/#\/schema\/person\/5a04a38a23ccdba82f9bd665cd8f9efa"},"headline":"Sve\u00e7la: Kosova e p\u00ebrkushtuar p\u00ebr t\u00eb qen\u00eb partner i besuesh\u00ebm n\u00eb siguri","datePublished":"2025-10-15T20:50:46+00:00","mainEntityOfPage":{"@id":"https:\/\/www.press7.tv\/?p=22760"},"wordCount":182,"publisher":{"@id":"https:\/\/www.news33.tv\/#organization"},"image":{"@id":"https:\/\/www.press7.tv\/?p=22760#primaryimage"},"thumbnailUrl":"https:\/\/www.press7.tv\/wp-content\/uploads\/2025\/10\/IMG_0070.avif","articleSection":["Kosov\u00eb","Lajme"],"inLanguage":"en-US"},{"@type":"WebPage","@id":"https:\/\/www.press7.tv\/?p=22760","url":"https:\/\/www.press7.tv\/?p=22760","name":"Sve\u00e7la: Kosova e p\u00ebrkushtuar p\u00ebr t\u00eb qen\u00eb partner i besuesh\u00ebm n\u00eb siguri - press7.tv","isPartOf":{"@id":"https:\/\/www.news33.tv\/#website"},"primaryImageOfPage":{"@id":"https:\/\/www.press7.tv\/?p=22760#primaryimage"},"image":{"@id":"https:\/\/www.press7.tv\/?p=22760#primaryimage"},"thumbnailUrl":"https:\/\/www.press7.tv\/wp-content\/uploads\/2025\/10\/IMG_0070.avif","datePublished":"2025-10-15T20:50:46+00:00","breadcrumb":{"@id":"https:\/\/www.press7.tv\/?p=22760#breadcrumb"},"inLanguage":"en-US","potentialAction":[{"@type":"ReadAction","target":["https:\/\/www.press7.tv\/?p=22760"]}]},{"@type":"ImageObject","inLanguage":"en-US","@id":"https:\/\/www.press7.tv\/?p=22760#primaryimage","url":"https:\/\/www.press7.tv\/wp-content\/uploads\/2025\/10\/IMG_0070.avif","contentUrl":"https:\/\/www.press7.tv\/wp-content\/uploads\/2025\/10\/IMG_0070.avif","width":1536,"height":1007,"caption":"Image \u00a9Licensed to Parsons Media. 14\/10\/2025. London, United Kingdom. Western Balkans Summit: London 2025 \u2013 Day Two. Pictured: Delegates attend day two of the Western Balkans Summit - London 2025. Picture by James Whatling \/ Home Office \/ Parsons Media"},{"@type":"BreadcrumbList","@id":"https:\/\/www.press7.tv\/?p=22760#breadcrumb","itemListElement":[{"@type":"ListItem","position":1,"name":"Home","item":"https:\/\/www.press7.tv\/"},{"@type":"ListItem","position":2,"name":"Sve\u00e7la: Kosova e p\u00ebrkushtuar p\u00ebr t\u00eb qen\u00eb partner i besuesh\u00ebm n\u00eb siguri"}]},{"@type":"WebSite","@id":"https:\/\/www.news33.tv\/#website","url":"https:\/\/www.news33.tv\/","name":"News33.tv Media","description":"Media","publisher":{"@id":"https:\/\/www.news33.tv\/#organization"},"potentialAction":[{"@type":"SearchAction","target":{"@type":"EntryPoint","urlTemplate":"https:\/\/www.news33.tv\/?s={search_term_string}"},"query-input":{"@type":"PropertyValueSpecification","valueRequired":true,"valueName":"search_term_string"}}],"inLanguage":"en-US"},{"@type":"Organization","@id":"https:\/\/www.news33.tv\/#organization","name":"News33.tv Media","url":"https:\/\/www.news33.tv\/","logo":{"@type":"ImageObject","inLanguage":"en-US","@id":"https:\/\/www.news33.tv\/#\/schema\/logo\/image\/","url":"https:\/\/www.press7.tv\/wp-content\/uploads\/2024\/02\/logo-news33-black.png","contentUrl":"https:\/\/www.press7.tv\/wp-content\/uploads\/2024\/02\/logo-news33-black.png","width":180,"height":37,"caption":"News33.tv Media"},"image":{"@id":"https:\/\/www.news33.tv\/#\/schema\/logo\/image\/"},"sameAs":["https:\/\/www.facebook.com\/press7.tv"]},{"@type":"Person","@id":"https:\/\/www.news33.tv\/#\/schema\/person\/5a04a38a23ccdba82f9bd665cd8f9efa","name":"gazetar2","image":{"@type":"ImageObject","inLanguage":"en-US","@id":"https:\/\/www.news33.tv\/#\/schema\/person\/image\/","url":"https:\/\/www.press7.tv\/wp-content\/litespeed\/avatar\/41975e402c3049d9ddb03adca8f7a883.jpg?ver=1777169572","contentUrl":"https:\/\/www.press7.tv\/wp-content\/litespeed\/avatar\/41975e402c3049d9ddb03adca8f7a883.jpg?ver=1777169572","caption":"gazetar2"},"url":"https:\/\/www.press7.tv\/?author=8"}]}},"amp_enabled":true,"_links":{"self":[{"href":"https:\/\/www.press7.tv\/index.php?rest_route=\/wp\/v2\/posts\/22760","targetHints":{"allow":["GET"]}}],"collection":[{"href":"https:\/\/www.press7.tv\/index.php?rest_route=\/wp\/v2\/posts"}],"about":[{"href":"https:\/\/www.press7.tv\/index.php?rest_route=\/wp\/v2\/types\/post"}],"author":[{"embeddable":true,"href":"https:\/\/www.press7.tv\/index.php?rest_route=\/wp\/v2\/users\/8"}],"replies":[{"embeddable":true,"href":"https:\/\/www.press7.tv\/index.php?rest_route=%2Fwp%2Fv2%2Fcomments&post=22760"}],"version-history":[{"count":1,"href":"https:\/\/www.press7.tv\/index.php?rest_route=\/wp\/v2\/posts\/22760\/revisions"}],"predecessor-version":[{"id":22762,"href":"https:\/\/www.press7.tv\/index.php?rest_route=\/wp\/v2\/posts\/22760\/revisions\/22762"}],"wp:featuredmedia":[{"embeddable":true,"href":"https:\/\/www.press7.tv\/index.php?rest_route=\/wp\/v2\/media\/22761"}],"wp:attachment":[{"href":"https:\/\/www.press7.tv\/index.php?rest_route=%2Fwp%2Fv2%2Fmedia&parent=22760"}],"wp:term":[{"taxonomy":"category","embeddable":true,"href":"https:\/\/www.press7.tv\/index.php?rest_route=%2Fwp%2Fv2%2Fcategories&post=22760"},{"taxonomy":"post_tag","embeddable":true,"href":"https:\/\/www.press7.tv\/index.php?rest_route=%2Fwp%2Fv2%2Ftags&post=22760"}],"curies":[{"name":"wp","href":"https:\/\/api.w.org\/{rel}","templated":true}]}}