{"id":22756,"date":"2025-10-15T14:09:01","date_gmt":"2025-10-15T14:09:01","guid":{"rendered":"https:\/\/www.press7.tv\/?p=22756"},"modified":"2025-10-15T14:09:01","modified_gmt":"2025-10-15T14:09:01","slug":"agron-kuci-i-aak-se-ankohet-ne-kqz-per-rritje-te-pazakonte-te-numrit-te-votuesve-ne-junik","status":"publish","type":"post","link":"https:\/\/www.press7.tv\/?p=22756","title":{"rendered":"Agron Ku\u00e7i i AAK-s\u00eb ankohet n\u00eb KQZ p\u00ebr rritje t\u00eb pazakont\u00eb t\u00eb numrit t\u00eb votuesve n\u00eb Junik"},"content":{"rendered":"\n    <div class=\"xs_social_share_widget xs_share_url before_content \t\tmain_content  wslu-style-2 wslu-share-box-shaped wslu-fill-colored wslu-share-m-5 wslu-none wslu-share-vertical wslu-theme-font-no wslu-main_content\">\n\n\t\t\n        <ul>\n\t\t\t        <\/ul>\n    <\/div> \n<p>Kandidati i AAK-s\u00eb p\u00ebr kryetar t\u00eb Junikut, Agron Ku\u00e7i, \u00ebsht\u00eb ankuar n\u00eb Komisionin Qendror Zgjedhor, duke pretenduar n\u00eb rritje t\u00eb pazakont\u00eb t\u00eb numrit t\u00eb votuesve, q\u00eb nuk kan\u00eb as adres\u00eb, mbiem\u00ebr, vende pune apo ndonj\u00eb lidhje me Junikun. <\/p>\n<p>Ku\u00e7i pas verifikimit t\u00eb votave z\u00eb vendin e dyt\u00eb me 40.68 p\u00ebr qind, nd\u00ebrsa kryeson Ruzhdi Shehu i LDK-s\u00eb me 47.91 p\u00ebr qind.  Shehu i ka 1193 vota e Ku\u00e7i 1013. Votat e diaspor\u00ebs dhe ato me kusht nuk jan\u00eb num\u00ebruar. <\/p>\n<p>An\u00ebtari i AAK-s\u00eb n\u00eb KQZ-s\u00eb, Muharrem Nitaj, ka th\u00ebn\u00eb se \u00ebsht\u00eb shqet\u00ebsuese nd\u00ebrrimi i vendbanimeve t\u00eb votuesve, duke p\u00ebrfshir\u00eb edhe nd\u00ebrrimin e komunave ku votojn\u00eb.  <\/p>\n<p>\u201cTejet shqet\u00ebsuese informacionet q\u00eb vijn\u00eb nga terreni p\u00ebr nd\u00ebrrimin vendbanimeve te votuesve, p\u00ebrfshir\u00eb edhe nd\u00ebrrimin e komunave, p\u00ebr zgjedhjet komunale t\u00eb 12 Tetorit. Qindra raste q\u00eb nuk mund t\u00eb arsyetohen me asnj\u00eb kriter. Jan\u00eb disa komuna q\u00eb e kan\u00eb ngritur alarmin p\u00ebr k\u00ebt\u00eb dukuri, por rasti m\u00eb eklatant duket t\u00eb jet\u00eb  komuna e vog\u00ebl e Junikut.  Kandidati p\u00ebr kryetar i k\u00ebsaj Komune, Agron Ku\u00e7i, n\u00eb nj\u00eb ankes\u00eb drejtuar KQZ-s\u00eb, flet p\u00ebr rritje pazakont\u00eb t\u00eb numrit t\u00eb votuesve nga persona, q\u00eb nuk kan\u00eb as adres\u00eb, as mbiem\u00ebr, as vende pune as ndonj\u00eb lidhje tjet\u00ebr me k\u00ebt\u00eb komun\u00eb. Juniku \u00ebsht\u00eb komun\u00eb e vog\u00ebl dhe secili e njeh secilin, prandaj kjo \u00e7\u00ebshtje duhet par\u00eb me shum\u00eb kujdes dhe n\u00ebse ka indice se nj\u00eb veprim i till\u00eb \u00ebsht\u00eb b\u00ebr\u00eb me q\u00ebllim t\u00eb manipulimit t\u00eb rezultatit zgjedhor, gabimi duhet t\u00eb korrigjohet\u201d, ka shkruar Nitaj n\u00eb Facebook.<\/p>\n<p>Ai ka th\u00ebn\u00eb se \u00e7\u00ebshtja e nd\u00ebrrimit t\u00eb vendvotimeve, ve\u00e7an\u00ebrisht t\u00eb kalimit t\u00eb votuesve nga nj\u00eb komun\u00eb n\u00eb tjet\u00ebr, duhet t\u00eb evidentohet si problem serioz i k\u00ebtyre zgjedhjeve lokale e t\u00eb mos p\u00ebrs\u00ebritet n\u00eb zgjedhjet e radh\u00ebs. <\/p>\n<p>E Daut Haradinaj ka k\u00ebrkuar hetim nga Prokuroria. <\/p>\n<p>Prokuroria ta hetoj\u00eb procesin zgjedhor n\u00eb Junik, n\u00eb k\u00ebt\u00eb komun\u00eb votuan edhe qytetar\u00eb t\u00eb komunave tjera! Juniku, si nj\u00eb zon\u00eb zgjedhore, ka shum\u00eb qytetar\u00eb nga qytetet tjera t\u00eb cil\u00ebt n\u00eb m\u00ebnyr\u00eb shum\u00eb t\u00eb organizuar jan\u00eb regjistruar si votues t\u00eb Junikut. Kjo p\u00ebrb\u00ebn vep\u00ebr penale dhe si e till\u00eb duhet urgjentisht t\u00eb hetohet. KQZ duhet ta publikoj\u00eb list\u00ebn zgjedhore t\u00eb k\u00ebsaj komune, pasi kjo \u00ebsht\u00eb shum\u00eb e qart\u00eb si skem\u00eb e dominimit numerik kriminal\u201d, ka shkruar Haradinaj. <\/p>\n<p><a href=\"https:\/\/www.facebook.com\/muharrem.nitaj\/posts\/10239722467104556?ref=embed_post\">https:\/\/www.facebook.com\/muharrem.nitaj\/posts\/10239722467104556?ref=embed_post<\/a><\/p>\n<p>https:\/\/www.facebook.com\/permalink.php?story_fbid=122232137144247672&#038;id=61557430165300&#038;ref=embed_post<\/p>\n","protected":false},"excerpt":{"rendered":"<p>Kandidati i AAK-s\u00eb p\u00ebr kryetar t\u00eb Junikut, Agron Ku\u00e7i, \u00ebsht\u00eb ankuar n\u00eb Komisionin Qendror Zgjedhor, duke pretenduar n\u00eb rritje t\u00eb pazakont\u00eb t\u00eb numrit t\u00eb votuesve, q\u00eb nuk kan\u00eb as adres\u00eb, mbiem\u00ebr, vende pune apo ndonj\u00eb lidhje me Junikun. Ku\u00e7i pas verifikimit t\u00eb votave z\u00eb vendin e dyt\u00eb me 40.68 p\u00ebr qind, nd\u00ebrsa kryeson Ruzhdi Shehu [&hellip;]<\/p>\n","protected":false},"author":8,"featured_media":22757,"comment_status":"closed","ping_status":"closed","sticky":false,"template":"","format":"standard","meta":{"footnotes":""},"categories":[215,213],"tags":[],"class_list":["post-22756","post","type-post","status-publish","format-standard","has-post-thumbnail","hentry","category-kosove","category-lajme"],"yoast_head":"<!-- This site is optimized with the Yoast SEO plugin v25.1 - https:\/\/yoast.com\/wordpress\/plugins\/seo\/ -->\n<title>Agron Ku\u00e7i i AAK-s\u00eb ankohet n\u00eb KQZ p\u00ebr rritje t\u00eb pazakont\u00eb t\u00eb numrit t\u00eb votuesve n\u00eb Junik - press7.tv<\/title>\n<meta name=\"robots\" content=\"index, follow, max-snippet:-1, max-image-preview:large, max-video-preview:-1\" \/>\n<link rel=\"canonical\" href=\"https:\/\/www.press7.tv\/?p=22756\" \/>\n<meta property=\"og:locale\" content=\"en_US\" \/>\n<meta property=\"og:type\" content=\"article\" \/>\n<meta property=\"og:title\" content=\"Agron Ku\u00e7i i AAK-s\u00eb ankohet n\u00eb KQZ p\u00ebr rritje t\u00eb pazakont\u00eb t\u00eb numrit t\u00eb votuesve n\u00eb Junik - press7.tv\" \/>\n<meta property=\"og:description\" content=\"Kandidati i AAK-s\u00eb p\u00ebr kryetar t\u00eb Junikut, Agron Ku\u00e7i, \u00ebsht\u00eb ankuar n\u00eb Komisionin Qendror Zgjedhor, duke pretenduar n\u00eb rritje t\u00eb pazakont\u00eb t\u00eb numrit t\u00eb votuesve, q\u00eb nuk kan\u00eb as adres\u00eb, mbiem\u00ebr, vende pune apo ndonj\u00eb lidhje me Junikun. Ku\u00e7i pas verifikimit t\u00eb votave z\u00eb vendin e dyt\u00eb me 40.68 p\u00ebr qind, nd\u00ebrsa kryeson Ruzhdi Shehu [&hellip;]\" \/>\n<meta property=\"og:url\" content=\"https:\/\/www.press7.tv\/?p=22756\" \/>\n<meta property=\"og:site_name\" content=\"press7.tv\" \/>\n<meta property=\"article:publisher\" content=\"https:\/\/www.facebook.com\/press7.tv\" \/>\n<meta property=\"article:published_time\" content=\"2025-10-15T14:09:01+00:00\" \/>\n<meta property=\"og:image\" content=\"https:\/\/www.press7.tv\/wp-content\/uploads\/2025\/10\/IMG_0065.avif\" \/>\n\t<meta property=\"og:image:width\" content=\"1280\" \/>\n\t<meta property=\"og:image:height\" content=\"853\" \/>\n\t<meta property=\"og:image:type\" content=\"image\/webp\" \/>\n<meta name=\"author\" content=\"gazetar2\" \/>\n<meta name=\"twitter:card\" content=\"summary_large_image\" \/>\n<meta name=\"twitter:label1\" content=\"Written by\" \/>\n\t<meta name=\"twitter:data1\" content=\"gazetar2\" \/>\n\t<meta name=\"twitter:label2\" content=\"Est. reading time\" \/>\n\t<meta name=\"twitter:data2\" content=\"1 minute\" \/>\n<script type=\"application\/ld+json\" class=\"yoast-schema-graph\">{\"@context\":\"https:\/\/schema.org\",\"@graph\":[{\"@type\":\"Article\",\"@id\":\"https:\/\/www.press7.tv\/?p=22756#article\",\"isPartOf\":{\"@id\":\"https:\/\/www.press7.tv\/?p=22756\"},\"author\":{\"name\":\"gazetar2\",\"@id\":\"https:\/\/www.news33.tv\/#\/schema\/person\/5a04a38a23ccdba82f9bd665cd8f9efa\"},\"headline\":\"Agron Ku\u00e7i i AAK-s\u00eb ankohet n\u00eb KQZ p\u00ebr rritje t\u00eb pazakont\u00eb t\u00eb numrit t\u00eb votuesve n\u00eb Junik\",\"datePublished\":\"2025-10-15T14:09:01+00:00\",\"mainEntityOfPage\":{\"@id\":\"https:\/\/www.press7.tv\/?p=22756\"},\"wordCount\":456,\"publisher\":{\"@id\":\"https:\/\/www.news33.tv\/#organization\"},\"image\":{\"@id\":\"https:\/\/www.press7.tv\/?p=22756#primaryimage\"},\"thumbnailUrl\":\"https:\/\/www.press7.tv\/wp-content\/uploads\/2025\/10\/IMG_0065.avif\",\"articleSection\":[\"Kosov\u00eb\",\"Lajme\"],\"inLanguage\":\"en-US\"},{\"@type\":\"WebPage\",\"@id\":\"https:\/\/www.press7.tv\/?p=22756\",\"url\":\"https:\/\/www.press7.tv\/?p=22756\",\"name\":\"Agron Ku\u00e7i i AAK-s\u00eb ankohet n\u00eb KQZ p\u00ebr rritje t\u00eb pazakont\u00eb t\u00eb numrit t\u00eb votuesve n\u00eb Junik - press7.tv\",\"isPartOf\":{\"@id\":\"https:\/\/www.news33.tv\/#website\"},\"primaryImageOfPage\":{\"@id\":\"https:\/\/www.press7.tv\/?p=22756#primaryimage\"},\"image\":{\"@id\":\"https:\/\/www.press7.tv\/?p=22756#primaryimage\"},\"thumbnailUrl\":\"https:\/\/www.press7.tv\/wp-content\/uploads\/2025\/10\/IMG_0065.avif\",\"datePublished\":\"2025-10-15T14:09:01+00:00\",\"breadcrumb\":{\"@id\":\"https:\/\/www.press7.tv\/?p=22756#breadcrumb\"},\"inLanguage\":\"en-US\",\"potentialAction\":[{\"@type\":\"ReadAction\",\"target\":[\"https:\/\/www.press7.tv\/?p=22756\"]}]},{\"@type\":\"ImageObject\",\"inLanguage\":\"en-US\",\"@id\":\"https:\/\/www.press7.tv\/?p=22756#primaryimage\",\"url\":\"https:\/\/www.press7.tv\/wp-content\/uploads\/2025\/10\/IMG_0065.avif\",\"contentUrl\":\"https:\/\/www.press7.tv\/wp-content\/uploads\/2025\/10\/IMG_0065.avif\",\"width\":1280,\"height\":853},{\"@type\":\"BreadcrumbList\",\"@id\":\"https:\/\/www.press7.tv\/?p=22756#breadcrumb\",\"itemListElement\":[{\"@type\":\"ListItem\",\"position\":1,\"name\":\"Home\",\"item\":\"https:\/\/www.press7.tv\/\"},{\"@type\":\"ListItem\",\"position\":2,\"name\":\"Agron Ku\u00e7i i AAK-s\u00eb ankohet n\u00eb KQZ p\u00ebr rritje t\u00eb pazakont\u00eb t\u00eb numrit t\u00eb votuesve n\u00eb Junik\"}]},{\"@type\":\"WebSite\",\"@id\":\"https:\/\/www.news33.tv\/#website\",\"url\":\"https:\/\/www.news33.tv\/\",\"name\":\"News33.tv Media\",\"description\":\"Media\",\"publisher\":{\"@id\":\"https:\/\/www.news33.tv\/#organization\"},\"potentialAction\":[{\"@type\":\"SearchAction\",\"target\":{\"@type\":\"EntryPoint\",\"urlTemplate\":\"https:\/\/www.news33.tv\/?s={search_term_string}\"},\"query-input\":{\"@type\":\"PropertyValueSpecification\",\"valueRequired\":true,\"valueName\":\"search_term_string\"}}],\"inLanguage\":\"en-US\"},{\"@type\":\"Organization\",\"@id\":\"https:\/\/www.news33.tv\/#organization\",\"name\":\"News33.tv Media\",\"url\":\"https:\/\/www.news33.tv\/\",\"logo\":{\"@type\":\"ImageObject\",\"inLanguage\":\"en-US\",\"@id\":\"https:\/\/www.news33.tv\/#\/schema\/logo\/image\/\",\"url\":\"https:\/\/www.press7.tv\/wp-content\/uploads\/2024\/02\/logo-news33-black.png\",\"contentUrl\":\"https:\/\/www.press7.tv\/wp-content\/uploads\/2024\/02\/logo-news33-black.png\",\"width\":180,\"height\":37,\"caption\":\"News33.tv Media\"},\"image\":{\"@id\":\"https:\/\/www.news33.tv\/#\/schema\/logo\/image\/\"},\"sameAs\":[\"https:\/\/www.facebook.com\/press7.tv\"]},{\"@type\":\"Person\",\"@id\":\"https:\/\/www.news33.tv\/#\/schema\/person\/5a04a38a23ccdba82f9bd665cd8f9efa\",\"name\":\"gazetar2\",\"image\":{\"@type\":\"ImageObject\",\"inLanguage\":\"en-US\",\"@id\":\"https:\/\/www.news33.tv\/#\/schema\/person\/image\/\",\"url\":\"https:\/\/www.press7.tv\/wp-content\/litespeed\/avatar\/41975e402c3049d9ddb03adca8f7a883.jpg?ver=1776564768\",\"contentUrl\":\"https:\/\/www.press7.tv\/wp-content\/litespeed\/avatar\/41975e402c3049d9ddb03adca8f7a883.jpg?ver=1776564768\",\"caption\":\"gazetar2\"},\"url\":\"https:\/\/www.press7.tv\/?author=8\"}]}<\/script>\n<!-- \/ Yoast SEO plugin. -->","yoast_head_json":{"title":"Agron Ku\u00e7i i AAK-s\u00eb ankohet n\u00eb KQZ p\u00ebr rritje t\u00eb pazakont\u00eb t\u00eb numrit t\u00eb votuesve n\u00eb Junik - press7.tv","robots":{"index":"index","follow":"follow","max-snippet":"max-snippet:-1","max-image-preview":"max-image-preview:large","max-video-preview":"max-video-preview:-1"},"canonical":"https:\/\/www.press7.tv\/?p=22756","og_locale":"en_US","og_type":"article","og_title":"Agron Ku\u00e7i i AAK-s\u00eb ankohet n\u00eb KQZ p\u00ebr rritje t\u00eb pazakont\u00eb t\u00eb numrit t\u00eb votuesve n\u00eb Junik - press7.tv","og_description":"Kandidati i AAK-s\u00eb p\u00ebr kryetar t\u00eb Junikut, Agron Ku\u00e7i, \u00ebsht\u00eb ankuar n\u00eb Komisionin Qendror Zgjedhor, duke pretenduar n\u00eb rritje t\u00eb pazakont\u00eb t\u00eb numrit t\u00eb votuesve, q\u00eb nuk kan\u00eb as adres\u00eb, mbiem\u00ebr, vende pune apo ndonj\u00eb lidhje me Junikun. Ku\u00e7i pas verifikimit t\u00eb votave z\u00eb vendin e dyt\u00eb me 40.68 p\u00ebr qind, nd\u00ebrsa kryeson Ruzhdi Shehu [&hellip;]","og_url":"https:\/\/www.press7.tv\/?p=22756","og_site_name":"press7.tv","article_publisher":"https:\/\/www.facebook.com\/press7.tv","article_published_time":"2025-10-15T14:09:01+00:00","og_image":[{"width":1280,"height":853,"url":"https:\/\/www.press7.tv\/wp-content\/uploads\/2025\/10\/IMG_0065.avif","type":"image\/webp"}],"author":"gazetar2","twitter_card":"summary_large_image","twitter_misc":{"Written by":"gazetar2","Est. reading time":"1 minute"},"schema":{"@context":"https:\/\/schema.org","@graph":[{"@type":"Article","@id":"https:\/\/www.press7.tv\/?p=22756#article","isPartOf":{"@id":"https:\/\/www.press7.tv\/?p=22756"},"author":{"name":"gazetar2","@id":"https:\/\/www.news33.tv\/#\/schema\/person\/5a04a38a23ccdba82f9bd665cd8f9efa"},"headline":"Agron Ku\u00e7i i AAK-s\u00eb ankohet n\u00eb KQZ p\u00ebr rritje t\u00eb pazakont\u00eb t\u00eb numrit t\u00eb votuesve n\u00eb Junik","datePublished":"2025-10-15T14:09:01+00:00","mainEntityOfPage":{"@id":"https:\/\/www.press7.tv\/?p=22756"},"wordCount":456,"publisher":{"@id":"https:\/\/www.news33.tv\/#organization"},"image":{"@id":"https:\/\/www.press7.tv\/?p=22756#primaryimage"},"thumbnailUrl":"https:\/\/www.press7.tv\/wp-content\/uploads\/2025\/10\/IMG_0065.avif","articleSection":["Kosov\u00eb","Lajme"],"inLanguage":"en-US"},{"@type":"WebPage","@id":"https:\/\/www.press7.tv\/?p=22756","url":"https:\/\/www.press7.tv\/?p=22756","name":"Agron Ku\u00e7i i AAK-s\u00eb ankohet n\u00eb KQZ p\u00ebr rritje t\u00eb pazakont\u00eb t\u00eb numrit t\u00eb votuesve n\u00eb Junik - press7.tv","isPartOf":{"@id":"https:\/\/www.news33.tv\/#website"},"primaryImageOfPage":{"@id":"https:\/\/www.press7.tv\/?p=22756#primaryimage"},"image":{"@id":"https:\/\/www.press7.tv\/?p=22756#primaryimage"},"thumbnailUrl":"https:\/\/www.press7.tv\/wp-content\/uploads\/2025\/10\/IMG_0065.avif","datePublished":"2025-10-15T14:09:01+00:00","breadcrumb":{"@id":"https:\/\/www.press7.tv\/?p=22756#breadcrumb"},"inLanguage":"en-US","potentialAction":[{"@type":"ReadAction","target":["https:\/\/www.press7.tv\/?p=22756"]}]},{"@type":"ImageObject","inLanguage":"en-US","@id":"https:\/\/www.press7.tv\/?p=22756#primaryimage","url":"https:\/\/www.press7.tv\/wp-content\/uploads\/2025\/10\/IMG_0065.avif","contentUrl":"https:\/\/www.press7.tv\/wp-content\/uploads\/2025\/10\/IMG_0065.avif","width":1280,"height":853},{"@type":"BreadcrumbList","@id":"https:\/\/www.press7.tv\/?p=22756#breadcrumb","itemListElement":[{"@type":"ListItem","position":1,"name":"Home","item":"https:\/\/www.press7.tv\/"},{"@type":"ListItem","position":2,"name":"Agron Ku\u00e7i i AAK-s\u00eb ankohet n\u00eb KQZ p\u00ebr rritje t\u00eb pazakont\u00eb t\u00eb numrit t\u00eb votuesve n\u00eb Junik"}]},{"@type":"WebSite","@id":"https:\/\/www.news33.tv\/#website","url":"https:\/\/www.news33.tv\/","name":"News33.tv Media","description":"Media","publisher":{"@id":"https:\/\/www.news33.tv\/#organization"},"potentialAction":[{"@type":"SearchAction","target":{"@type":"EntryPoint","urlTemplate":"https:\/\/www.news33.tv\/?s={search_term_string}"},"query-input":{"@type":"PropertyValueSpecification","valueRequired":true,"valueName":"search_term_string"}}],"inLanguage":"en-US"},{"@type":"Organization","@id":"https:\/\/www.news33.tv\/#organization","name":"News33.tv Media","url":"https:\/\/www.news33.tv\/","logo":{"@type":"ImageObject","inLanguage":"en-US","@id":"https:\/\/www.news33.tv\/#\/schema\/logo\/image\/","url":"https:\/\/www.press7.tv\/wp-content\/uploads\/2024\/02\/logo-news33-black.png","contentUrl":"https:\/\/www.press7.tv\/wp-content\/uploads\/2024\/02\/logo-news33-black.png","width":180,"height":37,"caption":"News33.tv Media"},"image":{"@id":"https:\/\/www.news33.tv\/#\/schema\/logo\/image\/"},"sameAs":["https:\/\/www.facebook.com\/press7.tv"]},{"@type":"Person","@id":"https:\/\/www.news33.tv\/#\/schema\/person\/5a04a38a23ccdba82f9bd665cd8f9efa","name":"gazetar2","image":{"@type":"ImageObject","inLanguage":"en-US","@id":"https:\/\/www.news33.tv\/#\/schema\/person\/image\/","url":"https:\/\/www.press7.tv\/wp-content\/litespeed\/avatar\/41975e402c3049d9ddb03adca8f7a883.jpg?ver=1776564768","contentUrl":"https:\/\/www.press7.tv\/wp-content\/litespeed\/avatar\/41975e402c3049d9ddb03adca8f7a883.jpg?ver=1776564768","caption":"gazetar2"},"url":"https:\/\/www.press7.tv\/?author=8"}]}},"amp_enabled":true,"_links":{"self":[{"href":"https:\/\/www.press7.tv\/index.php?rest_route=\/wp\/v2\/posts\/22756","targetHints":{"allow":["GET"]}}],"collection":[{"href":"https:\/\/www.press7.tv\/index.php?rest_route=\/wp\/v2\/posts"}],"about":[{"href":"https:\/\/www.press7.tv\/index.php?rest_route=\/wp\/v2\/types\/post"}],"author":[{"embeddable":true,"href":"https:\/\/www.press7.tv\/index.php?rest_route=\/wp\/v2\/users\/8"}],"replies":[{"embeddable":true,"href":"https:\/\/www.press7.tv\/index.php?rest_route=%2Fwp%2Fv2%2Fcomments&post=22756"}],"version-history":[{"count":1,"href":"https:\/\/www.press7.tv\/index.php?rest_route=\/wp\/v2\/posts\/22756\/revisions"}],"predecessor-version":[{"id":22758,"href":"https:\/\/www.press7.tv\/index.php?rest_route=\/wp\/v2\/posts\/22756\/revisions\/22758"}],"wp:featuredmedia":[{"embeddable":true,"href":"https:\/\/www.press7.tv\/index.php?rest_route=\/wp\/v2\/media\/22757"}],"wp:attachment":[{"href":"https:\/\/www.press7.tv\/index.php?rest_route=%2Fwp%2Fv2%2Fmedia&parent=22756"}],"wp:term":[{"taxonomy":"category","embeddable":true,"href":"https:\/\/www.press7.tv\/index.php?rest_route=%2Fwp%2Fv2%2Fcategories&post=22756"},{"taxonomy":"post_tag","embeddable":true,"href":"https:\/\/www.press7.tv\/index.php?rest_route=%2Fwp%2Fv2%2Ftags&post=22756"}],"curies":[{"name":"wp","href":"https:\/\/api.w.org\/{rel}","templated":true}]}}