{"id":22562,"date":"2025-10-11T18:04:53","date_gmt":"2025-10-11T18:04:53","guid":{"rendered":"https:\/\/www.press7.tv\/?p=22562"},"modified":"2025-10-11T18:04:53","modified_gmt":"2025-10-11T18:04:53","slug":"serbet-i-frikesohen-gjyqtarit-istvan-kovacs","status":"publish","type":"post","link":"https:\/\/www.press7.tv\/?p=22562","title":{"rendered":"Serb\u00ebt i frik\u00ebsohen gjyqtarit Istvan Kovacs"},"content":{"rendered":"\n    <div class=\"xs_social_share_widget xs_share_url before_content \t\tmain_content  wslu-style-2 wslu-share-box-shaped wslu-fill-colored wslu-share-m-5 wslu-none wslu-share-vertical wslu-theme-font-no wslu-main_content\">\n\n\t\t\n        <ul>\n\t\t\t        <\/ul>\n    <\/div> \n<p>Dueli mes Serbis\u00eb dhe Shqip\u00ebris\u00eb ka marr\u00eb v\u00ebmendje t\u00eb madhe.<\/p>\n<p>V\u00ebmendje t\u00eb madhe, mediumet serbe i kan\u00eb kushtuar edhe gjyqtarit t\u00eb ndeshjes, Istvan Kovacs.<\/p>\n<p>Kovacs \u00ebsht\u00eb gjyqtar nga Rumania, nd\u00ebrsa \u201cKurir.rs\u201d, ka shkruar p\u00ebr si\u00e7 thon\u00eb nga ky medium, \u201cskandalet\u201d n\u00eb t\u00eb kaluar\u00ebn.<\/p>\n<p>Kovacs ishte gjyqtar kryesor i finales s\u00eb Championsit nd\u00ebrmjet PSG-s\u00eb dhe Interit k\u00ebt\u00eb vit.<\/p>\n<p>Ai ishte edhe gjyqtar kryesor i duelit final t\u00eb Lig\u00ebs s\u00eb Konferenc\u00ebs mes Rom\u00ebs dhe Feyenoordit, si dhe i finales s\u00eb Lig\u00ebs s\u00eb Evrop\u00ebs mes Atalantas dhe Bayer Leverkusenit.<\/p>\n<p>\u201cKurir\u201d ka shkruar se Kovacs e kishte referuar edhe ndeshjen mes Serbis\u00eb dhe Sllovenis\u00eb n\u00eb Kampionatin Evropian n\u00eb Gjermani.<\/p>\n<p>\u201cN\u00eb vitin 2018, rumuni ishte n\u00eb qend\u00ebr t\u00eb skandalit pas ndeshjes s\u00eb Lig\u00ebs s\u00eb Kombeve mes Suedis\u00eb dhe Turqis\u00eb. Suedia fitoi fal\u00eb penalltis\u00eb s\u00eb Andreas Granqvistit n\u00eb minut\u00ebn e 71-t\u00eb, nd\u00ebrsa bashk\u00eblojtari i tij Marcus Berg, pas ndeshjes kishte dh\u00ebn\u00eb deklarat\u00eb q\u00eb ngriti shum\u00eb pluhur\u201d, ka shkruar fillimisht mediumi serb.<\/p>\n<p>Pas pjes\u00ebs s\u00eb par\u00eb shkova te gjyqtari p\u00ebr t\u2019u ankuar se nuk na dha nj\u00eb penallti pas faullit n\u00eb mua. Ai m\u00eb shikoi dhe tha: Do ta shikoj edhe nj\u00eb her\u00eb situat\u00ebn n\u00eb dhom\u00ebn e zhveshjes. N\u00ebse kam b\u00ebr\u00eb gabim, do t\u2019u jap dy penallti n\u00eb pjes\u00ebn e dyt\u00eb\u201d, ka shkruar \u201cKurir\u201d duke e kujtuar nj\u00eb deklarat\u00eb t\u00eb Bergut n\u00eb at\u00eb koh\u00eb.<\/p>\n","protected":false},"excerpt":{"rendered":"<p>Dueli mes Serbis\u00eb dhe Shqip\u00ebris\u00eb ka marr\u00eb v\u00ebmendje t\u00eb madhe. V\u00ebmendje t\u00eb madhe, mediumet serbe i kan\u00eb kushtuar edhe gjyqtarit t\u00eb ndeshjes, Istvan Kovacs. Kovacs \u00ebsht\u00eb gjyqtar nga Rumania, nd\u00ebrsa \u201cKurir.rs\u201d, ka shkruar p\u00ebr si\u00e7 thon\u00eb nga ky medium, \u201cskandalet\u201d n\u00eb t\u00eb kaluar\u00ebn. Kovacs ishte gjyqtar kryesor i finales s\u00eb Championsit nd\u00ebrmjet PSG-s\u00eb dhe Interit [&hellip;]<\/p>\n","protected":false},"author":8,"featured_media":22563,"comment_status":"closed","ping_status":"closed","sticky":false,"template":"","format":"standard","meta":{"footnotes":""},"categories":[226],"tags":[],"class_list":["post-22562","post","type-post","status-publish","format-standard","has-post-thumbnail","hentry","category-sport"],"yoast_head":"<!-- This site is optimized with the Yoast SEO plugin v25.1 - https:\/\/yoast.com\/wordpress\/plugins\/seo\/ -->\n<title>Serb\u00ebt i frik\u00ebsohen gjyqtarit Istvan Kovacs - press7.tv<\/title>\n<meta name=\"robots\" content=\"index, follow, max-snippet:-1, max-image-preview:large, max-video-preview:-1\" \/>\n<link rel=\"canonical\" href=\"https:\/\/www.press7.tv\/?p=22562\" \/>\n<meta property=\"og:locale\" content=\"en_US\" \/>\n<meta property=\"og:type\" content=\"article\" \/>\n<meta property=\"og:title\" content=\"Serb\u00ebt i frik\u00ebsohen gjyqtarit Istvan Kovacs - press7.tv\" \/>\n<meta property=\"og:description\" content=\"Dueli mes Serbis\u00eb dhe Shqip\u00ebris\u00eb ka marr\u00eb v\u00ebmendje t\u00eb madhe. V\u00ebmendje t\u00eb madhe, mediumet serbe i kan\u00eb kushtuar edhe gjyqtarit t\u00eb ndeshjes, Istvan Kovacs. Kovacs \u00ebsht\u00eb gjyqtar nga Rumania, nd\u00ebrsa \u201cKurir.rs\u201d, ka shkruar p\u00ebr si\u00e7 thon\u00eb nga ky medium, \u201cskandalet\u201d n\u00eb t\u00eb kaluar\u00ebn. Kovacs ishte gjyqtar kryesor i finales s\u00eb Championsit nd\u00ebrmjet PSG-s\u00eb dhe Interit [&hellip;]\" \/>\n<meta property=\"og:url\" content=\"https:\/\/www.press7.tv\/?p=22562\" \/>\n<meta property=\"og:site_name\" content=\"press7.tv\" \/>\n<meta property=\"article:publisher\" content=\"https:\/\/www.facebook.com\/press7.tv\" \/>\n<meta property=\"article:published_time\" content=\"2025-10-11T18:04:53+00:00\" \/>\n<meta property=\"og:image\" content=\"https:\/\/www.press7.tv\/wp-content\/uploads\/2025\/10\/IMG_9867.avif\" \/>\n\t<meta property=\"og:image:width\" content=\"640\" \/>\n\t<meta property=\"og:image:height\" content=\"460\" \/>\n\t<meta property=\"og:image:type\" content=\"image\/webp\" \/>\n<meta name=\"author\" content=\"gazetar2\" \/>\n<meta name=\"twitter:card\" content=\"summary_large_image\" \/>\n<meta name=\"twitter:label1\" content=\"Written by\" \/>\n\t<meta name=\"twitter:data1\" content=\"gazetar2\" \/>\n\t<meta name=\"twitter:label2\" content=\"Est. reading time\" \/>\n\t<meta name=\"twitter:data2\" content=\"1 minute\" \/>\n<script type=\"application\/ld+json\" class=\"yoast-schema-graph\">{\"@context\":\"https:\/\/schema.org\",\"@graph\":[{\"@type\":\"Article\",\"@id\":\"https:\/\/www.press7.tv\/?p=22562#article\",\"isPartOf\":{\"@id\":\"https:\/\/www.press7.tv\/?p=22562\"},\"author\":{\"name\":\"gazetar2\",\"@id\":\"https:\/\/www.news33.tv\/#\/schema\/person\/5a04a38a23ccdba82f9bd665cd8f9efa\"},\"headline\":\"Serb\u00ebt i frik\u00ebsohen gjyqtarit Istvan Kovacs\",\"datePublished\":\"2025-10-11T18:04:53+00:00\",\"mainEntityOfPage\":{\"@id\":\"https:\/\/www.press7.tv\/?p=22562\"},\"wordCount\":253,\"publisher\":{\"@id\":\"https:\/\/www.news33.tv\/#organization\"},\"image\":{\"@id\":\"https:\/\/www.press7.tv\/?p=22562#primaryimage\"},\"thumbnailUrl\":\"https:\/\/www.press7.tv\/wp-content\/uploads\/2025\/10\/IMG_9867.avif\",\"articleSection\":[\"Sport\"],\"inLanguage\":\"en-US\"},{\"@type\":\"WebPage\",\"@id\":\"https:\/\/www.press7.tv\/?p=22562\",\"url\":\"https:\/\/www.press7.tv\/?p=22562\",\"name\":\"Serb\u00ebt i frik\u00ebsohen gjyqtarit Istvan Kovacs - press7.tv\",\"isPartOf\":{\"@id\":\"https:\/\/www.news33.tv\/#website\"},\"primaryImageOfPage\":{\"@id\":\"https:\/\/www.press7.tv\/?p=22562#primaryimage\"},\"image\":{\"@id\":\"https:\/\/www.press7.tv\/?p=22562#primaryimage\"},\"thumbnailUrl\":\"https:\/\/www.press7.tv\/wp-content\/uploads\/2025\/10\/IMG_9867.avif\",\"datePublished\":\"2025-10-11T18:04:53+00:00\",\"breadcrumb\":{\"@id\":\"https:\/\/www.press7.tv\/?p=22562#breadcrumb\"},\"inLanguage\":\"en-US\",\"potentialAction\":[{\"@type\":\"ReadAction\",\"target\":[\"https:\/\/www.press7.tv\/?p=22562\"]}]},{\"@type\":\"ImageObject\",\"inLanguage\":\"en-US\",\"@id\":\"https:\/\/www.press7.tv\/?p=22562#primaryimage\",\"url\":\"https:\/\/www.press7.tv\/wp-content\/uploads\/2025\/10\/IMG_9867.avif\",\"contentUrl\":\"https:\/\/www.press7.tv\/wp-content\/uploads\/2025\/10\/IMG_9867.avif\",\"width\":640,\"height\":460},{\"@type\":\"BreadcrumbList\",\"@id\":\"https:\/\/www.press7.tv\/?p=22562#breadcrumb\",\"itemListElement\":[{\"@type\":\"ListItem\",\"position\":1,\"name\":\"Home\",\"item\":\"https:\/\/www.press7.tv\/\"},{\"@type\":\"ListItem\",\"position\":2,\"name\":\"Serb\u00ebt i frik\u00ebsohen gjyqtarit Istvan Kovacs\"}]},{\"@type\":\"WebSite\",\"@id\":\"https:\/\/www.news33.tv\/#website\",\"url\":\"https:\/\/www.news33.tv\/\",\"name\":\"News33.tv Media\",\"description\":\"Media\",\"publisher\":{\"@id\":\"https:\/\/www.news33.tv\/#organization\"},\"potentialAction\":[{\"@type\":\"SearchAction\",\"target\":{\"@type\":\"EntryPoint\",\"urlTemplate\":\"https:\/\/www.news33.tv\/?s={search_term_string}\"},\"query-input\":{\"@type\":\"PropertyValueSpecification\",\"valueRequired\":true,\"valueName\":\"search_term_string\"}}],\"inLanguage\":\"en-US\"},{\"@type\":\"Organization\",\"@id\":\"https:\/\/www.news33.tv\/#organization\",\"name\":\"News33.tv Media\",\"url\":\"https:\/\/www.news33.tv\/\",\"logo\":{\"@type\":\"ImageObject\",\"inLanguage\":\"en-US\",\"@id\":\"https:\/\/www.news33.tv\/#\/schema\/logo\/image\/\",\"url\":\"https:\/\/www.press7.tv\/wp-content\/uploads\/2024\/02\/logo-news33-black.png\",\"contentUrl\":\"https:\/\/www.press7.tv\/wp-content\/uploads\/2024\/02\/logo-news33-black.png\",\"width\":180,\"height\":37,\"caption\":\"News33.tv Media\"},\"image\":{\"@id\":\"https:\/\/www.news33.tv\/#\/schema\/logo\/image\/\"},\"sameAs\":[\"https:\/\/www.facebook.com\/press7.tv\"]},{\"@type\":\"Person\",\"@id\":\"https:\/\/www.news33.tv\/#\/schema\/person\/5a04a38a23ccdba82f9bd665cd8f9efa\",\"name\":\"gazetar2\",\"image\":{\"@type\":\"ImageObject\",\"inLanguage\":\"en-US\",\"@id\":\"https:\/\/www.news33.tv\/#\/schema\/person\/image\/\",\"url\":\"https:\/\/www.press7.tv\/wp-content\/litespeed\/avatar\/41975e402c3049d9ddb03adca8f7a883.jpg?ver=1776564768\",\"contentUrl\":\"https:\/\/www.press7.tv\/wp-content\/litespeed\/avatar\/41975e402c3049d9ddb03adca8f7a883.jpg?ver=1776564768\",\"caption\":\"gazetar2\"},\"url\":\"https:\/\/www.press7.tv\/?author=8\"}]}<\/script>\n<!-- \/ Yoast SEO plugin. -->","yoast_head_json":{"title":"Serb\u00ebt i frik\u00ebsohen gjyqtarit Istvan Kovacs - press7.tv","robots":{"index":"index","follow":"follow","max-snippet":"max-snippet:-1","max-image-preview":"max-image-preview:large","max-video-preview":"max-video-preview:-1"},"canonical":"https:\/\/www.press7.tv\/?p=22562","og_locale":"en_US","og_type":"article","og_title":"Serb\u00ebt i frik\u00ebsohen gjyqtarit Istvan Kovacs - press7.tv","og_description":"Dueli mes Serbis\u00eb dhe Shqip\u00ebris\u00eb ka marr\u00eb v\u00ebmendje t\u00eb madhe. V\u00ebmendje t\u00eb madhe, mediumet serbe i kan\u00eb kushtuar edhe gjyqtarit t\u00eb ndeshjes, Istvan Kovacs. Kovacs \u00ebsht\u00eb gjyqtar nga Rumania, nd\u00ebrsa \u201cKurir.rs\u201d, ka shkruar p\u00ebr si\u00e7 thon\u00eb nga ky medium, \u201cskandalet\u201d n\u00eb t\u00eb kaluar\u00ebn. Kovacs ishte gjyqtar kryesor i finales s\u00eb Championsit nd\u00ebrmjet PSG-s\u00eb dhe Interit [&hellip;]","og_url":"https:\/\/www.press7.tv\/?p=22562","og_site_name":"press7.tv","article_publisher":"https:\/\/www.facebook.com\/press7.tv","article_published_time":"2025-10-11T18:04:53+00:00","og_image":[{"width":640,"height":460,"url":"https:\/\/www.press7.tv\/wp-content\/uploads\/2025\/10\/IMG_9867.avif","type":"image\/webp"}],"author":"gazetar2","twitter_card":"summary_large_image","twitter_misc":{"Written by":"gazetar2","Est. reading time":"1 minute"},"schema":{"@context":"https:\/\/schema.org","@graph":[{"@type":"Article","@id":"https:\/\/www.press7.tv\/?p=22562#article","isPartOf":{"@id":"https:\/\/www.press7.tv\/?p=22562"},"author":{"name":"gazetar2","@id":"https:\/\/www.news33.tv\/#\/schema\/person\/5a04a38a23ccdba82f9bd665cd8f9efa"},"headline":"Serb\u00ebt i frik\u00ebsohen gjyqtarit Istvan Kovacs","datePublished":"2025-10-11T18:04:53+00:00","mainEntityOfPage":{"@id":"https:\/\/www.press7.tv\/?p=22562"},"wordCount":253,"publisher":{"@id":"https:\/\/www.news33.tv\/#organization"},"image":{"@id":"https:\/\/www.press7.tv\/?p=22562#primaryimage"},"thumbnailUrl":"https:\/\/www.press7.tv\/wp-content\/uploads\/2025\/10\/IMG_9867.avif","articleSection":["Sport"],"inLanguage":"en-US"},{"@type":"WebPage","@id":"https:\/\/www.press7.tv\/?p=22562","url":"https:\/\/www.press7.tv\/?p=22562","name":"Serb\u00ebt i frik\u00ebsohen gjyqtarit Istvan Kovacs - press7.tv","isPartOf":{"@id":"https:\/\/www.news33.tv\/#website"},"primaryImageOfPage":{"@id":"https:\/\/www.press7.tv\/?p=22562#primaryimage"},"image":{"@id":"https:\/\/www.press7.tv\/?p=22562#primaryimage"},"thumbnailUrl":"https:\/\/www.press7.tv\/wp-content\/uploads\/2025\/10\/IMG_9867.avif","datePublished":"2025-10-11T18:04:53+00:00","breadcrumb":{"@id":"https:\/\/www.press7.tv\/?p=22562#breadcrumb"},"inLanguage":"en-US","potentialAction":[{"@type":"ReadAction","target":["https:\/\/www.press7.tv\/?p=22562"]}]},{"@type":"ImageObject","inLanguage":"en-US","@id":"https:\/\/www.press7.tv\/?p=22562#primaryimage","url":"https:\/\/www.press7.tv\/wp-content\/uploads\/2025\/10\/IMG_9867.avif","contentUrl":"https:\/\/www.press7.tv\/wp-content\/uploads\/2025\/10\/IMG_9867.avif","width":640,"height":460},{"@type":"BreadcrumbList","@id":"https:\/\/www.press7.tv\/?p=22562#breadcrumb","itemListElement":[{"@type":"ListItem","position":1,"name":"Home","item":"https:\/\/www.press7.tv\/"},{"@type":"ListItem","position":2,"name":"Serb\u00ebt i frik\u00ebsohen gjyqtarit Istvan Kovacs"}]},{"@type":"WebSite","@id":"https:\/\/www.news33.tv\/#website","url":"https:\/\/www.news33.tv\/","name":"News33.tv Media","description":"Media","publisher":{"@id":"https:\/\/www.news33.tv\/#organization"},"potentialAction":[{"@type":"SearchAction","target":{"@type":"EntryPoint","urlTemplate":"https:\/\/www.news33.tv\/?s={search_term_string}"},"query-input":{"@type":"PropertyValueSpecification","valueRequired":true,"valueName":"search_term_string"}}],"inLanguage":"en-US"},{"@type":"Organization","@id":"https:\/\/www.news33.tv\/#organization","name":"News33.tv Media","url":"https:\/\/www.news33.tv\/","logo":{"@type":"ImageObject","inLanguage":"en-US","@id":"https:\/\/www.news33.tv\/#\/schema\/logo\/image\/","url":"https:\/\/www.press7.tv\/wp-content\/uploads\/2024\/02\/logo-news33-black.png","contentUrl":"https:\/\/www.press7.tv\/wp-content\/uploads\/2024\/02\/logo-news33-black.png","width":180,"height":37,"caption":"News33.tv Media"},"image":{"@id":"https:\/\/www.news33.tv\/#\/schema\/logo\/image\/"},"sameAs":["https:\/\/www.facebook.com\/press7.tv"]},{"@type":"Person","@id":"https:\/\/www.news33.tv\/#\/schema\/person\/5a04a38a23ccdba82f9bd665cd8f9efa","name":"gazetar2","image":{"@type":"ImageObject","inLanguage":"en-US","@id":"https:\/\/www.news33.tv\/#\/schema\/person\/image\/","url":"https:\/\/www.press7.tv\/wp-content\/litespeed\/avatar\/41975e402c3049d9ddb03adca8f7a883.jpg?ver=1776564768","contentUrl":"https:\/\/www.press7.tv\/wp-content\/litespeed\/avatar\/41975e402c3049d9ddb03adca8f7a883.jpg?ver=1776564768","caption":"gazetar2"},"url":"https:\/\/www.press7.tv\/?author=8"}]}},"amp_enabled":true,"_links":{"self":[{"href":"https:\/\/www.press7.tv\/index.php?rest_route=\/wp\/v2\/posts\/22562","targetHints":{"allow":["GET"]}}],"collection":[{"href":"https:\/\/www.press7.tv\/index.php?rest_route=\/wp\/v2\/posts"}],"about":[{"href":"https:\/\/www.press7.tv\/index.php?rest_route=\/wp\/v2\/types\/post"}],"author":[{"embeddable":true,"href":"https:\/\/www.press7.tv\/index.php?rest_route=\/wp\/v2\/users\/8"}],"replies":[{"embeddable":true,"href":"https:\/\/www.press7.tv\/index.php?rest_route=%2Fwp%2Fv2%2Fcomments&post=22562"}],"version-history":[{"count":1,"href":"https:\/\/www.press7.tv\/index.php?rest_route=\/wp\/v2\/posts\/22562\/revisions"}],"predecessor-version":[{"id":22564,"href":"https:\/\/www.press7.tv\/index.php?rest_route=\/wp\/v2\/posts\/22562\/revisions\/22564"}],"wp:featuredmedia":[{"embeddable":true,"href":"https:\/\/www.press7.tv\/index.php?rest_route=\/wp\/v2\/media\/22563"}],"wp:attachment":[{"href":"https:\/\/www.press7.tv\/index.php?rest_route=%2Fwp%2Fv2%2Fmedia&parent=22562"}],"wp:term":[{"taxonomy":"category","embeddable":true,"href":"https:\/\/www.press7.tv\/index.php?rest_route=%2Fwp%2Fv2%2Fcategories&post=22562"},{"taxonomy":"post_tag","embeddable":true,"href":"https:\/\/www.press7.tv\/index.php?rest_route=%2Fwp%2Fv2%2Ftags&post=22562"}],"curies":[{"name":"wp","href":"https:\/\/api.w.org\/{rel}","templated":true}]}}