{"id":22550,"date":"2025-10-11T09:14:17","date_gmt":"2025-10-11T09:14:17","guid":{"rendered":"https:\/\/www.press7.tv\/?p=22550"},"modified":"2025-10-11T09:14:17","modified_gmt":"2025-10-11T09:14:17","slug":"melania-trump-thote-se-8-femije-ukrainas-jane-ribashkuar-me-familjet-pas-bisedimeve-me-putinin","status":"publish","type":"post","link":"https:\/\/www.press7.tv\/?p=22550","title":{"rendered":"Melania Trump thot\u00eb se 8 f\u00ebmij\u00eb ukrainas jan\u00eb ribashkuar me familjet pas bisedimeve me Putinin"},"content":{"rendered":"\n    <div class=\"xs_social_share_widget xs_share_url before_content \t\tmain_content  wslu-style-2 wslu-share-box-shaped wslu-fill-colored wslu-share-m-5 wslu-none wslu-share-vertical wslu-theme-font-no wslu-main_content\">\n\n\t\t\n        <ul>\n\t\t\t        <\/ul>\n    <\/div> \n<p>Zonja e Par\u00eb e Shteteve t\u00eb Bashkuara, Melania Trump, tha se tet\u00eb f\u00ebmij\u00eb ukrainas jan\u00eb ribashkuar me familjet e tyre n\u00eb 24 or\u00ebt e fundit n\u00eb \u201cnj\u00eb p\u00ebrpjekje t\u00eb vazhdueshme\u201d q\u00eb vjen pas tre muajsh komunikim t\u00eb drejtp\u00ebrdrejt\u00eb me presidentin rus, Vladimir Putin.<\/p>\n<p>Melania Trump tha se Putin kishte reaguar ndaj letr\u00ebs s\u00eb saj, p\u00ebrmes s\u00eb cil\u00ebs ajo ngriti \u00e7\u00ebshtjen e f\u00ebmij\u00ebve n\u00eb Ukrain\u00eb dhe Rusi. K\u00ebt\u00eb let\u00ebr, presidenti amerikan, Donald Trump, ia kishte dor\u00ebzuar homologut t\u00eb tij rus gjat\u00eb takimit t\u00eb tyre n\u00eb Alask\u00eb gjat\u00eb muajit gusht.<\/p>\n<p>Ai mu p\u00ebrgjigj me shkrim, duke treguar gatishm\u00ebri p\u00ebr t\u2019u angazhuar me mua direkt dhe duke dh\u00ebn\u00eb detaje sa i p\u00ebrket f\u00ebmij\u00ebve ukrainas q\u00eb jetojn\u00eb n\u00eb Rusi\u201d, tha ajo p\u00ebr gazetar\u00ebt n\u00eb Sht\u00ebpin\u00eb e Bardh\u00eb m\u00eb 10 tetor.<\/p>\n<p>\u201cRusia ka treguar gatishm\u00ebri p\u00ebr t\u00eb zbuluar informacione objektive dhe t\u00eb detajuara q\u00eb pasqyrojn\u00eb situat\u00ebn aktuale\u201d, shtoi ajo.<\/p>\n<p>Melania Trump m\u00eb pas njoftoi se tet\u00eb f\u00ebmij\u00eb ukrainas ve\u00e7se jan\u00eb ribashkuar me familjet e tyre, duke shtuar se ajo kishte marr\u00eb \u201cnj\u00eb raport t\u00eb detajuar\u201d p\u00ebr ta.<\/p>\n<p>\u201cNe duhet t\u00eb nd\u00ebrtojm\u00eb nj\u00eb t\u00eb ardhme p\u00ebr f\u00ebmij\u00ebt tan\u00eb q\u00eb \u00ebsht\u00eb e pasur me potencial, e sigurt dhe e mbushur me vullnet t\u00eb lir\u00eb\u201d, tha ajo.<\/p>\n<p>Pushtimi rus i Ukrain\u00ebs \u2013 q\u00eb nisi m\u00eb 2022 \u2013 ka b\u00ebr\u00eb q\u00eb mij\u00ebra f\u00ebmij\u00eb ukrainas t\u00eb p\u00ebrfundojn\u00eb n\u00eb Rusi apo n\u00eb territore t\u00eb kontrolluara nga rus\u00ebt n\u00eb Ukrain\u00eb.<\/p>\n<p>Gjykata Nd\u00ebrkomb\u00ebtare Penale ka l\u00ebshuar fletarrestime m\u00eb 2023 p\u00ebr Putinin dhe komisionaren ruse p\u00ebr t\u00eb drejtat e f\u00ebmij\u00ebve, Maria Lvova-Belova, n\u00eb lidhje me d\u00ebbimin e f\u00ebmij\u00ebve ukrainas.<\/p>\n<p>Rusia ka mohuar \u00e7do keqb\u00ebrje dhe ka pretenduar se po se evakuonte f\u00ebmij\u00ebt ukrainas nga zonat e konfliktit p\u00ebr t\u2019u ofruar atyre mbrojtje nga lufta.<\/p>\n<p>N\u00eb fillim t\u00eb vitit 2025, Kievi vler\u00ebsoi se m\u00eb shum\u00eb se 19.500 f\u00ebmij\u00eb ukrainas po mbaheshin nga Rusia.<\/p>\n<p>Gjat\u00eb takimit t\u00eb tyre n\u00eb margjinat e Asambles\u00eb s\u00eb P\u00ebrgjithshme t\u00eb Kombeve t\u00eb Bashkuara n\u00eb fund t\u00eb shtatorit, Zonja e Par\u00eb e Ukrain\u00ebs, Olena Zelenska, e fal\u00ebnderoi Melania Trumpin p\u00ebr \u201cmb\u00ebshtetjen ndaj Ukrain\u00ebs\u201d dhe p\u00ebr \u201cv\u00ebmendjen e ve\u00e7ant\u00eb ndaj f\u00ebmij\u00ebve q\u00eb u b\u00ebn\u00eb viktima t\u00eb luft\u00ebs brutale t\u00eb Rusis\u00eb\u201d.<\/p>\n","protected":false},"excerpt":{"rendered":"<p>Zonja e Par\u00eb e Shteteve t\u00eb Bashkuara, Melania Trump, tha se tet\u00eb f\u00ebmij\u00eb ukrainas jan\u00eb ribashkuar me familjet e tyre n\u00eb 24 or\u00ebt e fundit n\u00eb \u201cnj\u00eb p\u00ebrpjekje t\u00eb vazhdueshme\u201d q\u00eb vjen pas tre muajsh komunikim t\u00eb drejtp\u00ebrdrejt\u00eb me presidentin rus, Vladimir Putin. Melania Trump tha se Putin kishte reaguar ndaj letr\u00ebs s\u00eb saj, p\u00ebrmes [&hellip;]<\/p>\n","protected":false},"author":8,"featured_media":22551,"comment_status":"closed","ping_status":"closed","sticky":false,"template":"","format":"standard","meta":{"footnotes":""},"categories":[217,213],"tags":[],"class_list":["post-22550","post","type-post","status-publish","format-standard","has-post-thumbnail","hentry","category-bote","category-lajme"],"yoast_head":"<!-- This site is optimized with the Yoast SEO plugin v25.1 - https:\/\/yoast.com\/wordpress\/plugins\/seo\/ -->\n<title>Melania Trump thot\u00eb se 8 f\u00ebmij\u00eb ukrainas jan\u00eb ribashkuar me familjet pas bisedimeve me Putinin - press7.tv<\/title>\n<meta name=\"robots\" content=\"index, follow, max-snippet:-1, max-image-preview:large, max-video-preview:-1\" \/>\n<link rel=\"canonical\" href=\"https:\/\/www.press7.tv\/?p=22550\" \/>\n<meta property=\"og:locale\" content=\"en_US\" \/>\n<meta property=\"og:type\" content=\"article\" \/>\n<meta property=\"og:title\" content=\"Melania Trump thot\u00eb se 8 f\u00ebmij\u00eb ukrainas jan\u00eb ribashkuar me familjet pas bisedimeve me Putinin - press7.tv\" \/>\n<meta property=\"og:description\" content=\"Zonja e Par\u00eb e Shteteve t\u00eb Bashkuara, Melania Trump, tha se tet\u00eb f\u00ebmij\u00eb ukrainas jan\u00eb ribashkuar me familjet e tyre n\u00eb 24 or\u00ebt e fundit n\u00eb \u201cnj\u00eb p\u00ebrpjekje t\u00eb vazhdueshme\u201d q\u00eb vjen pas tre muajsh komunikim t\u00eb drejtp\u00ebrdrejt\u00eb me presidentin rus, Vladimir Putin. Melania Trump tha se Putin kishte reaguar ndaj letr\u00ebs s\u00eb saj, p\u00ebrmes [&hellip;]\" \/>\n<meta property=\"og:url\" content=\"https:\/\/www.press7.tv\/?p=22550\" \/>\n<meta property=\"og:site_name\" content=\"press7.tv\" \/>\n<meta property=\"article:publisher\" content=\"https:\/\/www.facebook.com\/press7.tv\" \/>\n<meta property=\"article:published_time\" content=\"2025-10-11T09:14:17+00:00\" \/>\n<meta property=\"og:image\" content=\"https:\/\/www.press7.tv\/wp-content\/uploads\/2025\/10\/IMG_9856.avif\" \/>\n\t<meta property=\"og:image:width\" content=\"1242\" \/>\n\t<meta property=\"og:image:height\" content=\"720\" \/>\n\t<meta property=\"og:image:type\" content=\"image\/jpeg\" \/>\n<meta name=\"author\" content=\"gazetar2\" \/>\n<meta name=\"twitter:card\" content=\"summary_large_image\" \/>\n<meta name=\"twitter:label1\" content=\"Written by\" \/>\n\t<meta name=\"twitter:data1\" content=\"gazetar2\" \/>\n\t<meta name=\"twitter:label2\" content=\"Est. reading time\" \/>\n\t<meta name=\"twitter:data2\" content=\"1 minute\" \/>\n<script type=\"application\/ld+json\" class=\"yoast-schema-graph\">{\"@context\":\"https:\/\/schema.org\",\"@graph\":[{\"@type\":\"Article\",\"@id\":\"https:\/\/www.press7.tv\/?p=22550#article\",\"isPartOf\":{\"@id\":\"https:\/\/www.press7.tv\/?p=22550\"},\"author\":{\"name\":\"gazetar2\",\"@id\":\"https:\/\/www.news33.tv\/#\/schema\/person\/5a04a38a23ccdba82f9bd665cd8f9efa\"},\"headline\":\"Melania Trump thot\u00eb se 8 f\u00ebmij\u00eb ukrainas jan\u00eb ribashkuar me familjet pas bisedimeve me Putinin\",\"datePublished\":\"2025-10-11T09:14:17+00:00\",\"mainEntityOfPage\":{\"@id\":\"https:\/\/www.press7.tv\/?p=22550\"},\"wordCount\":423,\"publisher\":{\"@id\":\"https:\/\/www.news33.tv\/#organization\"},\"image\":{\"@id\":\"https:\/\/www.press7.tv\/?p=22550#primaryimage\"},\"thumbnailUrl\":\"https:\/\/www.press7.tv\/wp-content\/uploads\/2025\/10\/IMG_9856.avif\",\"articleSection\":[\"Bot\u00eb\",\"Lajme\"],\"inLanguage\":\"en-US\"},{\"@type\":\"WebPage\",\"@id\":\"https:\/\/www.press7.tv\/?p=22550\",\"url\":\"https:\/\/www.press7.tv\/?p=22550\",\"name\":\"Melania Trump thot\u00eb se 8 f\u00ebmij\u00eb ukrainas jan\u00eb ribashkuar me familjet pas bisedimeve me Putinin - press7.tv\",\"isPartOf\":{\"@id\":\"https:\/\/www.news33.tv\/#website\"},\"primaryImageOfPage\":{\"@id\":\"https:\/\/www.press7.tv\/?p=22550#primaryimage\"},\"image\":{\"@id\":\"https:\/\/www.press7.tv\/?p=22550#primaryimage\"},\"thumbnailUrl\":\"https:\/\/www.press7.tv\/wp-content\/uploads\/2025\/10\/IMG_9856.avif\",\"datePublished\":\"2025-10-11T09:14:17+00:00\",\"breadcrumb\":{\"@id\":\"https:\/\/www.press7.tv\/?p=22550#breadcrumb\"},\"inLanguage\":\"en-US\",\"potentialAction\":[{\"@type\":\"ReadAction\",\"target\":[\"https:\/\/www.press7.tv\/?p=22550\"]}]},{\"@type\":\"ImageObject\",\"inLanguage\":\"en-US\",\"@id\":\"https:\/\/www.press7.tv\/?p=22550#primaryimage\",\"url\":\"https:\/\/www.press7.tv\/wp-content\/uploads\/2025\/10\/IMG_9856.avif\",\"contentUrl\":\"https:\/\/www.press7.tv\/wp-content\/uploads\/2025\/10\/IMG_9856.avif\",\"width\":1242,\"height\":720,\"caption\":\"Screenshot\"},{\"@type\":\"BreadcrumbList\",\"@id\":\"https:\/\/www.press7.tv\/?p=22550#breadcrumb\",\"itemListElement\":[{\"@type\":\"ListItem\",\"position\":1,\"name\":\"Home\",\"item\":\"https:\/\/www.press7.tv\/\"},{\"@type\":\"ListItem\",\"position\":2,\"name\":\"Melania Trump thot\u00eb se 8 f\u00ebmij\u00eb ukrainas jan\u00eb ribashkuar me familjet pas bisedimeve me Putinin\"}]},{\"@type\":\"WebSite\",\"@id\":\"https:\/\/www.news33.tv\/#website\",\"url\":\"https:\/\/www.news33.tv\/\",\"name\":\"News33.tv Media\",\"description\":\"Media\",\"publisher\":{\"@id\":\"https:\/\/www.news33.tv\/#organization\"},\"potentialAction\":[{\"@type\":\"SearchAction\",\"target\":{\"@type\":\"EntryPoint\",\"urlTemplate\":\"https:\/\/www.news33.tv\/?s={search_term_string}\"},\"query-input\":{\"@type\":\"PropertyValueSpecification\",\"valueRequired\":true,\"valueName\":\"search_term_string\"}}],\"inLanguage\":\"en-US\"},{\"@type\":\"Organization\",\"@id\":\"https:\/\/www.news33.tv\/#organization\",\"name\":\"News33.tv Media\",\"url\":\"https:\/\/www.news33.tv\/\",\"logo\":{\"@type\":\"ImageObject\",\"inLanguage\":\"en-US\",\"@id\":\"https:\/\/www.news33.tv\/#\/schema\/logo\/image\/\",\"url\":\"https:\/\/www.press7.tv\/wp-content\/uploads\/2024\/02\/logo-news33-black.png\",\"contentUrl\":\"https:\/\/www.press7.tv\/wp-content\/uploads\/2024\/02\/logo-news33-black.png\",\"width\":180,\"height\":37,\"caption\":\"News33.tv Media\"},\"image\":{\"@id\":\"https:\/\/www.news33.tv\/#\/schema\/logo\/image\/\"},\"sameAs\":[\"https:\/\/www.facebook.com\/press7.tv\"]},{\"@type\":\"Person\",\"@id\":\"https:\/\/www.news33.tv\/#\/schema\/person\/5a04a38a23ccdba82f9bd665cd8f9efa\",\"name\":\"gazetar2\",\"image\":{\"@type\":\"ImageObject\",\"inLanguage\":\"en-US\",\"@id\":\"https:\/\/www.news33.tv\/#\/schema\/person\/image\/\",\"url\":\"https:\/\/www.press7.tv\/wp-content\/litespeed\/avatar\/41975e402c3049d9ddb03adca8f7a883.jpg?ver=1776564768\",\"contentUrl\":\"https:\/\/www.press7.tv\/wp-content\/litespeed\/avatar\/41975e402c3049d9ddb03adca8f7a883.jpg?ver=1776564768\",\"caption\":\"gazetar2\"},\"url\":\"https:\/\/www.press7.tv\/?author=8\"}]}<\/script>\n<!-- \/ Yoast SEO plugin. -->","yoast_head_json":{"title":"Melania Trump thot\u00eb se 8 f\u00ebmij\u00eb ukrainas jan\u00eb ribashkuar me familjet pas bisedimeve me Putinin - press7.tv","robots":{"index":"index","follow":"follow","max-snippet":"max-snippet:-1","max-image-preview":"max-image-preview:large","max-video-preview":"max-video-preview:-1"},"canonical":"https:\/\/www.press7.tv\/?p=22550","og_locale":"en_US","og_type":"article","og_title":"Melania Trump thot\u00eb se 8 f\u00ebmij\u00eb ukrainas jan\u00eb ribashkuar me familjet pas bisedimeve me Putinin - press7.tv","og_description":"Zonja e Par\u00eb e Shteteve t\u00eb Bashkuara, Melania Trump, tha se tet\u00eb f\u00ebmij\u00eb ukrainas jan\u00eb ribashkuar me familjet e tyre n\u00eb 24 or\u00ebt e fundit n\u00eb \u201cnj\u00eb p\u00ebrpjekje t\u00eb vazhdueshme\u201d q\u00eb vjen pas tre muajsh komunikim t\u00eb drejtp\u00ebrdrejt\u00eb me presidentin rus, Vladimir Putin. Melania Trump tha se Putin kishte reaguar ndaj letr\u00ebs s\u00eb saj, p\u00ebrmes [&hellip;]","og_url":"https:\/\/www.press7.tv\/?p=22550","og_site_name":"press7.tv","article_publisher":"https:\/\/www.facebook.com\/press7.tv","article_published_time":"2025-10-11T09:14:17+00:00","og_image":[{"width":1242,"height":720,"url":"https:\/\/www.press7.tv\/wp-content\/uploads\/2025\/10\/IMG_9856.avif","type":"image\/jpeg"}],"author":"gazetar2","twitter_card":"summary_large_image","twitter_misc":{"Written by":"gazetar2","Est. reading time":"1 minute"},"schema":{"@context":"https:\/\/schema.org","@graph":[{"@type":"Article","@id":"https:\/\/www.press7.tv\/?p=22550#article","isPartOf":{"@id":"https:\/\/www.press7.tv\/?p=22550"},"author":{"name":"gazetar2","@id":"https:\/\/www.news33.tv\/#\/schema\/person\/5a04a38a23ccdba82f9bd665cd8f9efa"},"headline":"Melania Trump thot\u00eb se 8 f\u00ebmij\u00eb ukrainas jan\u00eb ribashkuar me familjet pas bisedimeve me Putinin","datePublished":"2025-10-11T09:14:17+00:00","mainEntityOfPage":{"@id":"https:\/\/www.press7.tv\/?p=22550"},"wordCount":423,"publisher":{"@id":"https:\/\/www.news33.tv\/#organization"},"image":{"@id":"https:\/\/www.press7.tv\/?p=22550#primaryimage"},"thumbnailUrl":"https:\/\/www.press7.tv\/wp-content\/uploads\/2025\/10\/IMG_9856.avif","articleSection":["Bot\u00eb","Lajme"],"inLanguage":"en-US"},{"@type":"WebPage","@id":"https:\/\/www.press7.tv\/?p=22550","url":"https:\/\/www.press7.tv\/?p=22550","name":"Melania Trump thot\u00eb se 8 f\u00ebmij\u00eb ukrainas jan\u00eb ribashkuar me familjet pas bisedimeve me Putinin - press7.tv","isPartOf":{"@id":"https:\/\/www.news33.tv\/#website"},"primaryImageOfPage":{"@id":"https:\/\/www.press7.tv\/?p=22550#primaryimage"},"image":{"@id":"https:\/\/www.press7.tv\/?p=22550#primaryimage"},"thumbnailUrl":"https:\/\/www.press7.tv\/wp-content\/uploads\/2025\/10\/IMG_9856.avif","datePublished":"2025-10-11T09:14:17+00:00","breadcrumb":{"@id":"https:\/\/www.press7.tv\/?p=22550#breadcrumb"},"inLanguage":"en-US","potentialAction":[{"@type":"ReadAction","target":["https:\/\/www.press7.tv\/?p=22550"]}]},{"@type":"ImageObject","inLanguage":"en-US","@id":"https:\/\/www.press7.tv\/?p=22550#primaryimage","url":"https:\/\/www.press7.tv\/wp-content\/uploads\/2025\/10\/IMG_9856.avif","contentUrl":"https:\/\/www.press7.tv\/wp-content\/uploads\/2025\/10\/IMG_9856.avif","width":1242,"height":720,"caption":"Screenshot"},{"@type":"BreadcrumbList","@id":"https:\/\/www.press7.tv\/?p=22550#breadcrumb","itemListElement":[{"@type":"ListItem","position":1,"name":"Home","item":"https:\/\/www.press7.tv\/"},{"@type":"ListItem","position":2,"name":"Melania Trump thot\u00eb se 8 f\u00ebmij\u00eb ukrainas jan\u00eb ribashkuar me familjet pas bisedimeve me Putinin"}]},{"@type":"WebSite","@id":"https:\/\/www.news33.tv\/#website","url":"https:\/\/www.news33.tv\/","name":"News33.tv Media","description":"Media","publisher":{"@id":"https:\/\/www.news33.tv\/#organization"},"potentialAction":[{"@type":"SearchAction","target":{"@type":"EntryPoint","urlTemplate":"https:\/\/www.news33.tv\/?s={search_term_string}"},"query-input":{"@type":"PropertyValueSpecification","valueRequired":true,"valueName":"search_term_string"}}],"inLanguage":"en-US"},{"@type":"Organization","@id":"https:\/\/www.news33.tv\/#organization","name":"News33.tv Media","url":"https:\/\/www.news33.tv\/","logo":{"@type":"ImageObject","inLanguage":"en-US","@id":"https:\/\/www.news33.tv\/#\/schema\/logo\/image\/","url":"https:\/\/www.press7.tv\/wp-content\/uploads\/2024\/02\/logo-news33-black.png","contentUrl":"https:\/\/www.press7.tv\/wp-content\/uploads\/2024\/02\/logo-news33-black.png","width":180,"height":37,"caption":"News33.tv Media"},"image":{"@id":"https:\/\/www.news33.tv\/#\/schema\/logo\/image\/"},"sameAs":["https:\/\/www.facebook.com\/press7.tv"]},{"@type":"Person","@id":"https:\/\/www.news33.tv\/#\/schema\/person\/5a04a38a23ccdba82f9bd665cd8f9efa","name":"gazetar2","image":{"@type":"ImageObject","inLanguage":"en-US","@id":"https:\/\/www.news33.tv\/#\/schema\/person\/image\/","url":"https:\/\/www.press7.tv\/wp-content\/litespeed\/avatar\/41975e402c3049d9ddb03adca8f7a883.jpg?ver=1776564768","contentUrl":"https:\/\/www.press7.tv\/wp-content\/litespeed\/avatar\/41975e402c3049d9ddb03adca8f7a883.jpg?ver=1776564768","caption":"gazetar2"},"url":"https:\/\/www.press7.tv\/?author=8"}]}},"amp_enabled":true,"_links":{"self":[{"href":"https:\/\/www.press7.tv\/index.php?rest_route=\/wp\/v2\/posts\/22550","targetHints":{"allow":["GET"]}}],"collection":[{"href":"https:\/\/www.press7.tv\/index.php?rest_route=\/wp\/v2\/posts"}],"about":[{"href":"https:\/\/www.press7.tv\/index.php?rest_route=\/wp\/v2\/types\/post"}],"author":[{"embeddable":true,"href":"https:\/\/www.press7.tv\/index.php?rest_route=\/wp\/v2\/users\/8"}],"replies":[{"embeddable":true,"href":"https:\/\/www.press7.tv\/index.php?rest_route=%2Fwp%2Fv2%2Fcomments&post=22550"}],"version-history":[{"count":1,"href":"https:\/\/www.press7.tv\/index.php?rest_route=\/wp\/v2\/posts\/22550\/revisions"}],"predecessor-version":[{"id":22552,"href":"https:\/\/www.press7.tv\/index.php?rest_route=\/wp\/v2\/posts\/22550\/revisions\/22552"}],"wp:featuredmedia":[{"embeddable":true,"href":"https:\/\/www.press7.tv\/index.php?rest_route=\/wp\/v2\/media\/22551"}],"wp:attachment":[{"href":"https:\/\/www.press7.tv\/index.php?rest_route=%2Fwp%2Fv2%2Fmedia&parent=22550"}],"wp:term":[{"taxonomy":"category","embeddable":true,"href":"https:\/\/www.press7.tv\/index.php?rest_route=%2Fwp%2Fv2%2Fcategories&post=22550"},{"taxonomy":"post_tag","embeddable":true,"href":"https:\/\/www.press7.tv\/index.php?rest_route=%2Fwp%2Fv2%2Ftags&post=22550"}],"curies":[{"name":"wp","href":"https:\/\/api.w.org\/{rel}","templated":true}]}}