{"id":21992,"date":"2025-09-15T15:35:05","date_gmt":"2025-09-15T15:35:05","guid":{"rendered":"https:\/\/www.press7.tv\/?p=21992"},"modified":"2025-09-15T15:35:05","modified_gmt":"2025-09-15T15:35:05","slug":"ndalohet-nje-person-per-krime-lufte-ne-kosove","status":"publish","type":"post","link":"https:\/\/www.press7.tv\/?p=21992","title":{"rendered":"Ndalohet nj\u00eb person p\u00ebr krime lufte n\u00eb Kosov\u00eb"},"content":{"rendered":"\n    <div class=\"xs_social_share_widget xs_share_url before_content \t\tmain_content  wslu-style-2 wslu-share-box-shaped wslu-fill-colored wslu-share-m-5 wslu-none wslu-share-vertical wslu-theme-font-no wslu-main_content\">\n\n\t\t\n        <ul>\n\t\t\t        <\/ul>\n    <\/div> \n<p>Nj\u00eb person \u00ebsht\u00eb arrestuar p\u00ebr krime lufte n\u00eb pik\u00ebkalimin kufitar Dheu i Bardh\u00eb.<\/p>\n<p>P\u00ebrmes nj\u00eb komunikate t\u00eb p\u00ebrbashk\u00ebt t\u00eb Prokuroris\u00eb Speciale dhe Policis\u00eb b\u00ebhet e ditur se D.N. \u00ebsht\u00eb ndaluar n\u00ebn dyshimin p\u00ebr vepr\u00ebn penale \u201cKrim lufte kund\u00ebr popullsis\u00eb\u201d.<\/p>\n<p>D.N., dyshohet se gjat\u00eb luft\u00ebs n\u00eb Kosov\u00eb, n\u00eb periudh\u00ebn nga 13 prilli deri m\u00eb 30 prill 1999, n\u00eb bashk\u00ebkryerje me pjes\u00ebtar\u00eb t\u00eb forcave policore dhe ushtarake serbe, ka marr\u00eb pjes\u00eb n\u00eb vrasjen e  25 civil\u00ebve shqiptar\u00eb n\u00eb Komun\u00ebn e Gjilanit\u201d, thuhet n\u00eb njoftim.<\/p>\n<p>Brenda afatit t\u00eb parapar\u00eb ligjor, Prokuroria Speciale do t\u00eb paraqes\u00eb k\u00ebrkes\u00ebn p\u00ebr caktimin e mas\u00ebs s\u00eb paraburgimit n\u00eb Gjykat\u00ebn Themelore n\u00eb Prishtin\u00eb, Departamenti Special.<\/p>\n","protected":false},"excerpt":{"rendered":"<p>Nj\u00eb person \u00ebsht\u00eb arrestuar p\u00ebr krime lufte n\u00eb pik\u00ebkalimin kufitar Dheu i Bardh\u00eb. P\u00ebrmes nj\u00eb komunikate t\u00eb p\u00ebrbashk\u00ebt t\u00eb Prokuroris\u00eb Speciale dhe Policis\u00eb b\u00ebhet e ditur se D.N. \u00ebsht\u00eb ndaluar n\u00ebn dyshimin p\u00ebr vepr\u00ebn penale \u201cKrim lufte kund\u00ebr popullsis\u00eb\u201d. D.N., dyshohet se gjat\u00eb luft\u00ebs n\u00eb Kosov\u00eb, n\u00eb periudh\u00ebn nga 13 prilli deri m\u00eb 30 prill [&hellip;]<\/p>\n","protected":false},"author":8,"featured_media":21993,"comment_status":"closed","ping_status":"closed","sticky":false,"template":"","format":"standard","meta":{"footnotes":""},"categories":[215,213],"tags":[],"class_list":["post-21992","post","type-post","status-publish","format-standard","has-post-thumbnail","hentry","category-kosove","category-lajme"],"yoast_head":"<!-- This site is optimized with the Yoast SEO plugin v25.1 - https:\/\/yoast.com\/wordpress\/plugins\/seo\/ -->\n<title>Ndalohet nj\u00eb person p\u00ebr krime lufte n\u00eb Kosov\u00eb - press7.tv<\/title>\n<meta name=\"robots\" content=\"index, follow, max-snippet:-1, max-image-preview:large, max-video-preview:-1\" \/>\n<link rel=\"canonical\" href=\"https:\/\/www.press7.tv\/?p=21992\" \/>\n<meta property=\"og:locale\" content=\"en_US\" \/>\n<meta property=\"og:type\" content=\"article\" \/>\n<meta property=\"og:title\" content=\"Ndalohet nj\u00eb person p\u00ebr krime lufte n\u00eb Kosov\u00eb - press7.tv\" \/>\n<meta property=\"og:description\" content=\"Nj\u00eb person \u00ebsht\u00eb arrestuar p\u00ebr krime lufte n\u00eb pik\u00ebkalimin kufitar Dheu i Bardh\u00eb. P\u00ebrmes nj\u00eb komunikate t\u00eb p\u00ebrbashk\u00ebt t\u00eb Prokuroris\u00eb Speciale dhe Policis\u00eb b\u00ebhet e ditur se D.N. \u00ebsht\u00eb ndaluar n\u00ebn dyshimin p\u00ebr vepr\u00ebn penale \u201cKrim lufte kund\u00ebr popullsis\u00eb\u201d. D.N., dyshohet se gjat\u00eb luft\u00ebs n\u00eb Kosov\u00eb, n\u00eb periudh\u00ebn nga 13 prilli deri m\u00eb 30 prill [&hellip;]\" \/>\n<meta property=\"og:url\" content=\"https:\/\/www.press7.tv\/?p=21992\" \/>\n<meta property=\"og:site_name\" content=\"press7.tv\" \/>\n<meta property=\"article:publisher\" content=\"https:\/\/www.facebook.com\/press7.tv\" \/>\n<meta property=\"article:published_time\" content=\"2025-09-15T15:35:05+00:00\" \/>\n<meta property=\"og:image\" content=\"https:\/\/www.press7.tv\/wp-content\/uploads\/2025\/09\/IMG_8846.avif\" \/>\n\t<meta property=\"og:image:width\" content=\"512\" \/>\n\t<meta property=\"og:image:height\" content=\"343\" \/>\n\t<meta property=\"og:image:type\" content=\"image\/webp\" \/>\n<meta name=\"author\" content=\"gazetar2\" \/>\n<meta name=\"twitter:card\" content=\"summary_large_image\" \/>\n<meta name=\"twitter:label1\" content=\"Written by\" \/>\n\t<meta name=\"twitter:data1\" content=\"gazetar2\" \/>\n\t<meta name=\"twitter:label2\" content=\"Est. reading time\" \/>\n\t<meta name=\"twitter:data2\" content=\"1 minute\" \/>\n<script type=\"application\/ld+json\" class=\"yoast-schema-graph\">{\"@context\":\"https:\/\/schema.org\",\"@graph\":[{\"@type\":\"Article\",\"@id\":\"https:\/\/www.press7.tv\/?p=21992#article\",\"isPartOf\":{\"@id\":\"https:\/\/www.press7.tv\/?p=21992\"},\"author\":{\"name\":\"gazetar2\",\"@id\":\"https:\/\/www.news33.tv\/#\/schema\/person\/5a04a38a23ccdba82f9bd665cd8f9efa\"},\"headline\":\"Ndalohet nj\u00eb person p\u00ebr krime lufte n\u00eb Kosov\u00eb\",\"datePublished\":\"2025-09-15T15:35:05+00:00\",\"mainEntityOfPage\":{\"@id\":\"https:\/\/www.press7.tv\/?p=21992\"},\"wordCount\":134,\"publisher\":{\"@id\":\"https:\/\/www.news33.tv\/#organization\"},\"image\":{\"@id\":\"https:\/\/www.press7.tv\/?p=21992#primaryimage\"},\"thumbnailUrl\":\"https:\/\/www.press7.tv\/wp-content\/uploads\/2025\/09\/IMG_8846.avif\",\"articleSection\":[\"Kosov\u00eb\",\"Lajme\"],\"inLanguage\":\"en-US\"},{\"@type\":\"WebPage\",\"@id\":\"https:\/\/www.press7.tv\/?p=21992\",\"url\":\"https:\/\/www.press7.tv\/?p=21992\",\"name\":\"Ndalohet nj\u00eb person p\u00ebr krime lufte n\u00eb Kosov\u00eb - press7.tv\",\"isPartOf\":{\"@id\":\"https:\/\/www.news33.tv\/#website\"},\"primaryImageOfPage\":{\"@id\":\"https:\/\/www.press7.tv\/?p=21992#primaryimage\"},\"image\":{\"@id\":\"https:\/\/www.press7.tv\/?p=21992#primaryimage\"},\"thumbnailUrl\":\"https:\/\/www.press7.tv\/wp-content\/uploads\/2025\/09\/IMG_8846.avif\",\"datePublished\":\"2025-09-15T15:35:05+00:00\",\"breadcrumb\":{\"@id\":\"https:\/\/www.press7.tv\/?p=21992#breadcrumb\"},\"inLanguage\":\"en-US\",\"potentialAction\":[{\"@type\":\"ReadAction\",\"target\":[\"https:\/\/www.press7.tv\/?p=21992\"]}]},{\"@type\":\"ImageObject\",\"inLanguage\":\"en-US\",\"@id\":\"https:\/\/www.press7.tv\/?p=21992#primaryimage\",\"url\":\"https:\/\/www.press7.tv\/wp-content\/uploads\/2025\/09\/IMG_8846.avif\",\"contentUrl\":\"https:\/\/www.press7.tv\/wp-content\/uploads\/2025\/09\/IMG_8846.avif\",\"width\":512,\"height\":343},{\"@type\":\"BreadcrumbList\",\"@id\":\"https:\/\/www.press7.tv\/?p=21992#breadcrumb\",\"itemListElement\":[{\"@type\":\"ListItem\",\"position\":1,\"name\":\"Home\",\"item\":\"https:\/\/www.press7.tv\/\"},{\"@type\":\"ListItem\",\"position\":2,\"name\":\"Ndalohet nj\u00eb person p\u00ebr krime lufte n\u00eb Kosov\u00eb\"}]},{\"@type\":\"WebSite\",\"@id\":\"https:\/\/www.news33.tv\/#website\",\"url\":\"https:\/\/www.news33.tv\/\",\"name\":\"News33.tv Media\",\"description\":\"Media\",\"publisher\":{\"@id\":\"https:\/\/www.news33.tv\/#organization\"},\"potentialAction\":[{\"@type\":\"SearchAction\",\"target\":{\"@type\":\"EntryPoint\",\"urlTemplate\":\"https:\/\/www.news33.tv\/?s={search_term_string}\"},\"query-input\":{\"@type\":\"PropertyValueSpecification\",\"valueRequired\":true,\"valueName\":\"search_term_string\"}}],\"inLanguage\":\"en-US\"},{\"@type\":\"Organization\",\"@id\":\"https:\/\/www.news33.tv\/#organization\",\"name\":\"News33.tv Media\",\"url\":\"https:\/\/www.news33.tv\/\",\"logo\":{\"@type\":\"ImageObject\",\"inLanguage\":\"en-US\",\"@id\":\"https:\/\/www.news33.tv\/#\/schema\/logo\/image\/\",\"url\":\"https:\/\/www.press7.tv\/wp-content\/uploads\/2024\/02\/logo-news33-black.png\",\"contentUrl\":\"https:\/\/www.press7.tv\/wp-content\/uploads\/2024\/02\/logo-news33-black.png\",\"width\":180,\"height\":37,\"caption\":\"News33.tv Media\"},\"image\":{\"@id\":\"https:\/\/www.news33.tv\/#\/schema\/logo\/image\/\"},\"sameAs\":[\"https:\/\/www.facebook.com\/press7.tv\"]},{\"@type\":\"Person\",\"@id\":\"https:\/\/www.news33.tv\/#\/schema\/person\/5a04a38a23ccdba82f9bd665cd8f9efa\",\"name\":\"gazetar2\",\"image\":{\"@type\":\"ImageObject\",\"inLanguage\":\"en-US\",\"@id\":\"https:\/\/www.news33.tv\/#\/schema\/person\/image\/\",\"url\":\"https:\/\/www.press7.tv\/wp-content\/litespeed\/avatar\/41975e402c3049d9ddb03adca8f7a883.jpg?ver=1777169572\",\"contentUrl\":\"https:\/\/www.press7.tv\/wp-content\/litespeed\/avatar\/41975e402c3049d9ddb03adca8f7a883.jpg?ver=1777169572\",\"caption\":\"gazetar2\"},\"url\":\"https:\/\/www.press7.tv\/?author=8\"}]}<\/script>\n<!-- \/ Yoast SEO plugin. -->","yoast_head_json":{"title":"Ndalohet nj\u00eb person p\u00ebr krime lufte n\u00eb Kosov\u00eb - press7.tv","robots":{"index":"index","follow":"follow","max-snippet":"max-snippet:-1","max-image-preview":"max-image-preview:large","max-video-preview":"max-video-preview:-1"},"canonical":"https:\/\/www.press7.tv\/?p=21992","og_locale":"en_US","og_type":"article","og_title":"Ndalohet nj\u00eb person p\u00ebr krime lufte n\u00eb Kosov\u00eb - press7.tv","og_description":"Nj\u00eb person \u00ebsht\u00eb arrestuar p\u00ebr krime lufte n\u00eb pik\u00ebkalimin kufitar Dheu i Bardh\u00eb. P\u00ebrmes nj\u00eb komunikate t\u00eb p\u00ebrbashk\u00ebt t\u00eb Prokuroris\u00eb Speciale dhe Policis\u00eb b\u00ebhet e ditur se D.N. \u00ebsht\u00eb ndaluar n\u00ebn dyshimin p\u00ebr vepr\u00ebn penale \u201cKrim lufte kund\u00ebr popullsis\u00eb\u201d. D.N., dyshohet se gjat\u00eb luft\u00ebs n\u00eb Kosov\u00eb, n\u00eb periudh\u00ebn nga 13 prilli deri m\u00eb 30 prill [&hellip;]","og_url":"https:\/\/www.press7.tv\/?p=21992","og_site_name":"press7.tv","article_publisher":"https:\/\/www.facebook.com\/press7.tv","article_published_time":"2025-09-15T15:35:05+00:00","og_image":[{"width":512,"height":343,"url":"https:\/\/www.press7.tv\/wp-content\/uploads\/2025\/09\/IMG_8846.avif","type":"image\/webp"}],"author":"gazetar2","twitter_card":"summary_large_image","twitter_misc":{"Written by":"gazetar2","Est. reading time":"1 minute"},"schema":{"@context":"https:\/\/schema.org","@graph":[{"@type":"Article","@id":"https:\/\/www.press7.tv\/?p=21992#article","isPartOf":{"@id":"https:\/\/www.press7.tv\/?p=21992"},"author":{"name":"gazetar2","@id":"https:\/\/www.news33.tv\/#\/schema\/person\/5a04a38a23ccdba82f9bd665cd8f9efa"},"headline":"Ndalohet nj\u00eb person p\u00ebr krime lufte n\u00eb Kosov\u00eb","datePublished":"2025-09-15T15:35:05+00:00","mainEntityOfPage":{"@id":"https:\/\/www.press7.tv\/?p=21992"},"wordCount":134,"publisher":{"@id":"https:\/\/www.news33.tv\/#organization"},"image":{"@id":"https:\/\/www.press7.tv\/?p=21992#primaryimage"},"thumbnailUrl":"https:\/\/www.press7.tv\/wp-content\/uploads\/2025\/09\/IMG_8846.avif","articleSection":["Kosov\u00eb","Lajme"],"inLanguage":"en-US"},{"@type":"WebPage","@id":"https:\/\/www.press7.tv\/?p=21992","url":"https:\/\/www.press7.tv\/?p=21992","name":"Ndalohet nj\u00eb person p\u00ebr krime lufte n\u00eb Kosov\u00eb - press7.tv","isPartOf":{"@id":"https:\/\/www.news33.tv\/#website"},"primaryImageOfPage":{"@id":"https:\/\/www.press7.tv\/?p=21992#primaryimage"},"image":{"@id":"https:\/\/www.press7.tv\/?p=21992#primaryimage"},"thumbnailUrl":"https:\/\/www.press7.tv\/wp-content\/uploads\/2025\/09\/IMG_8846.avif","datePublished":"2025-09-15T15:35:05+00:00","breadcrumb":{"@id":"https:\/\/www.press7.tv\/?p=21992#breadcrumb"},"inLanguage":"en-US","potentialAction":[{"@type":"ReadAction","target":["https:\/\/www.press7.tv\/?p=21992"]}]},{"@type":"ImageObject","inLanguage":"en-US","@id":"https:\/\/www.press7.tv\/?p=21992#primaryimage","url":"https:\/\/www.press7.tv\/wp-content\/uploads\/2025\/09\/IMG_8846.avif","contentUrl":"https:\/\/www.press7.tv\/wp-content\/uploads\/2025\/09\/IMG_8846.avif","width":512,"height":343},{"@type":"BreadcrumbList","@id":"https:\/\/www.press7.tv\/?p=21992#breadcrumb","itemListElement":[{"@type":"ListItem","position":1,"name":"Home","item":"https:\/\/www.press7.tv\/"},{"@type":"ListItem","position":2,"name":"Ndalohet nj\u00eb person p\u00ebr krime lufte n\u00eb Kosov\u00eb"}]},{"@type":"WebSite","@id":"https:\/\/www.news33.tv\/#website","url":"https:\/\/www.news33.tv\/","name":"News33.tv Media","description":"Media","publisher":{"@id":"https:\/\/www.news33.tv\/#organization"},"potentialAction":[{"@type":"SearchAction","target":{"@type":"EntryPoint","urlTemplate":"https:\/\/www.news33.tv\/?s={search_term_string}"},"query-input":{"@type":"PropertyValueSpecification","valueRequired":true,"valueName":"search_term_string"}}],"inLanguage":"en-US"},{"@type":"Organization","@id":"https:\/\/www.news33.tv\/#organization","name":"News33.tv Media","url":"https:\/\/www.news33.tv\/","logo":{"@type":"ImageObject","inLanguage":"en-US","@id":"https:\/\/www.news33.tv\/#\/schema\/logo\/image\/","url":"https:\/\/www.press7.tv\/wp-content\/uploads\/2024\/02\/logo-news33-black.png","contentUrl":"https:\/\/www.press7.tv\/wp-content\/uploads\/2024\/02\/logo-news33-black.png","width":180,"height":37,"caption":"News33.tv Media"},"image":{"@id":"https:\/\/www.news33.tv\/#\/schema\/logo\/image\/"},"sameAs":["https:\/\/www.facebook.com\/press7.tv"]},{"@type":"Person","@id":"https:\/\/www.news33.tv\/#\/schema\/person\/5a04a38a23ccdba82f9bd665cd8f9efa","name":"gazetar2","image":{"@type":"ImageObject","inLanguage":"en-US","@id":"https:\/\/www.news33.tv\/#\/schema\/person\/image\/","url":"https:\/\/www.press7.tv\/wp-content\/litespeed\/avatar\/41975e402c3049d9ddb03adca8f7a883.jpg?ver=1777169572","contentUrl":"https:\/\/www.press7.tv\/wp-content\/litespeed\/avatar\/41975e402c3049d9ddb03adca8f7a883.jpg?ver=1777169572","caption":"gazetar2"},"url":"https:\/\/www.press7.tv\/?author=8"}]}},"amp_enabled":true,"_links":{"self":[{"href":"https:\/\/www.press7.tv\/index.php?rest_route=\/wp\/v2\/posts\/21992","targetHints":{"allow":["GET"]}}],"collection":[{"href":"https:\/\/www.press7.tv\/index.php?rest_route=\/wp\/v2\/posts"}],"about":[{"href":"https:\/\/www.press7.tv\/index.php?rest_route=\/wp\/v2\/types\/post"}],"author":[{"embeddable":true,"href":"https:\/\/www.press7.tv\/index.php?rest_route=\/wp\/v2\/users\/8"}],"replies":[{"embeddable":true,"href":"https:\/\/www.press7.tv\/index.php?rest_route=%2Fwp%2Fv2%2Fcomments&post=21992"}],"version-history":[{"count":1,"href":"https:\/\/www.press7.tv\/index.php?rest_route=\/wp\/v2\/posts\/21992\/revisions"}],"predecessor-version":[{"id":21994,"href":"https:\/\/www.press7.tv\/index.php?rest_route=\/wp\/v2\/posts\/21992\/revisions\/21994"}],"wp:featuredmedia":[{"embeddable":true,"href":"https:\/\/www.press7.tv\/index.php?rest_route=\/wp\/v2\/media\/21993"}],"wp:attachment":[{"href":"https:\/\/www.press7.tv\/index.php?rest_route=%2Fwp%2Fv2%2Fmedia&parent=21992"}],"wp:term":[{"taxonomy":"category","embeddable":true,"href":"https:\/\/www.press7.tv\/index.php?rest_route=%2Fwp%2Fv2%2Fcategories&post=21992"},{"taxonomy":"post_tag","embeddable":true,"href":"https:\/\/www.press7.tv\/index.php?rest_route=%2Fwp%2Fv2%2Ftags&post=21992"}],"curies":[{"name":"wp","href":"https:\/\/api.w.org\/{rel}","templated":true}]}}