{"id":21989,"date":"2025-09-15T14:03:10","date_gmt":"2025-09-15T14:03:10","guid":{"rendered":"https:\/\/www.press7.tv\/?p=21989"},"modified":"2025-09-15T14:03:10","modified_gmt":"2025-09-15T14:03:10","slug":"rubin-per-qeverine-serbe-gjithmone-jane-perpjekur-ta-fajesojne-uck-ne-per-krimet-e-tyre","status":"publish","type":"post","link":"https:\/\/www.press7.tv\/?p=21989","title":{"rendered":"Rubin p\u00ebr Qeverin\u00eb serbe: Gjithmon\u00eb jan\u00eb p\u00ebrpjekur ta faj\u00ebsojn\u00eb U\u00c7K-n\u00eb p\u00ebr krimet e tyre"},"content":{"rendered":"\n    <div class=\"xs_social_share_widget xs_share_url before_content \t\tmain_content  wslu-style-2 wslu-share-box-shaped wslu-fill-colored wslu-share-m-5 wslu-none wslu-share-vertical wslu-theme-font-no wslu-main_content\">\n\n\t\t\n        <ul>\n\t\t\t        <\/ul>\n    <\/div> \n<p>Gjat\u00eb d\u00ebshmis\u00eb s\u00eb tij n\u00eb Hag\u00eb, James Rubin, i cili \u00ebsht\u00eb duke d\u00ebshmuar me autorizimin e Qeveris\u00eb Amerikane, tha se forcat serbe jan\u00eb munduar q\u00eb t\u00eb mbulojn\u00eb krimet e tyre dhe jan\u00eb p\u00ebrpjekur q\u00eb ta faj\u00ebsojn\u00eb U\u00c7K-n\u00eb.<\/p>\n<p>Ai pohoi se forcat serbe kan\u00eb mbuluar krimet, duke i fshehur provat q\u00eb t\u00eb mos ket\u00eb llogaridh\u00ebnie pas arritjes s\u00eb NATO-s n\u00eb Kosov\u00eb. Pra, q\u00eb t\u00eb mos ket\u00eb prova t\u00eb disponueshme p\u00ebr Tribunalin p\u00ebr krime lufte, raporton \u201cBetimi p\u00ebr Drejt\u00ebsi\u201c.<\/p>\n<p>Po ashtu, Rubin pohoi se Qeveria serbe nuk po vepronte sipas asaj q\u00eb kuptohet si luft\u00eb konvecionale, por po vepronin si kriminel\u00eb p\u00ebr t\u2019i fshehur krimet.<\/p>\n<p>\u201c\u00cbsht\u00eb karakteristik\u00eb q\u00eb kemi par\u00eb n\u00eb Bosnje dhe p\u00ebrs\u00ebri n\u00eb Kosov\u00eb\u2026 ata gjithmon\u00eb jan\u00eb p\u00ebrpjekur q\u00eb ta faj\u00ebsojn\u00eb U\u00c7K-n\u00eb. Pra, Qeveria Serbe. Kjo \u00ebsht\u00eb m\u00ebnyra q\u00eb ata e justifikonin at\u00eb q\u00eb po b\u00ebnin duke hedhur fajin tek t\u00eb tjer\u00ebt\u201d, tha ai.<br \/>\nRubin p\u00ebrmendi edhe nj\u00eb takim q\u00eb kishte pasur me Jakup Krasniqin n\u00eb Bruksel, ku Krasniqi i kishte k\u00ebrkuar nd\u00ebrhyrje ushtarake t\u00eb Amerik\u00ebs, armatosjen e U\u00c7K-s\u00eb dhe ndalimin e spastrimit etnik nga Slobodan Millosheviq.<\/p>\n<p>D\u00ebshmitari tha se k\u00ebrkesat e Krasniqit ishin racionale n\u00eb at\u00eb koh\u00eb, por ishte e pamundur q\u00eb t\u00eb realizoheshin n\u00eb at\u00eb periudh\u00eb kohore.<\/p>\n<p>Me kaq p\u00ebrfunduan pyetjet e mbrojtjes s\u00eb Krasniqit p\u00ebr d\u00ebshmitarin dhe do t\u00eb vazhdoj\u00eb me pyetje Prokuroria, p\u00ebrfaq\u00ebsuar nga prokurori James Pace.<br \/>\nProkurori Pace tha se i duhen 4 or\u00eb p\u00ebr pyetjet e tij.<\/p>\n","protected":false},"excerpt":{"rendered":"<p>Gjat\u00eb d\u00ebshmis\u00eb s\u00eb tij n\u00eb Hag\u00eb, James Rubin, i cili \u00ebsht\u00eb duke d\u00ebshmuar me autorizimin e Qeveris\u00eb Amerikane, tha se forcat serbe jan\u00eb munduar q\u00eb t\u00eb mbulojn\u00eb krimet e tyre dhe jan\u00eb p\u00ebrpjekur q\u00eb ta faj\u00ebsojn\u00eb U\u00c7K-n\u00eb. Ai pohoi se forcat serbe kan\u00eb mbuluar krimet, duke i fshehur provat q\u00eb t\u00eb mos ket\u00eb llogaridh\u00ebnie pas [&hellip;]<\/p>\n","protected":false},"author":8,"featured_media":21990,"comment_status":"closed","ping_status":"closed","sticky":false,"template":"","format":"standard","meta":{"footnotes":""},"categories":[217,213],"tags":[],"class_list":["post-21989","post","type-post","status-publish","format-standard","has-post-thumbnail","hentry","category-bote","category-lajme"],"yoast_head":"<!-- This site is optimized with the Yoast SEO plugin v25.1 - https:\/\/yoast.com\/wordpress\/plugins\/seo\/ -->\n<title>Rubin p\u00ebr Qeverin\u00eb serbe: Gjithmon\u00eb jan\u00eb p\u00ebrpjekur ta faj\u00ebsojn\u00eb U\u00c7K-n\u00eb p\u00ebr krimet e tyre - press7.tv<\/title>\n<meta name=\"robots\" content=\"index, follow, max-snippet:-1, max-image-preview:large, max-video-preview:-1\" \/>\n<link rel=\"canonical\" href=\"https:\/\/www.press7.tv\/?p=21989\" \/>\n<meta property=\"og:locale\" content=\"en_US\" \/>\n<meta property=\"og:type\" content=\"article\" \/>\n<meta property=\"og:title\" content=\"Rubin p\u00ebr Qeverin\u00eb serbe: Gjithmon\u00eb jan\u00eb p\u00ebrpjekur ta faj\u00ebsojn\u00eb U\u00c7K-n\u00eb p\u00ebr krimet e tyre - press7.tv\" \/>\n<meta property=\"og:description\" content=\"Gjat\u00eb d\u00ebshmis\u00eb s\u00eb tij n\u00eb Hag\u00eb, James Rubin, i cili \u00ebsht\u00eb duke d\u00ebshmuar me autorizimin e Qeveris\u00eb Amerikane, tha se forcat serbe jan\u00eb munduar q\u00eb t\u00eb mbulojn\u00eb krimet e tyre dhe jan\u00eb p\u00ebrpjekur q\u00eb ta faj\u00ebsojn\u00eb U\u00c7K-n\u00eb. Ai pohoi se forcat serbe kan\u00eb mbuluar krimet, duke i fshehur provat q\u00eb t\u00eb mos ket\u00eb llogaridh\u00ebnie pas [&hellip;]\" \/>\n<meta property=\"og:url\" content=\"https:\/\/www.press7.tv\/?p=21989\" \/>\n<meta property=\"og:site_name\" content=\"press7.tv\" \/>\n<meta property=\"article:publisher\" content=\"https:\/\/www.facebook.com\/press7.tv\" \/>\n<meta property=\"article:published_time\" content=\"2025-09-15T14:03:10+00:00\" \/>\n<meta property=\"og:image\" content=\"https:\/\/www.press7.tv\/wp-content\/uploads\/2025\/09\/IMG_8838.avif\" \/>\n\t<meta property=\"og:image:width\" content=\"990\" \/>\n\t<meta property=\"og:image:height\" content=\"603\" \/>\n\t<meta property=\"og:image:type\" content=\"image\/webp\" \/>\n<meta name=\"author\" content=\"gazetar2\" \/>\n<meta name=\"twitter:card\" content=\"summary_large_image\" \/>\n<meta name=\"twitter:label1\" content=\"Written by\" \/>\n\t<meta name=\"twitter:data1\" content=\"gazetar2\" \/>\n\t<meta name=\"twitter:label2\" content=\"Est. reading time\" \/>\n\t<meta name=\"twitter:data2\" content=\"1 minute\" \/>\n<script type=\"application\/ld+json\" class=\"yoast-schema-graph\">{\"@context\":\"https:\/\/schema.org\",\"@graph\":[{\"@type\":\"Article\",\"@id\":\"https:\/\/www.press7.tv\/?p=21989#article\",\"isPartOf\":{\"@id\":\"https:\/\/www.press7.tv\/?p=21989\"},\"author\":{\"name\":\"gazetar2\",\"@id\":\"https:\/\/www.news33.tv\/#\/schema\/person\/5a04a38a23ccdba82f9bd665cd8f9efa\"},\"headline\":\"Rubin p\u00ebr Qeverin\u00eb serbe: Gjithmon\u00eb jan\u00eb p\u00ebrpjekur ta faj\u00ebsojn\u00eb U\u00c7K-n\u00eb p\u00ebr krimet e tyre\",\"datePublished\":\"2025-09-15T14:03:10+00:00\",\"mainEntityOfPage\":{\"@id\":\"https:\/\/www.press7.tv\/?p=21989\"},\"wordCount\":284,\"publisher\":{\"@id\":\"https:\/\/www.news33.tv\/#organization\"},\"image\":{\"@id\":\"https:\/\/www.press7.tv\/?p=21989#primaryimage\"},\"thumbnailUrl\":\"https:\/\/www.press7.tv\/wp-content\/uploads\/2025\/09\/IMG_8838.avif\",\"articleSection\":[\"Bot\u00eb\",\"Lajme\"],\"inLanguage\":\"en-US\"},{\"@type\":\"WebPage\",\"@id\":\"https:\/\/www.press7.tv\/?p=21989\",\"url\":\"https:\/\/www.press7.tv\/?p=21989\",\"name\":\"Rubin p\u00ebr Qeverin\u00eb serbe: Gjithmon\u00eb jan\u00eb p\u00ebrpjekur ta faj\u00ebsojn\u00eb U\u00c7K-n\u00eb p\u00ebr krimet e tyre - press7.tv\",\"isPartOf\":{\"@id\":\"https:\/\/www.news33.tv\/#website\"},\"primaryImageOfPage\":{\"@id\":\"https:\/\/www.press7.tv\/?p=21989#primaryimage\"},\"image\":{\"@id\":\"https:\/\/www.press7.tv\/?p=21989#primaryimage\"},\"thumbnailUrl\":\"https:\/\/www.press7.tv\/wp-content\/uploads\/2025\/09\/IMG_8838.avif\",\"datePublished\":\"2025-09-15T14:03:10+00:00\",\"breadcrumb\":{\"@id\":\"https:\/\/www.press7.tv\/?p=21989#breadcrumb\"},\"inLanguage\":\"en-US\",\"potentialAction\":[{\"@type\":\"ReadAction\",\"target\":[\"https:\/\/www.press7.tv\/?p=21989\"]}]},{\"@type\":\"ImageObject\",\"inLanguage\":\"en-US\",\"@id\":\"https:\/\/www.press7.tv\/?p=21989#primaryimage\",\"url\":\"https:\/\/www.press7.tv\/wp-content\/uploads\/2025\/09\/IMG_8838.avif\",\"contentUrl\":\"https:\/\/www.press7.tv\/wp-content\/uploads\/2025\/09\/IMG_8838.avif\",\"width\":990,\"height\":603},{\"@type\":\"BreadcrumbList\",\"@id\":\"https:\/\/www.press7.tv\/?p=21989#breadcrumb\",\"itemListElement\":[{\"@type\":\"ListItem\",\"position\":1,\"name\":\"Home\",\"item\":\"https:\/\/www.press7.tv\/\"},{\"@type\":\"ListItem\",\"position\":2,\"name\":\"Rubin p\u00ebr Qeverin\u00eb serbe: Gjithmon\u00eb jan\u00eb p\u00ebrpjekur ta faj\u00ebsojn\u00eb U\u00c7K-n\u00eb p\u00ebr krimet e tyre\"}]},{\"@type\":\"WebSite\",\"@id\":\"https:\/\/www.news33.tv\/#website\",\"url\":\"https:\/\/www.news33.tv\/\",\"name\":\"News33.tv Media\",\"description\":\"Media\",\"publisher\":{\"@id\":\"https:\/\/www.news33.tv\/#organization\"},\"potentialAction\":[{\"@type\":\"SearchAction\",\"target\":{\"@type\":\"EntryPoint\",\"urlTemplate\":\"https:\/\/www.news33.tv\/?s={search_term_string}\"},\"query-input\":{\"@type\":\"PropertyValueSpecification\",\"valueRequired\":true,\"valueName\":\"search_term_string\"}}],\"inLanguage\":\"en-US\"},{\"@type\":\"Organization\",\"@id\":\"https:\/\/www.news33.tv\/#organization\",\"name\":\"News33.tv Media\",\"url\":\"https:\/\/www.news33.tv\/\",\"logo\":{\"@type\":\"ImageObject\",\"inLanguage\":\"en-US\",\"@id\":\"https:\/\/www.news33.tv\/#\/schema\/logo\/image\/\",\"url\":\"https:\/\/www.press7.tv\/wp-content\/uploads\/2024\/02\/logo-news33-black.png\",\"contentUrl\":\"https:\/\/www.press7.tv\/wp-content\/uploads\/2024\/02\/logo-news33-black.png\",\"width\":180,\"height\":37,\"caption\":\"News33.tv Media\"},\"image\":{\"@id\":\"https:\/\/www.news33.tv\/#\/schema\/logo\/image\/\"},\"sameAs\":[\"https:\/\/www.facebook.com\/press7.tv\"]},{\"@type\":\"Person\",\"@id\":\"https:\/\/www.news33.tv\/#\/schema\/person\/5a04a38a23ccdba82f9bd665cd8f9efa\",\"name\":\"gazetar2\",\"image\":{\"@type\":\"ImageObject\",\"inLanguage\":\"en-US\",\"@id\":\"https:\/\/www.news33.tv\/#\/schema\/person\/image\/\",\"url\":\"https:\/\/www.press7.tv\/wp-content\/litespeed\/avatar\/41975e402c3049d9ddb03adca8f7a883.jpg?ver=1777169572\",\"contentUrl\":\"https:\/\/www.press7.tv\/wp-content\/litespeed\/avatar\/41975e402c3049d9ddb03adca8f7a883.jpg?ver=1777169572\",\"caption\":\"gazetar2\"},\"url\":\"https:\/\/www.press7.tv\/?author=8\"}]}<\/script>\n<!-- \/ Yoast SEO plugin. -->","yoast_head_json":{"title":"Rubin p\u00ebr Qeverin\u00eb serbe: Gjithmon\u00eb jan\u00eb p\u00ebrpjekur ta faj\u00ebsojn\u00eb U\u00c7K-n\u00eb p\u00ebr krimet e tyre - press7.tv","robots":{"index":"index","follow":"follow","max-snippet":"max-snippet:-1","max-image-preview":"max-image-preview:large","max-video-preview":"max-video-preview:-1"},"canonical":"https:\/\/www.press7.tv\/?p=21989","og_locale":"en_US","og_type":"article","og_title":"Rubin p\u00ebr Qeverin\u00eb serbe: Gjithmon\u00eb jan\u00eb p\u00ebrpjekur ta faj\u00ebsojn\u00eb U\u00c7K-n\u00eb p\u00ebr krimet e tyre - press7.tv","og_description":"Gjat\u00eb d\u00ebshmis\u00eb s\u00eb tij n\u00eb Hag\u00eb, James Rubin, i cili \u00ebsht\u00eb duke d\u00ebshmuar me autorizimin e Qeveris\u00eb Amerikane, tha se forcat serbe jan\u00eb munduar q\u00eb t\u00eb mbulojn\u00eb krimet e tyre dhe jan\u00eb p\u00ebrpjekur q\u00eb ta faj\u00ebsojn\u00eb U\u00c7K-n\u00eb. Ai pohoi se forcat serbe kan\u00eb mbuluar krimet, duke i fshehur provat q\u00eb t\u00eb mos ket\u00eb llogaridh\u00ebnie pas [&hellip;]","og_url":"https:\/\/www.press7.tv\/?p=21989","og_site_name":"press7.tv","article_publisher":"https:\/\/www.facebook.com\/press7.tv","article_published_time":"2025-09-15T14:03:10+00:00","og_image":[{"width":990,"height":603,"url":"https:\/\/www.press7.tv\/wp-content\/uploads\/2025\/09\/IMG_8838.avif","type":"image\/webp"}],"author":"gazetar2","twitter_card":"summary_large_image","twitter_misc":{"Written by":"gazetar2","Est. reading time":"1 minute"},"schema":{"@context":"https:\/\/schema.org","@graph":[{"@type":"Article","@id":"https:\/\/www.press7.tv\/?p=21989#article","isPartOf":{"@id":"https:\/\/www.press7.tv\/?p=21989"},"author":{"name":"gazetar2","@id":"https:\/\/www.news33.tv\/#\/schema\/person\/5a04a38a23ccdba82f9bd665cd8f9efa"},"headline":"Rubin p\u00ebr Qeverin\u00eb serbe: Gjithmon\u00eb jan\u00eb p\u00ebrpjekur ta faj\u00ebsojn\u00eb U\u00c7K-n\u00eb p\u00ebr krimet e tyre","datePublished":"2025-09-15T14:03:10+00:00","mainEntityOfPage":{"@id":"https:\/\/www.press7.tv\/?p=21989"},"wordCount":284,"publisher":{"@id":"https:\/\/www.news33.tv\/#organization"},"image":{"@id":"https:\/\/www.press7.tv\/?p=21989#primaryimage"},"thumbnailUrl":"https:\/\/www.press7.tv\/wp-content\/uploads\/2025\/09\/IMG_8838.avif","articleSection":["Bot\u00eb","Lajme"],"inLanguage":"en-US"},{"@type":"WebPage","@id":"https:\/\/www.press7.tv\/?p=21989","url":"https:\/\/www.press7.tv\/?p=21989","name":"Rubin p\u00ebr Qeverin\u00eb serbe: Gjithmon\u00eb jan\u00eb p\u00ebrpjekur ta faj\u00ebsojn\u00eb U\u00c7K-n\u00eb p\u00ebr krimet e tyre - press7.tv","isPartOf":{"@id":"https:\/\/www.news33.tv\/#website"},"primaryImageOfPage":{"@id":"https:\/\/www.press7.tv\/?p=21989#primaryimage"},"image":{"@id":"https:\/\/www.press7.tv\/?p=21989#primaryimage"},"thumbnailUrl":"https:\/\/www.press7.tv\/wp-content\/uploads\/2025\/09\/IMG_8838.avif","datePublished":"2025-09-15T14:03:10+00:00","breadcrumb":{"@id":"https:\/\/www.press7.tv\/?p=21989#breadcrumb"},"inLanguage":"en-US","potentialAction":[{"@type":"ReadAction","target":["https:\/\/www.press7.tv\/?p=21989"]}]},{"@type":"ImageObject","inLanguage":"en-US","@id":"https:\/\/www.press7.tv\/?p=21989#primaryimage","url":"https:\/\/www.press7.tv\/wp-content\/uploads\/2025\/09\/IMG_8838.avif","contentUrl":"https:\/\/www.press7.tv\/wp-content\/uploads\/2025\/09\/IMG_8838.avif","width":990,"height":603},{"@type":"BreadcrumbList","@id":"https:\/\/www.press7.tv\/?p=21989#breadcrumb","itemListElement":[{"@type":"ListItem","position":1,"name":"Home","item":"https:\/\/www.press7.tv\/"},{"@type":"ListItem","position":2,"name":"Rubin p\u00ebr Qeverin\u00eb serbe: Gjithmon\u00eb jan\u00eb p\u00ebrpjekur ta faj\u00ebsojn\u00eb U\u00c7K-n\u00eb p\u00ebr krimet e tyre"}]},{"@type":"WebSite","@id":"https:\/\/www.news33.tv\/#website","url":"https:\/\/www.news33.tv\/","name":"News33.tv Media","description":"Media","publisher":{"@id":"https:\/\/www.news33.tv\/#organization"},"potentialAction":[{"@type":"SearchAction","target":{"@type":"EntryPoint","urlTemplate":"https:\/\/www.news33.tv\/?s={search_term_string}"},"query-input":{"@type":"PropertyValueSpecification","valueRequired":true,"valueName":"search_term_string"}}],"inLanguage":"en-US"},{"@type":"Organization","@id":"https:\/\/www.news33.tv\/#organization","name":"News33.tv Media","url":"https:\/\/www.news33.tv\/","logo":{"@type":"ImageObject","inLanguage":"en-US","@id":"https:\/\/www.news33.tv\/#\/schema\/logo\/image\/","url":"https:\/\/www.press7.tv\/wp-content\/uploads\/2024\/02\/logo-news33-black.png","contentUrl":"https:\/\/www.press7.tv\/wp-content\/uploads\/2024\/02\/logo-news33-black.png","width":180,"height":37,"caption":"News33.tv Media"},"image":{"@id":"https:\/\/www.news33.tv\/#\/schema\/logo\/image\/"},"sameAs":["https:\/\/www.facebook.com\/press7.tv"]},{"@type":"Person","@id":"https:\/\/www.news33.tv\/#\/schema\/person\/5a04a38a23ccdba82f9bd665cd8f9efa","name":"gazetar2","image":{"@type":"ImageObject","inLanguage":"en-US","@id":"https:\/\/www.news33.tv\/#\/schema\/person\/image\/","url":"https:\/\/www.press7.tv\/wp-content\/litespeed\/avatar\/41975e402c3049d9ddb03adca8f7a883.jpg?ver=1777169572","contentUrl":"https:\/\/www.press7.tv\/wp-content\/litespeed\/avatar\/41975e402c3049d9ddb03adca8f7a883.jpg?ver=1777169572","caption":"gazetar2"},"url":"https:\/\/www.press7.tv\/?author=8"}]}},"amp_enabled":true,"_links":{"self":[{"href":"https:\/\/www.press7.tv\/index.php?rest_route=\/wp\/v2\/posts\/21989","targetHints":{"allow":["GET"]}}],"collection":[{"href":"https:\/\/www.press7.tv\/index.php?rest_route=\/wp\/v2\/posts"}],"about":[{"href":"https:\/\/www.press7.tv\/index.php?rest_route=\/wp\/v2\/types\/post"}],"author":[{"embeddable":true,"href":"https:\/\/www.press7.tv\/index.php?rest_route=\/wp\/v2\/users\/8"}],"replies":[{"embeddable":true,"href":"https:\/\/www.press7.tv\/index.php?rest_route=%2Fwp%2Fv2%2Fcomments&post=21989"}],"version-history":[{"count":1,"href":"https:\/\/www.press7.tv\/index.php?rest_route=\/wp\/v2\/posts\/21989\/revisions"}],"predecessor-version":[{"id":21991,"href":"https:\/\/www.press7.tv\/index.php?rest_route=\/wp\/v2\/posts\/21989\/revisions\/21991"}],"wp:featuredmedia":[{"embeddable":true,"href":"https:\/\/www.press7.tv\/index.php?rest_route=\/wp\/v2\/media\/21990"}],"wp:attachment":[{"href":"https:\/\/www.press7.tv\/index.php?rest_route=%2Fwp%2Fv2%2Fmedia&parent=21989"}],"wp:term":[{"taxonomy":"category","embeddable":true,"href":"https:\/\/www.press7.tv\/index.php?rest_route=%2Fwp%2Fv2%2Fcategories&post=21989"},{"taxonomy":"post_tag","embeddable":true,"href":"https:\/\/www.press7.tv\/index.php?rest_route=%2Fwp%2Fv2%2Ftags&post=21989"}],"curies":[{"name":"wp","href":"https:\/\/api.w.org\/{rel}","templated":true}]}}