{"id":21986,"date":"2025-09-15T10:20:53","date_gmt":"2025-09-15T10:20:53","guid":{"rendered":"https:\/\/www.press7.tv\/?p=21986"},"modified":"2025-09-15T10:20:53","modified_gmt":"2025-09-15T10:20:53","slug":"rusia-vendosi-raketa-balistike-ne-kaliningrad-brenda-rrezes-jane-6-anetare-te-nato-s","status":"publish","type":"post","link":"https:\/\/www.press7.tv\/?p=21986","title":{"rendered":"Rusia vendosi raketa balistike n\u00eb Kaliningrad \u2014 brenda rrezes jan\u00eb 6 an\u00ebtare t\u00eb NATO-s"},"content":{"rendered":"\n    <div class=\"xs_social_share_widget xs_share_url before_content \t\tmain_content  wslu-style-2 wslu-share-box-shaped wslu-fill-colored wslu-share-m-5 wslu-none wslu-share-vertical wslu-theme-font-no wslu-main_content\">\n\n\t\t\n        <ul>\n\t\t\t        <\/ul>\n    <\/div> \n<p>\u201cIskander\u201d-\u00ebt ndodhen n\u00eb autostrad\u00ebn E28 n\u00eb rajonin e Kaliningradit, n\u00eb veri t\u00eb vendbanimit Kudrjavcevo. Ky \u00ebsht\u00eb nj\u00eb aks strategjik q\u00eb lidh Berlinin dhe Minskun.<br \/>\nSipas gjeolokacionit t\u00eb publikuar nga analist\u00eb ushtarak\u00eb, vendndodhja e xhirimit \u00ebsht\u00eb n\u00eb koordinatat 54.6451214, 21.3785666, rreth 105 kilometra nga kufiri polak<\/p>\n<p>N\u00eb at\u00eb distanc\u00eb, \u201cIskander\u201d-\u00ebt mund t\u00eb rrezatojn\u00eb gjasht\u00eb an\u00ebtare t\u00eb NATO-s \u2013 Polonin\u00eb, Lituanin\u00eb, Letonin\u00eb, Estonin\u00eb, Suedin\u00eb dhe Gjermanin\u00eb.<br \/>\nAnton Gerash\u00e7enko, k\u00ebshilltar n\u00eb Ministrin\u00eb e Brendshme t\u00eb Ukrain\u00ebs, e ndau videon n\u00eb rrjetin social X me mesazhin se kjo \u00ebsht\u00eb nj\u00eb demonstrim force kund\u00ebr NATO-s. Ajo u publikua gjithashtu nga shum\u00eb analist\u00eb ushtarak\u00eb, nd\u00ebrsa fillimisht doli n\u00eb nj\u00eb kanal rus n\u00eb rrjetin Telegram.<\/p>\n<p>Ministria ruse e Mbrojtjes ende nuk e ka konfirmuar zyrtarisht vendndodhjen e \u201cIskander\u201d-\u00ebve n\u00eb Kaliningrad, por disa raporte thon\u00eb se kjo \u00ebsht\u00eb pjes\u00eb e ushtrimit t\u00eb madh ushtarak \u201cZapad-2025\u201d, q\u00eb Rusia e zhvillon s\u00eb bashku me Bjellorusin\u00eb.<br \/>\nUshtrimi \u201cZapad-2025\u201d filloi pardje dhe p\u00ebrfshin manovra n\u00eb territorin e Rusis\u00eb dhe Bjellorusis\u00eb, si dhe n\u00eb Detin Baltik e Detin Barenc. Sipas njoftimit t\u00eb Ministris\u00eb s\u00eb Mbrojtjes s\u00eb Rusis\u00eb, q\u00ebllimet e ushtrimeve jan\u00eb \u201cp\u00ebrmir\u00ebsimi i aft\u00ebsive t\u00eb komandant\u00ebve dhe shtabit, rritja e nivelit t\u00eb bashk\u00ebpunimit dhe st\u00ebrvitja n\u00eb terren e forcave rajonale dhe koalicionit\u201d.<\/p>\n<p>N\u00eb faz\u00ebn e par\u00eb t\u00eb ushtrimit, forcat simulojn\u00eb zmbrapsjen e nj\u00eb sulmi ndaj Rusis\u00eb dhe Bjellorusis\u00eb, nd\u00ebrsa faza e dyt\u00eb fokusohet n\u00eb \u201crikthimin e integritetit territorial t\u00eb shtetit federal dhe shkat\u00ebrrimin e armikut, p\u00ebrfshir\u00eb edhe pjes\u00ebmarrjen e forcave nga vendet mike\u201d. Shteti federal \u00ebsht\u00eb aleanca mes Rusis\u00eb dhe Bjellorusis\u00eb, q\u00eb Moska e thekson si baz\u00eb t\u00eb politik\u00ebs s\u00eb p\u00ebrbashk\u00ebt t\u00eb siguris\u00eb.<\/p>\n<p>Z\u00ebdh\u00ebn\u00ebsi i Kremlinit, Dmitry Peskov, deklaroi se ushtrimet, p\u00ebrfshir\u00eb edhe ato pran\u00eb kufirit polak, \u201cnuk jan\u00eb t\u00eb drejtuara kund\u00ebr asnj\u00eb vendi tjet\u00ebr\u201d. Por, n\u00eb Per\u00ebndim ato shihen si nj\u00eb demonstrim force n\u00eb nj\u00eb moment t\u00eb ndjesh\u00ebm t\u00eb luft\u00ebs n\u00eb Ukrain\u00eb.<\/p>\n<p>\u201cIskander\u201d \u00ebsht\u00eb nj\u00eb sistem raketor balistik mobil me rreze t\u00eb shkurt\u00ebr, i cili hyri n\u00eb p\u00ebrdorim n\u00eb fillim t\u00eb viteve 2000. Raketat e tij kan\u00eb nj\u00eb rreze deri n\u00eb 500 kilometra dhe mund t\u00eb mbajn\u00eb lloje t\u00eb ndryshme t\u00eb koka luftarake \u2013 konvencionale, kaset\u00eb dhe b\u00ebrthamore. Kjo e b\u00ebn at\u00eb nj\u00eb nga arm\u00ebt kryesore t\u00eb forcave tok\u00ebsore ruse.<\/p>\n<p>Forca e ve\u00e7ant\u00eb e sistemit \u201cIskander\u201d q\u00ebndron te sakt\u00ebsia dhe aft\u00ebsia e tij p\u00ebr t\u00eb dep\u00ebrtuar mbrojtjen antiraketore. Raketat fluturojn\u00eb n\u00eb nj\u00eb lart\u00ebsi relativisht t\u00eb ul\u00ebt, manovrojn\u00eb gjat\u00eb fluturimit dhe p\u00ebrdorin objektiva t\u00eb rrem\u00eb, gj\u00eb q\u00eb i b\u00ebn t\u00eb v\u00ebshtira p\u00ebr t\u2019u interceptuar. P\u00ebr shkak t\u00eb k\u00ebtyre karakteristikave, \u00e7do dislokim i tyre pran\u00eb kufijve t\u00eb NATO-s shkakton v\u00ebmendje dhe shqet\u00ebsim tek aleat\u00ebt.<\/p>\n<p>Pamjet nga rajoni i Kaliningradit p\u00ebrputhen, pra, me kuadrin m\u00eb t\u00eb gjer\u00eb t\u00eb ushtrimit \u201cZapad-2025\u201d, por edhe me strategjin\u00eb afatgjat\u00eb t\u00eb Mosk\u00ebs p\u00ebr t\u00eb treguar se ka kapacitete godit\u00ebse t\u00eb gatshme e t\u00eb vendosura menj\u00ebher\u00eb pran\u00eb kufijve t\u00eb NATO-s.<\/p>\n","protected":false},"excerpt":{"rendered":"<p>\u201cIskander\u201d-\u00ebt ndodhen n\u00eb autostrad\u00ebn E28 n\u00eb rajonin e Kaliningradit, n\u00eb veri t\u00eb vendbanimit Kudrjavcevo. Ky \u00ebsht\u00eb nj\u00eb aks strategjik q\u00eb lidh Berlinin dhe Minskun. Sipas gjeolokacionit t\u00eb publikuar nga analist\u00eb ushtarak\u00eb, vendndodhja e xhirimit \u00ebsht\u00eb n\u00eb koordinatat 54.6451214, 21.3785666, rreth 105 kilometra nga kufiri polak N\u00eb at\u00eb distanc\u00eb, \u201cIskander\u201d-\u00ebt mund t\u00eb rrezatojn\u00eb gjasht\u00eb an\u00ebtare t\u00eb [&hellip;]<\/p>\n","protected":false},"author":8,"featured_media":21987,"comment_status":"closed","ping_status":"closed","sticky":false,"template":"","format":"standard","meta":{"footnotes":""},"categories":[217,213],"tags":[],"class_list":["post-21986","post","type-post","status-publish","format-standard","has-post-thumbnail","hentry","category-bote","category-lajme"],"yoast_head":"<!-- This site is optimized with the Yoast SEO plugin v25.1 - https:\/\/yoast.com\/wordpress\/plugins\/seo\/ -->\n<title>Rusia vendosi raketa balistike n\u00eb Kaliningrad \u2014 brenda rrezes jan\u00eb 6 an\u00ebtare t\u00eb NATO-s - press7.tv<\/title>\n<meta name=\"robots\" content=\"index, follow, max-snippet:-1, max-image-preview:large, max-video-preview:-1\" \/>\n<link rel=\"canonical\" href=\"https:\/\/www.press7.tv\/?p=21986\" \/>\n<meta property=\"og:locale\" content=\"en_US\" \/>\n<meta property=\"og:type\" content=\"article\" \/>\n<meta property=\"og:title\" content=\"Rusia vendosi raketa balistike n\u00eb Kaliningrad \u2014 brenda rrezes jan\u00eb 6 an\u00ebtare t\u00eb NATO-s - press7.tv\" \/>\n<meta property=\"og:description\" content=\"\u201cIskander\u201d-\u00ebt ndodhen n\u00eb autostrad\u00ebn E28 n\u00eb rajonin e Kaliningradit, n\u00eb veri t\u00eb vendbanimit Kudrjavcevo. Ky \u00ebsht\u00eb nj\u00eb aks strategjik q\u00eb lidh Berlinin dhe Minskun. Sipas gjeolokacionit t\u00eb publikuar nga analist\u00eb ushtarak\u00eb, vendndodhja e xhirimit \u00ebsht\u00eb n\u00eb koordinatat 54.6451214, 21.3785666, rreth 105 kilometra nga kufiri polak N\u00eb at\u00eb distanc\u00eb, \u201cIskander\u201d-\u00ebt mund t\u00eb rrezatojn\u00eb gjasht\u00eb an\u00ebtare t\u00eb [&hellip;]\" \/>\n<meta property=\"og:url\" content=\"https:\/\/www.press7.tv\/?p=21986\" \/>\n<meta property=\"og:site_name\" content=\"press7.tv\" \/>\n<meta property=\"article:publisher\" content=\"https:\/\/www.facebook.com\/press7.tv\" \/>\n<meta property=\"article:published_time\" content=\"2025-09-15T10:20:53+00:00\" \/>\n<meta property=\"og:image\" content=\"https:\/\/www.press7.tv\/wp-content\/uploads\/2025\/09\/IMG_8835.avif\" \/>\n\t<meta property=\"og:image:width\" content=\"1284\" \/>\n\t<meta property=\"og:image:height\" content=\"968\" \/>\n\t<meta property=\"og:image:type\" content=\"image\/jpeg\" \/>\n<meta name=\"author\" content=\"gazetar2\" \/>\n<meta name=\"twitter:card\" content=\"summary_large_image\" \/>\n<meta name=\"twitter:label1\" content=\"Written by\" \/>\n\t<meta name=\"twitter:data1\" content=\"gazetar2\" \/>\n\t<meta name=\"twitter:label2\" content=\"Est. reading time\" \/>\n\t<meta name=\"twitter:data2\" content=\"1 minute\" \/>\n<script type=\"application\/ld+json\" class=\"yoast-schema-graph\">{\"@context\":\"https:\/\/schema.org\",\"@graph\":[{\"@type\":\"Article\",\"@id\":\"https:\/\/www.press7.tv\/?p=21986#article\",\"isPartOf\":{\"@id\":\"https:\/\/www.press7.tv\/?p=21986\"},\"author\":{\"name\":\"gazetar2\",\"@id\":\"https:\/\/www.news33.tv\/#\/schema\/person\/5a04a38a23ccdba82f9bd665cd8f9efa\"},\"headline\":\"Rusia vendosi raketa balistike n\u00eb Kaliningrad \u2014 brenda rrezes jan\u00eb 6 an\u00ebtare t\u00eb NATO-s\",\"datePublished\":\"2025-09-15T10:20:53+00:00\",\"mainEntityOfPage\":{\"@id\":\"https:\/\/www.press7.tv\/?p=21986\"},\"wordCount\":532,\"publisher\":{\"@id\":\"https:\/\/www.news33.tv\/#organization\"},\"image\":{\"@id\":\"https:\/\/www.press7.tv\/?p=21986#primaryimage\"},\"thumbnailUrl\":\"https:\/\/www.press7.tv\/wp-content\/uploads\/2025\/09\/IMG_8835.avif\",\"articleSection\":[\"Bot\u00eb\",\"Lajme\"],\"inLanguage\":\"en-US\"},{\"@type\":\"WebPage\",\"@id\":\"https:\/\/www.press7.tv\/?p=21986\",\"url\":\"https:\/\/www.press7.tv\/?p=21986\",\"name\":\"Rusia vendosi raketa balistike n\u00eb Kaliningrad \u2014 brenda rrezes jan\u00eb 6 an\u00ebtare t\u00eb NATO-s - press7.tv\",\"isPartOf\":{\"@id\":\"https:\/\/www.news33.tv\/#website\"},\"primaryImageOfPage\":{\"@id\":\"https:\/\/www.press7.tv\/?p=21986#primaryimage\"},\"image\":{\"@id\":\"https:\/\/www.press7.tv\/?p=21986#primaryimage\"},\"thumbnailUrl\":\"https:\/\/www.press7.tv\/wp-content\/uploads\/2025\/09\/IMG_8835.avif\",\"datePublished\":\"2025-09-15T10:20:53+00:00\",\"breadcrumb\":{\"@id\":\"https:\/\/www.press7.tv\/?p=21986#breadcrumb\"},\"inLanguage\":\"en-US\",\"potentialAction\":[{\"@type\":\"ReadAction\",\"target\":[\"https:\/\/www.press7.tv\/?p=21986\"]}]},{\"@type\":\"ImageObject\",\"inLanguage\":\"en-US\",\"@id\":\"https:\/\/www.press7.tv\/?p=21986#primaryimage\",\"url\":\"https:\/\/www.press7.tv\/wp-content\/uploads\/2025\/09\/IMG_8835.avif\",\"contentUrl\":\"https:\/\/www.press7.tv\/wp-content\/uploads\/2025\/09\/IMG_8835.avif\",\"width\":1284,\"height\":968},{\"@type\":\"BreadcrumbList\",\"@id\":\"https:\/\/www.press7.tv\/?p=21986#breadcrumb\",\"itemListElement\":[{\"@type\":\"ListItem\",\"position\":1,\"name\":\"Home\",\"item\":\"https:\/\/www.press7.tv\/\"},{\"@type\":\"ListItem\",\"position\":2,\"name\":\"Rusia vendosi raketa balistike n\u00eb Kaliningrad \u2014 brenda rrezes jan\u00eb 6 an\u00ebtare t\u00eb NATO-s\"}]},{\"@type\":\"WebSite\",\"@id\":\"https:\/\/www.news33.tv\/#website\",\"url\":\"https:\/\/www.news33.tv\/\",\"name\":\"News33.tv Media\",\"description\":\"Media\",\"publisher\":{\"@id\":\"https:\/\/www.news33.tv\/#organization\"},\"potentialAction\":[{\"@type\":\"SearchAction\",\"target\":{\"@type\":\"EntryPoint\",\"urlTemplate\":\"https:\/\/www.news33.tv\/?s={search_term_string}\"},\"query-input\":{\"@type\":\"PropertyValueSpecification\",\"valueRequired\":true,\"valueName\":\"search_term_string\"}}],\"inLanguage\":\"en-US\"},{\"@type\":\"Organization\",\"@id\":\"https:\/\/www.news33.tv\/#organization\",\"name\":\"News33.tv Media\",\"url\":\"https:\/\/www.news33.tv\/\",\"logo\":{\"@type\":\"ImageObject\",\"inLanguage\":\"en-US\",\"@id\":\"https:\/\/www.news33.tv\/#\/schema\/logo\/image\/\",\"url\":\"https:\/\/www.press7.tv\/wp-content\/uploads\/2024\/02\/logo-news33-black.png\",\"contentUrl\":\"https:\/\/www.press7.tv\/wp-content\/uploads\/2024\/02\/logo-news33-black.png\",\"width\":180,\"height\":37,\"caption\":\"News33.tv Media\"},\"image\":{\"@id\":\"https:\/\/www.news33.tv\/#\/schema\/logo\/image\/\"},\"sameAs\":[\"https:\/\/www.facebook.com\/press7.tv\"]},{\"@type\":\"Person\",\"@id\":\"https:\/\/www.news33.tv\/#\/schema\/person\/5a04a38a23ccdba82f9bd665cd8f9efa\",\"name\":\"gazetar2\",\"image\":{\"@type\":\"ImageObject\",\"inLanguage\":\"en-US\",\"@id\":\"https:\/\/www.news33.tv\/#\/schema\/person\/image\/\",\"url\":\"https:\/\/www.press7.tv\/wp-content\/litespeed\/avatar\/41975e402c3049d9ddb03adca8f7a883.jpg?ver=1777169572\",\"contentUrl\":\"https:\/\/www.press7.tv\/wp-content\/litespeed\/avatar\/41975e402c3049d9ddb03adca8f7a883.jpg?ver=1777169572\",\"caption\":\"gazetar2\"},\"url\":\"https:\/\/www.press7.tv\/?author=8\"}]}<\/script>\n<!-- \/ Yoast SEO plugin. -->","yoast_head_json":{"title":"Rusia vendosi raketa balistike n\u00eb Kaliningrad \u2014 brenda rrezes jan\u00eb 6 an\u00ebtare t\u00eb NATO-s - press7.tv","robots":{"index":"index","follow":"follow","max-snippet":"max-snippet:-1","max-image-preview":"max-image-preview:large","max-video-preview":"max-video-preview:-1"},"canonical":"https:\/\/www.press7.tv\/?p=21986","og_locale":"en_US","og_type":"article","og_title":"Rusia vendosi raketa balistike n\u00eb Kaliningrad \u2014 brenda rrezes jan\u00eb 6 an\u00ebtare t\u00eb NATO-s - press7.tv","og_description":"\u201cIskander\u201d-\u00ebt ndodhen n\u00eb autostrad\u00ebn E28 n\u00eb rajonin e Kaliningradit, n\u00eb veri t\u00eb vendbanimit Kudrjavcevo. Ky \u00ebsht\u00eb nj\u00eb aks strategjik q\u00eb lidh Berlinin dhe Minskun. Sipas gjeolokacionit t\u00eb publikuar nga analist\u00eb ushtarak\u00eb, vendndodhja e xhirimit \u00ebsht\u00eb n\u00eb koordinatat 54.6451214, 21.3785666, rreth 105 kilometra nga kufiri polak N\u00eb at\u00eb distanc\u00eb, \u201cIskander\u201d-\u00ebt mund t\u00eb rrezatojn\u00eb gjasht\u00eb an\u00ebtare t\u00eb [&hellip;]","og_url":"https:\/\/www.press7.tv\/?p=21986","og_site_name":"press7.tv","article_publisher":"https:\/\/www.facebook.com\/press7.tv","article_published_time":"2025-09-15T10:20:53+00:00","og_image":[{"width":1284,"height":968,"url":"https:\/\/www.press7.tv\/wp-content\/uploads\/2025\/09\/IMG_8835.avif","type":"image\/jpeg"}],"author":"gazetar2","twitter_card":"summary_large_image","twitter_misc":{"Written by":"gazetar2","Est. reading time":"1 minute"},"schema":{"@context":"https:\/\/schema.org","@graph":[{"@type":"Article","@id":"https:\/\/www.press7.tv\/?p=21986#article","isPartOf":{"@id":"https:\/\/www.press7.tv\/?p=21986"},"author":{"name":"gazetar2","@id":"https:\/\/www.news33.tv\/#\/schema\/person\/5a04a38a23ccdba82f9bd665cd8f9efa"},"headline":"Rusia vendosi raketa balistike n\u00eb Kaliningrad \u2014 brenda rrezes jan\u00eb 6 an\u00ebtare t\u00eb NATO-s","datePublished":"2025-09-15T10:20:53+00:00","mainEntityOfPage":{"@id":"https:\/\/www.press7.tv\/?p=21986"},"wordCount":532,"publisher":{"@id":"https:\/\/www.news33.tv\/#organization"},"image":{"@id":"https:\/\/www.press7.tv\/?p=21986#primaryimage"},"thumbnailUrl":"https:\/\/www.press7.tv\/wp-content\/uploads\/2025\/09\/IMG_8835.avif","articleSection":["Bot\u00eb","Lajme"],"inLanguage":"en-US"},{"@type":"WebPage","@id":"https:\/\/www.press7.tv\/?p=21986","url":"https:\/\/www.press7.tv\/?p=21986","name":"Rusia vendosi raketa balistike n\u00eb Kaliningrad \u2014 brenda rrezes jan\u00eb 6 an\u00ebtare t\u00eb NATO-s - press7.tv","isPartOf":{"@id":"https:\/\/www.news33.tv\/#website"},"primaryImageOfPage":{"@id":"https:\/\/www.press7.tv\/?p=21986#primaryimage"},"image":{"@id":"https:\/\/www.press7.tv\/?p=21986#primaryimage"},"thumbnailUrl":"https:\/\/www.press7.tv\/wp-content\/uploads\/2025\/09\/IMG_8835.avif","datePublished":"2025-09-15T10:20:53+00:00","breadcrumb":{"@id":"https:\/\/www.press7.tv\/?p=21986#breadcrumb"},"inLanguage":"en-US","potentialAction":[{"@type":"ReadAction","target":["https:\/\/www.press7.tv\/?p=21986"]}]},{"@type":"ImageObject","inLanguage":"en-US","@id":"https:\/\/www.press7.tv\/?p=21986#primaryimage","url":"https:\/\/www.press7.tv\/wp-content\/uploads\/2025\/09\/IMG_8835.avif","contentUrl":"https:\/\/www.press7.tv\/wp-content\/uploads\/2025\/09\/IMG_8835.avif","width":1284,"height":968},{"@type":"BreadcrumbList","@id":"https:\/\/www.press7.tv\/?p=21986#breadcrumb","itemListElement":[{"@type":"ListItem","position":1,"name":"Home","item":"https:\/\/www.press7.tv\/"},{"@type":"ListItem","position":2,"name":"Rusia vendosi raketa balistike n\u00eb Kaliningrad \u2014 brenda rrezes jan\u00eb 6 an\u00ebtare t\u00eb NATO-s"}]},{"@type":"WebSite","@id":"https:\/\/www.news33.tv\/#website","url":"https:\/\/www.news33.tv\/","name":"News33.tv Media","description":"Media","publisher":{"@id":"https:\/\/www.news33.tv\/#organization"},"potentialAction":[{"@type":"SearchAction","target":{"@type":"EntryPoint","urlTemplate":"https:\/\/www.news33.tv\/?s={search_term_string}"},"query-input":{"@type":"PropertyValueSpecification","valueRequired":true,"valueName":"search_term_string"}}],"inLanguage":"en-US"},{"@type":"Organization","@id":"https:\/\/www.news33.tv\/#organization","name":"News33.tv Media","url":"https:\/\/www.news33.tv\/","logo":{"@type":"ImageObject","inLanguage":"en-US","@id":"https:\/\/www.news33.tv\/#\/schema\/logo\/image\/","url":"https:\/\/www.press7.tv\/wp-content\/uploads\/2024\/02\/logo-news33-black.png","contentUrl":"https:\/\/www.press7.tv\/wp-content\/uploads\/2024\/02\/logo-news33-black.png","width":180,"height":37,"caption":"News33.tv Media"},"image":{"@id":"https:\/\/www.news33.tv\/#\/schema\/logo\/image\/"},"sameAs":["https:\/\/www.facebook.com\/press7.tv"]},{"@type":"Person","@id":"https:\/\/www.news33.tv\/#\/schema\/person\/5a04a38a23ccdba82f9bd665cd8f9efa","name":"gazetar2","image":{"@type":"ImageObject","inLanguage":"en-US","@id":"https:\/\/www.news33.tv\/#\/schema\/person\/image\/","url":"https:\/\/www.press7.tv\/wp-content\/litespeed\/avatar\/41975e402c3049d9ddb03adca8f7a883.jpg?ver=1777169572","contentUrl":"https:\/\/www.press7.tv\/wp-content\/litespeed\/avatar\/41975e402c3049d9ddb03adca8f7a883.jpg?ver=1777169572","caption":"gazetar2"},"url":"https:\/\/www.press7.tv\/?author=8"}]}},"amp_enabled":true,"_links":{"self":[{"href":"https:\/\/www.press7.tv\/index.php?rest_route=\/wp\/v2\/posts\/21986","targetHints":{"allow":["GET"]}}],"collection":[{"href":"https:\/\/www.press7.tv\/index.php?rest_route=\/wp\/v2\/posts"}],"about":[{"href":"https:\/\/www.press7.tv\/index.php?rest_route=\/wp\/v2\/types\/post"}],"author":[{"embeddable":true,"href":"https:\/\/www.press7.tv\/index.php?rest_route=\/wp\/v2\/users\/8"}],"replies":[{"embeddable":true,"href":"https:\/\/www.press7.tv\/index.php?rest_route=%2Fwp%2Fv2%2Fcomments&post=21986"}],"version-history":[{"count":1,"href":"https:\/\/www.press7.tv\/index.php?rest_route=\/wp\/v2\/posts\/21986\/revisions"}],"predecessor-version":[{"id":21988,"href":"https:\/\/www.press7.tv\/index.php?rest_route=\/wp\/v2\/posts\/21986\/revisions\/21988"}],"wp:featuredmedia":[{"embeddable":true,"href":"https:\/\/www.press7.tv\/index.php?rest_route=\/wp\/v2\/media\/21987"}],"wp:attachment":[{"href":"https:\/\/www.press7.tv\/index.php?rest_route=%2Fwp%2Fv2%2Fmedia&parent=21986"}],"wp:term":[{"taxonomy":"category","embeddable":true,"href":"https:\/\/www.press7.tv\/index.php?rest_route=%2Fwp%2Fv2%2Fcategories&post=21986"},{"taxonomy":"post_tag","embeddable":true,"href":"https:\/\/www.press7.tv\/index.php?rest_route=%2Fwp%2Fv2%2Ftags&post=21986"}],"curies":[{"name":"wp","href":"https:\/\/api.w.org\/{rel}","templated":true}]}}