{"id":21976,"date":"2025-09-14T16:51:17","date_gmt":"2025-09-14T16:51:17","guid":{"rendered":"https:\/\/www.press7.tv\/?p=21976"},"modified":"2025-09-14T16:51:17","modified_gmt":"2025-09-14T16:51:17","slug":"rama-asgje-me-shume-se-sa-drejtesi-dhe-asgje-tjeter-pervec-drejtesise-per-kosoven-e-clirimtaret-e-saj","status":"publish","type":"post","link":"https:\/\/www.press7.tv\/?p=21976","title":{"rendered":"Rama: Asgj\u00eb m\u00eb shum\u00eb se sa drejt\u00ebsi dhe asgj\u00eb tjet\u00ebr p\u00ebrve\u00e7 drejt\u00ebsis\u00eb, p\u00ebr Kosov\u00ebn e \u00e7lirimtar\u00ebt e saj"},"content":{"rendered":"\n    <div class=\"xs_social_share_widget xs_share_url before_content \t\tmain_content  wslu-style-2 wslu-share-box-shaped wslu-fill-colored wslu-share-m-5 wslu-none wslu-share-vertical wslu-theme-font-no wslu-main_content\">\n\n\t\t\n        <ul>\n\t\t\t        <\/ul>\n    <\/div> \n<p>N\u00eb nj\u00eb postim t\u00eb dyt\u00eb n\u00eb Facebook gjat\u00eb pasdites lidhur me protest\u00ebn n\u00eb Hag\u00eb, kryeministri i Shqip\u00ebris\u00eb, Edi Rama ka th\u00ebn\u00eb se nuk k\u00ebrkohet asgj\u00eb m\u00eb tep\u00ebr se drejt\u00ebsi p\u00ebr Kosov\u00ebn dhe \u00e7lirimtar\u00ebt.<\/p>\n<p>\u201cDrejt\u00ebsi pra drejt\u00ebsi, vet\u00ebm drejt\u00ebsi, asgj\u00eb m\u00eb shum\u00eb se sa drejt\u00ebsi dhe asgj\u00eb tjet\u00ebr p\u00ebrve\u00e7 drejt\u00ebsis\u00eb, p\u00ebr Kosov\u00ebn dhe \u00c7lirimtar\u00ebt e Saj\u201d, ka shkruar Rama.<\/p>\n<p><a href=\"https:\/\/www.facebook.com\/ediramaal\/posts\/1338819020947089?ref=embed_post\">https:\/\/www.facebook.com\/ediramaal\/posts\/1338819020947089?ref=embed_post<\/a><\/p>\n","protected":false},"excerpt":{"rendered":"<p>N\u00eb nj\u00eb postim t\u00eb dyt\u00eb n\u00eb Facebook gjat\u00eb pasdites lidhur me protest\u00ebn n\u00eb Hag\u00eb, kryeministri i Shqip\u00ebris\u00eb, Edi Rama ka th\u00ebn\u00eb se nuk k\u00ebrkohet asgj\u00eb m\u00eb tep\u00ebr se drejt\u00ebsi p\u00ebr Kosov\u00ebn dhe \u00e7lirimtar\u00ebt. \u201cDrejt\u00ebsi pra drejt\u00ebsi, vet\u00ebm drejt\u00ebsi, asgj\u00eb m\u00eb shum\u00eb se sa drejt\u00ebsi dhe asgj\u00eb tjet\u00ebr p\u00ebrve\u00e7 drejt\u00ebsis\u00eb, p\u00ebr Kosov\u00ebn dhe \u00c7lirimtar\u00ebt e Saj\u201d, [&hellip;]<\/p>\n","protected":false},"author":8,"featured_media":21977,"comment_status":"closed","ping_status":"closed","sticky":false,"template":"","format":"standard","meta":{"footnotes":""},"categories":[213,216],"tags":[],"class_list":["post-21976","post","type-post","status-publish","format-standard","has-post-thumbnail","hentry","category-lajme","category-shqiperi"],"yoast_head":"<!-- This site is optimized with the Yoast SEO plugin v25.1 - https:\/\/yoast.com\/wordpress\/plugins\/seo\/ -->\n<title>Rama: Asgj\u00eb m\u00eb shum\u00eb se sa drejt\u00ebsi dhe asgj\u00eb tjet\u00ebr p\u00ebrve\u00e7 drejt\u00ebsis\u00eb, p\u00ebr Kosov\u00ebn e \u00e7lirimtar\u00ebt e saj - press7.tv<\/title>\n<meta name=\"robots\" content=\"index, follow, max-snippet:-1, max-image-preview:large, max-video-preview:-1\" \/>\n<link rel=\"canonical\" href=\"https:\/\/www.press7.tv\/?p=21976\" \/>\n<meta property=\"og:locale\" content=\"en_US\" \/>\n<meta property=\"og:type\" content=\"article\" \/>\n<meta property=\"og:title\" content=\"Rama: Asgj\u00eb m\u00eb shum\u00eb se sa drejt\u00ebsi dhe asgj\u00eb tjet\u00ebr p\u00ebrve\u00e7 drejt\u00ebsis\u00eb, p\u00ebr Kosov\u00ebn e \u00e7lirimtar\u00ebt e saj - press7.tv\" \/>\n<meta property=\"og:description\" content=\"N\u00eb nj\u00eb postim t\u00eb dyt\u00eb n\u00eb Facebook gjat\u00eb pasdites lidhur me protest\u00ebn n\u00eb Hag\u00eb, kryeministri i Shqip\u00ebris\u00eb, Edi Rama ka th\u00ebn\u00eb se nuk k\u00ebrkohet asgj\u00eb m\u00eb tep\u00ebr se drejt\u00ebsi p\u00ebr Kosov\u00ebn dhe \u00e7lirimtar\u00ebt. \u201cDrejt\u00ebsi pra drejt\u00ebsi, vet\u00ebm drejt\u00ebsi, asgj\u00eb m\u00eb shum\u00eb se sa drejt\u00ebsi dhe asgj\u00eb tjet\u00ebr p\u00ebrve\u00e7 drejt\u00ebsis\u00eb, p\u00ebr Kosov\u00ebn dhe \u00c7lirimtar\u00ebt e Saj\u201d, [&hellip;]\" \/>\n<meta property=\"og:url\" content=\"https:\/\/www.press7.tv\/?p=21976\" \/>\n<meta property=\"og:site_name\" content=\"press7.tv\" \/>\n<meta property=\"article:publisher\" content=\"https:\/\/www.facebook.com\/press7.tv\" \/>\n<meta property=\"article:published_time\" content=\"2025-09-14T16:51:17+00:00\" \/>\n<meta property=\"og:image\" content=\"https:\/\/www.press7.tv\/wp-content\/uploads\/2025\/09\/IMG_8820.avif\" \/>\n\t<meta property=\"og:image:width\" content=\"1290\" \/>\n\t<meta property=\"og:image:height\" content=\"837\" \/>\n\t<meta property=\"og:image:type\" content=\"image\/webp\" \/>\n<meta name=\"author\" content=\"gazetar2\" \/>\n<meta name=\"twitter:card\" content=\"summary_large_image\" \/>\n<meta name=\"twitter:label1\" content=\"Written by\" \/>\n\t<meta name=\"twitter:data1\" content=\"gazetar2\" \/>\n\t<meta name=\"twitter:label2\" content=\"Est. reading time\" \/>\n\t<meta name=\"twitter:data2\" content=\"1 minute\" \/>\n<script type=\"application\/ld+json\" class=\"yoast-schema-graph\">{\"@context\":\"https:\/\/schema.org\",\"@graph\":[{\"@type\":\"Article\",\"@id\":\"https:\/\/www.press7.tv\/?p=21976#article\",\"isPartOf\":{\"@id\":\"https:\/\/www.press7.tv\/?p=21976\"},\"author\":{\"name\":\"gazetar2\",\"@id\":\"https:\/\/www.news33.tv\/#\/schema\/person\/5a04a38a23ccdba82f9bd665cd8f9efa\"},\"headline\":\"Rama: Asgj\u00eb m\u00eb shum\u00eb se sa drejt\u00ebsi dhe asgj\u00eb tjet\u00ebr p\u00ebrve\u00e7 drejt\u00ebsis\u00eb, p\u00ebr Kosov\u00ebn e \u00e7lirimtar\u00ebt e saj\",\"datePublished\":\"2025-09-14T16:51:17+00:00\",\"mainEntityOfPage\":{\"@id\":\"https:\/\/www.press7.tv\/?p=21976\"},\"wordCount\":112,\"publisher\":{\"@id\":\"https:\/\/www.news33.tv\/#organization\"},\"image\":{\"@id\":\"https:\/\/www.press7.tv\/?p=21976#primaryimage\"},\"thumbnailUrl\":\"https:\/\/www.press7.tv\/wp-content\/uploads\/2025\/09\/IMG_8820.avif\",\"articleSection\":[\"Lajme\",\"Shqip\u00ebri\"],\"inLanguage\":\"en-US\"},{\"@type\":\"WebPage\",\"@id\":\"https:\/\/www.press7.tv\/?p=21976\",\"url\":\"https:\/\/www.press7.tv\/?p=21976\",\"name\":\"Rama: Asgj\u00eb m\u00eb shum\u00eb se sa drejt\u00ebsi dhe asgj\u00eb tjet\u00ebr p\u00ebrve\u00e7 drejt\u00ebsis\u00eb, p\u00ebr Kosov\u00ebn e \u00e7lirimtar\u00ebt e saj - press7.tv\",\"isPartOf\":{\"@id\":\"https:\/\/www.news33.tv\/#website\"},\"primaryImageOfPage\":{\"@id\":\"https:\/\/www.press7.tv\/?p=21976#primaryimage\"},\"image\":{\"@id\":\"https:\/\/www.press7.tv\/?p=21976#primaryimage\"},\"thumbnailUrl\":\"https:\/\/www.press7.tv\/wp-content\/uploads\/2025\/09\/IMG_8820.avif\",\"datePublished\":\"2025-09-14T16:51:17+00:00\",\"breadcrumb\":{\"@id\":\"https:\/\/www.press7.tv\/?p=21976#breadcrumb\"},\"inLanguage\":\"en-US\",\"potentialAction\":[{\"@type\":\"ReadAction\",\"target\":[\"https:\/\/www.press7.tv\/?p=21976\"]}]},{\"@type\":\"ImageObject\",\"inLanguage\":\"en-US\",\"@id\":\"https:\/\/www.press7.tv\/?p=21976#primaryimage\",\"url\":\"https:\/\/www.press7.tv\/wp-content\/uploads\/2025\/09\/IMG_8820.avif\",\"contentUrl\":\"https:\/\/www.press7.tv\/wp-content\/uploads\/2025\/09\/IMG_8820.avif\",\"width\":1290,\"height\":837},{\"@type\":\"BreadcrumbList\",\"@id\":\"https:\/\/www.press7.tv\/?p=21976#breadcrumb\",\"itemListElement\":[{\"@type\":\"ListItem\",\"position\":1,\"name\":\"Home\",\"item\":\"https:\/\/www.press7.tv\/\"},{\"@type\":\"ListItem\",\"position\":2,\"name\":\"Rama: Asgj\u00eb m\u00eb shum\u00eb se sa drejt\u00ebsi dhe asgj\u00eb tjet\u00ebr p\u00ebrve\u00e7 drejt\u00ebsis\u00eb, p\u00ebr Kosov\u00ebn e \u00e7lirimtar\u00ebt e saj\"}]},{\"@type\":\"WebSite\",\"@id\":\"https:\/\/www.news33.tv\/#website\",\"url\":\"https:\/\/www.news33.tv\/\",\"name\":\"News33.tv Media\",\"description\":\"Media\",\"publisher\":{\"@id\":\"https:\/\/www.news33.tv\/#organization\"},\"potentialAction\":[{\"@type\":\"SearchAction\",\"target\":{\"@type\":\"EntryPoint\",\"urlTemplate\":\"https:\/\/www.news33.tv\/?s={search_term_string}\"},\"query-input\":{\"@type\":\"PropertyValueSpecification\",\"valueRequired\":true,\"valueName\":\"search_term_string\"}}],\"inLanguage\":\"en-US\"},{\"@type\":\"Organization\",\"@id\":\"https:\/\/www.news33.tv\/#organization\",\"name\":\"News33.tv Media\",\"url\":\"https:\/\/www.news33.tv\/\",\"logo\":{\"@type\":\"ImageObject\",\"inLanguage\":\"en-US\",\"@id\":\"https:\/\/www.news33.tv\/#\/schema\/logo\/image\/\",\"url\":\"https:\/\/www.press7.tv\/wp-content\/uploads\/2024\/02\/logo-news33-black.png\",\"contentUrl\":\"https:\/\/www.press7.tv\/wp-content\/uploads\/2024\/02\/logo-news33-black.png\",\"width\":180,\"height\":37,\"caption\":\"News33.tv Media\"},\"image\":{\"@id\":\"https:\/\/www.news33.tv\/#\/schema\/logo\/image\/\"},\"sameAs\":[\"https:\/\/www.facebook.com\/press7.tv\"]},{\"@type\":\"Person\",\"@id\":\"https:\/\/www.news33.tv\/#\/schema\/person\/5a04a38a23ccdba82f9bd665cd8f9efa\",\"name\":\"gazetar2\",\"image\":{\"@type\":\"ImageObject\",\"inLanguage\":\"en-US\",\"@id\":\"https:\/\/www.news33.tv\/#\/schema\/person\/image\/\",\"url\":\"https:\/\/www.press7.tv\/wp-content\/litespeed\/avatar\/41975e402c3049d9ddb03adca8f7a883.jpg?ver=1777169572\",\"contentUrl\":\"https:\/\/www.press7.tv\/wp-content\/litespeed\/avatar\/41975e402c3049d9ddb03adca8f7a883.jpg?ver=1777169572\",\"caption\":\"gazetar2\"},\"url\":\"https:\/\/www.press7.tv\/?author=8\"}]}<\/script>\n<!-- \/ Yoast SEO plugin. -->","yoast_head_json":{"title":"Rama: Asgj\u00eb m\u00eb shum\u00eb se sa drejt\u00ebsi dhe asgj\u00eb tjet\u00ebr p\u00ebrve\u00e7 drejt\u00ebsis\u00eb, p\u00ebr Kosov\u00ebn e \u00e7lirimtar\u00ebt e saj - press7.tv","robots":{"index":"index","follow":"follow","max-snippet":"max-snippet:-1","max-image-preview":"max-image-preview:large","max-video-preview":"max-video-preview:-1"},"canonical":"https:\/\/www.press7.tv\/?p=21976","og_locale":"en_US","og_type":"article","og_title":"Rama: Asgj\u00eb m\u00eb shum\u00eb se sa drejt\u00ebsi dhe asgj\u00eb tjet\u00ebr p\u00ebrve\u00e7 drejt\u00ebsis\u00eb, p\u00ebr Kosov\u00ebn e \u00e7lirimtar\u00ebt e saj - press7.tv","og_description":"N\u00eb nj\u00eb postim t\u00eb dyt\u00eb n\u00eb Facebook gjat\u00eb pasdites lidhur me protest\u00ebn n\u00eb Hag\u00eb, kryeministri i Shqip\u00ebris\u00eb, Edi Rama ka th\u00ebn\u00eb se nuk k\u00ebrkohet asgj\u00eb m\u00eb tep\u00ebr se drejt\u00ebsi p\u00ebr Kosov\u00ebn dhe \u00e7lirimtar\u00ebt. \u201cDrejt\u00ebsi pra drejt\u00ebsi, vet\u00ebm drejt\u00ebsi, asgj\u00eb m\u00eb shum\u00eb se sa drejt\u00ebsi dhe asgj\u00eb tjet\u00ebr p\u00ebrve\u00e7 drejt\u00ebsis\u00eb, p\u00ebr Kosov\u00ebn dhe \u00c7lirimtar\u00ebt e Saj\u201d, [&hellip;]","og_url":"https:\/\/www.press7.tv\/?p=21976","og_site_name":"press7.tv","article_publisher":"https:\/\/www.facebook.com\/press7.tv","article_published_time":"2025-09-14T16:51:17+00:00","og_image":[{"width":1290,"height":837,"url":"https:\/\/www.press7.tv\/wp-content\/uploads\/2025\/09\/IMG_8820.avif","type":"image\/webp"}],"author":"gazetar2","twitter_card":"summary_large_image","twitter_misc":{"Written by":"gazetar2","Est. reading time":"1 minute"},"schema":{"@context":"https:\/\/schema.org","@graph":[{"@type":"Article","@id":"https:\/\/www.press7.tv\/?p=21976#article","isPartOf":{"@id":"https:\/\/www.press7.tv\/?p=21976"},"author":{"name":"gazetar2","@id":"https:\/\/www.news33.tv\/#\/schema\/person\/5a04a38a23ccdba82f9bd665cd8f9efa"},"headline":"Rama: Asgj\u00eb m\u00eb shum\u00eb se sa drejt\u00ebsi dhe asgj\u00eb tjet\u00ebr p\u00ebrve\u00e7 drejt\u00ebsis\u00eb, p\u00ebr Kosov\u00ebn e \u00e7lirimtar\u00ebt e saj","datePublished":"2025-09-14T16:51:17+00:00","mainEntityOfPage":{"@id":"https:\/\/www.press7.tv\/?p=21976"},"wordCount":112,"publisher":{"@id":"https:\/\/www.news33.tv\/#organization"},"image":{"@id":"https:\/\/www.press7.tv\/?p=21976#primaryimage"},"thumbnailUrl":"https:\/\/www.press7.tv\/wp-content\/uploads\/2025\/09\/IMG_8820.avif","articleSection":["Lajme","Shqip\u00ebri"],"inLanguage":"en-US"},{"@type":"WebPage","@id":"https:\/\/www.press7.tv\/?p=21976","url":"https:\/\/www.press7.tv\/?p=21976","name":"Rama: Asgj\u00eb m\u00eb shum\u00eb se sa drejt\u00ebsi dhe asgj\u00eb tjet\u00ebr p\u00ebrve\u00e7 drejt\u00ebsis\u00eb, p\u00ebr Kosov\u00ebn e \u00e7lirimtar\u00ebt e saj - press7.tv","isPartOf":{"@id":"https:\/\/www.news33.tv\/#website"},"primaryImageOfPage":{"@id":"https:\/\/www.press7.tv\/?p=21976#primaryimage"},"image":{"@id":"https:\/\/www.press7.tv\/?p=21976#primaryimage"},"thumbnailUrl":"https:\/\/www.press7.tv\/wp-content\/uploads\/2025\/09\/IMG_8820.avif","datePublished":"2025-09-14T16:51:17+00:00","breadcrumb":{"@id":"https:\/\/www.press7.tv\/?p=21976#breadcrumb"},"inLanguage":"en-US","potentialAction":[{"@type":"ReadAction","target":["https:\/\/www.press7.tv\/?p=21976"]}]},{"@type":"ImageObject","inLanguage":"en-US","@id":"https:\/\/www.press7.tv\/?p=21976#primaryimage","url":"https:\/\/www.press7.tv\/wp-content\/uploads\/2025\/09\/IMG_8820.avif","contentUrl":"https:\/\/www.press7.tv\/wp-content\/uploads\/2025\/09\/IMG_8820.avif","width":1290,"height":837},{"@type":"BreadcrumbList","@id":"https:\/\/www.press7.tv\/?p=21976#breadcrumb","itemListElement":[{"@type":"ListItem","position":1,"name":"Home","item":"https:\/\/www.press7.tv\/"},{"@type":"ListItem","position":2,"name":"Rama: Asgj\u00eb m\u00eb shum\u00eb se sa drejt\u00ebsi dhe asgj\u00eb tjet\u00ebr p\u00ebrve\u00e7 drejt\u00ebsis\u00eb, p\u00ebr Kosov\u00ebn e \u00e7lirimtar\u00ebt e saj"}]},{"@type":"WebSite","@id":"https:\/\/www.news33.tv\/#website","url":"https:\/\/www.news33.tv\/","name":"News33.tv Media","description":"Media","publisher":{"@id":"https:\/\/www.news33.tv\/#organization"},"potentialAction":[{"@type":"SearchAction","target":{"@type":"EntryPoint","urlTemplate":"https:\/\/www.news33.tv\/?s={search_term_string}"},"query-input":{"@type":"PropertyValueSpecification","valueRequired":true,"valueName":"search_term_string"}}],"inLanguage":"en-US"},{"@type":"Organization","@id":"https:\/\/www.news33.tv\/#organization","name":"News33.tv Media","url":"https:\/\/www.news33.tv\/","logo":{"@type":"ImageObject","inLanguage":"en-US","@id":"https:\/\/www.news33.tv\/#\/schema\/logo\/image\/","url":"https:\/\/www.press7.tv\/wp-content\/uploads\/2024\/02\/logo-news33-black.png","contentUrl":"https:\/\/www.press7.tv\/wp-content\/uploads\/2024\/02\/logo-news33-black.png","width":180,"height":37,"caption":"News33.tv Media"},"image":{"@id":"https:\/\/www.news33.tv\/#\/schema\/logo\/image\/"},"sameAs":["https:\/\/www.facebook.com\/press7.tv"]},{"@type":"Person","@id":"https:\/\/www.news33.tv\/#\/schema\/person\/5a04a38a23ccdba82f9bd665cd8f9efa","name":"gazetar2","image":{"@type":"ImageObject","inLanguage":"en-US","@id":"https:\/\/www.news33.tv\/#\/schema\/person\/image\/","url":"https:\/\/www.press7.tv\/wp-content\/litespeed\/avatar\/41975e402c3049d9ddb03adca8f7a883.jpg?ver=1777169572","contentUrl":"https:\/\/www.press7.tv\/wp-content\/litespeed\/avatar\/41975e402c3049d9ddb03adca8f7a883.jpg?ver=1777169572","caption":"gazetar2"},"url":"https:\/\/www.press7.tv\/?author=8"}]}},"amp_enabled":true,"_links":{"self":[{"href":"https:\/\/www.press7.tv\/index.php?rest_route=\/wp\/v2\/posts\/21976","targetHints":{"allow":["GET"]}}],"collection":[{"href":"https:\/\/www.press7.tv\/index.php?rest_route=\/wp\/v2\/posts"}],"about":[{"href":"https:\/\/www.press7.tv\/index.php?rest_route=\/wp\/v2\/types\/post"}],"author":[{"embeddable":true,"href":"https:\/\/www.press7.tv\/index.php?rest_route=\/wp\/v2\/users\/8"}],"replies":[{"embeddable":true,"href":"https:\/\/www.press7.tv\/index.php?rest_route=%2Fwp%2Fv2%2Fcomments&post=21976"}],"version-history":[{"count":1,"href":"https:\/\/www.press7.tv\/index.php?rest_route=\/wp\/v2\/posts\/21976\/revisions"}],"predecessor-version":[{"id":21978,"href":"https:\/\/www.press7.tv\/index.php?rest_route=\/wp\/v2\/posts\/21976\/revisions\/21978"}],"wp:featuredmedia":[{"embeddable":true,"href":"https:\/\/www.press7.tv\/index.php?rest_route=\/wp\/v2\/media\/21977"}],"wp:attachment":[{"href":"https:\/\/www.press7.tv\/index.php?rest_route=%2Fwp%2Fv2%2Fmedia&parent=21976"}],"wp:term":[{"taxonomy":"category","embeddable":true,"href":"https:\/\/www.press7.tv\/index.php?rest_route=%2Fwp%2Fv2%2Fcategories&post=21976"},{"taxonomy":"post_tag","embeddable":true,"href":"https:\/\/www.press7.tv\/index.php?rest_route=%2Fwp%2Fv2%2Ftags&post=21976"}],"curies":[{"name":"wp","href":"https:\/\/api.w.org\/{rel}","templated":true}]}}