{"id":21973,"date":"2025-09-14T13:36:28","date_gmt":"2025-09-14T13:36:28","guid":{"rendered":"https:\/\/www.press7.tv\/?p=21973"},"modified":"2025-09-14T13:36:28","modified_gmt":"2025-09-14T13:36:28","slug":"ish-ambasadori-i-holandes-fatkeqesisht-ne-shtyme-para-per-kete-gjykate-speciale-e-kishim-gabim-u-be-per-akuzat-e-dick-marty-it","status":"publish","type":"post","link":"https:\/\/www.press7.tv\/?p=21973","title":{"rendered":"Ish-Ambasadori i Holand\u00ebs: Fatkeq\u00ebsisht ne shtym\u00eb para p\u00ebr k\u00ebt\u00eb Gjykat\u00eb Speciale, e kishim gabim, u b\u00eb p\u00ebr akuzat e Dick Marty-it"},"content":{"rendered":"\n    <div class=\"xs_social_share_widget xs_share_url before_content \t\tmain_content  wslu-style-2 wslu-share-box-shaped wslu-fill-colored wslu-share-m-5 wslu-none wslu-share-vertical wslu-theme-font-no wslu-main_content\">\n\n\t\t\n        <ul>\n\t\t\t        <\/ul>\n    <\/div> \n<p>Ish-Ambasadori i Holand\u00ebs, Robert Bosch, n\u00eb nj\u00eb adresim n\u00eb protest\u00ebn kund\u00ebr Gjykat\u00ebs Speciale, pranoi se si kishin b\u00ebr\u00eb padrjet\u00ebsisht presion ndaj Kosov\u00ebs p\u00ebr themelimin e Gjykat\u00ebs Speciale.<\/p>\n<p>Pjes\u00eb nga fjalimi i tij:<\/p>\n<p>M\u00eb k\u00ebrkuan t\u00eb flas p\u00ebr kauz\u00ebn e drejt\u00eb tuaj, dhe jam i vullnetsh\u00ebm ta b\u00ebj\u00eb.<\/p>\n<p>Do t\u00eb ndaj disa mendime dhe p\u00ebrvoja. E para kur isha n\u00eb Kosov\u00eb nga 2010 n\u00eb 2015, kam pasur shum\u00eb kontakte me qeverin\u00eb e Tha\u00e7it n\u00eb ve\u00e7anit.<\/p>\n<p>Dhe ne si t\u00eb huaj asokohe u shtym\u00eb nga qeverit\u00eb tona q\u00eb t\u00eb b\u00ebjm\u00eb presion p\u00ebr krijimin e k\u00ebsaj gjykate speciale.<\/p>\n<p>Edhe pse un\u00eb nuk e p\u00ebleqja, sepse nuk gjykoheshin edhe serb\u00ebt, mejgithat\u00eb un\u00eb b\u00ebra pun\u00ebn time.<\/p>\n<p>Dhe e mbaj mend kur fola me Tha\u00e7in, i thash q\u00eb nuk ke nevoj\u00eb t\u00eb b\u00ebhej merak.<\/p>\n<p>Sepse n\u00ebse nuk \u00ebsht\u00eb gjykat\u00eb kanguri, do t\u00eb jesh i lir\u00eb p\u00ebr shkak t\u00eb munges\u00ebs s\u00eb provave.<\/p>\n<p>Fatk\u00ebq\u00ebsisht e kisha gabim, sepse kjo s\u2019doli serioze sa pritsha une\u00eb.<\/p>\n<p>Sepse e dini q\u00eb Dick MARTY, q\u00eb fliste p\u00ebr trafigim t\u00eb organeve.<\/p>\n<p>Edhe pse ajo ishte hetuar dy her\u00eb dhe s\u2019pati pas rezultatet, por pavar\u00ebsisht K\u00ebshilli i Evrop\u00ebs e shtyu para.<\/p>\n<p>Gjykata erdhi, dhe pastaj u pa q \u00ebishte nj\u00eb tregim i trilluar nga serb\u00ebt.<\/p>\n","protected":false},"excerpt":{"rendered":"<p>Ish-Ambasadori i Holand\u00ebs, Robert Bosch, n\u00eb nj\u00eb adresim n\u00eb protest\u00ebn kund\u00ebr Gjykat\u00ebs Speciale, pranoi se si kishin b\u00ebr\u00eb padrjet\u00ebsisht presion ndaj Kosov\u00ebs p\u00ebr themelimin e Gjykat\u00ebs Speciale. Pjes\u00eb nga fjalimi i tij: M\u00eb k\u00ebrkuan t\u00eb flas p\u00ebr kauz\u00ebn e drejt\u00eb tuaj, dhe jam i vullnetsh\u00ebm ta b\u00ebj\u00eb. Do t\u00eb ndaj disa mendime dhe p\u00ebrvoja. E [&hellip;]<\/p>\n","protected":false},"author":8,"featured_media":21974,"comment_status":"closed","ping_status":"closed","sticky":false,"template":"","format":"standard","meta":{"footnotes":""},"categories":[217,213],"tags":[],"class_list":["post-21973","post","type-post","status-publish","format-standard","has-post-thumbnail","hentry","category-bote","category-lajme"],"yoast_head":"<!-- This site is optimized with the Yoast SEO plugin v25.1 - https:\/\/yoast.com\/wordpress\/plugins\/seo\/ -->\n<title>Ish-Ambasadori i Holand\u00ebs: Fatkeq\u00ebsisht ne shtym\u00eb para p\u00ebr k\u00ebt\u00eb Gjykat\u00eb Speciale, e kishim gabim, u b\u00eb p\u00ebr akuzat e Dick Marty-it - press7.tv<\/title>\n<meta name=\"robots\" content=\"index, follow, max-snippet:-1, max-image-preview:large, max-video-preview:-1\" \/>\n<link rel=\"canonical\" href=\"https:\/\/www.press7.tv\/?p=21973\" \/>\n<meta property=\"og:locale\" content=\"en_US\" \/>\n<meta property=\"og:type\" content=\"article\" \/>\n<meta property=\"og:title\" content=\"Ish-Ambasadori i Holand\u00ebs: Fatkeq\u00ebsisht ne shtym\u00eb para p\u00ebr k\u00ebt\u00eb Gjykat\u00eb Speciale, e kishim gabim, u b\u00eb p\u00ebr akuzat e Dick Marty-it - press7.tv\" \/>\n<meta property=\"og:description\" content=\"Ish-Ambasadori i Holand\u00ebs, Robert Bosch, n\u00eb nj\u00eb adresim n\u00eb protest\u00ebn kund\u00ebr Gjykat\u00ebs Speciale, pranoi se si kishin b\u00ebr\u00eb padrjet\u00ebsisht presion ndaj Kosov\u00ebs p\u00ebr themelimin e Gjykat\u00ebs Speciale. Pjes\u00eb nga fjalimi i tij: M\u00eb k\u00ebrkuan t\u00eb flas p\u00ebr kauz\u00ebn e drejt\u00eb tuaj, dhe jam i vullnetsh\u00ebm ta b\u00ebj\u00eb. Do t\u00eb ndaj disa mendime dhe p\u00ebrvoja. E [&hellip;]\" \/>\n<meta property=\"og:url\" content=\"https:\/\/www.press7.tv\/?p=21973\" \/>\n<meta property=\"og:site_name\" content=\"press7.tv\" \/>\n<meta property=\"article:publisher\" content=\"https:\/\/www.facebook.com\/press7.tv\" \/>\n<meta property=\"article:published_time\" content=\"2025-09-14T13:36:28+00:00\" \/>\n<meta property=\"og:image\" content=\"https:\/\/www.press7.tv\/wp-content\/uploads\/2025\/09\/IMG_8776.avif\" \/>\n\t<meta property=\"og:image:width\" content=\"1133\" \/>\n\t<meta property=\"og:image:height\" content=\"894\" \/>\n\t<meta property=\"og:image:type\" content=\"image\/jpeg\" \/>\n<meta name=\"author\" content=\"gazetar2\" \/>\n<meta name=\"twitter:card\" content=\"summary_large_image\" \/>\n<meta name=\"twitter:label1\" content=\"Written by\" \/>\n\t<meta name=\"twitter:data1\" content=\"gazetar2\" \/>\n\t<meta name=\"twitter:label2\" content=\"Est. reading time\" \/>\n\t<meta name=\"twitter:data2\" content=\"1 minute\" \/>\n<script type=\"application\/ld+json\" class=\"yoast-schema-graph\">{\"@context\":\"https:\/\/schema.org\",\"@graph\":[{\"@type\":\"Article\",\"@id\":\"https:\/\/www.press7.tv\/?p=21973#article\",\"isPartOf\":{\"@id\":\"https:\/\/www.press7.tv\/?p=21973\"},\"author\":{\"name\":\"gazetar2\",\"@id\":\"https:\/\/www.news33.tv\/#\/schema\/person\/5a04a38a23ccdba82f9bd665cd8f9efa\"},\"headline\":\"Ish-Ambasadori i Holand\u00ebs: Fatkeq\u00ebsisht ne shtym\u00eb para p\u00ebr k\u00ebt\u00eb Gjykat\u00eb Speciale, e kishim gabim, u b\u00eb p\u00ebr akuzat e Dick Marty-it\",\"datePublished\":\"2025-09-14T13:36:28+00:00\",\"mainEntityOfPage\":{\"@id\":\"https:\/\/www.press7.tv\/?p=21973\"},\"wordCount\":263,\"publisher\":{\"@id\":\"https:\/\/www.news33.tv\/#organization\"},\"image\":{\"@id\":\"https:\/\/www.press7.tv\/?p=21973#primaryimage\"},\"thumbnailUrl\":\"https:\/\/www.press7.tv\/wp-content\/uploads\/2025\/09\/IMG_8776.avif\",\"articleSection\":[\"Bot\u00eb\",\"Lajme\"],\"inLanguage\":\"en-US\"},{\"@type\":\"WebPage\",\"@id\":\"https:\/\/www.press7.tv\/?p=21973\",\"url\":\"https:\/\/www.press7.tv\/?p=21973\",\"name\":\"Ish-Ambasadori i Holand\u00ebs: Fatkeq\u00ebsisht ne shtym\u00eb para p\u00ebr k\u00ebt\u00eb Gjykat\u00eb Speciale, e kishim gabim, u b\u00eb p\u00ebr akuzat e Dick Marty-it - press7.tv\",\"isPartOf\":{\"@id\":\"https:\/\/www.news33.tv\/#website\"},\"primaryImageOfPage\":{\"@id\":\"https:\/\/www.press7.tv\/?p=21973#primaryimage\"},\"image\":{\"@id\":\"https:\/\/www.press7.tv\/?p=21973#primaryimage\"},\"thumbnailUrl\":\"https:\/\/www.press7.tv\/wp-content\/uploads\/2025\/09\/IMG_8776.avif\",\"datePublished\":\"2025-09-14T13:36:28+00:00\",\"breadcrumb\":{\"@id\":\"https:\/\/www.press7.tv\/?p=21973#breadcrumb\"},\"inLanguage\":\"en-US\",\"potentialAction\":[{\"@type\":\"ReadAction\",\"target\":[\"https:\/\/www.press7.tv\/?p=21973\"]}]},{\"@type\":\"ImageObject\",\"inLanguage\":\"en-US\",\"@id\":\"https:\/\/www.press7.tv\/?p=21973#primaryimage\",\"url\":\"https:\/\/www.press7.tv\/wp-content\/uploads\/2025\/09\/IMG_8776.avif\",\"contentUrl\":\"https:\/\/www.press7.tv\/wp-content\/uploads\/2025\/09\/IMG_8776.avif\",\"width\":1133,\"height\":894,\"caption\":\"Screenshot\"},{\"@type\":\"BreadcrumbList\",\"@id\":\"https:\/\/www.press7.tv\/?p=21973#breadcrumb\",\"itemListElement\":[{\"@type\":\"ListItem\",\"position\":1,\"name\":\"Home\",\"item\":\"https:\/\/www.press7.tv\/\"},{\"@type\":\"ListItem\",\"position\":2,\"name\":\"Ish-Ambasadori i Holand\u00ebs: Fatkeq\u00ebsisht ne shtym\u00eb para p\u00ebr k\u00ebt\u00eb Gjykat\u00eb Speciale, e kishim gabim, u b\u00eb p\u00ebr akuzat e Dick Marty-it\"}]},{\"@type\":\"WebSite\",\"@id\":\"https:\/\/www.news33.tv\/#website\",\"url\":\"https:\/\/www.news33.tv\/\",\"name\":\"News33.tv Media\",\"description\":\"Media\",\"publisher\":{\"@id\":\"https:\/\/www.news33.tv\/#organization\"},\"potentialAction\":[{\"@type\":\"SearchAction\",\"target\":{\"@type\":\"EntryPoint\",\"urlTemplate\":\"https:\/\/www.news33.tv\/?s={search_term_string}\"},\"query-input\":{\"@type\":\"PropertyValueSpecification\",\"valueRequired\":true,\"valueName\":\"search_term_string\"}}],\"inLanguage\":\"en-US\"},{\"@type\":\"Organization\",\"@id\":\"https:\/\/www.news33.tv\/#organization\",\"name\":\"News33.tv Media\",\"url\":\"https:\/\/www.news33.tv\/\",\"logo\":{\"@type\":\"ImageObject\",\"inLanguage\":\"en-US\",\"@id\":\"https:\/\/www.news33.tv\/#\/schema\/logo\/image\/\",\"url\":\"https:\/\/www.press7.tv\/wp-content\/uploads\/2024\/02\/logo-news33-black.png\",\"contentUrl\":\"https:\/\/www.press7.tv\/wp-content\/uploads\/2024\/02\/logo-news33-black.png\",\"width\":180,\"height\":37,\"caption\":\"News33.tv Media\"},\"image\":{\"@id\":\"https:\/\/www.news33.tv\/#\/schema\/logo\/image\/\"},\"sameAs\":[\"https:\/\/www.facebook.com\/press7.tv\"]},{\"@type\":\"Person\",\"@id\":\"https:\/\/www.news33.tv\/#\/schema\/person\/5a04a38a23ccdba82f9bd665cd8f9efa\",\"name\":\"gazetar2\",\"image\":{\"@type\":\"ImageObject\",\"inLanguage\":\"en-US\",\"@id\":\"https:\/\/www.news33.tv\/#\/schema\/person\/image\/\",\"url\":\"https:\/\/www.press7.tv\/wp-content\/litespeed\/avatar\/41975e402c3049d9ddb03adca8f7a883.jpg?ver=1777169572\",\"contentUrl\":\"https:\/\/www.press7.tv\/wp-content\/litespeed\/avatar\/41975e402c3049d9ddb03adca8f7a883.jpg?ver=1777169572\",\"caption\":\"gazetar2\"},\"url\":\"https:\/\/www.press7.tv\/?author=8\"}]}<\/script>\n<!-- \/ Yoast SEO plugin. -->","yoast_head_json":{"title":"Ish-Ambasadori i Holand\u00ebs: Fatkeq\u00ebsisht ne shtym\u00eb para p\u00ebr k\u00ebt\u00eb Gjykat\u00eb Speciale, e kishim gabim, u b\u00eb p\u00ebr akuzat e Dick Marty-it - press7.tv","robots":{"index":"index","follow":"follow","max-snippet":"max-snippet:-1","max-image-preview":"max-image-preview:large","max-video-preview":"max-video-preview:-1"},"canonical":"https:\/\/www.press7.tv\/?p=21973","og_locale":"en_US","og_type":"article","og_title":"Ish-Ambasadori i Holand\u00ebs: Fatkeq\u00ebsisht ne shtym\u00eb para p\u00ebr k\u00ebt\u00eb Gjykat\u00eb Speciale, e kishim gabim, u b\u00eb p\u00ebr akuzat e Dick Marty-it - press7.tv","og_description":"Ish-Ambasadori i Holand\u00ebs, Robert Bosch, n\u00eb nj\u00eb adresim n\u00eb protest\u00ebn kund\u00ebr Gjykat\u00ebs Speciale, pranoi se si kishin b\u00ebr\u00eb padrjet\u00ebsisht presion ndaj Kosov\u00ebs p\u00ebr themelimin e Gjykat\u00ebs Speciale. Pjes\u00eb nga fjalimi i tij: M\u00eb k\u00ebrkuan t\u00eb flas p\u00ebr kauz\u00ebn e drejt\u00eb tuaj, dhe jam i vullnetsh\u00ebm ta b\u00ebj\u00eb. Do t\u00eb ndaj disa mendime dhe p\u00ebrvoja. E [&hellip;]","og_url":"https:\/\/www.press7.tv\/?p=21973","og_site_name":"press7.tv","article_publisher":"https:\/\/www.facebook.com\/press7.tv","article_published_time":"2025-09-14T13:36:28+00:00","og_image":[{"width":1133,"height":894,"url":"https:\/\/www.press7.tv\/wp-content\/uploads\/2025\/09\/IMG_8776.avif","type":"image\/jpeg"}],"author":"gazetar2","twitter_card":"summary_large_image","twitter_misc":{"Written by":"gazetar2","Est. reading time":"1 minute"},"schema":{"@context":"https:\/\/schema.org","@graph":[{"@type":"Article","@id":"https:\/\/www.press7.tv\/?p=21973#article","isPartOf":{"@id":"https:\/\/www.press7.tv\/?p=21973"},"author":{"name":"gazetar2","@id":"https:\/\/www.news33.tv\/#\/schema\/person\/5a04a38a23ccdba82f9bd665cd8f9efa"},"headline":"Ish-Ambasadori i Holand\u00ebs: Fatkeq\u00ebsisht ne shtym\u00eb para p\u00ebr k\u00ebt\u00eb Gjykat\u00eb Speciale, e kishim gabim, u b\u00eb p\u00ebr akuzat e Dick Marty-it","datePublished":"2025-09-14T13:36:28+00:00","mainEntityOfPage":{"@id":"https:\/\/www.press7.tv\/?p=21973"},"wordCount":263,"publisher":{"@id":"https:\/\/www.news33.tv\/#organization"},"image":{"@id":"https:\/\/www.press7.tv\/?p=21973#primaryimage"},"thumbnailUrl":"https:\/\/www.press7.tv\/wp-content\/uploads\/2025\/09\/IMG_8776.avif","articleSection":["Bot\u00eb","Lajme"],"inLanguage":"en-US"},{"@type":"WebPage","@id":"https:\/\/www.press7.tv\/?p=21973","url":"https:\/\/www.press7.tv\/?p=21973","name":"Ish-Ambasadori i Holand\u00ebs: Fatkeq\u00ebsisht ne shtym\u00eb para p\u00ebr k\u00ebt\u00eb Gjykat\u00eb Speciale, e kishim gabim, u b\u00eb p\u00ebr akuzat e Dick Marty-it - press7.tv","isPartOf":{"@id":"https:\/\/www.news33.tv\/#website"},"primaryImageOfPage":{"@id":"https:\/\/www.press7.tv\/?p=21973#primaryimage"},"image":{"@id":"https:\/\/www.press7.tv\/?p=21973#primaryimage"},"thumbnailUrl":"https:\/\/www.press7.tv\/wp-content\/uploads\/2025\/09\/IMG_8776.avif","datePublished":"2025-09-14T13:36:28+00:00","breadcrumb":{"@id":"https:\/\/www.press7.tv\/?p=21973#breadcrumb"},"inLanguage":"en-US","potentialAction":[{"@type":"ReadAction","target":["https:\/\/www.press7.tv\/?p=21973"]}]},{"@type":"ImageObject","inLanguage":"en-US","@id":"https:\/\/www.press7.tv\/?p=21973#primaryimage","url":"https:\/\/www.press7.tv\/wp-content\/uploads\/2025\/09\/IMG_8776.avif","contentUrl":"https:\/\/www.press7.tv\/wp-content\/uploads\/2025\/09\/IMG_8776.avif","width":1133,"height":894,"caption":"Screenshot"},{"@type":"BreadcrumbList","@id":"https:\/\/www.press7.tv\/?p=21973#breadcrumb","itemListElement":[{"@type":"ListItem","position":1,"name":"Home","item":"https:\/\/www.press7.tv\/"},{"@type":"ListItem","position":2,"name":"Ish-Ambasadori i Holand\u00ebs: Fatkeq\u00ebsisht ne shtym\u00eb para p\u00ebr k\u00ebt\u00eb Gjykat\u00eb Speciale, e kishim gabim, u b\u00eb p\u00ebr akuzat e Dick Marty-it"}]},{"@type":"WebSite","@id":"https:\/\/www.news33.tv\/#website","url":"https:\/\/www.news33.tv\/","name":"News33.tv Media","description":"Media","publisher":{"@id":"https:\/\/www.news33.tv\/#organization"},"potentialAction":[{"@type":"SearchAction","target":{"@type":"EntryPoint","urlTemplate":"https:\/\/www.news33.tv\/?s={search_term_string}"},"query-input":{"@type":"PropertyValueSpecification","valueRequired":true,"valueName":"search_term_string"}}],"inLanguage":"en-US"},{"@type":"Organization","@id":"https:\/\/www.news33.tv\/#organization","name":"News33.tv Media","url":"https:\/\/www.news33.tv\/","logo":{"@type":"ImageObject","inLanguage":"en-US","@id":"https:\/\/www.news33.tv\/#\/schema\/logo\/image\/","url":"https:\/\/www.press7.tv\/wp-content\/uploads\/2024\/02\/logo-news33-black.png","contentUrl":"https:\/\/www.press7.tv\/wp-content\/uploads\/2024\/02\/logo-news33-black.png","width":180,"height":37,"caption":"News33.tv Media"},"image":{"@id":"https:\/\/www.news33.tv\/#\/schema\/logo\/image\/"},"sameAs":["https:\/\/www.facebook.com\/press7.tv"]},{"@type":"Person","@id":"https:\/\/www.news33.tv\/#\/schema\/person\/5a04a38a23ccdba82f9bd665cd8f9efa","name":"gazetar2","image":{"@type":"ImageObject","inLanguage":"en-US","@id":"https:\/\/www.news33.tv\/#\/schema\/person\/image\/","url":"https:\/\/www.press7.tv\/wp-content\/litespeed\/avatar\/41975e402c3049d9ddb03adca8f7a883.jpg?ver=1777169572","contentUrl":"https:\/\/www.press7.tv\/wp-content\/litespeed\/avatar\/41975e402c3049d9ddb03adca8f7a883.jpg?ver=1777169572","caption":"gazetar2"},"url":"https:\/\/www.press7.tv\/?author=8"}]}},"amp_enabled":true,"_links":{"self":[{"href":"https:\/\/www.press7.tv\/index.php?rest_route=\/wp\/v2\/posts\/21973","targetHints":{"allow":["GET"]}}],"collection":[{"href":"https:\/\/www.press7.tv\/index.php?rest_route=\/wp\/v2\/posts"}],"about":[{"href":"https:\/\/www.press7.tv\/index.php?rest_route=\/wp\/v2\/types\/post"}],"author":[{"embeddable":true,"href":"https:\/\/www.press7.tv\/index.php?rest_route=\/wp\/v2\/users\/8"}],"replies":[{"embeddable":true,"href":"https:\/\/www.press7.tv\/index.php?rest_route=%2Fwp%2Fv2%2Fcomments&post=21973"}],"version-history":[{"count":1,"href":"https:\/\/www.press7.tv\/index.php?rest_route=\/wp\/v2\/posts\/21973\/revisions"}],"predecessor-version":[{"id":21975,"href":"https:\/\/www.press7.tv\/index.php?rest_route=\/wp\/v2\/posts\/21973\/revisions\/21975"}],"wp:featuredmedia":[{"embeddable":true,"href":"https:\/\/www.press7.tv\/index.php?rest_route=\/wp\/v2\/media\/21974"}],"wp:attachment":[{"href":"https:\/\/www.press7.tv\/index.php?rest_route=%2Fwp%2Fv2%2Fmedia&parent=21973"}],"wp:term":[{"taxonomy":"category","embeddable":true,"href":"https:\/\/www.press7.tv\/index.php?rest_route=%2Fwp%2Fv2%2Fcategories&post=21973"},{"taxonomy":"post_tag","embeddable":true,"href":"https:\/\/www.press7.tv\/index.php?rest_route=%2Fwp%2Fv2%2Ftags&post=21973"}],"curies":[{"name":"wp","href":"https:\/\/api.w.org\/{rel}","templated":true}]}}