{"id":21970,"date":"2025-09-14T13:28:17","date_gmt":"2025-09-14T13:28:17","guid":{"rendered":"https:\/\/www.press7.tv\/?p=21970"},"modified":"2025-09-14T13:28:17","modified_gmt":"2025-09-14T13:28:17","slug":"ahmeti-sela-dhe-taravari-me-aki-kandidate-ne-23-komuna-dhe-me-34-lista-keshilltaresh","status":"publish","type":"post","link":"https:\/\/www.press7.tv\/?p=21970","title":{"rendered":"Ahmeti, Sela dhe Taravari me AKI kandidat\u00eb n\u00eb 23 komuna dhe me 34 lista k\u00ebshilltar\u00ebsh"},"content":{"rendered":"\n    <div class=\"xs_social_share_widget xs_share_url before_content \t\tmain_content  wslu-style-2 wslu-share-box-shaped wslu-fill-colored wslu-share-m-5 wslu-none wslu-share-vertical wslu-theme-font-no wslu-main_content\">\n\n\t\t\n        <ul>\n\t\t\t        <\/ul>\n    <\/div> \n<p>Aleanca Komb\u00ebtare p\u00ebr Integrim, duke u mb\u00ebshtetur fuqish\u00ebm mbi idealin e bashkimit, dinjitetit dhe p\u00ebrfaq\u00ebsimit t\u00eb denj\u00eb t\u00eb shqiptar\u00ebve dhe t\u00eb gjith\u00eb qytetar\u00ebve, dor\u00ebzoi dje zyrtarisht kandidaturat fituese p\u00ebr zgjedhjet lokale t\u00eb tetorit.<\/p>\n<p>Ky proces nuk \u00ebsht\u00eb vet\u00ebm nj\u00eb gar\u00eb elektorale, por nj\u00eb referendum gjith\u00ebpopullor p\u00ebr rikthimin e dinjitetit, barazis\u00eb dhe t\u00eb ardhmes evropiane t\u00eb vendit ton\u00eb.<\/p>\n<p>Aleanca Komb\u00ebtare p\u00ebr Integrim garon me 23 kandidat\u00eb p\u00ebr kryetar komune (p\u00ebrfshir\u00eb Qytetin e Shkupit) dhe me 34 lista p\u00ebr k\u00ebshilltar\u00eb komunal\u00eb n\u00eb gjith\u00eb vendin.<\/p>\n<p>Lista e kandidat\u00ebve p\u00ebr Kryetar Komune dhe Bart\u00ebsve t\u00eb listave p\u00ebr K\u00ebshilla Komunal\u00eb:<br \/>\n\u2022 Qyteti i Shkupit \u2013 Kryetar: Skender Rexhepi \u2013 Zejdi, Bart\u00ebs: Abdul-Selam Selami<br \/>\n\u2022 Dollnen \u2013 Kryetar: Flamur Gjoleka, Bart\u00ebs: Ramiz Aliu<br \/>\n\u2022 \u00c7air \u2013 Kryetar: Bujar Osmani, Bart\u00ebs: Kemal Matoshi<br \/>\n\u2022 Tetov\u00eb \u2013 Kryetar: Bajram Rexhepi, Bart\u00ebs: Asaf Abdurahmani<br \/>\n\u2022 Gostivar \u2013 Kryetar: Valbon Limani, Bart\u00ebs: Valdet Xhaferi<br \/>\n\u2022 K\u00ebr\u00e7ov\u00eb \u2013 Kryetar: Fatmir Dehari, Bart\u00ebs: Ilir Rushani<br \/>\n\u2022 Saraj \u2013 Kryetar: Blerant Ramadani, Bart\u00ebs: Ilas Veseli<br \/>\n\u2022 Strug\u00eb \u2013 Kryetar: Arsim Dalipi, Bart\u00ebs: Faton Pollozhani<br \/>\n\u2022 Dib\u00ebr \u2013 Kryetar: Ilirijan Fetahu, Bart\u00ebs: Artin Spahiu<br \/>\n\u2022 Studeni\u00e7an \u2013 Kryetar: Ejup Abazi, Bart\u00ebs: Avdil Imeri<br \/>\n\u2022 Zhelin\u00eb \u2013 Kryetar: Emir Sulejmani, Bart\u00ebs: Memet Neziri<br \/>\n\u2022 Vrap\u00e7isht \u2013 Kryetar: Isen Shabani, Bart\u00ebs: Evzal Arsllani<br \/>\n\u2022 Hara\u00e7in\u00eb \u2013 Kryetar: Skender Isufi, Bart\u00ebs: Arben Mustafi<br \/>\n\u2022 Pllasnic\u00eb \u2013 Kryetar: Alija Jahoski, Bart\u00ebs: Anifija Saitoski<br \/>\n\u2022 Bogovin\u00eb \u2013 Kryetar: Besnik Emshiu, Bart\u00ebs: Arton Aliti<br \/>\n\u2022 B\u00ebrvenic\u00eb \u2013 Kryetar: Enver Pajaziti, Bart\u00ebs: Idriz Idrizi<br \/>\n\u2022 Tearc\u00eb \u2013 Kryetar: Nazim Taipi, Bart\u00ebs: Zemri Idrizi<br \/>\n\u2022 Likov\u00eb \u2013 Kryetar: Erkan Arifi, Bart\u00ebs: Zekirija Shahini<br \/>\n\u2022 \u00c7ashk\u00eb \u2013 Kryetar: Suat Shaqiri, Bart\u00ebs: Semir Zeqirov<br \/>\n\u2022 Kumanov\u00eb \u2013 Kryetar: Selver Ajdini, Bart\u00ebs: Blerim Iseni<br \/>\n\u2022 Butel \u2013 Kryetar: Isamedin Azizi, Bart\u00ebs: Linkest Lumani<br \/>\n\u2022 Resnj\u00eb \u2013 Kryetar: Maliq Shemshedini, Bart\u00ebs: Arian Mujedini<br \/>\n\u2022 Jegunovc\u00eb \u2013 Kryetar: Nasir Abazi, Bart\u00ebs: Arbin Sabrii<\/p>\n<p>Bart\u00ebs t\u00eb listave p\u00ebr K\u00ebshilla Komunal\u00eb n\u00eb komuna t\u00eb tjera:<br \/>\n\u2022 Shuto Orizar\u00eb \u2013 Zaim Leskovica<br \/>\n\u2022 Manastir \u2013 Valdeta Musai<br \/>\n\u2022 Sopisht\u00eb \u2013 Qazim Sulovski<br \/>\n\u2022 Krushev\u00eb \u2013 Agim Bajramoski<br \/>\n\u2022 Petrovec \u2013 Remzi Haliti<br \/>\n\u2022 \u00c7u\u00e7er Sandev\u00eb \u2013 Vait Tusha<br \/>\n\u2022 Mavrov\u00eb \u2013 Sead Asani<br \/>\n\u2022 Gazi Bab\u00eb \u2013 Makfire Iseni<br \/>\n\u2022 Veles \u2013 Llokman Salija<br \/>\n\u2022 Zelenikov\u00eb \u2013 Reafik Bekirovski<br \/>\n\u2022 Karposh \u2013 Lirim Kadriu<\/p>\n<p>Tetori \u00ebsht\u00eb momenti i s\u00eb v\u00ebrtet\u00ebs. \u00cbsht\u00eb ora e mobilizimit komb\u00ebtar. \u00cbsht\u00eb koha q\u00eb \u00e7do qytetar, \u00e7do i ri dhe e re, \u00e7do familje q\u00eb beson n\u00eb barazi dhe t\u00eb ardhme evropiane, t\u00eb ngrihet n\u00eb k\u00ebmb\u00eb n\u00eb mb\u00ebshtetje t\u00eb Aleanc\u00ebs Komb\u00ebtare p\u00ebr Integrim.<\/p>\n","protected":false},"excerpt":{"rendered":"<p>Aleanca Komb\u00ebtare p\u00ebr Integrim, duke u mb\u00ebshtetur fuqish\u00ebm mbi idealin e bashkimit, dinjitetit dhe p\u00ebrfaq\u00ebsimit t\u00eb denj\u00eb t\u00eb shqiptar\u00ebve dhe t\u00eb gjith\u00eb qytetar\u00ebve, dor\u00ebzoi dje zyrtarisht kandidaturat fituese p\u00ebr zgjedhjet lokale t\u00eb tetorit. Ky proces nuk \u00ebsht\u00eb vet\u00ebm nj\u00eb gar\u00eb elektorale, por nj\u00eb referendum gjith\u00ebpopullor p\u00ebr rikthimin e dinjitetit, barazis\u00eb dhe t\u00eb ardhmes evropiane t\u00eb [&hellip;]<\/p>\n","protected":false},"author":8,"featured_media":21971,"comment_status":"closed","ping_status":"closed","sticky":false,"template":"","format":"standard","meta":{"footnotes":""},"categories":[213,214],"tags":[],"class_list":["post-21970","post","type-post","status-publish","format-standard","has-post-thumbnail","hentry","category-lajme","category-maqedoni"],"yoast_head":"<!-- This site is optimized with the Yoast SEO plugin v25.1 - https:\/\/yoast.com\/wordpress\/plugins\/seo\/ -->\n<title>Ahmeti, Sela dhe Taravari me AKI kandidat\u00eb n\u00eb 23 komuna dhe me 34 lista k\u00ebshilltar\u00ebsh - press7.tv<\/title>\n<meta name=\"robots\" content=\"index, follow, max-snippet:-1, max-image-preview:large, max-video-preview:-1\" \/>\n<link rel=\"canonical\" href=\"https:\/\/www.press7.tv\/?p=21970\" \/>\n<meta property=\"og:locale\" content=\"en_US\" \/>\n<meta property=\"og:type\" content=\"article\" \/>\n<meta property=\"og:title\" content=\"Ahmeti, Sela dhe Taravari me AKI kandidat\u00eb n\u00eb 23 komuna dhe me 34 lista k\u00ebshilltar\u00ebsh - press7.tv\" \/>\n<meta property=\"og:description\" content=\"Aleanca Komb\u00ebtare p\u00ebr Integrim, duke u mb\u00ebshtetur fuqish\u00ebm mbi idealin e bashkimit, dinjitetit dhe p\u00ebrfaq\u00ebsimit t\u00eb denj\u00eb t\u00eb shqiptar\u00ebve dhe t\u00eb gjith\u00eb qytetar\u00ebve, dor\u00ebzoi dje zyrtarisht kandidaturat fituese p\u00ebr zgjedhjet lokale t\u00eb tetorit. Ky proces nuk \u00ebsht\u00eb vet\u00ebm nj\u00eb gar\u00eb elektorale, por nj\u00eb referendum gjith\u00ebpopullor p\u00ebr rikthimin e dinjitetit, barazis\u00eb dhe t\u00eb ardhmes evropiane t\u00eb [&hellip;]\" \/>\n<meta property=\"og:url\" content=\"https:\/\/www.press7.tv\/?p=21970\" \/>\n<meta property=\"og:site_name\" content=\"press7.tv\" \/>\n<meta property=\"article:publisher\" content=\"https:\/\/www.facebook.com\/press7.tv\" \/>\n<meta property=\"article:published_time\" content=\"2025-09-14T13:28:17+00:00\" \/>\n<meta property=\"og:image\" content=\"https:\/\/www.press7.tv\/wp-content\/uploads\/2025\/09\/IMG_8774.avif\" \/>\n\t<meta property=\"og:image:width\" content=\"780\" \/>\n\t<meta property=\"og:image:height\" content=\"470\" \/>\n\t<meta property=\"og:image:type\" content=\"image\/jpeg\" \/>\n<meta name=\"author\" content=\"gazetar2\" \/>\n<meta name=\"twitter:card\" content=\"summary_large_image\" \/>\n<meta name=\"twitter:label1\" content=\"Written by\" \/>\n\t<meta name=\"twitter:data1\" content=\"gazetar2\" \/>\n\t<meta name=\"twitter:label2\" content=\"Est. reading time\" \/>\n\t<meta name=\"twitter:data2\" content=\"1 minute\" \/>\n<script type=\"application\/ld+json\" class=\"yoast-schema-graph\">{\"@context\":\"https:\/\/schema.org\",\"@graph\":[{\"@type\":\"Article\",\"@id\":\"https:\/\/www.press7.tv\/?p=21970#article\",\"isPartOf\":{\"@id\":\"https:\/\/www.press7.tv\/?p=21970\"},\"author\":{\"name\":\"gazetar2\",\"@id\":\"https:\/\/www.news33.tv\/#\/schema\/person\/5a04a38a23ccdba82f9bd665cd8f9efa\"},\"headline\":\"Ahmeti, Sela dhe Taravari me AKI kandidat\u00eb n\u00eb 23 komuna dhe me 34 lista k\u00ebshilltar\u00ebsh\",\"datePublished\":\"2025-09-14T13:28:17+00:00\",\"mainEntityOfPage\":{\"@id\":\"https:\/\/www.press7.tv\/?p=21970\"},\"wordCount\":427,\"publisher\":{\"@id\":\"https:\/\/www.news33.tv\/#organization\"},\"image\":{\"@id\":\"https:\/\/www.press7.tv\/?p=21970#primaryimage\"},\"thumbnailUrl\":\"https:\/\/www.press7.tv\/wp-content\/uploads\/2025\/09\/IMG_8774.avif\",\"articleSection\":[\"Lajme\",\"Maqedoni\"],\"inLanguage\":\"en-US\"},{\"@type\":\"WebPage\",\"@id\":\"https:\/\/www.press7.tv\/?p=21970\",\"url\":\"https:\/\/www.press7.tv\/?p=21970\",\"name\":\"Ahmeti, Sela dhe Taravari me AKI kandidat\u00eb n\u00eb 23 komuna dhe me 34 lista k\u00ebshilltar\u00ebsh - press7.tv\",\"isPartOf\":{\"@id\":\"https:\/\/www.news33.tv\/#website\"},\"primaryImageOfPage\":{\"@id\":\"https:\/\/www.press7.tv\/?p=21970#primaryimage\"},\"image\":{\"@id\":\"https:\/\/www.press7.tv\/?p=21970#primaryimage\"},\"thumbnailUrl\":\"https:\/\/www.press7.tv\/wp-content\/uploads\/2025\/09\/IMG_8774.avif\",\"datePublished\":\"2025-09-14T13:28:17+00:00\",\"breadcrumb\":{\"@id\":\"https:\/\/www.press7.tv\/?p=21970#breadcrumb\"},\"inLanguage\":\"en-US\",\"potentialAction\":[{\"@type\":\"ReadAction\",\"target\":[\"https:\/\/www.press7.tv\/?p=21970\"]}]},{\"@type\":\"ImageObject\",\"inLanguage\":\"en-US\",\"@id\":\"https:\/\/www.press7.tv\/?p=21970#primaryimage\",\"url\":\"https:\/\/www.press7.tv\/wp-content\/uploads\/2025\/09\/IMG_8774.avif\",\"contentUrl\":\"https:\/\/www.press7.tv\/wp-content\/uploads\/2025\/09\/IMG_8774.avif\",\"width\":780,\"height\":470},{\"@type\":\"BreadcrumbList\",\"@id\":\"https:\/\/www.press7.tv\/?p=21970#breadcrumb\",\"itemListElement\":[{\"@type\":\"ListItem\",\"position\":1,\"name\":\"Home\",\"item\":\"https:\/\/www.press7.tv\/\"},{\"@type\":\"ListItem\",\"position\":2,\"name\":\"Ahmeti, Sela dhe Taravari me AKI kandidat\u00eb n\u00eb 23 komuna dhe me 34 lista k\u00ebshilltar\u00ebsh\"}]},{\"@type\":\"WebSite\",\"@id\":\"https:\/\/www.news33.tv\/#website\",\"url\":\"https:\/\/www.news33.tv\/\",\"name\":\"News33.tv Media\",\"description\":\"Media\",\"publisher\":{\"@id\":\"https:\/\/www.news33.tv\/#organization\"},\"potentialAction\":[{\"@type\":\"SearchAction\",\"target\":{\"@type\":\"EntryPoint\",\"urlTemplate\":\"https:\/\/www.news33.tv\/?s={search_term_string}\"},\"query-input\":{\"@type\":\"PropertyValueSpecification\",\"valueRequired\":true,\"valueName\":\"search_term_string\"}}],\"inLanguage\":\"en-US\"},{\"@type\":\"Organization\",\"@id\":\"https:\/\/www.news33.tv\/#organization\",\"name\":\"News33.tv Media\",\"url\":\"https:\/\/www.news33.tv\/\",\"logo\":{\"@type\":\"ImageObject\",\"inLanguage\":\"en-US\",\"@id\":\"https:\/\/www.news33.tv\/#\/schema\/logo\/image\/\",\"url\":\"https:\/\/www.press7.tv\/wp-content\/uploads\/2024\/02\/logo-news33-black.png\",\"contentUrl\":\"https:\/\/www.press7.tv\/wp-content\/uploads\/2024\/02\/logo-news33-black.png\",\"width\":180,\"height\":37,\"caption\":\"News33.tv Media\"},\"image\":{\"@id\":\"https:\/\/www.news33.tv\/#\/schema\/logo\/image\/\"},\"sameAs\":[\"https:\/\/www.facebook.com\/press7.tv\"]},{\"@type\":\"Person\",\"@id\":\"https:\/\/www.news33.tv\/#\/schema\/person\/5a04a38a23ccdba82f9bd665cd8f9efa\",\"name\":\"gazetar2\",\"image\":{\"@type\":\"ImageObject\",\"inLanguage\":\"en-US\",\"@id\":\"https:\/\/www.news33.tv\/#\/schema\/person\/image\/\",\"url\":\"https:\/\/www.press7.tv\/wp-content\/litespeed\/avatar\/41975e402c3049d9ddb03adca8f7a883.jpg?ver=1777169572\",\"contentUrl\":\"https:\/\/www.press7.tv\/wp-content\/litespeed\/avatar\/41975e402c3049d9ddb03adca8f7a883.jpg?ver=1777169572\",\"caption\":\"gazetar2\"},\"url\":\"https:\/\/www.press7.tv\/?author=8\"}]}<\/script>\n<!-- \/ Yoast SEO plugin. -->","yoast_head_json":{"title":"Ahmeti, Sela dhe Taravari me AKI kandidat\u00eb n\u00eb 23 komuna dhe me 34 lista k\u00ebshilltar\u00ebsh - press7.tv","robots":{"index":"index","follow":"follow","max-snippet":"max-snippet:-1","max-image-preview":"max-image-preview:large","max-video-preview":"max-video-preview:-1"},"canonical":"https:\/\/www.press7.tv\/?p=21970","og_locale":"en_US","og_type":"article","og_title":"Ahmeti, Sela dhe Taravari me AKI kandidat\u00eb n\u00eb 23 komuna dhe me 34 lista k\u00ebshilltar\u00ebsh - press7.tv","og_description":"Aleanca Komb\u00ebtare p\u00ebr Integrim, duke u mb\u00ebshtetur fuqish\u00ebm mbi idealin e bashkimit, dinjitetit dhe p\u00ebrfaq\u00ebsimit t\u00eb denj\u00eb t\u00eb shqiptar\u00ebve dhe t\u00eb gjith\u00eb qytetar\u00ebve, dor\u00ebzoi dje zyrtarisht kandidaturat fituese p\u00ebr zgjedhjet lokale t\u00eb tetorit. Ky proces nuk \u00ebsht\u00eb vet\u00ebm nj\u00eb gar\u00eb elektorale, por nj\u00eb referendum gjith\u00ebpopullor p\u00ebr rikthimin e dinjitetit, barazis\u00eb dhe t\u00eb ardhmes evropiane t\u00eb [&hellip;]","og_url":"https:\/\/www.press7.tv\/?p=21970","og_site_name":"press7.tv","article_publisher":"https:\/\/www.facebook.com\/press7.tv","article_published_time":"2025-09-14T13:28:17+00:00","og_image":[{"width":780,"height":470,"url":"https:\/\/www.press7.tv\/wp-content\/uploads\/2025\/09\/IMG_8774.avif","type":"image\/jpeg"}],"author":"gazetar2","twitter_card":"summary_large_image","twitter_misc":{"Written by":"gazetar2","Est. reading time":"1 minute"},"schema":{"@context":"https:\/\/schema.org","@graph":[{"@type":"Article","@id":"https:\/\/www.press7.tv\/?p=21970#article","isPartOf":{"@id":"https:\/\/www.press7.tv\/?p=21970"},"author":{"name":"gazetar2","@id":"https:\/\/www.news33.tv\/#\/schema\/person\/5a04a38a23ccdba82f9bd665cd8f9efa"},"headline":"Ahmeti, Sela dhe Taravari me AKI kandidat\u00eb n\u00eb 23 komuna dhe me 34 lista k\u00ebshilltar\u00ebsh","datePublished":"2025-09-14T13:28:17+00:00","mainEntityOfPage":{"@id":"https:\/\/www.press7.tv\/?p=21970"},"wordCount":427,"publisher":{"@id":"https:\/\/www.news33.tv\/#organization"},"image":{"@id":"https:\/\/www.press7.tv\/?p=21970#primaryimage"},"thumbnailUrl":"https:\/\/www.press7.tv\/wp-content\/uploads\/2025\/09\/IMG_8774.avif","articleSection":["Lajme","Maqedoni"],"inLanguage":"en-US"},{"@type":"WebPage","@id":"https:\/\/www.press7.tv\/?p=21970","url":"https:\/\/www.press7.tv\/?p=21970","name":"Ahmeti, Sela dhe Taravari me AKI kandidat\u00eb n\u00eb 23 komuna dhe me 34 lista k\u00ebshilltar\u00ebsh - press7.tv","isPartOf":{"@id":"https:\/\/www.news33.tv\/#website"},"primaryImageOfPage":{"@id":"https:\/\/www.press7.tv\/?p=21970#primaryimage"},"image":{"@id":"https:\/\/www.press7.tv\/?p=21970#primaryimage"},"thumbnailUrl":"https:\/\/www.press7.tv\/wp-content\/uploads\/2025\/09\/IMG_8774.avif","datePublished":"2025-09-14T13:28:17+00:00","breadcrumb":{"@id":"https:\/\/www.press7.tv\/?p=21970#breadcrumb"},"inLanguage":"en-US","potentialAction":[{"@type":"ReadAction","target":["https:\/\/www.press7.tv\/?p=21970"]}]},{"@type":"ImageObject","inLanguage":"en-US","@id":"https:\/\/www.press7.tv\/?p=21970#primaryimage","url":"https:\/\/www.press7.tv\/wp-content\/uploads\/2025\/09\/IMG_8774.avif","contentUrl":"https:\/\/www.press7.tv\/wp-content\/uploads\/2025\/09\/IMG_8774.avif","width":780,"height":470},{"@type":"BreadcrumbList","@id":"https:\/\/www.press7.tv\/?p=21970#breadcrumb","itemListElement":[{"@type":"ListItem","position":1,"name":"Home","item":"https:\/\/www.press7.tv\/"},{"@type":"ListItem","position":2,"name":"Ahmeti, Sela dhe Taravari me AKI kandidat\u00eb n\u00eb 23 komuna dhe me 34 lista k\u00ebshilltar\u00ebsh"}]},{"@type":"WebSite","@id":"https:\/\/www.news33.tv\/#website","url":"https:\/\/www.news33.tv\/","name":"News33.tv Media","description":"Media","publisher":{"@id":"https:\/\/www.news33.tv\/#organization"},"potentialAction":[{"@type":"SearchAction","target":{"@type":"EntryPoint","urlTemplate":"https:\/\/www.news33.tv\/?s={search_term_string}"},"query-input":{"@type":"PropertyValueSpecification","valueRequired":true,"valueName":"search_term_string"}}],"inLanguage":"en-US"},{"@type":"Organization","@id":"https:\/\/www.news33.tv\/#organization","name":"News33.tv Media","url":"https:\/\/www.news33.tv\/","logo":{"@type":"ImageObject","inLanguage":"en-US","@id":"https:\/\/www.news33.tv\/#\/schema\/logo\/image\/","url":"https:\/\/www.press7.tv\/wp-content\/uploads\/2024\/02\/logo-news33-black.png","contentUrl":"https:\/\/www.press7.tv\/wp-content\/uploads\/2024\/02\/logo-news33-black.png","width":180,"height":37,"caption":"News33.tv Media"},"image":{"@id":"https:\/\/www.news33.tv\/#\/schema\/logo\/image\/"},"sameAs":["https:\/\/www.facebook.com\/press7.tv"]},{"@type":"Person","@id":"https:\/\/www.news33.tv\/#\/schema\/person\/5a04a38a23ccdba82f9bd665cd8f9efa","name":"gazetar2","image":{"@type":"ImageObject","inLanguage":"en-US","@id":"https:\/\/www.news33.tv\/#\/schema\/person\/image\/","url":"https:\/\/www.press7.tv\/wp-content\/litespeed\/avatar\/41975e402c3049d9ddb03adca8f7a883.jpg?ver=1777169572","contentUrl":"https:\/\/www.press7.tv\/wp-content\/litespeed\/avatar\/41975e402c3049d9ddb03adca8f7a883.jpg?ver=1777169572","caption":"gazetar2"},"url":"https:\/\/www.press7.tv\/?author=8"}]}},"amp_enabled":true,"_links":{"self":[{"href":"https:\/\/www.press7.tv\/index.php?rest_route=\/wp\/v2\/posts\/21970","targetHints":{"allow":["GET"]}}],"collection":[{"href":"https:\/\/www.press7.tv\/index.php?rest_route=\/wp\/v2\/posts"}],"about":[{"href":"https:\/\/www.press7.tv\/index.php?rest_route=\/wp\/v2\/types\/post"}],"author":[{"embeddable":true,"href":"https:\/\/www.press7.tv\/index.php?rest_route=\/wp\/v2\/users\/8"}],"replies":[{"embeddable":true,"href":"https:\/\/www.press7.tv\/index.php?rest_route=%2Fwp%2Fv2%2Fcomments&post=21970"}],"version-history":[{"count":1,"href":"https:\/\/www.press7.tv\/index.php?rest_route=\/wp\/v2\/posts\/21970\/revisions"}],"predecessor-version":[{"id":21972,"href":"https:\/\/www.press7.tv\/index.php?rest_route=\/wp\/v2\/posts\/21970\/revisions\/21972"}],"wp:featuredmedia":[{"embeddable":true,"href":"https:\/\/www.press7.tv\/index.php?rest_route=\/wp\/v2\/media\/21971"}],"wp:attachment":[{"href":"https:\/\/www.press7.tv\/index.php?rest_route=%2Fwp%2Fv2%2Fmedia&parent=21970"}],"wp:term":[{"taxonomy":"category","embeddable":true,"href":"https:\/\/www.press7.tv\/index.php?rest_route=%2Fwp%2Fv2%2Fcategories&post=21970"},{"taxonomy":"post_tag","embeddable":true,"href":"https:\/\/www.press7.tv\/index.php?rest_route=%2Fwp%2Fv2%2Ftags&post=21970"}],"curies":[{"name":"wp","href":"https:\/\/api.w.org\/{rel}","templated":true}]}}