{"id":21967,"date":"2025-09-14T12:35:16","date_gmt":"2025-09-14T12:35:16","guid":{"rendered":"https:\/\/www.press7.tv\/?p=21967"},"modified":"2025-09-14T12:35:16","modified_gmt":"2025-09-14T12:35:16","slug":"haxhiu-shoqeria-civile-ne-gjume-kur-lista-serbe-po-fyen-gjithcka-te-republikes-sone","status":"publish","type":"post","link":"https:\/\/www.press7.tv\/?p=21967","title":{"rendered":"Haxhiu: Shoq\u00ebria civile n\u00eb gjum\u00eb kur Lista Serbe po fyen gjith\u00e7ka t\u00eb republik\u00ebs son\u00eb"},"content":{"rendered":"\n    <div class=\"xs_social_share_widget xs_share_url before_content \t\tmain_content  wslu-style-2 wslu-share-box-shaped wslu-fill-colored wslu-share-m-5 wslu-none wslu-share-vertical wslu-theme-font-no wslu-main_content\">\n\n\t\t\n        <ul>\n\t\t\t        <\/ul>\n    <\/div> \n<p>Ministrja n\u00eb detyr\u00eb, Albulena Haxhiu, ka th\u00ebn\u00eb se shoq\u00ebria civile ishte e gatshme t\u00eb rreshtohej kund\u00ebr L\u00ebvizjes Vet\u00ebvendosje kur ajo e kund\u00ebrshtonte List\u00ebn Serbe, duke vler\u00ebsuar se sot ndodhet n\u00eb gjum\u00eb kur kjo e fundit po e fyen Republik\u00ebn e Kosov\u00ebs.<\/p>\n<p>N\u00eb nj\u00eb  postim n\u00eb Facebook ka shkruar se n\u00eb zgjedhjet parlamentare 2025 pat\u00ebn insistuar q\u00eb Lista Serbe t\u00eb mos certifikohej.<\/p>\n<p>\u201cTham\u00eb, nd\u00ebr t\u00eb tjera, se nuk ka asnj\u00eb lloj distancimi, sidomos ndaj rastit t\u00eb Banjsk\u00ebs. Reaguan gjithandej. N\u00eb zgjedhjet lokale, s\u00ebrish insistuam q\u00eb ajo t\u00eb mos certifikohej. Reagime pati p\u00ebrs\u00ebri. Profilet e deputet\u00ebve t\u00eb List\u00ebs Serbe po ashtu i pam\u00eb: secili m\u00eb anti-Kosov\u00eb se tjetri, secili m\u00eb paralel se tjetri. Dje, n\u00eb hapje t\u00eb fushat\u00ebs, s\u00ebrish t\u00eb nj\u00ebjtit fyen Kurtin, prisnin koh\u00ebn p\u00ebr t\u2019u \u2018\u00e7liruar\u2019 nga ai dhe th\u00ebrrisnin \u2018v\u00eblla Millanin\u2019. K\u00ebsaj radhe nuk pati reagime.  Shoq\u00ebria civile, e gatshme kund\u00ebr VV-s\u00eb kur kjo kund\u00ebrshtonte List\u00ebn Serbe, nd\u00ebrkaq sot n\u00eb gjum\u00eb kur kjo fyen gjith\u00e7ka t\u00eb Republik\u00ebs son\u00eb\u201d, ka shkruar ajo.<\/p>\n","protected":false},"excerpt":{"rendered":"<p>Ministrja n\u00eb detyr\u00eb, Albulena Haxhiu, ka th\u00ebn\u00eb se shoq\u00ebria civile ishte e gatshme t\u00eb rreshtohej kund\u00ebr L\u00ebvizjes Vet\u00ebvendosje kur ajo e kund\u00ebrshtonte List\u00ebn Serbe, duke vler\u00ebsuar se sot ndodhet n\u00eb gjum\u00eb kur kjo e fundit po e fyen Republik\u00ebn e Kosov\u00ebs. N\u00eb nj\u00eb postim n\u00eb Facebook ka shkruar se n\u00eb zgjedhjet parlamentare 2025 pat\u00ebn insistuar [&hellip;]<\/p>\n","protected":false},"author":8,"featured_media":21968,"comment_status":"closed","ping_status":"closed","sticky":false,"template":"","format":"standard","meta":{"footnotes":""},"categories":[215,213],"tags":[],"class_list":["post-21967","post","type-post","status-publish","format-standard","has-post-thumbnail","hentry","category-kosove","category-lajme"],"yoast_head":"<!-- This site is optimized with the Yoast SEO plugin v25.1 - https:\/\/yoast.com\/wordpress\/plugins\/seo\/ -->\n<title>Haxhiu: Shoq\u00ebria civile n\u00eb gjum\u00eb kur Lista Serbe po fyen gjith\u00e7ka t\u00eb republik\u00ebs son\u00eb - press7.tv<\/title>\n<meta name=\"robots\" content=\"index, follow, max-snippet:-1, max-image-preview:large, max-video-preview:-1\" \/>\n<link rel=\"canonical\" href=\"https:\/\/www.press7.tv\/?p=21967\" \/>\n<meta property=\"og:locale\" content=\"en_US\" \/>\n<meta property=\"og:type\" content=\"article\" \/>\n<meta property=\"og:title\" content=\"Haxhiu: Shoq\u00ebria civile n\u00eb gjum\u00eb kur Lista Serbe po fyen gjith\u00e7ka t\u00eb republik\u00ebs son\u00eb - press7.tv\" \/>\n<meta property=\"og:description\" content=\"Ministrja n\u00eb detyr\u00eb, Albulena Haxhiu, ka th\u00ebn\u00eb se shoq\u00ebria civile ishte e gatshme t\u00eb rreshtohej kund\u00ebr L\u00ebvizjes Vet\u00ebvendosje kur ajo e kund\u00ebrshtonte List\u00ebn Serbe, duke vler\u00ebsuar se sot ndodhet n\u00eb gjum\u00eb kur kjo e fundit po e fyen Republik\u00ebn e Kosov\u00ebs. N\u00eb nj\u00eb postim n\u00eb Facebook ka shkruar se n\u00eb zgjedhjet parlamentare 2025 pat\u00ebn insistuar [&hellip;]\" \/>\n<meta property=\"og:url\" content=\"https:\/\/www.press7.tv\/?p=21967\" \/>\n<meta property=\"og:site_name\" content=\"press7.tv\" \/>\n<meta property=\"article:publisher\" content=\"https:\/\/www.facebook.com\/press7.tv\" \/>\n<meta property=\"article:published_time\" content=\"2025-09-14T12:35:16+00:00\" \/>\n<meta property=\"og:image\" content=\"https:\/\/www.press7.tv\/wp-content\/uploads\/2025\/09\/Black-Modern-Music-News-Headline-Instagram-Post.avif\" \/>\n\t<meta property=\"og:image:width\" content=\"1080\" \/>\n\t<meta property=\"og:image:height\" content=\"1350\" \/>\n\t<meta property=\"og:image:type\" content=\"image\/png\" \/>\n<meta name=\"author\" content=\"gazetar2\" \/>\n<meta name=\"twitter:card\" content=\"summary_large_image\" \/>\n<meta name=\"twitter:label1\" content=\"Written by\" \/>\n\t<meta name=\"twitter:data1\" content=\"gazetar2\" \/>\n\t<meta name=\"twitter:label2\" content=\"Est. reading time\" \/>\n\t<meta name=\"twitter:data2\" content=\"1 minute\" \/>\n<script type=\"application\/ld+json\" class=\"yoast-schema-graph\">{\"@context\":\"https:\/\/schema.org\",\"@graph\":[{\"@type\":\"Article\",\"@id\":\"https:\/\/www.press7.tv\/?p=21967#article\",\"isPartOf\":{\"@id\":\"https:\/\/www.press7.tv\/?p=21967\"},\"author\":{\"name\":\"gazetar2\",\"@id\":\"https:\/\/www.news33.tv\/#\/schema\/person\/5a04a38a23ccdba82f9bd665cd8f9efa\"},\"headline\":\"Haxhiu: Shoq\u00ebria civile n\u00eb gjum\u00eb kur Lista Serbe po fyen gjith\u00e7ka t\u00eb republik\u00ebs son\u00eb\",\"datePublished\":\"2025-09-14T12:35:16+00:00\",\"mainEntityOfPage\":{\"@id\":\"https:\/\/www.press7.tv\/?p=21967\"},\"wordCount\":212,\"publisher\":{\"@id\":\"https:\/\/www.news33.tv\/#organization\"},\"image\":{\"@id\":\"https:\/\/www.press7.tv\/?p=21967#primaryimage\"},\"thumbnailUrl\":\"https:\/\/www.press7.tv\/wp-content\/uploads\/2025\/09\/Black-Modern-Music-News-Headline-Instagram-Post.avif\",\"articleSection\":[\"Kosov\u00eb\",\"Lajme\"],\"inLanguage\":\"en-US\"},{\"@type\":\"WebPage\",\"@id\":\"https:\/\/www.press7.tv\/?p=21967\",\"url\":\"https:\/\/www.press7.tv\/?p=21967\",\"name\":\"Haxhiu: Shoq\u00ebria civile n\u00eb gjum\u00eb kur Lista Serbe po fyen gjith\u00e7ka t\u00eb republik\u00ebs son\u00eb - press7.tv\",\"isPartOf\":{\"@id\":\"https:\/\/www.news33.tv\/#website\"},\"primaryImageOfPage\":{\"@id\":\"https:\/\/www.press7.tv\/?p=21967#primaryimage\"},\"image\":{\"@id\":\"https:\/\/www.press7.tv\/?p=21967#primaryimage\"},\"thumbnailUrl\":\"https:\/\/www.press7.tv\/wp-content\/uploads\/2025\/09\/Black-Modern-Music-News-Headline-Instagram-Post.avif\",\"datePublished\":\"2025-09-14T12:35:16+00:00\",\"breadcrumb\":{\"@id\":\"https:\/\/www.press7.tv\/?p=21967#breadcrumb\"},\"inLanguage\":\"en-US\",\"potentialAction\":[{\"@type\":\"ReadAction\",\"target\":[\"https:\/\/www.press7.tv\/?p=21967\"]}]},{\"@type\":\"ImageObject\",\"inLanguage\":\"en-US\",\"@id\":\"https:\/\/www.press7.tv\/?p=21967#primaryimage\",\"url\":\"https:\/\/www.press7.tv\/wp-content\/uploads\/2025\/09\/Black-Modern-Music-News-Headline-Instagram-Post.avif\",\"contentUrl\":\"https:\/\/www.press7.tv\/wp-content\/uploads\/2025\/09\/Black-Modern-Music-News-Headline-Instagram-Post.avif\",\"width\":1080,\"height\":1350},{\"@type\":\"BreadcrumbList\",\"@id\":\"https:\/\/www.press7.tv\/?p=21967#breadcrumb\",\"itemListElement\":[{\"@type\":\"ListItem\",\"position\":1,\"name\":\"Home\",\"item\":\"https:\/\/www.press7.tv\/\"},{\"@type\":\"ListItem\",\"position\":2,\"name\":\"Haxhiu: Shoq\u00ebria civile n\u00eb gjum\u00eb kur Lista Serbe po fyen gjith\u00e7ka t\u00eb republik\u00ebs son\u00eb\"}]},{\"@type\":\"WebSite\",\"@id\":\"https:\/\/www.news33.tv\/#website\",\"url\":\"https:\/\/www.news33.tv\/\",\"name\":\"News33.tv Media\",\"description\":\"Media\",\"publisher\":{\"@id\":\"https:\/\/www.news33.tv\/#organization\"},\"potentialAction\":[{\"@type\":\"SearchAction\",\"target\":{\"@type\":\"EntryPoint\",\"urlTemplate\":\"https:\/\/www.news33.tv\/?s={search_term_string}\"},\"query-input\":{\"@type\":\"PropertyValueSpecification\",\"valueRequired\":true,\"valueName\":\"search_term_string\"}}],\"inLanguage\":\"en-US\"},{\"@type\":\"Organization\",\"@id\":\"https:\/\/www.news33.tv\/#organization\",\"name\":\"News33.tv Media\",\"url\":\"https:\/\/www.news33.tv\/\",\"logo\":{\"@type\":\"ImageObject\",\"inLanguage\":\"en-US\",\"@id\":\"https:\/\/www.news33.tv\/#\/schema\/logo\/image\/\",\"url\":\"https:\/\/www.press7.tv\/wp-content\/uploads\/2024\/02\/logo-news33-black.png\",\"contentUrl\":\"https:\/\/www.press7.tv\/wp-content\/uploads\/2024\/02\/logo-news33-black.png\",\"width\":180,\"height\":37,\"caption\":\"News33.tv Media\"},\"image\":{\"@id\":\"https:\/\/www.news33.tv\/#\/schema\/logo\/image\/\"},\"sameAs\":[\"https:\/\/www.facebook.com\/press7.tv\"]},{\"@type\":\"Person\",\"@id\":\"https:\/\/www.news33.tv\/#\/schema\/person\/5a04a38a23ccdba82f9bd665cd8f9efa\",\"name\":\"gazetar2\",\"image\":{\"@type\":\"ImageObject\",\"inLanguage\":\"en-US\",\"@id\":\"https:\/\/www.news33.tv\/#\/schema\/person\/image\/\",\"url\":\"https:\/\/www.press7.tv\/wp-content\/litespeed\/avatar\/41975e402c3049d9ddb03adca8f7a883.jpg?ver=1777169572\",\"contentUrl\":\"https:\/\/www.press7.tv\/wp-content\/litespeed\/avatar\/41975e402c3049d9ddb03adca8f7a883.jpg?ver=1777169572\",\"caption\":\"gazetar2\"},\"url\":\"https:\/\/www.press7.tv\/?author=8\"}]}<\/script>\n<!-- \/ Yoast SEO plugin. -->","yoast_head_json":{"title":"Haxhiu: Shoq\u00ebria civile n\u00eb gjum\u00eb kur Lista Serbe po fyen gjith\u00e7ka t\u00eb republik\u00ebs son\u00eb - press7.tv","robots":{"index":"index","follow":"follow","max-snippet":"max-snippet:-1","max-image-preview":"max-image-preview:large","max-video-preview":"max-video-preview:-1"},"canonical":"https:\/\/www.press7.tv\/?p=21967","og_locale":"en_US","og_type":"article","og_title":"Haxhiu: Shoq\u00ebria civile n\u00eb gjum\u00eb kur Lista Serbe po fyen gjith\u00e7ka t\u00eb republik\u00ebs son\u00eb - press7.tv","og_description":"Ministrja n\u00eb detyr\u00eb, Albulena Haxhiu, ka th\u00ebn\u00eb se shoq\u00ebria civile ishte e gatshme t\u00eb rreshtohej kund\u00ebr L\u00ebvizjes Vet\u00ebvendosje kur ajo e kund\u00ebrshtonte List\u00ebn Serbe, duke vler\u00ebsuar se sot ndodhet n\u00eb gjum\u00eb kur kjo e fundit po e fyen Republik\u00ebn e Kosov\u00ebs. N\u00eb nj\u00eb postim n\u00eb Facebook ka shkruar se n\u00eb zgjedhjet parlamentare 2025 pat\u00ebn insistuar [&hellip;]","og_url":"https:\/\/www.press7.tv\/?p=21967","og_site_name":"press7.tv","article_publisher":"https:\/\/www.facebook.com\/press7.tv","article_published_time":"2025-09-14T12:35:16+00:00","og_image":[{"width":1080,"height":1350,"url":"https:\/\/www.press7.tv\/wp-content\/uploads\/2025\/09\/Black-Modern-Music-News-Headline-Instagram-Post.avif","type":"image\/png"}],"author":"gazetar2","twitter_card":"summary_large_image","twitter_misc":{"Written by":"gazetar2","Est. reading time":"1 minute"},"schema":{"@context":"https:\/\/schema.org","@graph":[{"@type":"Article","@id":"https:\/\/www.press7.tv\/?p=21967#article","isPartOf":{"@id":"https:\/\/www.press7.tv\/?p=21967"},"author":{"name":"gazetar2","@id":"https:\/\/www.news33.tv\/#\/schema\/person\/5a04a38a23ccdba82f9bd665cd8f9efa"},"headline":"Haxhiu: Shoq\u00ebria civile n\u00eb gjum\u00eb kur Lista Serbe po fyen gjith\u00e7ka t\u00eb republik\u00ebs son\u00eb","datePublished":"2025-09-14T12:35:16+00:00","mainEntityOfPage":{"@id":"https:\/\/www.press7.tv\/?p=21967"},"wordCount":212,"publisher":{"@id":"https:\/\/www.news33.tv\/#organization"},"image":{"@id":"https:\/\/www.press7.tv\/?p=21967#primaryimage"},"thumbnailUrl":"https:\/\/www.press7.tv\/wp-content\/uploads\/2025\/09\/Black-Modern-Music-News-Headline-Instagram-Post.avif","articleSection":["Kosov\u00eb","Lajme"],"inLanguage":"en-US"},{"@type":"WebPage","@id":"https:\/\/www.press7.tv\/?p=21967","url":"https:\/\/www.press7.tv\/?p=21967","name":"Haxhiu: Shoq\u00ebria civile n\u00eb gjum\u00eb kur Lista Serbe po fyen gjith\u00e7ka t\u00eb republik\u00ebs son\u00eb - press7.tv","isPartOf":{"@id":"https:\/\/www.news33.tv\/#website"},"primaryImageOfPage":{"@id":"https:\/\/www.press7.tv\/?p=21967#primaryimage"},"image":{"@id":"https:\/\/www.press7.tv\/?p=21967#primaryimage"},"thumbnailUrl":"https:\/\/www.press7.tv\/wp-content\/uploads\/2025\/09\/Black-Modern-Music-News-Headline-Instagram-Post.avif","datePublished":"2025-09-14T12:35:16+00:00","breadcrumb":{"@id":"https:\/\/www.press7.tv\/?p=21967#breadcrumb"},"inLanguage":"en-US","potentialAction":[{"@type":"ReadAction","target":["https:\/\/www.press7.tv\/?p=21967"]}]},{"@type":"ImageObject","inLanguage":"en-US","@id":"https:\/\/www.press7.tv\/?p=21967#primaryimage","url":"https:\/\/www.press7.tv\/wp-content\/uploads\/2025\/09\/Black-Modern-Music-News-Headline-Instagram-Post.avif","contentUrl":"https:\/\/www.press7.tv\/wp-content\/uploads\/2025\/09\/Black-Modern-Music-News-Headline-Instagram-Post.avif","width":1080,"height":1350},{"@type":"BreadcrumbList","@id":"https:\/\/www.press7.tv\/?p=21967#breadcrumb","itemListElement":[{"@type":"ListItem","position":1,"name":"Home","item":"https:\/\/www.press7.tv\/"},{"@type":"ListItem","position":2,"name":"Haxhiu: Shoq\u00ebria civile n\u00eb gjum\u00eb kur Lista Serbe po fyen gjith\u00e7ka t\u00eb republik\u00ebs son\u00eb"}]},{"@type":"WebSite","@id":"https:\/\/www.news33.tv\/#website","url":"https:\/\/www.news33.tv\/","name":"News33.tv Media","description":"Media","publisher":{"@id":"https:\/\/www.news33.tv\/#organization"},"potentialAction":[{"@type":"SearchAction","target":{"@type":"EntryPoint","urlTemplate":"https:\/\/www.news33.tv\/?s={search_term_string}"},"query-input":{"@type":"PropertyValueSpecification","valueRequired":true,"valueName":"search_term_string"}}],"inLanguage":"en-US"},{"@type":"Organization","@id":"https:\/\/www.news33.tv\/#organization","name":"News33.tv Media","url":"https:\/\/www.news33.tv\/","logo":{"@type":"ImageObject","inLanguage":"en-US","@id":"https:\/\/www.news33.tv\/#\/schema\/logo\/image\/","url":"https:\/\/www.press7.tv\/wp-content\/uploads\/2024\/02\/logo-news33-black.png","contentUrl":"https:\/\/www.press7.tv\/wp-content\/uploads\/2024\/02\/logo-news33-black.png","width":180,"height":37,"caption":"News33.tv Media"},"image":{"@id":"https:\/\/www.news33.tv\/#\/schema\/logo\/image\/"},"sameAs":["https:\/\/www.facebook.com\/press7.tv"]},{"@type":"Person","@id":"https:\/\/www.news33.tv\/#\/schema\/person\/5a04a38a23ccdba82f9bd665cd8f9efa","name":"gazetar2","image":{"@type":"ImageObject","inLanguage":"en-US","@id":"https:\/\/www.news33.tv\/#\/schema\/person\/image\/","url":"https:\/\/www.press7.tv\/wp-content\/litespeed\/avatar\/41975e402c3049d9ddb03adca8f7a883.jpg?ver=1777169572","contentUrl":"https:\/\/www.press7.tv\/wp-content\/litespeed\/avatar\/41975e402c3049d9ddb03adca8f7a883.jpg?ver=1777169572","caption":"gazetar2"},"url":"https:\/\/www.press7.tv\/?author=8"}]}},"amp_enabled":true,"_links":{"self":[{"href":"https:\/\/www.press7.tv\/index.php?rest_route=\/wp\/v2\/posts\/21967","targetHints":{"allow":["GET"]}}],"collection":[{"href":"https:\/\/www.press7.tv\/index.php?rest_route=\/wp\/v2\/posts"}],"about":[{"href":"https:\/\/www.press7.tv\/index.php?rest_route=\/wp\/v2\/types\/post"}],"author":[{"embeddable":true,"href":"https:\/\/www.press7.tv\/index.php?rest_route=\/wp\/v2\/users\/8"}],"replies":[{"embeddable":true,"href":"https:\/\/www.press7.tv\/index.php?rest_route=%2Fwp%2Fv2%2Fcomments&post=21967"}],"version-history":[{"count":1,"href":"https:\/\/www.press7.tv\/index.php?rest_route=\/wp\/v2\/posts\/21967\/revisions"}],"predecessor-version":[{"id":21969,"href":"https:\/\/www.press7.tv\/index.php?rest_route=\/wp\/v2\/posts\/21967\/revisions\/21969"}],"wp:featuredmedia":[{"embeddable":true,"href":"https:\/\/www.press7.tv\/index.php?rest_route=\/wp\/v2\/media\/21968"}],"wp:attachment":[{"href":"https:\/\/www.press7.tv\/index.php?rest_route=%2Fwp%2Fv2%2Fmedia&parent=21967"}],"wp:term":[{"taxonomy":"category","embeddable":true,"href":"https:\/\/www.press7.tv\/index.php?rest_route=%2Fwp%2Fv2%2Fcategories&post=21967"},{"taxonomy":"post_tag","embeddable":true,"href":"https:\/\/www.press7.tv\/index.php?rest_route=%2Fwp%2Fv2%2Ftags&post=21967"}],"curies":[{"name":"wp","href":"https:\/\/api.w.org\/{rel}","templated":true}]}}